{"id":200822,"date":"2026-02-05T19:39:00","date_gmt":"2026-02-05T22:39:00","guid":{"rendered":"https:\/\/portaltela.pt\/noticias\/2026\/02\/05\/porto-sentido-chega-a-casa-da-horta-nesta-sexta-feira\/"},"modified":"2026-02-05T19:39:00","modified_gmt":"2026-02-05T22:39:00","slug":"porto-sentido-chega-a-casa-da-horta-nesta-sexta-feira","status":"publish","type":"post","link":"https:\/\/portaltela.pt\/noticias\/2026\/02\/05\/porto-sentido-chega-a-casa-da-horta-nesta-sexta-feira\/","title":{"rendered":"Porto Sentido chega \u00e0 Casa da Horta nesta sexta-feira"},"content":{"rendered":"<p>A exposi\u00e7\u00e3o Porto Sentido chega \u00e0 Associa\u00e7\u00e3o Cultural Casa da Horta, no Porto, com inaugura\u00e7\u00e3o marcada para sexta-feira, \u00e0s 17h. A mostra, de entrada livre, estar\u00e1 aberta ao p\u00fablico at\u00e9 ao dia 28.<\/p>\n<p>A mostra re\u00fane obras de Sara Prucnal Pacheco e de dois artistas convidados: Jo\u00e3o Carlos da Costa e JC &#8211; Jo\u00e3o Carlos de Almeida Ferreira. Os tr\u00eas criadores s\u00e3o neurodivergentes, e todas as obras expostas s\u00e3o da sua autoria, com pintura, cer\u00e2mica e literatura. Sara Prucnal Pacheco e Jo\u00e3o Carlos da Costa s\u00e3o autistas; este \u00faltimo \u00e9 um artista n\u00e3o verbal que se expressa pela escrita. Jo\u00e3o Carlos de Almeida Ferreira tem trissomia 21.<\/p>\n<p>A exposi\u00e7\u00e3o j\u00e1 passou pelo Clube Fenianos Portuenses e recebeu boa rece\u00e7\u00e3o, especialmente de p\u00fablico estrangeiro. Grande parte das pe\u00e7as expostas j\u00e1 foi adquirida, pelo que a apresenta\u00e7\u00e3o na Casa da Horta contar\u00e1 com obras totalmente in\u00e9ditas. O espa\u00e7o fica na Rua de S. Francisco, 12, Porto.<\/p>\n<h3>Sobre os autores<\/h3>\n<p>O processo criativo \u00e9 apresentado como ferramenta de compreens\u00e3o do quotidiano e de rela\u00e7\u00e3o com o p\u00fablico, afirmam os artistas. A mostra re\u00fane obras em diferentes suportes, enfatizando a express\u00e3o individual de cada autor. Os trabalhos destacam-se pela diversidade de t\u00e9cnicas utilizadas.<\/p>\n<h3>Apoio e contexto<\/h3>\n<p>Todos os artistas integram os Servi\u00e7os de Apoio \u00e0 Vida Independente, da Associa\u00e7\u00e3o Portuguesa de Pais e Amigos do Cidad\u00e3o Deficiente Mental. Est\u00e3o acompanhados por assistentes pessoais, que ajudam a tornar poss\u00edvel a autonomia, a determina\u00e7\u00e3o e a plena participa\u00e7\u00e3o social.<\/p>\n","protected":false},"excerpt":{"rendered":"<ul>\n<li>A exposi\u00e7\u00e3o &#8220;Porto Sentido&#8221; chega \u00e0 Associa\u00e7\u00e3o Cultural Casa da Horta, no Porto, com inaugura\u00e7\u00e3o na sexta-feira \u00e0s 17h, e fica aberta ao p\u00fablico at\u00e9 dia 28.<\/li>\n<li>Re\u00fane trabalhos de Sara Prucnal Pacheco e de dois artistas convidados: Jo\u00e3o Carlos da Costa e JC &#8211; Jo\u00e3o Carlos de Almeida Ferreira.<\/li>\n<li>As obras, em pintura, cer\u00e2mica e literatura, s\u00e3o de autorias dos tr\u00eas criadores, que s\u00e3o neurodivergentes.<\/li>\n<li>Sara Prucnal Pacheco e Jo\u00e3o Carlos da Costa s\u00e3o autistas; Jo\u00e3o Carlos de Almeida Ferreira tem trisomia 21 e \u00e9 artista n\u00e3o verbal, exprimindo-se pela escrita.<\/li>\n<li>A exposi\u00e7\u00e3o j\u00e1 passou pelo Clube Fenianos Portuenses, teve boa rece\u00e7\u00e3o, com v\u00e1rias pe\u00e7as adquiridas, e apresenta obras totalmente in\u00e9ditas na Casa da Horta (Rua de S. Francisco, 12, Porto).<\/li>\n<li>Os artistas integram os Servi\u00e7os de Apoio \u00e0 Vida Independente, promovidos pela Associa\u00e7\u00e3o Portuguesa de Pais e Amigos do Cidad\u00e3o Deficiente Mental, com assist\u00eancia de trabalhadores de apoio \u00e0 vida independente.<\/li>\n<\/ul>\n","protected":false},"author":2,"featured_media":200830,"comment_status":"closed","ping_status":"closed","sticky":false,"template":"","format":"standard","meta":{"footnotes":""},"categories":[1],"tags":[5540,70,3022,106,248,982],"class_list":["post-200822","post","type-post","status-publish","format-standard","has-post-thumbnail","hentry","category-noticias","tag-apoio-a-vida-independente","tag-arte","tag-ceramica","tag-literatura","tag-pintura","tag-porto"],"yoast_head":"<!-- This site is optimized with the Yoast SEO plugin v27.2 - https:\/\/yoast.com\/product\/yoast-seo-wordpress\/ -->\n<title>Porto Sentido chega \u00e0 Casa da Horta nesta sexta-feira - Portal Tela Portugal<\/title>\n<meta name=\"robots\" content=\"index, follow, max-snippet:-1, max-image-preview:large, max-video-preview:-1\" \/>\n<meta property=\"og:locale\" content=\"pt_PT\" \/>\n<meta property=\"og:type\" content=\"article\" \/>\n<meta property=\"og:title\" content=\"Porto Sentido chega \u00e0 Casa da Horta nesta sexta-feira - Portal Tela Portugal\" \/>\n<meta property=\"og:description\" content=\"A exposi\u00e7\u00e3o &quot;Porto Sentido&quot; chega \u00e0 Associa\u00e7\u00e3o Cultural Casa da Horta, no Porto, com inaugura\u00e7\u00e3o na sexta-feira \u00e0s 17h, e fica aberta ao p\u00fablico at\u00e9 dia 28. Re\u00fane trabalhos de Sara Prucnal Pacheco e de dois artistas convidados: Jo\u00e3o Carlos da Costa e JC - Jo\u00e3o Carlos de Almeida Ferreira. As obras, em pintura, cer\u00e2mica e literatura, s\u00e3o de autorias dos tr\u00eas criadores, que s\u00e3o neurodivergentes. Sara Prucnal Pacheco e Jo\u00e3o Carlos da Costa s\u00e3o autistas; Jo\u00e3o Carlos de Almeida Ferreira tem trisomia 21 e \u00e9 artista n\u00e3o verbal, exprimindo-se pela escrita. A exposi\u00e7\u00e3o j\u00e1 passou pelo Clube Fenianos Portuenses, teve boa rece\u00e7\u00e3o, com v\u00e1rias pe\u00e7as adquiridas, e apresenta obras totalmente in\u00e9ditas na Casa da Horta (Rua de S. Francisco, 12, Porto). Os artistas integram os Servi\u00e7os de Apoio \u00e0 Vida Independente, promovidos pela Associa\u00e7\u00e3o Portuguesa de Pais e Amigos do Cidad\u00e3o Deficiente Mental, com assist\u00eancia de trabalhadores de apoio \u00e0 vida independente.\" \/>\n<meta property=\"og:url\" content=\"https:\/\/portaltela.pt\/noticias\/2026\/02\/05\/porto-sentido-chega-a-casa-da-horta-nesta-sexta-feira\/\" \/>\n<meta property=\"og:site_name\" content=\"Portal Tela Portugal\" \/>\n<meta property=\"article:published_time\" content=\"2026-02-05T22:39:00+00:00\" \/>\n<meta name=\"author\" content=\"Telinha\" \/>\n<meta name=\"twitter:card\" content=\"summary_large_image\" \/>\n<meta name=\"twitter:label1\" content=\"Escrito por\" \/>\n\t<meta name=\"twitter:data1\" content=\"Telinha\" \/>\n\t<meta name=\"twitter:label2\" content=\"Tempo estimado de leitura\" \/>\n\t<meta name=\"twitter:data2\" content=\"1 minuto\" \/>\n<script type=\"application\/ld+json\" class=\"yoast-schema-graph\">{\"@context\":\"https:\/\/schema.org\",\"@graph\":[{\"@type\":\"Article\",\"@id\":\"https:\/\/portaltela.pt\/noticias\/2026\/02\/05\/porto-sentido-chega-a-casa-da-horta-nesta-sexta-feira\/#article\",\"isPartOf\":{\"@id\":\"https:\/\/portaltela.pt\/noticias\/2026\/02\/05\/porto-sentido-chega-a-casa-da-horta-nesta-sexta-feira\/\"},\"author\":{\"name\":\"Telinha\",\"@id\":\"https:\/\/portaltela.pt\/#\/schema\/person\/c4278d4a6028830caff9ee44b42d32ed\"},\"headline\":\"Porto Sentido chega \u00e0 Casa da Horta nesta sexta-feira\",\"datePublished\":\"2026-02-05T22:39:00+00:00\",\"mainEntityOfPage\":{\"@id\":\"https:\/\/portaltela.pt\/noticias\/2026\/02\/05\/porto-sentido-chega-a-casa-da-horta-nesta-sexta-feira\/\"},\"wordCount\":279,\"image\":{\"@id\":\"https:\/\/portaltela.pt\/noticias\/2026\/02\/05\/porto-sentido-chega-a-casa-da-horta-nesta-sexta-feira\/#primaryimage\"},\"thumbnailUrl\":\"https:\/\/portaltela.pt\/s.01k8rhncp4jt1\/2026\/02\/d36ee6de-d3fa-4354-ae82-8f6c4eb66664_1200x675.jpg\",\"keywords\":[\"Apoio \u00e0 Vida Independente\",\"arte\",\"cer\u00e2mica\",\"literatura\",\"pintura\",\"Porto\"],\"articleSection\":[\"Not\u00edcias\"],\"inLanguage\":\"pt-PT\"},{\"@type\":\"WebPage\",\"@id\":\"https:\/\/portaltela.pt\/noticias\/2026\/02\/05\/porto-sentido-chega-a-casa-da-horta-nesta-sexta-feira\/\",\"url\":\"https:\/\/portaltela.pt\/noticias\/2026\/02\/05\/porto-sentido-chega-a-casa-da-horta-nesta-sexta-feira\/\",\"name\":\"Porto Sentido chega \u00e0 Casa da Horta nesta sexta-feira - Portal Tela Portugal\",\"isPartOf\":{\"@id\":\"https:\/\/portaltela.pt\/#website\"},\"primaryImageOfPage\":{\"@id\":\"https:\/\/portaltela.pt\/noticias\/2026\/02\/05\/porto-sentido-chega-a-casa-da-horta-nesta-sexta-feira\/#primaryimage\"},\"image\":{\"@id\":\"https:\/\/portaltela.pt\/noticias\/2026\/02\/05\/porto-sentido-chega-a-casa-da-horta-nesta-sexta-feira\/#primaryimage\"},\"thumbnailUrl\":\"https:\/\/portaltela.pt\/s.01k8rhncp4jt1\/2026\/02\/d36ee6de-d3fa-4354-ae82-8f6c4eb66664_1200x675.jpg\",\"datePublished\":\"2026-02-05T22:39:00+00:00\",\"author\":{\"@id\":\"https:\/\/portaltela.pt\/#\/schema\/person\/c4278d4a6028830caff9ee44b42d32ed\"},\"breadcrumb\":{\"@id\":\"https:\/\/portaltela.pt\/noticias\/2026\/02\/05\/porto-sentido-chega-a-casa-da-horta-nesta-sexta-feira\/#breadcrumb\"},\"inLanguage\":\"pt-PT\",\"potentialAction\":[{\"@type\":\"ReadAction\",\"target\":[\"https:\/\/portaltela.pt\/noticias\/2026\/02\/05\/porto-sentido-chega-a-casa-da-horta-nesta-sexta-feira\/\"]}]},{\"@type\":\"ImageObject\",\"inLanguage\":\"pt-PT\",\"@id\":\"https:\/\/portaltela.pt\/noticias\/2026\/02\/05\/porto-sentido-chega-a-casa-da-horta-nesta-sexta-feira\/#primaryimage\",\"url\":\"https:\/\/portaltela.pt\/s.01k8rhncp4jt1\/2026\/02\/d36ee6de-d3fa-4354-ae82-8f6c4eb66664_1200x675.jpg\",\"contentUrl\":\"https:\/\/portaltela.pt\/s.01k8rhncp4jt1\/2026\/02\/d36ee6de-d3fa-4354-ae82-8f6c4eb66664_1200x675.jpg\",\"width\":796,\"height\":448,\"caption\":\"Exposi\u00e7\u00e3o j\u00e1 passou pelos Fenianos Portuenses\"},{\"@type\":\"BreadcrumbList\",\"@id\":\"https:\/\/portaltela.pt\/noticias\/2026\/02\/05\/porto-sentido-chega-a-casa-da-horta-nesta-sexta-feira\/#breadcrumb\",\"itemListElement\":[{\"@type\":\"ListItem\",\"position\":1,\"name\":\"In\u00edcio\",\"item\":\"https:\/\/portaltela.pt\/\"},{\"@type\":\"ListItem\",\"position\":2,\"name\":\"Porto Sentido chega \u00e0 Casa da Horta nesta sexta-feira\"}]},{\"@type\":\"WebSite\",\"@id\":\"https:\/\/portaltela.pt\/#website\",\"url\":\"https:\/\/portaltela.pt\/\",\"name\":\"Portal Tela Portugal\",\"description\":\"\",\"potentialAction\":[{\"@type\":\"SearchAction\",\"target\":{\"@type\":\"EntryPoint\",\"urlTemplate\":\"https:\/\/portaltela.pt\/?s={search_term_string}\"},\"query-input\":{\"@type\":\"PropertyValueSpecification\",\"valueRequired\":true,\"valueName\":\"search_term_string\"}}],\"inLanguage\":\"pt-PT\"},{\"@type\":\"Person\",\"@id\":\"https:\/\/portaltela.pt\/#\/schema\/person\/c4278d4a6028830caff9ee44b42d32ed\",\"name\":\"Telinha\",\"image\":{\"@type\":\"ImageObject\",\"inLanguage\":\"pt-PT\",\"@id\":\"https:\/\/portaltela.pt\/s.01k8rhncp4jt1\/2025\/11\/talking-bot-125x125.png\",\"url\":\"https:\/\/portaltela.pt\/s.01k8rhncp4jt1\/2025\/11\/talking-bot-125x125.png\",\"contentUrl\":\"https:\/\/portaltela.pt\/s.01k8rhncp4jt1\/2025\/11\/talking-bot-125x125.png\",\"caption\":\"Telinha\"},\"sameAs\":[\"https:\/\/portaltela.pt\/\"],\"url\":\"https:\/\/portaltela.pt\/por\/367410592786\/\"}]}<\/script>\n<!-- \/ Yoast SEO plugin. -->","yoast_head_json":{"title":"Porto Sentido chega \u00e0 Casa da Horta nesta sexta-feira - Portal Tela Portugal","robots":{"index":"index","follow":"follow","max-snippet":"max-snippet:-1","max-image-preview":"max-image-preview:large","max-video-preview":"max-video-preview:-1"},"og_locale":"pt_PT","og_type":"article","og_title":"Porto Sentido chega \u00e0 Casa da Horta nesta sexta-feira - Portal Tela Portugal","og_description":"A exposi\u00e7\u00e3o \"Porto Sentido\" chega \u00e0 Associa\u00e7\u00e3o Cultural Casa da Horta, no Porto, com inaugura\u00e7\u00e3o na sexta-feira \u00e0s 17h, e fica aberta ao p\u00fablico at\u00e9 dia 28. Re\u00fane trabalhos de Sara Prucnal Pacheco e de dois artistas convidados: Jo\u00e3o Carlos da Costa e JC - Jo\u00e3o Carlos de Almeida Ferreira. As obras, em pintura, cer\u00e2mica e literatura, s\u00e3o de autorias dos tr\u00eas criadores, que s\u00e3o neurodivergentes. Sara Prucnal Pacheco e Jo\u00e3o Carlos da Costa s\u00e3o autistas; Jo\u00e3o Carlos de Almeida Ferreira tem trisomia 21 e \u00e9 artista n\u00e3o verbal, exprimindo-se pela escrita. A exposi\u00e7\u00e3o j\u00e1 passou pelo Clube Fenianos Portuenses, teve boa rece\u00e7\u00e3o, com v\u00e1rias pe\u00e7as adquiridas, e apresenta obras totalmente in\u00e9ditas na Casa da Horta (Rua de S. Francisco, 12, Porto). Os artistas integram os Servi\u00e7os de Apoio \u00e0 Vida Independente, promovidos pela Associa\u00e7\u00e3o Portuguesa de Pais e Amigos do Cidad\u00e3o Deficiente Mental, com assist\u00eancia de trabalhadores de apoio \u00e0 vida independente.","og_url":"https:\/\/portaltela.pt\/noticias\/2026\/02\/05\/porto-sentido-chega-a-casa-da-horta-nesta-sexta-feira\/","og_site_name":"Portal Tela Portugal","article_published_time":"2026-02-05T22:39:00+00:00","author":"Telinha","twitter_card":"summary_large_image","twitter_misc":{"Escrito por":"Telinha","Tempo estimado de leitura":"1 minuto"},"schema":{"@context":"https:\/\/schema.org","@graph":[{"@type":"Article","@id":"https:\/\/portaltela.pt\/noticias\/2026\/02\/05\/porto-sentido-chega-a-casa-da-horta-nesta-sexta-feira\/#article","isPartOf":{"@id":"https:\/\/portaltela.pt\/noticias\/2026\/02\/05\/porto-sentido-chega-a-casa-da-horta-nesta-sexta-feira\/"},"author":{"name":"Telinha","@id":"https:\/\/portaltela.pt\/#\/schema\/person\/c4278d4a6028830caff9ee44b42d32ed"},"headline":"Porto Sentido chega \u00e0 Casa da Horta nesta sexta-feira","datePublished":"2026-02-05T22:39:00+00:00","mainEntityOfPage":{"@id":"https:\/\/portaltela.pt\/noticias\/2026\/02\/05\/porto-sentido-chega-a-casa-da-horta-nesta-sexta-feira\/"},"wordCount":279,"image":{"@id":"https:\/\/portaltela.pt\/noticias\/2026\/02\/05\/porto-sentido-chega-a-casa-da-horta-nesta-sexta-feira\/#primaryimage"},"thumbnailUrl":"https:\/\/portaltela.pt\/s.01k8rhncp4jt1\/2026\/02\/d36ee6de-d3fa-4354-ae82-8f6c4eb66664_1200x675.jpg","keywords":["Apoio \u00e0 Vida Independente","arte","cer\u00e2mica","literatura","pintura","Porto"],"articleSection":["Not\u00edcias"],"inLanguage":"pt-PT"},{"@type":"WebPage","@id":"https:\/\/portaltela.pt\/noticias\/2026\/02\/05\/porto-sentido-chega-a-casa-da-horta-nesta-sexta-feira\/","url":"https:\/\/portaltela.pt\/noticias\/2026\/02\/05\/porto-sentido-chega-a-casa-da-horta-nesta-sexta-feira\/","name":"Porto Sentido chega \u00e0 Casa da Horta nesta sexta-feira - Portal Tela Portugal","isPartOf":{"@id":"https:\/\/portaltela.pt\/#website"},"primaryImageOfPage":{"@id":"https:\/\/portaltela.pt\/noticias\/2026\/02\/05\/porto-sentido-chega-a-casa-da-horta-nesta-sexta-feira\/#primaryimage"},"image":{"@id":"https:\/\/portaltela.pt\/noticias\/2026\/02\/05\/porto-sentido-chega-a-casa-da-horta-nesta-sexta-feira\/#primaryimage"},"thumbnailUrl":"https:\/\/portaltela.pt\/s.01k8rhncp4jt1\/2026\/02\/d36ee6de-d3fa-4354-ae82-8f6c4eb66664_1200x675.jpg","datePublished":"2026-02-05T22:39:00+00:00","author":{"@id":"https:\/\/portaltela.pt\/#\/schema\/person\/c4278d4a6028830caff9ee44b42d32ed"},"breadcrumb":{"@id":"https:\/\/portaltela.pt\/noticias\/2026\/02\/05\/porto-sentido-chega-a-casa-da-horta-nesta-sexta-feira\/#breadcrumb"},"inLanguage":"pt-PT","potentialAction":[{"@type":"ReadAction","target":["https:\/\/portaltela.pt\/noticias\/2026\/02\/05\/porto-sentido-chega-a-casa-da-horta-nesta-sexta-feira\/"]}]},{"@type":"ImageObject","inLanguage":"pt-PT","@id":"https:\/\/portaltela.pt\/noticias\/2026\/02\/05\/porto-sentido-chega-a-casa-da-horta-nesta-sexta-feira\/#primaryimage","url":"https:\/\/portaltela.pt\/s.01k8rhncp4jt1\/2026\/02\/d36ee6de-d3fa-4354-ae82-8f6c4eb66664_1200x675.jpg","contentUrl":"https:\/\/portaltela.pt\/s.01k8rhncp4jt1\/2026\/02\/d36ee6de-d3fa-4354-ae82-8f6c4eb66664_1200x675.jpg","width":796,"height":448,"caption":"Exposi\u00e7\u00e3o j\u00e1 passou pelos Fenianos Portuenses"},{"@type":"BreadcrumbList","@id":"https:\/\/portaltela.pt\/noticias\/2026\/02\/05\/porto-sentido-chega-a-casa-da-horta-nesta-sexta-feira\/#breadcrumb","itemListElement":[{"@type":"ListItem","position":1,"name":"In\u00edcio","item":"https:\/\/portaltela.pt\/"},{"@type":"ListItem","position":2,"name":"Porto Sentido chega \u00e0 Casa da Horta nesta sexta-feira"}]},{"@type":"WebSite","@id":"https:\/\/portaltela.pt\/#website","url":"https:\/\/portaltela.pt\/","name":"Portal Tela Portugal","description":"","potentialAction":[{"@type":"SearchAction","target":{"@type":"EntryPoint","urlTemplate":"https:\/\/portaltela.pt\/?s={search_term_string}"},"query-input":{"@type":"PropertyValueSpecification","valueRequired":true,"valueName":"search_term_string"}}],"inLanguage":"pt-PT"},{"@type":"Person","@id":"https:\/\/portaltela.pt\/#\/schema\/person\/c4278d4a6028830caff9ee44b42d32ed","name":"Telinha","image":{"@type":"ImageObject","inLanguage":"pt-PT","@id":"https:\/\/portaltela.pt\/s.01k8rhncp4jt1\/2025\/11\/talking-bot-125x125.png","url":"https:\/\/portaltela.pt\/s.01k8rhncp4jt1\/2025\/11\/talking-bot-125x125.png","contentUrl":"https:\/\/portaltela.pt\/s.01k8rhncp4jt1\/2025\/11\/talking-bot-125x125.png","caption":"Telinha"},"sameAs":["https:\/\/portaltela.pt\/"],"url":"https:\/\/portaltela.pt\/por\/367410592786\/"}]}},"_links":{"self":[{"href":"https:\/\/portaltela.pt\/api\/wp\/v2\/posts\/200822","targetHints":{"allow":["GET"]}}],"collection":[{"href":"https:\/\/portaltela.pt\/api\/wp\/v2\/posts"}],"about":[{"href":"https:\/\/portaltela.pt\/api\/wp\/v2\/types\/post"}],"author":[{"embeddable":true,"href":"https:\/\/portaltela.pt\/api\/wp\/v2\/users\/2"}],"replies":[{"embeddable":true,"href":"https:\/\/portaltela.pt\/api\/wp\/v2\/comments?post=200822"}],"version-history":[{"count":0,"href":"https:\/\/portaltela.pt\/api\/wp\/v2\/posts\/200822\/revisions"}],"wp:featuredmedia":[{"embeddable":true,"href":"https:\/\/portaltela.pt\/api\/wp\/v2\/media\/200830"}],"wp:attachment":[{"href":"https:\/\/portaltela.pt\/api\/wp\/v2\/media?parent=200822"}],"wp:term":[{"taxonomy":"category","embeddable":true,"href":"https:\/\/portaltela.pt\/api\/wp\/v2\/categories?post=200822"},{"taxonomy":"post_tag","embeddable":true,"href":"https:\/\/portaltela.pt\/api\/wp\/v2\/tags?post=200822"}],"curies":[{"name":"wp","href":"https:\/\/api.w.org\/{rel}","templated":true}]}}