{"id":200813,"date":"2026-02-05T19:36:00","date_gmt":"2026-02-05T22:36:00","guid":{"rendered":"https:\/\/portaltela.pt\/noticias\/2026\/02\/05\/lula-pede-reforco-do-multilateralismo-em-encontro-com-pm-russo\/"},"modified":"2026-02-05T19:36:00","modified_gmt":"2026-02-05T22:36:00","slug":"lula-pede-reforco-do-multilateralismo-em-encontro-com-pm-russo","status":"publish","type":"post","link":"https:\/\/portaltela.pt\/noticias\/internacional\/2026\/02\/05\/lula-pede-reforco-do-multilateralismo-em-encontro-com-pm-russo\/","title":{"rendered":"Lula pede refor\u00e7o do multilateralismo em encontro com PM russo"},"content":{"rendered":"<p>O Presidente Lula da Silva pediu refor\u00e7ar o multilateralismo numa reuni\u00e3o com o Primeiro-Ministro russo. O an\u00fancio aponta para um foco na coopera\u00e7\u00e3o entre pa\u00edses para temas globais.<\/p>\n<p>Segundo a mensagem divulgada, o objetivo \u00e9 fortalecer mecanismos multilaterais que promovam di\u00e1logo e solu\u00e7\u00f5es coletivas para desafios internacionais. A conversa enfatizou a import\u00e2ncia de institui\u00e7\u00f5es globais atuantes.<\/p>\n<p>Ainda n\u00e3o foram divulgadas datas espec\u00edficas nem o local do encontro. A not\u00edcia completa permanece acess\u00edvel apenas a subscritores, conforme divulga\u00e7\u00e3o da fonte original.<\/p>\n<p>A reuni\u00e3o ocorreu no contexto de rela\u00e7\u00f5es entre Brasil e R\u00fassia, com \u00eanfase na coopera\u00e7\u00e3o multilateral. As informa\u00e7\u00f5es apresentadas destacam a busca por maior coordena\u00e7\u00e3o em temas de interesse comum.<\/p>\n","protected":false},"excerpt":{"rendered":"<ul>\n<li>Lula da Silva pediu refor\u00e7o do multilateralismo numa reuni\u00e3o com o primeiro-ministro da R\u00fassia.<\/li>\n<li>O encontro teve como objetivo abordar a coopera\u00e7\u00e3o internacional entre os dois pa\u00edses.<\/li>\n<li>O conte\u00fado completo da not\u00edcia est\u00e1 dispon\u00edvel apenas para subscritores.<\/li>\n<\/ul>\n","protected":false},"author":2,"featured_media":200815,"comment_status":"closed","ping_status":"closed","sticky":false,"template":"","format":"standard","meta":{"footnotes":""},"categories":[4,1],"tags":[2547,256,29,5039,27,3110],"class_list":["post-200813","post","type-post","status-publish","format-standard","has-post-thumbnail","hentry","category-internacional","category-noticias","tag-brasil","tag-cooperacao-internacional","tag-diplomacia","tag-multilateralismo","tag-relacoes-internacionais","tag-russia"],"yoast_head":"<!-- This site is optimized with the Yoast SEO plugin v27.2 - https:\/\/yoast.com\/product\/yoast-seo-wordpress\/ -->\n<title>Lula pede refor\u00e7o do multilateralismo em encontro com PM russo - Portal Tela Portugal<\/title>\n<meta name=\"robots\" content=\"index, follow, max-snippet:-1, max-image-preview:large, max-video-preview:-1\" \/>\n<meta property=\"og:locale\" content=\"pt_PT\" \/>\n<meta property=\"og:type\" content=\"article\" \/>\n<meta property=\"og:title\" content=\"Lula pede refor\u00e7o do multilateralismo em encontro com PM russo - Portal Tela Portugal\" \/>\n<meta property=\"og:description\" content=\"Lula da Silva pediu refor\u00e7o do multilateralismo numa reuni\u00e3o com o primeiro-ministro da R\u00fassia. O encontro teve como objetivo abordar a coopera\u00e7\u00e3o internacional entre os dois pa\u00edses. O conte\u00fado completo da not\u00edcia est\u00e1 dispon\u00edvel apenas para subscritores.\" \/>\n<meta property=\"og:url\" content=\"https:\/\/portaltela.pt\/noticias\/2026\/02\/05\/lula-pede-reforco-do-multilateralismo-em-encontro-com-pm-russo\/\" \/>\n<meta property=\"og:site_name\" content=\"Portal Tela Portugal\" \/>\n<meta property=\"article:published_time\" content=\"2026-02-05T22:36:00+00:00\" \/>\n<meta name=\"author\" content=\"Telinha\" \/>\n<meta name=\"twitter:card\" content=\"summary_large_image\" \/>\n<meta name=\"twitter:label1\" content=\"Escrito por\" \/>\n\t<meta name=\"twitter:data1\" content=\"Telinha\" \/>\n\t<meta name=\"twitter:label2\" content=\"Tempo estimado de leitura\" \/>\n\t<meta name=\"twitter:data2\" content=\"1 minuto\" \/>\n<script type=\"application\/ld+json\" class=\"yoast-schema-graph\">{\"@context\":\"https:\/\/schema.org\",\"@graph\":[{\"@type\":\"Article\",\"@id\":\"https:\/\/portaltela.pt\/noticias\/2026\/02\/05\/lula-pede-reforco-do-multilateralismo-em-encontro-com-pm-russo\/#article\",\"isPartOf\":{\"@id\":\"https:\/\/portaltela.pt\/noticias\/2026\/02\/05\/lula-pede-reforco-do-multilateralismo-em-encontro-com-pm-russo\/\"},\"author\":{\"name\":\"Telinha\",\"@id\":\"https:\/\/portaltela.pt\/#\/schema\/person\/c4278d4a6028830caff9ee44b42d32ed\"},\"headline\":\"Lula pede refor\u00e7o do multilateralismo em encontro com PM russo\",\"datePublished\":\"2026-02-05T22:36:00+00:00\",\"mainEntityOfPage\":{\"@id\":\"https:\/\/portaltela.pt\/noticias\/2026\/02\/05\/lula-pede-reforco-do-multilateralismo-em-encontro-com-pm-russo\/\"},\"wordCount\":140,\"image\":{\"@id\":\"https:\/\/portaltela.pt\/noticias\/2026\/02\/05\/lula-pede-reforco-do-multilateralismo-em-encontro-com-pm-russo\/#primaryimage\"},\"thumbnailUrl\":\"https:\/\/portaltela.pt\/s.01k8rhncp4jt1\/2026\/02\/CACHE_780X1200_ANALOG_WATERMARKED_46497341_334426112958128.jpg\",\"keywords\":[\"Brasil\",\"coopera\u00e7\u00e3o internacional\",\"diplomacia\",\"multilateralismo\",\"rela\u00e7\u00f5es internacionais\",\"R\u00fassia\"],\"articleSection\":[\"Internacional\",\"Not\u00edcias\"],\"inLanguage\":\"pt-PT\"},{\"@type\":\"WebPage\",\"@id\":\"https:\/\/portaltela.pt\/noticias\/2026\/02\/05\/lula-pede-reforco-do-multilateralismo-em-encontro-com-pm-russo\/\",\"url\":\"https:\/\/portaltela.pt\/noticias\/2026\/02\/05\/lula-pede-reforco-do-multilateralismo-em-encontro-com-pm-russo\/\",\"name\":\"Lula pede refor\u00e7o do multilateralismo em encontro com PM russo - Portal Tela Portugal\",\"isPartOf\":{\"@id\":\"https:\/\/portaltela.pt\/#website\"},\"primaryImageOfPage\":{\"@id\":\"https:\/\/portaltela.pt\/noticias\/2026\/02\/05\/lula-pede-reforco-do-multilateralismo-em-encontro-com-pm-russo\/#primaryimage\"},\"image\":{\"@id\":\"https:\/\/portaltela.pt\/noticias\/2026\/02\/05\/lula-pede-reforco-do-multilateralismo-em-encontro-com-pm-russo\/#primaryimage\"},\"thumbnailUrl\":\"https:\/\/portaltela.pt\/s.01k8rhncp4jt1\/2026\/02\/CACHE_780X1200_ANALOG_WATERMARKED_46497341_334426112958128.jpg\",\"datePublished\":\"2026-02-05T22:36:00+00:00\",\"author\":{\"@id\":\"https:\/\/portaltela.pt\/#\/schema\/person\/c4278d4a6028830caff9ee44b42d32ed\"},\"breadcrumb\":{\"@id\":\"https:\/\/portaltela.pt\/noticias\/2026\/02\/05\/lula-pede-reforco-do-multilateralismo-em-encontro-com-pm-russo\/#breadcrumb\"},\"inLanguage\":\"pt-PT\",\"potentialAction\":[{\"@type\":\"ReadAction\",\"target\":[\"https:\/\/portaltela.pt\/noticias\/2026\/02\/05\/lula-pede-reforco-do-multilateralismo-em-encontro-com-pm-russo\/\"]}]},{\"@type\":\"ImageObject\",\"inLanguage\":\"pt-PT\",\"@id\":\"https:\/\/portaltela.pt\/noticias\/2026\/02\/05\/lula-pede-reforco-do-multilateralismo-em-encontro-com-pm-russo\/#primaryimage\",\"url\":\"https:\/\/portaltela.pt\/s.01k8rhncp4jt1\/2026\/02\/CACHE_780X1200_ANALOG_WATERMARKED_46497341_334426112958128.jpg\",\"contentUrl\":\"https:\/\/portaltela.pt\/s.01k8rhncp4jt1\/2026\/02\/CACHE_780X1200_ANALOG_WATERMARKED_46497341_334426112958128.jpg\",\"width\":796,\"height\":448,\"caption\":\"Lula da Silva pede refor\u00e7o do multilateralismo em reuni\u00e3o com PM russo\"},{\"@type\":\"BreadcrumbList\",\"@id\":\"https:\/\/portaltela.pt\/noticias\/2026\/02\/05\/lula-pede-reforco-do-multilateralismo-em-encontro-com-pm-russo\/#breadcrumb\",\"itemListElement\":[{\"@type\":\"ListItem\",\"position\":1,\"name\":\"In\u00edcio\",\"item\":\"https:\/\/portaltela.pt\/\"},{\"@type\":\"ListItem\",\"position\":2,\"name\":\"Lula pede refor\u00e7o do multilateralismo em encontro com PM russo\"}]},{\"@type\":\"WebSite\",\"@id\":\"https:\/\/portaltela.pt\/#website\",\"url\":\"https:\/\/portaltela.pt\/\",\"name\":\"Portal Tela Portugal\",\"description\":\"\",\"potentialAction\":[{\"@type\":\"SearchAction\",\"target\":{\"@type\":\"EntryPoint\",\"urlTemplate\":\"https:\/\/portaltela.pt\/?s={search_term_string}\"},\"query-input\":{\"@type\":\"PropertyValueSpecification\",\"valueRequired\":true,\"valueName\":\"search_term_string\"}}],\"inLanguage\":\"pt-PT\"},{\"@type\":\"Person\",\"@id\":\"https:\/\/portaltela.pt\/#\/schema\/person\/c4278d4a6028830caff9ee44b42d32ed\",\"name\":\"Telinha\",\"image\":{\"@type\":\"ImageObject\",\"inLanguage\":\"pt-PT\",\"@id\":\"https:\/\/portaltela.pt\/s.01k8rhncp4jt1\/2025\/11\/talking-bot-125x125.png\",\"url\":\"https:\/\/portaltela.pt\/s.01k8rhncp4jt1\/2025\/11\/talking-bot-125x125.png\",\"contentUrl\":\"https:\/\/portaltela.pt\/s.01k8rhncp4jt1\/2025\/11\/talking-bot-125x125.png\",\"caption\":\"Telinha\"},\"sameAs\":[\"https:\/\/portaltela.pt\/\"],\"url\":\"https:\/\/portaltela.pt\/por\/367410592786\/\"}]}<\/script>\n<!-- \/ Yoast SEO plugin. -->","yoast_head_json":{"title":"Lula pede refor\u00e7o do multilateralismo em encontro com PM russo - Portal Tela Portugal","robots":{"index":"index","follow":"follow","max-snippet":"max-snippet:-1","max-image-preview":"max-image-preview:large","max-video-preview":"max-video-preview:-1"},"og_locale":"pt_PT","og_type":"article","og_title":"Lula pede refor\u00e7o do multilateralismo em encontro com PM russo - Portal Tela Portugal","og_description":"Lula da Silva pediu refor\u00e7o do multilateralismo numa reuni\u00e3o com o primeiro-ministro da R\u00fassia. O encontro teve como objetivo abordar a coopera\u00e7\u00e3o internacional entre os dois pa\u00edses. O conte\u00fado completo da not\u00edcia est\u00e1 dispon\u00edvel apenas para subscritores.","og_url":"https:\/\/portaltela.pt\/noticias\/2026\/02\/05\/lula-pede-reforco-do-multilateralismo-em-encontro-com-pm-russo\/","og_site_name":"Portal Tela Portugal","article_published_time":"2026-02-05T22:36:00+00:00","author":"Telinha","twitter_card":"summary_large_image","twitter_misc":{"Escrito por":"Telinha","Tempo estimado de leitura":"1 minuto"},"schema":{"@context":"https:\/\/schema.org","@graph":[{"@type":"Article","@id":"https:\/\/portaltela.pt\/noticias\/2026\/02\/05\/lula-pede-reforco-do-multilateralismo-em-encontro-com-pm-russo\/#article","isPartOf":{"@id":"https:\/\/portaltela.pt\/noticias\/2026\/02\/05\/lula-pede-reforco-do-multilateralismo-em-encontro-com-pm-russo\/"},"author":{"name":"Telinha","@id":"https:\/\/portaltela.pt\/#\/schema\/person\/c4278d4a6028830caff9ee44b42d32ed"},"headline":"Lula pede refor\u00e7o do multilateralismo em encontro com PM russo","datePublished":"2026-02-05T22:36:00+00:00","mainEntityOfPage":{"@id":"https:\/\/portaltela.pt\/noticias\/2026\/02\/05\/lula-pede-reforco-do-multilateralismo-em-encontro-com-pm-russo\/"},"wordCount":140,"image":{"@id":"https:\/\/portaltela.pt\/noticias\/2026\/02\/05\/lula-pede-reforco-do-multilateralismo-em-encontro-com-pm-russo\/#primaryimage"},"thumbnailUrl":"https:\/\/portaltela.pt\/s.01k8rhncp4jt1\/2026\/02\/CACHE_780X1200_ANALOG_WATERMARKED_46497341_334426112958128.jpg","keywords":["Brasil","coopera\u00e7\u00e3o internacional","diplomacia","multilateralismo","rela\u00e7\u00f5es internacionais","R\u00fassia"],"articleSection":["Internacional","Not\u00edcias"],"inLanguage":"pt-PT"},{"@type":"WebPage","@id":"https:\/\/portaltela.pt\/noticias\/2026\/02\/05\/lula-pede-reforco-do-multilateralismo-em-encontro-com-pm-russo\/","url":"https:\/\/portaltela.pt\/noticias\/2026\/02\/05\/lula-pede-reforco-do-multilateralismo-em-encontro-com-pm-russo\/","name":"Lula pede refor\u00e7o do multilateralismo em encontro com PM russo - Portal Tela Portugal","isPartOf":{"@id":"https:\/\/portaltela.pt\/#website"},"primaryImageOfPage":{"@id":"https:\/\/portaltela.pt\/noticias\/2026\/02\/05\/lula-pede-reforco-do-multilateralismo-em-encontro-com-pm-russo\/#primaryimage"},"image":{"@id":"https:\/\/portaltela.pt\/noticias\/2026\/02\/05\/lula-pede-reforco-do-multilateralismo-em-encontro-com-pm-russo\/#primaryimage"},"thumbnailUrl":"https:\/\/portaltela.pt\/s.01k8rhncp4jt1\/2026\/02\/CACHE_780X1200_ANALOG_WATERMARKED_46497341_334426112958128.jpg","datePublished":"2026-02-05T22:36:00+00:00","author":{"@id":"https:\/\/portaltela.pt\/#\/schema\/person\/c4278d4a6028830caff9ee44b42d32ed"},"breadcrumb":{"@id":"https:\/\/portaltela.pt\/noticias\/2026\/02\/05\/lula-pede-reforco-do-multilateralismo-em-encontro-com-pm-russo\/#breadcrumb"},"inLanguage":"pt-PT","potentialAction":[{"@type":"ReadAction","target":["https:\/\/portaltela.pt\/noticias\/2026\/02\/05\/lula-pede-reforco-do-multilateralismo-em-encontro-com-pm-russo\/"]}]},{"@type":"ImageObject","inLanguage":"pt-PT","@id":"https:\/\/portaltela.pt\/noticias\/2026\/02\/05\/lula-pede-reforco-do-multilateralismo-em-encontro-com-pm-russo\/#primaryimage","url":"https:\/\/portaltela.pt\/s.01k8rhncp4jt1\/2026\/02\/CACHE_780X1200_ANALOG_WATERMARKED_46497341_334426112958128.jpg","contentUrl":"https:\/\/portaltela.pt\/s.01k8rhncp4jt1\/2026\/02\/CACHE_780X1200_ANALOG_WATERMARKED_46497341_334426112958128.jpg","width":796,"height":448,"caption":"Lula da Silva pede refor\u00e7o do multilateralismo em reuni\u00e3o com PM russo"},{"@type":"BreadcrumbList","@id":"https:\/\/portaltela.pt\/noticias\/2026\/02\/05\/lula-pede-reforco-do-multilateralismo-em-encontro-com-pm-russo\/#breadcrumb","itemListElement":[{"@type":"ListItem","position":1,"name":"In\u00edcio","item":"https:\/\/portaltela.pt\/"},{"@type":"ListItem","position":2,"name":"Lula pede refor\u00e7o do multilateralismo em encontro com PM russo"}]},{"@type":"WebSite","@id":"https:\/\/portaltela.pt\/#website","url":"https:\/\/portaltela.pt\/","name":"Portal Tela Portugal","description":"","potentialAction":[{"@type":"SearchAction","target":{"@type":"EntryPoint","urlTemplate":"https:\/\/portaltela.pt\/?s={search_term_string}"},"query-input":{"@type":"PropertyValueSpecification","valueRequired":true,"valueName":"search_term_string"}}],"inLanguage":"pt-PT"},{"@type":"Person","@id":"https:\/\/portaltela.pt\/#\/schema\/person\/c4278d4a6028830caff9ee44b42d32ed","name":"Telinha","image":{"@type":"ImageObject","inLanguage":"pt-PT","@id":"https:\/\/portaltela.pt\/s.01k8rhncp4jt1\/2025\/11\/talking-bot-125x125.png","url":"https:\/\/portaltela.pt\/s.01k8rhncp4jt1\/2025\/11\/talking-bot-125x125.png","contentUrl":"https:\/\/portaltela.pt\/s.01k8rhncp4jt1\/2025\/11\/talking-bot-125x125.png","caption":"Telinha"},"sameAs":["https:\/\/portaltela.pt\/"],"url":"https:\/\/portaltela.pt\/por\/367410592786\/"}]}},"_links":{"self":[{"href":"https:\/\/portaltela.pt\/api\/wp\/v2\/posts\/200813","targetHints":{"allow":["GET"]}}],"collection":[{"href":"https:\/\/portaltela.pt\/api\/wp\/v2\/posts"}],"about":[{"href":"https:\/\/portaltela.pt\/api\/wp\/v2\/types\/post"}],"author":[{"embeddable":true,"href":"https:\/\/portaltela.pt\/api\/wp\/v2\/users\/2"}],"replies":[{"embeddable":true,"href":"https:\/\/portaltela.pt\/api\/wp\/v2\/comments?post=200813"}],"version-history":[{"count":0,"href":"https:\/\/portaltela.pt\/api\/wp\/v2\/posts\/200813\/revisions"}],"wp:featuredmedia":[{"embeddable":true,"href":"https:\/\/portaltela.pt\/api\/wp\/v2\/media\/200815"}],"wp:attachment":[{"href":"https:\/\/portaltela.pt\/api\/wp\/v2\/media?parent=200813"}],"wp:term":[{"taxonomy":"category","embeddable":true,"href":"https:\/\/portaltela.pt\/api\/wp\/v2\/categories?post=200813"},{"taxonomy":"post_tag","embeddable":true,"href":"https:\/\/portaltela.pt\/api\/wp\/v2\/tags?post=200813"}],"curies":[{"name":"wp","href":"https:\/\/api.w.org\/{rel}","templated":true}]}}