{"id":200769,"date":"2026-02-05T19:01:00","date_gmt":"2026-02-05T22:01:00","guid":{"rendered":"https:\/\/portaltela.pt\/noticias\/2026\/02\/05\/associacoes-levam-a-comissao-europeia-a-tribunal-pela-mina-do-barroso\/"},"modified":"2026-02-05T19:01:00","modified_gmt":"2026-02-05T22:01:00","slug":"associacoes-levam-a-comissao-europeia-a-tribunal-pela-mina-do-barroso","status":"publish","type":"post","link":"https:\/\/portaltela.pt\/noticias\/2026\/02\/05\/associacoes-levam-a-comissao-europeia-a-tribunal-pela-mina-do-barroso\/","title":{"rendered":"Associa\u00e7\u00f5es levam a Comiss\u00e3o Europeia a tribunal pela mina do Barroso"},"content":{"rendered":"<p>A Associa\u00e7\u00e3o Unidos em Defesa de Covas do Barroso (UDCB) e a organiza\u00e7\u00e3o de defesa ambiental ClientEarth apresentaram esta quinta-feira um processo no Tribunal de Justi\u00e7a da Uni\u00e3o Europeia contra a Comiss\u00e3o Europeia. O alvo \u00e9 a atribui\u00e7\u00e3o do estatuto de projeto estrat\u00e9gico \u00e0 mina de l\u00edtio prevista para Barroso, no concelho de Boticas, Tr\u00e1s-os-Montes.<\/p>\n<p>A queixa surge na sequ\u00eancia da recusa da CE em reconsiderar esse t\u00edtulo, ap\u00f3s uma den\u00fancia p\u00fablica efetuada pelas duas entidades em julho do ano passado. O procedimento judicial vem ampliar o escrut\u00ednio sobre o impacto do projeto na regi\u00e3o.<\/p>\n<p>As associa\u00e7\u00f5es afirmam que a decis\u00e3o da Comiss\u00e3o fere princ\u00edpios jur\u00eddicos da UE, sustentando que classificar o empreendimento como estrat\u00e9gico revela riscos documentados para a \u00e1gua, os ecossistemas, a sa\u00fade humana e os meios de subsist\u00eancia locais.<\/p>\n","protected":false},"excerpt":{"rendered":"<ul>\n<li>A Associa\u00e7\u00e3o Unidos em Defesa de Covas do Barroso (UDCB) e a organiza\u00e7\u00e3o ClientEarth apresentaram um processo no Tribunal de Justi\u00e7a da Uni\u00e3o Europeia contra a Comiss\u00e3o Europeia (CE).<\/li>\n<li>O alvo \u00e9 a atribui\u00e7\u00e3o do estatuto de &#8220;projeto estrat\u00e9gico&#8221; \u00e0 mina de l\u00edtio prevista em Covas do Barroso, no concelho de Boticas, em Tr\u00e1s-os-Montes.<\/li>\n<li>O processo foi aberto na quinta-feira, depois da CE recusar reconsiderar o t\u00edtulo, mantido desde a den\u00fancia p\u00fablica de julho do ano passado.<\/li>\n<li>As organiza\u00e7\u00f5es alegam que a decis\u00e3o viola princ\u00edpios jur\u00eddicos fundamentais da UE e que ignora riscos para a \u00e1gua, os ecossistemas, a sa\u00fade humana e os meios de subsist\u00eancia locais.<\/li>\n<li>Pedem ao Tribunal que reavalie a classifica\u00e7\u00e3o, refor\u00e7ando a prote\u00e7\u00e3o dos recursos h\u00eddricos e do ambiente.<\/li>\n<\/ul>\n","protected":false},"author":2,"featured_media":200772,"comment_status":"closed","ping_status":"closed","sticky":false,"template":"","format":"standard","meta":{"footnotes":""},"categories":[1],"tags":[167,2749,1638,4930,811,1811],"class_list":["post-200769","post","type-post","status-publish","format-standard","has-post-thumbnail","hentry","category-noticias","tag-ambiente","tag-boticas","tag-comissao-europeia","tag-mineracao-artesanal","tag-protecao-ambiental","tag-tras-os-montes"],"yoast_head":"<!-- This site is optimized with the Yoast SEO plugin v27.2 - https:\/\/yoast.com\/product\/yoast-seo-wordpress\/ -->\n<title>Associa\u00e7\u00f5es levam a Comiss\u00e3o Europeia a tribunal pela mina do Barroso - Portal Tela Portugal<\/title>\n<meta name=\"robots\" content=\"index, follow, max-snippet:-1, max-image-preview:large, max-video-preview:-1\" \/>\n<meta property=\"og:locale\" content=\"pt_PT\" \/>\n<meta property=\"og:type\" content=\"article\" \/>\n<meta property=\"og:title\" content=\"Associa\u00e7\u00f5es levam a Comiss\u00e3o Europeia a tribunal pela mina do Barroso - Portal Tela Portugal\" \/>\n<meta property=\"og:description\" content=\"A Associa\u00e7\u00e3o Unidos em Defesa de Covas do Barroso (UDCB) e a organiza\u00e7\u00e3o ClientEarth apresentaram um processo no Tribunal de Justi\u00e7a da Uni\u00e3o Europeia contra a Comiss\u00e3o Europeia (CE). O alvo \u00e9 a atribui\u00e7\u00e3o do estatuto de &quot;projeto estrat\u00e9gico&quot; \u00e0 mina de l\u00edtio prevista em Covas do Barroso, no concelho de Boticas, em Tr\u00e1s-os-Montes. O processo foi aberto na quinta-feira, depois da CE recusar reconsiderar o t\u00edtulo, mantido desde a den\u00fancia p\u00fablica de julho do ano passado. As organiza\u00e7\u00f5es alegam que a decis\u00e3o viola princ\u00edpios jur\u00eddicos fundamentais da UE e que ignora riscos para a \u00e1gua, os ecossistemas, a sa\u00fade humana e os meios de subsist\u00eancia locais. Pedem ao Tribunal que reavalie a classifica\u00e7\u00e3o, refor\u00e7ando a prote\u00e7\u00e3o dos recursos h\u00eddricos e do ambiente.\" \/>\n<meta property=\"og:url\" content=\"https:\/\/portaltela.pt\/noticias\/2026\/02\/05\/associacoes-levam-a-comissao-europeia-a-tribunal-pela-mina-do-barroso\/\" \/>\n<meta property=\"og:site_name\" content=\"Portal Tela Portugal\" \/>\n<meta property=\"article:published_time\" content=\"2026-02-05T22:01:00+00:00\" \/>\n<meta name=\"author\" content=\"Telinha\" \/>\n<meta name=\"twitter:card\" content=\"summary_large_image\" \/>\n<meta name=\"twitter:label1\" content=\"Escrito por\" \/>\n\t<meta name=\"twitter:data1\" content=\"Telinha\" \/>\n\t<meta name=\"twitter:label2\" content=\"Tempo estimado de leitura\" \/>\n\t<meta name=\"twitter:data2\" content=\"1 minuto\" \/>\n<script type=\"application\/ld+json\" class=\"yoast-schema-graph\">{\"@context\":\"https:\/\/schema.org\",\"@graph\":[{\"@type\":\"Article\",\"@id\":\"https:\/\/portaltela.pt\/noticias\/2026\/02\/05\/associacoes-levam-a-comissao-europeia-a-tribunal-pela-mina-do-barroso\/#article\",\"isPartOf\":{\"@id\":\"https:\/\/portaltela.pt\/noticias\/2026\/02\/05\/associacoes-levam-a-comissao-europeia-a-tribunal-pela-mina-do-barroso\/\"},\"author\":{\"name\":\"Telinha\",\"@id\":\"https:\/\/portaltela.pt\/#\/schema\/person\/c4278d4a6028830caff9ee44b42d32ed\"},\"headline\":\"Associa\u00e7\u00f5es levam a Comiss\u00e3o Europeia a tribunal pela mina do Barroso\",\"datePublished\":\"2026-02-05T22:01:00+00:00\",\"mainEntityOfPage\":{\"@id\":\"https:\/\/portaltela.pt\/noticias\/2026\/02\/05\/associacoes-levam-a-comissao-europeia-a-tribunal-pela-mina-do-barroso\/\"},\"wordCount\":167,\"image\":{\"@id\":\"https:\/\/portaltela.pt\/noticias\/2026\/02\/05\/associacoes-levam-a-comissao-europeia-a-tribunal-pela-mina-do-barroso\/#primaryimage\"},\"thumbnailUrl\":\"https:\/\/portaltela.pt\/s.01k8rhncp4jt1\/2026\/02\/79ad3dbe-7034-4402-8439-09f2719cb766_1200x675.jpg\",\"keywords\":[\"ambiente\",\"Boticas\",\"Comiss\u00e3o Europeia\",\"minera\u00e7\u00e3o artesanal\",\"prote\u00e7\u00e3o ambiental\",\"Tr\u00e1s-os-Montes\"],\"articleSection\":[\"Not\u00edcias\"],\"inLanguage\":\"pt-PT\"},{\"@type\":\"WebPage\",\"@id\":\"https:\/\/portaltela.pt\/noticias\/2026\/02\/05\/associacoes-levam-a-comissao-europeia-a-tribunal-pela-mina-do-barroso\/\",\"url\":\"https:\/\/portaltela.pt\/noticias\/2026\/02\/05\/associacoes-levam-a-comissao-europeia-a-tribunal-pela-mina-do-barroso\/\",\"name\":\"Associa\u00e7\u00f5es levam a Comiss\u00e3o Europeia a tribunal pela mina do Barroso - Portal Tela Portugal\",\"isPartOf\":{\"@id\":\"https:\/\/portaltela.pt\/#website\"},\"primaryImageOfPage\":{\"@id\":\"https:\/\/portaltela.pt\/noticias\/2026\/02\/05\/associacoes-levam-a-comissao-europeia-a-tribunal-pela-mina-do-barroso\/#primaryimage\"},\"image\":{\"@id\":\"https:\/\/portaltela.pt\/noticias\/2026\/02\/05\/associacoes-levam-a-comissao-europeia-a-tribunal-pela-mina-do-barroso\/#primaryimage\"},\"thumbnailUrl\":\"https:\/\/portaltela.pt\/s.01k8rhncp4jt1\/2026\/02\/79ad3dbe-7034-4402-8439-09f2719cb766_1200x675.jpg\",\"datePublished\":\"2026-02-05T22:01:00+00:00\",\"author\":{\"@id\":\"https:\/\/portaltela.pt\/#\/schema\/person\/c4278d4a6028830caff9ee44b42d32ed\"},\"breadcrumb\":{\"@id\":\"https:\/\/portaltela.pt\/noticias\/2026\/02\/05\/associacoes-levam-a-comissao-europeia-a-tribunal-pela-mina-do-barroso\/#breadcrumb\"},\"inLanguage\":\"pt-PT\",\"potentialAction\":[{\"@type\":\"ReadAction\",\"target\":[\"https:\/\/portaltela.pt\/noticias\/2026\/02\/05\/associacoes-levam-a-comissao-europeia-a-tribunal-pela-mina-do-barroso\/\"]}]},{\"@type\":\"ImageObject\",\"inLanguage\":\"pt-PT\",\"@id\":\"https:\/\/portaltela.pt\/noticias\/2026\/02\/05\/associacoes-levam-a-comissao-europeia-a-tribunal-pela-mina-do-barroso\/#primaryimage\",\"url\":\"https:\/\/portaltela.pt\/s.01k8rhncp4jt1\/2026\/02\/79ad3dbe-7034-4402-8439-09f2719cb766_1200x675.jpg\",\"contentUrl\":\"https:\/\/portaltela.pt\/s.01k8rhncp4jt1\/2026\/02\/79ad3dbe-7034-4402-8439-09f2719cb766_1200x675.jpg\",\"width\":796,\"height\":448,\"caption\":\"Popula\u00e7\u00e3o e organiza\u00e7\u00f5es est\u00e3o contra a mina\"},{\"@type\":\"BreadcrumbList\",\"@id\":\"https:\/\/portaltela.pt\/noticias\/2026\/02\/05\/associacoes-levam-a-comissao-europeia-a-tribunal-pela-mina-do-barroso\/#breadcrumb\",\"itemListElement\":[{\"@type\":\"ListItem\",\"position\":1,\"name\":\"In\u00edcio\",\"item\":\"https:\/\/portaltela.pt\/\"},{\"@type\":\"ListItem\",\"position\":2,\"name\":\"Associa\u00e7\u00f5es levam a Comiss\u00e3o Europeia a tribunal pela mina do Barroso\"}]},{\"@type\":\"WebSite\",\"@id\":\"https:\/\/portaltela.pt\/#website\",\"url\":\"https:\/\/portaltela.pt\/\",\"name\":\"Portal Tela Portugal\",\"description\":\"\",\"potentialAction\":[{\"@type\":\"SearchAction\",\"target\":{\"@type\":\"EntryPoint\",\"urlTemplate\":\"https:\/\/portaltela.pt\/?s={search_term_string}\"},\"query-input\":{\"@type\":\"PropertyValueSpecification\",\"valueRequired\":true,\"valueName\":\"search_term_string\"}}],\"inLanguage\":\"pt-PT\"},{\"@type\":\"Person\",\"@id\":\"https:\/\/portaltela.pt\/#\/schema\/person\/c4278d4a6028830caff9ee44b42d32ed\",\"name\":\"Telinha\",\"image\":{\"@type\":\"ImageObject\",\"inLanguage\":\"pt-PT\",\"@id\":\"https:\/\/portaltela.pt\/s.01k8rhncp4jt1\/2025\/11\/talking-bot-125x125.png\",\"url\":\"https:\/\/portaltela.pt\/s.01k8rhncp4jt1\/2025\/11\/talking-bot-125x125.png\",\"contentUrl\":\"https:\/\/portaltela.pt\/s.01k8rhncp4jt1\/2025\/11\/talking-bot-125x125.png\",\"caption\":\"Telinha\"},\"sameAs\":[\"https:\/\/portaltela.pt\/\"],\"url\":\"https:\/\/portaltela.pt\/por\/367410592786\/\"}]}<\/script>\n<!-- \/ Yoast SEO plugin. -->","yoast_head_json":{"title":"Associa\u00e7\u00f5es levam a Comiss\u00e3o Europeia a tribunal pela mina do Barroso - Portal Tela Portugal","robots":{"index":"index","follow":"follow","max-snippet":"max-snippet:-1","max-image-preview":"max-image-preview:large","max-video-preview":"max-video-preview:-1"},"og_locale":"pt_PT","og_type":"article","og_title":"Associa\u00e7\u00f5es levam a Comiss\u00e3o Europeia a tribunal pela mina do Barroso - Portal Tela Portugal","og_description":"A Associa\u00e7\u00e3o Unidos em Defesa de Covas do Barroso (UDCB) e a organiza\u00e7\u00e3o ClientEarth apresentaram um processo no Tribunal de Justi\u00e7a da Uni\u00e3o Europeia contra a Comiss\u00e3o Europeia (CE). O alvo \u00e9 a atribui\u00e7\u00e3o do estatuto de \"projeto estrat\u00e9gico\" \u00e0 mina de l\u00edtio prevista em Covas do Barroso, no concelho de Boticas, em Tr\u00e1s-os-Montes. O processo foi aberto na quinta-feira, depois da CE recusar reconsiderar o t\u00edtulo, mantido desde a den\u00fancia p\u00fablica de julho do ano passado. As organiza\u00e7\u00f5es alegam que a decis\u00e3o viola princ\u00edpios jur\u00eddicos fundamentais da UE e que ignora riscos para a \u00e1gua, os ecossistemas, a sa\u00fade humana e os meios de subsist\u00eancia locais. Pedem ao Tribunal que reavalie a classifica\u00e7\u00e3o, refor\u00e7ando a prote\u00e7\u00e3o dos recursos h\u00eddricos e do ambiente.","og_url":"https:\/\/portaltela.pt\/noticias\/2026\/02\/05\/associacoes-levam-a-comissao-europeia-a-tribunal-pela-mina-do-barroso\/","og_site_name":"Portal Tela Portugal","article_published_time":"2026-02-05T22:01:00+00:00","author":"Telinha","twitter_card":"summary_large_image","twitter_misc":{"Escrito por":"Telinha","Tempo estimado de leitura":"1 minuto"},"schema":{"@context":"https:\/\/schema.org","@graph":[{"@type":"Article","@id":"https:\/\/portaltela.pt\/noticias\/2026\/02\/05\/associacoes-levam-a-comissao-europeia-a-tribunal-pela-mina-do-barroso\/#article","isPartOf":{"@id":"https:\/\/portaltela.pt\/noticias\/2026\/02\/05\/associacoes-levam-a-comissao-europeia-a-tribunal-pela-mina-do-barroso\/"},"author":{"name":"Telinha","@id":"https:\/\/portaltela.pt\/#\/schema\/person\/c4278d4a6028830caff9ee44b42d32ed"},"headline":"Associa\u00e7\u00f5es levam a Comiss\u00e3o Europeia a tribunal pela mina do Barroso","datePublished":"2026-02-05T22:01:00+00:00","mainEntityOfPage":{"@id":"https:\/\/portaltela.pt\/noticias\/2026\/02\/05\/associacoes-levam-a-comissao-europeia-a-tribunal-pela-mina-do-barroso\/"},"wordCount":167,"image":{"@id":"https:\/\/portaltela.pt\/noticias\/2026\/02\/05\/associacoes-levam-a-comissao-europeia-a-tribunal-pela-mina-do-barroso\/#primaryimage"},"thumbnailUrl":"https:\/\/portaltela.pt\/s.01k8rhncp4jt1\/2026\/02\/79ad3dbe-7034-4402-8439-09f2719cb766_1200x675.jpg","keywords":["ambiente","Boticas","Comiss\u00e3o Europeia","minera\u00e7\u00e3o artesanal","prote\u00e7\u00e3o ambiental","Tr\u00e1s-os-Montes"],"articleSection":["Not\u00edcias"],"inLanguage":"pt-PT"},{"@type":"WebPage","@id":"https:\/\/portaltela.pt\/noticias\/2026\/02\/05\/associacoes-levam-a-comissao-europeia-a-tribunal-pela-mina-do-barroso\/","url":"https:\/\/portaltela.pt\/noticias\/2026\/02\/05\/associacoes-levam-a-comissao-europeia-a-tribunal-pela-mina-do-barroso\/","name":"Associa\u00e7\u00f5es levam a Comiss\u00e3o Europeia a tribunal pela mina do Barroso - Portal Tela Portugal","isPartOf":{"@id":"https:\/\/portaltela.pt\/#website"},"primaryImageOfPage":{"@id":"https:\/\/portaltela.pt\/noticias\/2026\/02\/05\/associacoes-levam-a-comissao-europeia-a-tribunal-pela-mina-do-barroso\/#primaryimage"},"image":{"@id":"https:\/\/portaltela.pt\/noticias\/2026\/02\/05\/associacoes-levam-a-comissao-europeia-a-tribunal-pela-mina-do-barroso\/#primaryimage"},"thumbnailUrl":"https:\/\/portaltela.pt\/s.01k8rhncp4jt1\/2026\/02\/79ad3dbe-7034-4402-8439-09f2719cb766_1200x675.jpg","datePublished":"2026-02-05T22:01:00+00:00","author":{"@id":"https:\/\/portaltela.pt\/#\/schema\/person\/c4278d4a6028830caff9ee44b42d32ed"},"breadcrumb":{"@id":"https:\/\/portaltela.pt\/noticias\/2026\/02\/05\/associacoes-levam-a-comissao-europeia-a-tribunal-pela-mina-do-barroso\/#breadcrumb"},"inLanguage":"pt-PT","potentialAction":[{"@type":"ReadAction","target":["https:\/\/portaltela.pt\/noticias\/2026\/02\/05\/associacoes-levam-a-comissao-europeia-a-tribunal-pela-mina-do-barroso\/"]}]},{"@type":"ImageObject","inLanguage":"pt-PT","@id":"https:\/\/portaltela.pt\/noticias\/2026\/02\/05\/associacoes-levam-a-comissao-europeia-a-tribunal-pela-mina-do-barroso\/#primaryimage","url":"https:\/\/portaltela.pt\/s.01k8rhncp4jt1\/2026\/02\/79ad3dbe-7034-4402-8439-09f2719cb766_1200x675.jpg","contentUrl":"https:\/\/portaltela.pt\/s.01k8rhncp4jt1\/2026\/02\/79ad3dbe-7034-4402-8439-09f2719cb766_1200x675.jpg","width":796,"height":448,"caption":"Popula\u00e7\u00e3o e organiza\u00e7\u00f5es est\u00e3o contra a mina"},{"@type":"BreadcrumbList","@id":"https:\/\/portaltela.pt\/noticias\/2026\/02\/05\/associacoes-levam-a-comissao-europeia-a-tribunal-pela-mina-do-barroso\/#breadcrumb","itemListElement":[{"@type":"ListItem","position":1,"name":"In\u00edcio","item":"https:\/\/portaltela.pt\/"},{"@type":"ListItem","position":2,"name":"Associa\u00e7\u00f5es levam a Comiss\u00e3o Europeia a tribunal pela mina do Barroso"}]},{"@type":"WebSite","@id":"https:\/\/portaltela.pt\/#website","url":"https:\/\/portaltela.pt\/","name":"Portal Tela Portugal","description":"","potentialAction":[{"@type":"SearchAction","target":{"@type":"EntryPoint","urlTemplate":"https:\/\/portaltela.pt\/?s={search_term_string}"},"query-input":{"@type":"PropertyValueSpecification","valueRequired":true,"valueName":"search_term_string"}}],"inLanguage":"pt-PT"},{"@type":"Person","@id":"https:\/\/portaltela.pt\/#\/schema\/person\/c4278d4a6028830caff9ee44b42d32ed","name":"Telinha","image":{"@type":"ImageObject","inLanguage":"pt-PT","@id":"https:\/\/portaltela.pt\/s.01k8rhncp4jt1\/2025\/11\/talking-bot-125x125.png","url":"https:\/\/portaltela.pt\/s.01k8rhncp4jt1\/2025\/11\/talking-bot-125x125.png","contentUrl":"https:\/\/portaltela.pt\/s.01k8rhncp4jt1\/2025\/11\/talking-bot-125x125.png","caption":"Telinha"},"sameAs":["https:\/\/portaltela.pt\/"],"url":"https:\/\/portaltela.pt\/por\/367410592786\/"}]}},"_links":{"self":[{"href":"https:\/\/portaltela.pt\/api\/wp\/v2\/posts\/200769","targetHints":{"allow":["GET"]}}],"collection":[{"href":"https:\/\/portaltela.pt\/api\/wp\/v2\/posts"}],"about":[{"href":"https:\/\/portaltela.pt\/api\/wp\/v2\/types\/post"}],"author":[{"embeddable":true,"href":"https:\/\/portaltela.pt\/api\/wp\/v2\/users\/2"}],"replies":[{"embeddable":true,"href":"https:\/\/portaltela.pt\/api\/wp\/v2\/comments?post=200769"}],"version-history":[{"count":0,"href":"https:\/\/portaltela.pt\/api\/wp\/v2\/posts\/200769\/revisions"}],"wp:featuredmedia":[{"embeddable":true,"href":"https:\/\/portaltela.pt\/api\/wp\/v2\/media\/200772"}],"wp:attachment":[{"href":"https:\/\/portaltela.pt\/api\/wp\/v2\/media?parent=200769"}],"wp:term":[{"taxonomy":"category","embeddable":true,"href":"https:\/\/portaltela.pt\/api\/wp\/v2\/categories?post=200769"},{"taxonomy":"post_tag","embeddable":true,"href":"https:\/\/portaltela.pt\/api\/wp\/v2\/tags?post=200769"}],"curies":[{"name":"wp","href":"https:\/\/api.w.org\/{rel}","templated":true}]}}