{"id":200766,"date":"2026-02-05T18:52:15","date_gmt":"2026-02-05T21:52:15","guid":{"rendered":"https:\/\/portaltela.pt\/noticias\/2026\/02\/05\/mau-tempo-reduz-circulacao-de-intercidades-na-linha-do-norte\/"},"modified":"2026-02-05T18:52:15","modified_gmt":"2026-02-05T21:52:15","slug":"mau-tempo-reduz-circulacao-de-intercidades-na-linha-do-norte","status":"publish","type":"post","link":"https:\/\/portaltela.pt\/noticias\/2026\/02\/05\/mau-tempo-reduz-circulacao-de-intercidades-na-linha-do-norte\/","title":{"rendered":"Mau tempo reduz circula\u00e7\u00e3o de Intercidades na Linha do Norte"},"content":{"rendered":"<p>A circula\u00e7\u00e3o dos comboios Intercidades na Linha do Norte est\u00e1 a ocorrer de forma parcial. O servi\u00e7o internacional Celta e os Urbanos de Coimbra mant\u00eam-se suspensos devido \u00e0s ocorr\u00eancias provocadas pelo mau tempo. A CP indica que, \u00e0s 19:30, os comboios 521, 721, 731, 723, 520, 720, 620 e 528 circulam com material diferente do habitual e com transbordo rodovi\u00e1rio entre Pombal e Coimbra B.<\/p>\n<p>Em pontos da Linha do Norte, os servi\u00e7os Regionais prosseguem entre Entroncamento e Soure, e entre Tomar e Lisboa, com interrup\u00e7\u00f5es condicionadas pelo vento e pela precipita\u00e7\u00e3o. A CP acrescenta que, na mesma linha, outras liga\u00e7\u00f5es sofrem altera\u00e7\u00f5es de hor\u00e1rios.<\/p>\n<h3>Situa\u00e7\u00e3o na Linha do Norte e outras frentes<\/h3>\n<p>A circula\u00e7\u00e3o na Linha do Sul e na Linha do Leste j\u00e1 foi retomada pela CP. Contudo, a Linha de Cascais sofre altera\u00e7\u00f5es de hor\u00e1rio, devendo os passageiros consultar o site da empresa para atualiza\u00e7\u00f5es. Na Linha da Beira Baixa, a circula\u00e7\u00e3o est\u00e1 suspensa entre Entroncamento e Castelo Branco.<\/p>\n<h3>Linhas adicionais e balan\u00e7o<\/h3>\n<p>Na Beira Alta, o Intercidades Between Coimbra e Guarda decorre com material circulante n\u00e3o habitual. Tamb\u00e9m permanece suspensa a Linha do Douro entre R\u00e9gua e Pocinho e a Linha do Oeste. O \u00faltimo balan\u00e7o da IP, pelas 18:00, indica suspens\u00e3o em v\u00e1rias sec\u00e7\u00f5es: Norte, Beira Baixa, Cascais, Douro, Oeste e Vendas Novas.<\/p>\n<p>As equipas da Infraestruturas de Portugal encontram-se no terreno para resolver a situa\u00e7\u00e3o e repor as condi\u00e7\u00f5es de circula\u00e7\u00e3o com a maior brevidade. A IP agradece a compreens\u00e3o pelos inc\u00f3modos causados.<\/p>\n<p>Mais uma vez, o temporal provocou danos generalizados: oito mortes reportadas recentemente, centenas de feridos e desalojados. As regi\u00f5es Centro, Lisboa, Vale do Tejo e Alentejo s\u00e3o as mais afetadas.<\/p>\n<p>O Governo declarou a calamidade at\u00e9 15 de fevereiro, abrangendo 68 concelhos. Medidas de apoio poder\u00e3o chegar a 2,5 mil milh\u00f5es de euros para ajudar fam\u00edlias e empresas afetadas.<\/p>\n","protected":false},"excerpt":{"rendered":"<ul>\n<li>A circula\u00e7\u00e3o dos Intercidades na Linha do Norte est\u00e1 a decorrer de forma parcial; o comboio internacional Celta e os Urbanos de Coimbra permanecem suspensos, com transporte alternativo por transbordo rodovi\u00e1rio entre Pombal e Coimbra B.<\/li>\n<li>Continuam os servi\u00e7os Regionais entre Entroncamento e Soure e entre Tomar e Lisboa; a circula\u00e7\u00e3o na Linha do Sul e na Linha do Leste j\u00e1 foi retomada.<\/li>\n<li>Na Linha de Cascais h\u00e1 altera\u00e7\u00f5es de hor\u00e1rio; na Linha da Beira Baixa a circula\u00e7\u00e3o est\u00e1 suspensa entre Entroncamento e Castelo Branco; na Linha da Beira Alta h\u00e1 servi\u00e7o Intercidades entre Coimbra e Guarda com material diferente do habitual.<\/li>\n<li>A Infraestruturas de Portugal mant\u00e9m equipas no terreno a trabalhar para restabelecer a circula\u00e7\u00e3o e a seguran\u00e7a, com v\u00e1rias linhas ainda afetadas na rede.<\/li>\n<li>O pa\u00eds continua a enfrentar as consequ\u00eancias do mau tempo: j\u00e1 morreram doze pessoas e o Governo prolongou a fase de calamidade at\u00e9 15 de fevereiro, com apoio a 68 concelhos estimado em at\u00e9 2,5 mil milh\u00f5es de euros.<\/li>\n<\/ul>\n","protected":false},"author":2,"featured_media":200767,"comment_status":"closed","ping_status":"closed","sticky":false,"template":"","format":"standard","meta":{"footnotes":""},"categories":[1],"tags":[1972,3670,4687,3004,1194,192],"class_list":["post-200766","post","type-post","status-publish","format-standard","has-post-thumbnail","hentry","category-noticias","tag-beira-alta","tag-beira-baixa","tag-calamidade-publica","tag-desalojados","tag-douro","tag-transporte"],"yoast_head":"<!-- This site is optimized with the Yoast SEO plugin v27.2 - https:\/\/yoast.com\/product\/yoast-seo-wordpress\/ -->\n<title>Mau tempo reduz circula\u00e7\u00e3o de Intercidades na Linha do Norte - Portal Tela Portugal<\/title>\n<meta name=\"robots\" content=\"index, follow, max-snippet:-1, max-image-preview:large, max-video-preview:-1\" \/>\n<meta property=\"og:locale\" content=\"pt_PT\" \/>\n<meta property=\"og:type\" content=\"article\" \/>\n<meta property=\"og:title\" content=\"Mau tempo reduz circula\u00e7\u00e3o de Intercidades na Linha do Norte - Portal Tela Portugal\" \/>\n<meta property=\"og:description\" content=\"A circula\u00e7\u00e3o dos Intercidades na Linha do Norte est\u00e1 a decorrer de forma parcial; o comboio internacional Celta e os Urbanos de Coimbra permanecem suspensos, com transporte alternativo por transbordo rodovi\u00e1rio entre Pombal e Coimbra B. Continuam os servi\u00e7os Regionais entre Entroncamento e Soure e entre Tomar e Lisboa; a circula\u00e7\u00e3o na Linha do Sul e na Linha do Leste j\u00e1 foi retomada. Na Linha de Cascais h\u00e1 altera\u00e7\u00f5es de hor\u00e1rio; na Linha da Beira Baixa a circula\u00e7\u00e3o est\u00e1 suspensa entre Entroncamento e Castelo Branco; na Linha da Beira Alta h\u00e1 servi\u00e7o Intercidades entre Coimbra e Guarda com material diferente do habitual. A Infraestruturas de Portugal mant\u00e9m equipas no terreno a trabalhar para restabelecer a circula\u00e7\u00e3o e a seguran\u00e7a, com v\u00e1rias linhas ainda afetadas na rede. O pa\u00eds continua a enfrentar as consequ\u00eancias do mau tempo: j\u00e1 morreram doze pessoas e o Governo prolongou a fase de calamidade at\u00e9 15 de fevereiro, com apoio a 68 concelhos estimado em at\u00e9 2,5 mil milh\u00f5es de euros.\" \/>\n<meta property=\"og:url\" content=\"https:\/\/portaltela.pt\/noticias\/2026\/02\/05\/mau-tempo-reduz-circulacao-de-intercidades-na-linha-do-norte\/\" \/>\n<meta property=\"og:site_name\" content=\"Portal Tela Portugal\" \/>\n<meta property=\"article:published_time\" content=\"2026-02-05T21:52:15+00:00\" \/>\n<meta name=\"author\" content=\"Telinha\" \/>\n<meta name=\"twitter:card\" content=\"summary_large_image\" \/>\n<meta name=\"twitter:label1\" content=\"Escrito por\" \/>\n\t<meta name=\"twitter:data1\" content=\"Telinha\" \/>\n\t<meta name=\"twitter:label2\" content=\"Tempo estimado de leitura\" \/>\n\t<meta name=\"twitter:data2\" content=\"2 minutos\" \/>\n<script type=\"application\/ld+json\" class=\"yoast-schema-graph\">{\"@context\":\"https:\/\/schema.org\",\"@graph\":[{\"@type\":\"Article\",\"@id\":\"https:\/\/portaltela.pt\/noticias\/2026\/02\/05\/mau-tempo-reduz-circulacao-de-intercidades-na-linha-do-norte\/#article\",\"isPartOf\":{\"@id\":\"https:\/\/portaltela.pt\/noticias\/2026\/02\/05\/mau-tempo-reduz-circulacao-de-intercidades-na-linha-do-norte\/\"},\"author\":{\"name\":\"Telinha\",\"@id\":\"https:\/\/portaltela.pt\/#\/schema\/person\/c4278d4a6028830caff9ee44b42d32ed\"},\"headline\":\"Mau tempo reduz circula\u00e7\u00e3o de Intercidades na Linha do Norte\",\"datePublished\":\"2026-02-05T21:52:15+00:00\",\"mainEntityOfPage\":{\"@id\":\"https:\/\/portaltela.pt\/noticias\/2026\/02\/05\/mau-tempo-reduz-circulacao-de-intercidades-na-linha-do-norte\/\"},\"wordCount\":341,\"image\":{\"@id\":\"https:\/\/portaltela.pt\/noticias\/2026\/02\/05\/mau-tempo-reduz-circulacao-de-intercidades-na-linha-do-norte\/#primaryimage\"},\"thumbnailUrl\":\"https:\/\/portaltela.pt\/s.01k8rhncp4jt1\/2026\/02\/img_920x518uu2026-02-05-21-51-57-2419834.jpg\",\"keywords\":[\"Beira Alta\",\"Beira Baixa\",\"calamidade p\u00fablica\",\"desalojados\",\"Douro\",\"transporte\"],\"articleSection\":[\"Not\u00edcias\"],\"inLanguage\":\"pt-PT\"},{\"@type\":\"WebPage\",\"@id\":\"https:\/\/portaltela.pt\/noticias\/2026\/02\/05\/mau-tempo-reduz-circulacao-de-intercidades-na-linha-do-norte\/\",\"url\":\"https:\/\/portaltela.pt\/noticias\/2026\/02\/05\/mau-tempo-reduz-circulacao-de-intercidades-na-linha-do-norte\/\",\"name\":\"Mau tempo reduz circula\u00e7\u00e3o de Intercidades na Linha do Norte - Portal Tela Portugal\",\"isPartOf\":{\"@id\":\"https:\/\/portaltela.pt\/#website\"},\"primaryImageOfPage\":{\"@id\":\"https:\/\/portaltela.pt\/noticias\/2026\/02\/05\/mau-tempo-reduz-circulacao-de-intercidades-na-linha-do-norte\/#primaryimage\"},\"image\":{\"@id\":\"https:\/\/portaltela.pt\/noticias\/2026\/02\/05\/mau-tempo-reduz-circulacao-de-intercidades-na-linha-do-norte\/#primaryimage\"},\"thumbnailUrl\":\"https:\/\/portaltela.pt\/s.01k8rhncp4jt1\/2026\/02\/img_920x518uu2026-02-05-21-51-57-2419834.jpg\",\"datePublished\":\"2026-02-05T21:52:15+00:00\",\"author\":{\"@id\":\"https:\/\/portaltela.pt\/#\/schema\/person\/c4278d4a6028830caff9ee44b42d32ed\"},\"breadcrumb\":{\"@id\":\"https:\/\/portaltela.pt\/noticias\/2026\/02\/05\/mau-tempo-reduz-circulacao-de-intercidades-na-linha-do-norte\/#breadcrumb\"},\"inLanguage\":\"pt-PT\",\"potentialAction\":[{\"@type\":\"ReadAction\",\"target\":[\"https:\/\/portaltela.pt\/noticias\/2026\/02\/05\/mau-tempo-reduz-circulacao-de-intercidades-na-linha-do-norte\/\"]}]},{\"@type\":\"ImageObject\",\"inLanguage\":\"pt-PT\",\"@id\":\"https:\/\/portaltela.pt\/noticias\/2026\/02\/05\/mau-tempo-reduz-circulacao-de-intercidades-na-linha-do-norte\/#primaryimage\",\"url\":\"https:\/\/portaltela.pt\/s.01k8rhncp4jt1\/2026\/02\/img_920x518uu2026-02-05-21-51-57-2419834.jpg\",\"contentUrl\":\"https:\/\/portaltela.pt\/s.01k8rhncp4jt1\/2026\/02\/img_920x518uu2026-02-05-21-51-57-2419834.jpg\",\"width\":796,\"height\":448,\"caption\":\"Intercidades com altera\u00e7\u00f5es na Linha do Norte devido ao mau tempo\"},{\"@type\":\"BreadcrumbList\",\"@id\":\"https:\/\/portaltela.pt\/noticias\/2026\/02\/05\/mau-tempo-reduz-circulacao-de-intercidades-na-linha-do-norte\/#breadcrumb\",\"itemListElement\":[{\"@type\":\"ListItem\",\"position\":1,\"name\":\"In\u00edcio\",\"item\":\"https:\/\/portaltela.pt\/\"},{\"@type\":\"ListItem\",\"position\":2,\"name\":\"Mau tempo reduz circula\u00e7\u00e3o de Intercidades na Linha do Norte\"}]},{\"@type\":\"WebSite\",\"@id\":\"https:\/\/portaltela.pt\/#website\",\"url\":\"https:\/\/portaltela.pt\/\",\"name\":\"Portal Tela Portugal\",\"description\":\"\",\"potentialAction\":[{\"@type\":\"SearchAction\",\"target\":{\"@type\":\"EntryPoint\",\"urlTemplate\":\"https:\/\/portaltela.pt\/?s={search_term_string}\"},\"query-input\":{\"@type\":\"PropertyValueSpecification\",\"valueRequired\":true,\"valueName\":\"search_term_string\"}}],\"inLanguage\":\"pt-PT\"},{\"@type\":\"Person\",\"@id\":\"https:\/\/portaltela.pt\/#\/schema\/person\/c4278d4a6028830caff9ee44b42d32ed\",\"name\":\"Telinha\",\"image\":{\"@type\":\"ImageObject\",\"inLanguage\":\"pt-PT\",\"@id\":\"https:\/\/portaltela.pt\/s.01k8rhncp4jt1\/2025\/11\/talking-bot-125x125.png\",\"url\":\"https:\/\/portaltela.pt\/s.01k8rhncp4jt1\/2025\/11\/talking-bot-125x125.png\",\"contentUrl\":\"https:\/\/portaltela.pt\/s.01k8rhncp4jt1\/2025\/11\/talking-bot-125x125.png\",\"caption\":\"Telinha\"},\"sameAs\":[\"https:\/\/portaltela.pt\/\"],\"url\":\"https:\/\/portaltela.pt\/por\/367410592786\/\"}]}<\/script>\n<!-- \/ Yoast SEO plugin. -->","yoast_head_json":{"title":"Mau tempo reduz circula\u00e7\u00e3o de Intercidades na Linha do Norte - Portal Tela Portugal","robots":{"index":"index","follow":"follow","max-snippet":"max-snippet:-1","max-image-preview":"max-image-preview:large","max-video-preview":"max-video-preview:-1"},"og_locale":"pt_PT","og_type":"article","og_title":"Mau tempo reduz circula\u00e7\u00e3o de Intercidades na Linha do Norte - Portal Tela Portugal","og_description":"A circula\u00e7\u00e3o dos Intercidades na Linha do Norte est\u00e1 a decorrer de forma parcial; o comboio internacional Celta e os Urbanos de Coimbra permanecem suspensos, com transporte alternativo por transbordo rodovi\u00e1rio entre Pombal e Coimbra B. Continuam os servi\u00e7os Regionais entre Entroncamento e Soure e entre Tomar e Lisboa; a circula\u00e7\u00e3o na Linha do Sul e na Linha do Leste j\u00e1 foi retomada. Na Linha de Cascais h\u00e1 altera\u00e7\u00f5es de hor\u00e1rio; na Linha da Beira Baixa a circula\u00e7\u00e3o est\u00e1 suspensa entre Entroncamento e Castelo Branco; na Linha da Beira Alta h\u00e1 servi\u00e7o Intercidades entre Coimbra e Guarda com material diferente do habitual. A Infraestruturas de Portugal mant\u00e9m equipas no terreno a trabalhar para restabelecer a circula\u00e7\u00e3o e a seguran\u00e7a, com v\u00e1rias linhas ainda afetadas na rede. O pa\u00eds continua a enfrentar as consequ\u00eancias do mau tempo: j\u00e1 morreram doze pessoas e o Governo prolongou a fase de calamidade at\u00e9 15 de fevereiro, com apoio a 68 concelhos estimado em at\u00e9 2,5 mil milh\u00f5es de euros.","og_url":"https:\/\/portaltela.pt\/noticias\/2026\/02\/05\/mau-tempo-reduz-circulacao-de-intercidades-na-linha-do-norte\/","og_site_name":"Portal Tela Portugal","article_published_time":"2026-02-05T21:52:15+00:00","author":"Telinha","twitter_card":"summary_large_image","twitter_misc":{"Escrito por":"Telinha","Tempo estimado de leitura":"2 minutos"},"schema":{"@context":"https:\/\/schema.org","@graph":[{"@type":"Article","@id":"https:\/\/portaltela.pt\/noticias\/2026\/02\/05\/mau-tempo-reduz-circulacao-de-intercidades-na-linha-do-norte\/#article","isPartOf":{"@id":"https:\/\/portaltela.pt\/noticias\/2026\/02\/05\/mau-tempo-reduz-circulacao-de-intercidades-na-linha-do-norte\/"},"author":{"name":"Telinha","@id":"https:\/\/portaltela.pt\/#\/schema\/person\/c4278d4a6028830caff9ee44b42d32ed"},"headline":"Mau tempo reduz circula\u00e7\u00e3o de Intercidades na Linha do Norte","datePublished":"2026-02-05T21:52:15+00:00","mainEntityOfPage":{"@id":"https:\/\/portaltela.pt\/noticias\/2026\/02\/05\/mau-tempo-reduz-circulacao-de-intercidades-na-linha-do-norte\/"},"wordCount":341,"image":{"@id":"https:\/\/portaltela.pt\/noticias\/2026\/02\/05\/mau-tempo-reduz-circulacao-de-intercidades-na-linha-do-norte\/#primaryimage"},"thumbnailUrl":"https:\/\/portaltela.pt\/s.01k8rhncp4jt1\/2026\/02\/img_920x518uu2026-02-05-21-51-57-2419834.jpg","keywords":["Beira Alta","Beira Baixa","calamidade p\u00fablica","desalojados","Douro","transporte"],"articleSection":["Not\u00edcias"],"inLanguage":"pt-PT"},{"@type":"WebPage","@id":"https:\/\/portaltela.pt\/noticias\/2026\/02\/05\/mau-tempo-reduz-circulacao-de-intercidades-na-linha-do-norte\/","url":"https:\/\/portaltela.pt\/noticias\/2026\/02\/05\/mau-tempo-reduz-circulacao-de-intercidades-na-linha-do-norte\/","name":"Mau tempo reduz circula\u00e7\u00e3o de Intercidades na Linha do Norte - Portal Tela Portugal","isPartOf":{"@id":"https:\/\/portaltela.pt\/#website"},"primaryImageOfPage":{"@id":"https:\/\/portaltela.pt\/noticias\/2026\/02\/05\/mau-tempo-reduz-circulacao-de-intercidades-na-linha-do-norte\/#primaryimage"},"image":{"@id":"https:\/\/portaltela.pt\/noticias\/2026\/02\/05\/mau-tempo-reduz-circulacao-de-intercidades-na-linha-do-norte\/#primaryimage"},"thumbnailUrl":"https:\/\/portaltela.pt\/s.01k8rhncp4jt1\/2026\/02\/img_920x518uu2026-02-05-21-51-57-2419834.jpg","datePublished":"2026-02-05T21:52:15+00:00","author":{"@id":"https:\/\/portaltela.pt\/#\/schema\/person\/c4278d4a6028830caff9ee44b42d32ed"},"breadcrumb":{"@id":"https:\/\/portaltela.pt\/noticias\/2026\/02\/05\/mau-tempo-reduz-circulacao-de-intercidades-na-linha-do-norte\/#breadcrumb"},"inLanguage":"pt-PT","potentialAction":[{"@type":"ReadAction","target":["https:\/\/portaltela.pt\/noticias\/2026\/02\/05\/mau-tempo-reduz-circulacao-de-intercidades-na-linha-do-norte\/"]}]},{"@type":"ImageObject","inLanguage":"pt-PT","@id":"https:\/\/portaltela.pt\/noticias\/2026\/02\/05\/mau-tempo-reduz-circulacao-de-intercidades-na-linha-do-norte\/#primaryimage","url":"https:\/\/portaltela.pt\/s.01k8rhncp4jt1\/2026\/02\/img_920x518uu2026-02-05-21-51-57-2419834.jpg","contentUrl":"https:\/\/portaltela.pt\/s.01k8rhncp4jt1\/2026\/02\/img_920x518uu2026-02-05-21-51-57-2419834.jpg","width":796,"height":448,"caption":"Intercidades com altera\u00e7\u00f5es na Linha do Norte devido ao mau tempo"},{"@type":"BreadcrumbList","@id":"https:\/\/portaltela.pt\/noticias\/2026\/02\/05\/mau-tempo-reduz-circulacao-de-intercidades-na-linha-do-norte\/#breadcrumb","itemListElement":[{"@type":"ListItem","position":1,"name":"In\u00edcio","item":"https:\/\/portaltela.pt\/"},{"@type":"ListItem","position":2,"name":"Mau tempo reduz circula\u00e7\u00e3o de Intercidades na Linha do Norte"}]},{"@type":"WebSite","@id":"https:\/\/portaltela.pt\/#website","url":"https:\/\/portaltela.pt\/","name":"Portal Tela Portugal","description":"","potentialAction":[{"@type":"SearchAction","target":{"@type":"EntryPoint","urlTemplate":"https:\/\/portaltela.pt\/?s={search_term_string}"},"query-input":{"@type":"PropertyValueSpecification","valueRequired":true,"valueName":"search_term_string"}}],"inLanguage":"pt-PT"},{"@type":"Person","@id":"https:\/\/portaltela.pt\/#\/schema\/person\/c4278d4a6028830caff9ee44b42d32ed","name":"Telinha","image":{"@type":"ImageObject","inLanguage":"pt-PT","@id":"https:\/\/portaltela.pt\/s.01k8rhncp4jt1\/2025\/11\/talking-bot-125x125.png","url":"https:\/\/portaltela.pt\/s.01k8rhncp4jt1\/2025\/11\/talking-bot-125x125.png","contentUrl":"https:\/\/portaltela.pt\/s.01k8rhncp4jt1\/2025\/11\/talking-bot-125x125.png","caption":"Telinha"},"sameAs":["https:\/\/portaltela.pt\/"],"url":"https:\/\/portaltela.pt\/por\/367410592786\/"}]}},"_links":{"self":[{"href":"https:\/\/portaltela.pt\/api\/wp\/v2\/posts\/200766","targetHints":{"allow":["GET"]}}],"collection":[{"href":"https:\/\/portaltela.pt\/api\/wp\/v2\/posts"}],"about":[{"href":"https:\/\/portaltela.pt\/api\/wp\/v2\/types\/post"}],"author":[{"embeddable":true,"href":"https:\/\/portaltela.pt\/api\/wp\/v2\/users\/2"}],"replies":[{"embeddable":true,"href":"https:\/\/portaltela.pt\/api\/wp\/v2\/comments?post=200766"}],"version-history":[{"count":0,"href":"https:\/\/portaltela.pt\/api\/wp\/v2\/posts\/200766\/revisions"}],"wp:featuredmedia":[{"embeddable":true,"href":"https:\/\/portaltela.pt\/api\/wp\/v2\/media\/200767"}],"wp:attachment":[{"href":"https:\/\/portaltela.pt\/api\/wp\/v2\/media?parent=200766"}],"wp:term":[{"taxonomy":"category","embeddable":true,"href":"https:\/\/portaltela.pt\/api\/wp\/v2\/categories?post=200766"},{"taxonomy":"post_tag","embeddable":true,"href":"https:\/\/portaltela.pt\/api\/wp\/v2\/tags?post=200766"}],"curies":[{"name":"wp","href":"https:\/\/api.w.org\/{rel}","templated":true}]}}