{"id":200735,"date":"2026-02-05T18:22:04","date_gmt":"2026-02-05T21:22:04","guid":{"rendered":"https:\/\/portaltela.pt\/noticias\/2026\/02\/05\/governo-solicita-aos-emigrantes-da-construcao-civil-ajuda-na-reconstrucao\/"},"modified":"2026-02-05T18:22:04","modified_gmt":"2026-02-05T21:22:04","slug":"governo-solicita-aos-emigrantes-da-construcao-civil-ajuda-na-reconstrucao","status":"publish","type":"post","link":"https:\/\/portaltela.pt\/noticias\/2026\/02\/05\/governo-solicita-aos-emigrantes-da-construcao-civil-ajuda-na-reconstrucao\/","title":{"rendered":"Governo solicita aos emigrantes da constru\u00e7\u00e3o civil ajuda na reconstru\u00e7\u00e3o"},"content":{"rendered":"<p>O Governo portugu\u00eas pediu aos emigrantes que trabalham na constru\u00e7\u00e3o civil para regressarem a Portugal e contribu\u00edrem para a reconstru\u00e7\u00e3o das infraestruturas danificadas pelas depress\u00f5es Kristin e Leonardo. O apelo foi feito pelo secret\u00e1rio de Estado das Comunidades Portuguesas, Em\u00eddio Sousa, durante uma visita a Londres.<\/p>\n<p>Segundo o governante, a ajuda \u00e9 necess\u00e1ria porque h\u00e1 escassez de m\u00e3o-de-obra nacional para reparar infraestruturas p\u00fablicas, f\u00e1bricas e habita\u00e7\u00f5es. A prioridade \u00e9 a reconstru\u00e7\u00e3o, destacando que o apoio financeiro j\u00e1 est\u00e1 assegurado pelo Estado e por seguradoras, com fundos disponibilizados pelo Governo.<\/p>\n<p>Em\u00eddio Sousa mencionou ainda que a oportunidade pode ser aproveitada por empresas europeias com menor volume de trabalho nos primeiros meses do ano, citando Fran\u00e7a, Su\u00ed\u00e7a, Luxemburgo, Alemanha e Inglaterra. O Governo refor\u00e7ou que os processos dever\u00e3o ser transparentes para justificar os reembolsos.<\/p>\n<h3>Apoio financeiro e burocracia<\/h3>\n<p>O secret\u00e1rio de Estado garantiu que Portugal disp\u00f5e de fundos para pagar as obras, embora exista um complexo de fatura\u00e7\u00e3o e impostos. As estruturas de miss\u00e3o do Governo v\u00e3o agilizar procedimentos para facilitar a participa\u00e7\u00e3o de empres\u00e1rios com atividade noutros pa\u00edses.<\/p>\n<h3>Conting\u00eancia e fiscaliza\u00e7\u00e3o<\/h3>\n<p>A \u00eanfase esteve na necessidade de evitar pr\u00e1ticas de recolha de fundos pouco transparentes. Foi recomendado direcionar doa\u00e7\u00f5es para institui\u00e7\u00f5es sociais fi\u00e1veis, como lares de idosos ou corpora\u00e7\u00f5es de bombeiros, assegurando que o dinheiro chegue ao destino pretendido.<\/p>\n<h3>Situa\u00e7\u00e3o de calamidade e impactos<\/h3>\n<p>T\u00eam-se registado doze \u00f3bitos em Portugal desde o in\u00edcio da semana, com centenas de feridos e desalojados. As regi\u00f5es mais afetadas s\u00e3o Centro, Lisboa e Vale do Tejo, e Alentejo. O Governo prolongou a calamidade at\u00e9 15 de fevereiro, abrangendo 68 concelhos com apoio de at\u00e9 2,5 mil milh\u00f5es de euros.<\/p>\n<h3>Prolongamentos do estado de calamidade<\/h3>\n<p>O estado de calamidade foi decretado inicialmente entre 28 de janeiro e 1 de fevereiro para cerca de 60 munic\u00edpios, estendido a 68 concelhos at\u00e9 8 de fevereiro e, posteriormente, prorrogado at\u00e9 15 de fevereiro. O objetivo \u00e9 manter medidas de apoio social e econ\u00f3mico em vigor.<\/p>\n","protected":false},"excerpt":{"rendered":"<ul>\n<li>O Governo pediu aos emigrantes da constru\u00e7\u00e3o civil que regressem a Portugal para ajudar na reconstru\u00e7\u00e3o das infraestruturas danificadas pelas depress\u00f5es Kristin e Leonardo.<\/li>\n<li>Em\u00eddio Sousa afirmou que a ajuda \u00e9 para quem tem compet\u00eancias na constru\u00e7\u00e3o e que n\u00e3o \u00e9 trabalho gratuito, referindo os 2,5 mil milh\u00f5es de euros dispon\u00edveis pelo Governo, al\u00e9m dos pagamentos das seguradoras.<\/li>\n<li>H\u00e1 escassez de m\u00e3o-de-obra nacional para reparar infraestruturas p\u00fablicas, f\u00e1bricas e habita\u00e7\u00f5es, e pode haver oportunidade de neg\u00f3cio para empresas em pa\u00edses europeus com menos trabalho nos primeiros meses do ano.<\/li>\n<li>O Governo garante processos transparentes para o reembolso das despesas, oferece apoio para agilizar burocracia e aconselha que a ajuda financeira seja Canalizada atrav\u00e9s de institui\u00e7\u00f5es sociais ou autarquias para maior fiabilidade.<\/li>\n<li>Doze pessoas morreram em Portugal; 68 concelhos continuam em calamidade at\u00e9 15 de fevereiro, com medidas de apoio at\u00e9 2,5 mil milh\u00f5es de euros, sobretudo nas regi\u00f5es Centro, Lisboa e Vale do Tejo e Alentejo.<\/li>\n<\/ul>\n","protected":false},"author":2,"featured_media":200745,"comment_status":"closed","ping_status":"closed","sticky":false,"template":"","format":"standard","meta":{"footnotes":""},"categories":[1],"tags":[4687,5215,3106,3004,902,150],"class_list":["post-200735","post","type-post","status-publish","format-standard","has-post-thumbnail","hentry","category-noticias","tag-calamidade-publica","tag-catastrofes-naturais","tag-construcao-de-edificios","tag-desalojados","tag-emigracao","tag-habitacao"],"yoast_head":"<!-- This site is optimized with the Yoast SEO plugin v27.2 - https:\/\/yoast.com\/product\/yoast-seo-wordpress\/ -->\n<title>Governo solicita aos emigrantes da constru\u00e7\u00e3o civil ajuda na reconstru\u00e7\u00e3o - Portal Tela Portugal<\/title>\n<meta name=\"robots\" content=\"index, follow, max-snippet:-1, max-image-preview:large, max-video-preview:-1\" \/>\n<meta property=\"og:locale\" content=\"pt_PT\" \/>\n<meta property=\"og:type\" content=\"article\" \/>\n<meta property=\"og:title\" content=\"Governo solicita aos emigrantes da constru\u00e7\u00e3o civil ajuda na reconstru\u00e7\u00e3o - Portal Tela Portugal\" \/>\n<meta property=\"og:description\" content=\"O Governo pediu aos emigrantes da constru\u00e7\u00e3o civil que regressem a Portugal para ajudar na reconstru\u00e7\u00e3o das infraestruturas danificadas pelas depress\u00f5es Kristin e Leonardo. Em\u00eddio Sousa afirmou que a ajuda \u00e9 para quem tem compet\u00eancias na constru\u00e7\u00e3o e que n\u00e3o \u00e9 trabalho gratuito, referindo os 2,5 mil milh\u00f5es de euros dispon\u00edveis pelo Governo, al\u00e9m dos pagamentos das seguradoras. H\u00e1 escassez de m\u00e3o-de-obra nacional para reparar infraestruturas p\u00fablicas, f\u00e1bricas e habita\u00e7\u00f5es, e pode haver oportunidade de neg\u00f3cio para empresas em pa\u00edses europeus com menos trabalho nos primeiros meses do ano. O Governo garante processos transparentes para o reembolso das despesas, oferece apoio para agilizar burocracia e aconselha que a ajuda financeira seja Canalizada atrav\u00e9s de institui\u00e7\u00f5es sociais ou autarquias para maior fiabilidade. Doze pessoas morreram em Portugal; 68 concelhos continuam em calamidade at\u00e9 15 de fevereiro, com medidas de apoio at\u00e9 2,5 mil milh\u00f5es de euros, sobretudo nas regi\u00f5es Centro, Lisboa e Vale do Tejo e Alentejo.\" \/>\n<meta property=\"og:url\" content=\"https:\/\/portaltela.pt\/noticias\/2026\/02\/05\/governo-solicita-aos-emigrantes-da-construcao-civil-ajuda-na-reconstrucao\/\" \/>\n<meta property=\"og:site_name\" content=\"Portal Tela Portugal\" \/>\n<meta property=\"article:published_time\" content=\"2026-02-05T21:22:04+00:00\" \/>\n<meta name=\"author\" content=\"Telinha\" \/>\n<meta name=\"twitter:card\" content=\"summary_large_image\" \/>\n<meta name=\"twitter:label1\" content=\"Escrito por\" \/>\n\t<meta name=\"twitter:data1\" content=\"Telinha\" \/>\n\t<meta name=\"twitter:label2\" content=\"Tempo estimado de leitura\" \/>\n\t<meta name=\"twitter:data2\" content=\"2 minutos\" \/>\n<script type=\"application\/ld+json\" class=\"yoast-schema-graph\">{\"@context\":\"https:\/\/schema.org\",\"@graph\":[{\"@type\":\"Article\",\"@id\":\"https:\/\/portaltela.pt\/noticias\/2026\/02\/05\/governo-solicita-aos-emigrantes-da-construcao-civil-ajuda-na-reconstrucao\/#article\",\"isPartOf\":{\"@id\":\"https:\/\/portaltela.pt\/noticias\/2026\/02\/05\/governo-solicita-aos-emigrantes-da-construcao-civil-ajuda-na-reconstrucao\/\"},\"author\":{\"name\":\"Telinha\",\"@id\":\"https:\/\/portaltela.pt\/#\/schema\/person\/c4278d4a6028830caff9ee44b42d32ed\"},\"headline\":\"Governo solicita aos emigrantes da constru\u00e7\u00e3o civil ajuda na reconstru\u00e7\u00e3o\",\"datePublished\":\"2026-02-05T21:22:04+00:00\",\"mainEntityOfPage\":{\"@id\":\"https:\/\/portaltela.pt\/noticias\/2026\/02\/05\/governo-solicita-aos-emigrantes-da-construcao-civil-ajuda-na-reconstrucao\/\"},\"wordCount\":367,\"image\":{\"@id\":\"https:\/\/portaltela.pt\/noticias\/2026\/02\/05\/governo-solicita-aos-emigrantes-da-construcao-civil-ajuda-na-reconstrucao\/#primaryimage\"},\"thumbnailUrl\":\"https:\/\/portaltela.pt\/s.01k8rhncp4jt1\/2026\/02\/img_1500x1000uu2025-06-29-14-52-16-2219433.jpg\",\"keywords\":[\"calamidade p\u00fablica\",\"cat\u00e1strofes naturais\",\"constru\u00e7\u00e3o de edif\u00edcios\",\"desalojados\",\"emigra\u00e7\u00e3o\",\"habita\u00e7\u00e3o\"],\"articleSection\":[\"Not\u00edcias\"],\"inLanguage\":\"pt-PT\"},{\"@type\":\"WebPage\",\"@id\":\"https:\/\/portaltela.pt\/noticias\/2026\/02\/05\/governo-solicita-aos-emigrantes-da-construcao-civil-ajuda-na-reconstrucao\/\",\"url\":\"https:\/\/portaltela.pt\/noticias\/2026\/02\/05\/governo-solicita-aos-emigrantes-da-construcao-civil-ajuda-na-reconstrucao\/\",\"name\":\"Governo solicita aos emigrantes da constru\u00e7\u00e3o civil ajuda na reconstru\u00e7\u00e3o - Portal Tela Portugal\",\"isPartOf\":{\"@id\":\"https:\/\/portaltela.pt\/#website\"},\"primaryImageOfPage\":{\"@id\":\"https:\/\/portaltela.pt\/noticias\/2026\/02\/05\/governo-solicita-aos-emigrantes-da-construcao-civil-ajuda-na-reconstrucao\/#primaryimage\"},\"image\":{\"@id\":\"https:\/\/portaltela.pt\/noticias\/2026\/02\/05\/governo-solicita-aos-emigrantes-da-construcao-civil-ajuda-na-reconstrucao\/#primaryimage\"},\"thumbnailUrl\":\"https:\/\/portaltela.pt\/s.01k8rhncp4jt1\/2026\/02\/img_1500x1000uu2025-06-29-14-52-16-2219433.jpg\",\"datePublished\":\"2026-02-05T21:22:04+00:00\",\"author\":{\"@id\":\"https:\/\/portaltela.pt\/#\/schema\/person\/c4278d4a6028830caff9ee44b42d32ed\"},\"breadcrumb\":{\"@id\":\"https:\/\/portaltela.pt\/noticias\/2026\/02\/05\/governo-solicita-aos-emigrantes-da-construcao-civil-ajuda-na-reconstrucao\/#breadcrumb\"},\"inLanguage\":\"pt-PT\",\"potentialAction\":[{\"@type\":\"ReadAction\",\"target\":[\"https:\/\/portaltela.pt\/noticias\/2026\/02\/05\/governo-solicita-aos-emigrantes-da-construcao-civil-ajuda-na-reconstrucao\/\"]}]},{\"@type\":\"ImageObject\",\"inLanguage\":\"pt-PT\",\"@id\":\"https:\/\/portaltela.pt\/noticias\/2026\/02\/05\/governo-solicita-aos-emigrantes-da-construcao-civil-ajuda-na-reconstrucao\/#primaryimage\",\"url\":\"https:\/\/portaltela.pt\/s.01k8rhncp4jt1\/2026\/02\/img_1500x1000uu2025-06-29-14-52-16-2219433.jpg\",\"contentUrl\":\"https:\/\/portaltela.pt\/s.01k8rhncp4jt1\/2026\/02\/img_1500x1000uu2025-06-29-14-52-16-2219433.jpg\",\"width\":796,\"height\":448,\"caption\":\"Em\u00eddio Sousa, Secret\u00e1rio de Estado das Comunidades Portuguesas\"},{\"@type\":\"BreadcrumbList\",\"@id\":\"https:\/\/portaltela.pt\/noticias\/2026\/02\/05\/governo-solicita-aos-emigrantes-da-construcao-civil-ajuda-na-reconstrucao\/#breadcrumb\",\"itemListElement\":[{\"@type\":\"ListItem\",\"position\":1,\"name\":\"In\u00edcio\",\"item\":\"https:\/\/portaltela.pt\/\"},{\"@type\":\"ListItem\",\"position\":2,\"name\":\"Governo solicita aos emigrantes da constru\u00e7\u00e3o civil ajuda na reconstru\u00e7\u00e3o\"}]},{\"@type\":\"WebSite\",\"@id\":\"https:\/\/portaltela.pt\/#website\",\"url\":\"https:\/\/portaltela.pt\/\",\"name\":\"Portal Tela Portugal\",\"description\":\"\",\"potentialAction\":[{\"@type\":\"SearchAction\",\"target\":{\"@type\":\"EntryPoint\",\"urlTemplate\":\"https:\/\/portaltela.pt\/?s={search_term_string}\"},\"query-input\":{\"@type\":\"PropertyValueSpecification\",\"valueRequired\":true,\"valueName\":\"search_term_string\"}}],\"inLanguage\":\"pt-PT\"},{\"@type\":\"Person\",\"@id\":\"https:\/\/portaltela.pt\/#\/schema\/person\/c4278d4a6028830caff9ee44b42d32ed\",\"name\":\"Telinha\",\"image\":{\"@type\":\"ImageObject\",\"inLanguage\":\"pt-PT\",\"@id\":\"https:\/\/portaltela.pt\/s.01k8rhncp4jt1\/2025\/11\/talking-bot-125x125.png\",\"url\":\"https:\/\/portaltela.pt\/s.01k8rhncp4jt1\/2025\/11\/talking-bot-125x125.png\",\"contentUrl\":\"https:\/\/portaltela.pt\/s.01k8rhncp4jt1\/2025\/11\/talking-bot-125x125.png\",\"caption\":\"Telinha\"},\"sameAs\":[\"https:\/\/portaltela.pt\/\"],\"url\":\"https:\/\/portaltela.pt\/por\/367410592786\/\"}]}<\/script>\n<!-- \/ Yoast SEO plugin. -->","yoast_head_json":{"title":"Governo solicita aos emigrantes da constru\u00e7\u00e3o civil ajuda na reconstru\u00e7\u00e3o - Portal Tela Portugal","robots":{"index":"index","follow":"follow","max-snippet":"max-snippet:-1","max-image-preview":"max-image-preview:large","max-video-preview":"max-video-preview:-1"},"og_locale":"pt_PT","og_type":"article","og_title":"Governo solicita aos emigrantes da constru\u00e7\u00e3o civil ajuda na reconstru\u00e7\u00e3o - Portal Tela Portugal","og_description":"O Governo pediu aos emigrantes da constru\u00e7\u00e3o civil que regressem a Portugal para ajudar na reconstru\u00e7\u00e3o das infraestruturas danificadas pelas depress\u00f5es Kristin e Leonardo. Em\u00eddio Sousa afirmou que a ajuda \u00e9 para quem tem compet\u00eancias na constru\u00e7\u00e3o e que n\u00e3o \u00e9 trabalho gratuito, referindo os 2,5 mil milh\u00f5es de euros dispon\u00edveis pelo Governo, al\u00e9m dos pagamentos das seguradoras. H\u00e1 escassez de m\u00e3o-de-obra nacional para reparar infraestruturas p\u00fablicas, f\u00e1bricas e habita\u00e7\u00f5es, e pode haver oportunidade de neg\u00f3cio para empresas em pa\u00edses europeus com menos trabalho nos primeiros meses do ano. O Governo garante processos transparentes para o reembolso das despesas, oferece apoio para agilizar burocracia e aconselha que a ajuda financeira seja Canalizada atrav\u00e9s de institui\u00e7\u00f5es sociais ou autarquias para maior fiabilidade. Doze pessoas morreram em Portugal; 68 concelhos continuam em calamidade at\u00e9 15 de fevereiro, com medidas de apoio at\u00e9 2,5 mil milh\u00f5es de euros, sobretudo nas regi\u00f5es Centro, Lisboa e Vale do Tejo e Alentejo.","og_url":"https:\/\/portaltela.pt\/noticias\/2026\/02\/05\/governo-solicita-aos-emigrantes-da-construcao-civil-ajuda-na-reconstrucao\/","og_site_name":"Portal Tela Portugal","article_published_time":"2026-02-05T21:22:04+00:00","author":"Telinha","twitter_card":"summary_large_image","twitter_misc":{"Escrito por":"Telinha","Tempo estimado de leitura":"2 minutos"},"schema":{"@context":"https:\/\/schema.org","@graph":[{"@type":"Article","@id":"https:\/\/portaltela.pt\/noticias\/2026\/02\/05\/governo-solicita-aos-emigrantes-da-construcao-civil-ajuda-na-reconstrucao\/#article","isPartOf":{"@id":"https:\/\/portaltela.pt\/noticias\/2026\/02\/05\/governo-solicita-aos-emigrantes-da-construcao-civil-ajuda-na-reconstrucao\/"},"author":{"name":"Telinha","@id":"https:\/\/portaltela.pt\/#\/schema\/person\/c4278d4a6028830caff9ee44b42d32ed"},"headline":"Governo solicita aos emigrantes da constru\u00e7\u00e3o civil ajuda na reconstru\u00e7\u00e3o","datePublished":"2026-02-05T21:22:04+00:00","mainEntityOfPage":{"@id":"https:\/\/portaltela.pt\/noticias\/2026\/02\/05\/governo-solicita-aos-emigrantes-da-construcao-civil-ajuda-na-reconstrucao\/"},"wordCount":367,"image":{"@id":"https:\/\/portaltela.pt\/noticias\/2026\/02\/05\/governo-solicita-aos-emigrantes-da-construcao-civil-ajuda-na-reconstrucao\/#primaryimage"},"thumbnailUrl":"https:\/\/portaltela.pt\/s.01k8rhncp4jt1\/2026\/02\/img_1500x1000uu2025-06-29-14-52-16-2219433.jpg","keywords":["calamidade p\u00fablica","cat\u00e1strofes naturais","constru\u00e7\u00e3o de edif\u00edcios","desalojados","emigra\u00e7\u00e3o","habita\u00e7\u00e3o"],"articleSection":["Not\u00edcias"],"inLanguage":"pt-PT"},{"@type":"WebPage","@id":"https:\/\/portaltela.pt\/noticias\/2026\/02\/05\/governo-solicita-aos-emigrantes-da-construcao-civil-ajuda-na-reconstrucao\/","url":"https:\/\/portaltela.pt\/noticias\/2026\/02\/05\/governo-solicita-aos-emigrantes-da-construcao-civil-ajuda-na-reconstrucao\/","name":"Governo solicita aos emigrantes da constru\u00e7\u00e3o civil ajuda na reconstru\u00e7\u00e3o - Portal Tela Portugal","isPartOf":{"@id":"https:\/\/portaltela.pt\/#website"},"primaryImageOfPage":{"@id":"https:\/\/portaltela.pt\/noticias\/2026\/02\/05\/governo-solicita-aos-emigrantes-da-construcao-civil-ajuda-na-reconstrucao\/#primaryimage"},"image":{"@id":"https:\/\/portaltela.pt\/noticias\/2026\/02\/05\/governo-solicita-aos-emigrantes-da-construcao-civil-ajuda-na-reconstrucao\/#primaryimage"},"thumbnailUrl":"https:\/\/portaltela.pt\/s.01k8rhncp4jt1\/2026\/02\/img_1500x1000uu2025-06-29-14-52-16-2219433.jpg","datePublished":"2026-02-05T21:22:04+00:00","author":{"@id":"https:\/\/portaltela.pt\/#\/schema\/person\/c4278d4a6028830caff9ee44b42d32ed"},"breadcrumb":{"@id":"https:\/\/portaltela.pt\/noticias\/2026\/02\/05\/governo-solicita-aos-emigrantes-da-construcao-civil-ajuda-na-reconstrucao\/#breadcrumb"},"inLanguage":"pt-PT","potentialAction":[{"@type":"ReadAction","target":["https:\/\/portaltela.pt\/noticias\/2026\/02\/05\/governo-solicita-aos-emigrantes-da-construcao-civil-ajuda-na-reconstrucao\/"]}]},{"@type":"ImageObject","inLanguage":"pt-PT","@id":"https:\/\/portaltela.pt\/noticias\/2026\/02\/05\/governo-solicita-aos-emigrantes-da-construcao-civil-ajuda-na-reconstrucao\/#primaryimage","url":"https:\/\/portaltela.pt\/s.01k8rhncp4jt1\/2026\/02\/img_1500x1000uu2025-06-29-14-52-16-2219433.jpg","contentUrl":"https:\/\/portaltela.pt\/s.01k8rhncp4jt1\/2026\/02\/img_1500x1000uu2025-06-29-14-52-16-2219433.jpg","width":796,"height":448,"caption":"Em\u00eddio Sousa, Secret\u00e1rio de Estado das Comunidades Portuguesas"},{"@type":"BreadcrumbList","@id":"https:\/\/portaltela.pt\/noticias\/2026\/02\/05\/governo-solicita-aos-emigrantes-da-construcao-civil-ajuda-na-reconstrucao\/#breadcrumb","itemListElement":[{"@type":"ListItem","position":1,"name":"In\u00edcio","item":"https:\/\/portaltela.pt\/"},{"@type":"ListItem","position":2,"name":"Governo solicita aos emigrantes da constru\u00e7\u00e3o civil ajuda na reconstru\u00e7\u00e3o"}]},{"@type":"WebSite","@id":"https:\/\/portaltela.pt\/#website","url":"https:\/\/portaltela.pt\/","name":"Portal Tela Portugal","description":"","potentialAction":[{"@type":"SearchAction","target":{"@type":"EntryPoint","urlTemplate":"https:\/\/portaltela.pt\/?s={search_term_string}"},"query-input":{"@type":"PropertyValueSpecification","valueRequired":true,"valueName":"search_term_string"}}],"inLanguage":"pt-PT"},{"@type":"Person","@id":"https:\/\/portaltela.pt\/#\/schema\/person\/c4278d4a6028830caff9ee44b42d32ed","name":"Telinha","image":{"@type":"ImageObject","inLanguage":"pt-PT","@id":"https:\/\/portaltela.pt\/s.01k8rhncp4jt1\/2025\/11\/talking-bot-125x125.png","url":"https:\/\/portaltela.pt\/s.01k8rhncp4jt1\/2025\/11\/talking-bot-125x125.png","contentUrl":"https:\/\/portaltela.pt\/s.01k8rhncp4jt1\/2025\/11\/talking-bot-125x125.png","caption":"Telinha"},"sameAs":["https:\/\/portaltela.pt\/"],"url":"https:\/\/portaltela.pt\/por\/367410592786\/"}]}},"_links":{"self":[{"href":"https:\/\/portaltela.pt\/api\/wp\/v2\/posts\/200735","targetHints":{"allow":["GET"]}}],"collection":[{"href":"https:\/\/portaltela.pt\/api\/wp\/v2\/posts"}],"about":[{"href":"https:\/\/portaltela.pt\/api\/wp\/v2\/types\/post"}],"author":[{"embeddable":true,"href":"https:\/\/portaltela.pt\/api\/wp\/v2\/users\/2"}],"replies":[{"embeddable":true,"href":"https:\/\/portaltela.pt\/api\/wp\/v2\/comments?post=200735"}],"version-history":[{"count":0,"href":"https:\/\/portaltela.pt\/api\/wp\/v2\/posts\/200735\/revisions"}],"wp:featuredmedia":[{"embeddable":true,"href":"https:\/\/portaltela.pt\/api\/wp\/v2\/media\/200745"}],"wp:attachment":[{"href":"https:\/\/portaltela.pt\/api\/wp\/v2\/media?parent=200735"}],"wp:term":[{"taxonomy":"category","embeddable":true,"href":"https:\/\/portaltela.pt\/api\/wp\/v2\/categories?post=200735"},{"taxonomy":"post_tag","embeddable":true,"href":"https:\/\/portaltela.pt\/api\/wp\/v2\/tags?post=200735"}],"curies":[{"name":"wp","href":"https:\/\/api.w.org\/{rel}","templated":true}]}}