{"id":200732,"date":"2026-02-05T18:25:00","date_gmt":"2026-02-05T21:25:00","guid":{"rendered":"https:\/\/portaltela.pt\/noticias\/2026\/02\/05\/condutora-filmada-a-circular-em-contramao-na-a1-aveiro\/"},"modified":"2026-02-05T18:25:00","modified_gmt":"2026-02-05T21:25:00","slug":"condutora-filmada-a-circular-em-contramao-na-a1-aveiro","status":"publish","type":"post","link":"https:\/\/portaltela.pt\/noticias\/2026\/02\/05\/condutora-filmada-a-circular-em-contramao-na-a1-aveiro\/","title":{"rendered":"Condutora filmada a circular em contram\u00e3o na A1, Aveiro"},"content":{"rendered":"<p>A Guarda Nacional Republicana identificou a condutora de uma viatura filmada a circular em contram\u00e3o na autoestrada A1, na zona de Aveiro. O v\u00eddeo foi partilhado nas redes sociais e gerou alerta sobre a gravidade da infra\u00e7\u00e3o.<\/p>\n<p>A GNR, atrav\u00e9s da Unidade Nacional de Tr\u00e2nsito, explicou que a identifica\u00e7\u00e3o ocorreu em menos de 24 horas por meio de an\u00e1lise t\u00e9cnica e meios operacionais. A autoridade refere que a fiscaliza\u00e7\u00e3o n\u00e3o se esgota no momento da infra\u00e7\u00e3o.<\/p>\n<p>O caso teve origem numa grava\u00e7\u00e3o onde a viatura circulava contra o sentido de marcha na A1, na sa\u00edda para Aveiro-Sul. Um condutor fez sinal de paragem com os quatro piscas, adiantando que a motorista deveria inverter o sentido, a qual acabou por abandonar a autoestrada em seguran\u00e7a ap\u00f3s evitar uma colis\u00e3o com um cami\u00e3o.<\/p>\n<p>A GNR refor\u00e7a que circular em contram\u00e3o numa autoestrada \u00e9 proibido e extremamente perigoso, devido \u00e0s altas velocidades e ao elevado risco de choque frontal.<\/p>\n<h3>Identifica\u00e7\u00e3o da condutora<\/h3>\n<p>A Unidade Nacional de Tr\u00e2nsito informou que, dentro de 24 horas, j\u00e1 tinha identificado a condutora respons\u00e1vel pela infra\u00e7\u00e3o. A atua\u00e7\u00e3o demonstra a continuidade da fiscaliza\u00e7\u00e3o e da responsabiliza\u00e7\u00e3o.<\/p>\n<p>A GNR indicou que vai comunicar o caso ao Instituto da Mobilidade e dos Transportes (IMT) para aprecia\u00e7\u00e3o da condu\u00e7\u00e3o em termos de aptid\u00e3o, com base no c\u00f3digo da estrada. N\u00e3o h\u00e1 informa\u00e7\u00f5es sobre eventuais san\u00e7\u00f5es ainda.<\/p>\n","protected":false},"excerpt":{"rendered":"<ul>\n<li>A Guarda Nacional Republicana identificou, em menos de 24 horas, a condutora da viatura filmada a circular em contram\u00e3o na autoestrada A1, na zona de Aveiro.<\/li>\n<li>A Unidade Nacional de Tr\u00e2nsito vai comunicar a situa\u00e7\u00e3o ao Instituto da Mobilidade e dos Transportes (IMT), adicionando que a fiscaliza\u00e7\u00e3o continua ap\u00f3s o facto.<\/li>\n<li>No v\u00eddeo divulgado, um militar da GNR explica que a conduta pode levar a d\u00favidas sobre a aptid\u00e3o ps\u00edquica do motorista, conforme o c\u00f3digo da estrada.<\/li>\n<li>O caso teve origem num v\u00eddeo nas redes sociais, em que a condutora faz invers\u00e3o de marcha na sa\u00edda Aveiro-Sul, quase atingindo um cami\u00e3o, antes de sair da autoestrada em seguran\u00e7a.<\/li>\n<li>A GNR reitera que circular em contram\u00e3o numa autoestrada \u00e9 proibido e extremamente perigoso, devido \u00e0s altas velocidades e ao risco de colis\u00e3o frontal.<\/li>\n<\/ul>\n","protected":false},"author":2,"featured_media":200743,"comment_status":"closed","ping_status":"closed","sticky":false,"template":"","format":"standard","meta":{"footnotes":""},"categories":[1],"tags":[1059,238,5423,695,1124],"class_list":["post-200732","post","type-post","status-publish","format-standard","has-post-thumbnail","hentry","category-noticias","tag-aveiro","tag-conducao-perigosa","tag-condutores","tag-fiscalizacao","tag-infracoes-de-transito"],"yoast_head":"<!-- This site is optimized with the Yoast SEO plugin v27.2 - https:\/\/yoast.com\/product\/yoast-seo-wordpress\/ -->\n<title>Condutora filmada a circular em contram\u00e3o na A1, Aveiro - Portal Tela Portugal<\/title>\n<meta name=\"robots\" content=\"index, follow, max-snippet:-1, max-image-preview:large, max-video-preview:-1\" \/>\n<meta property=\"og:locale\" content=\"pt_PT\" \/>\n<meta property=\"og:type\" content=\"article\" \/>\n<meta property=\"og:title\" content=\"Condutora filmada a circular em contram\u00e3o na A1, Aveiro - Portal Tela Portugal\" \/>\n<meta property=\"og:description\" content=\"A Guarda Nacional Republicana identificou, em menos de 24 horas, a condutora da viatura filmada a circular em contram\u00e3o na autoestrada A1, na zona de Aveiro. A Unidade Nacional de Tr\u00e2nsito vai comunicar a situa\u00e7\u00e3o ao Instituto da Mobilidade e dos Transportes (IMT), adicionando que a fiscaliza\u00e7\u00e3o continua ap\u00f3s o facto. No v\u00eddeo divulgado, um militar da GNR explica que a conduta pode levar a d\u00favidas sobre a aptid\u00e3o ps\u00edquica do motorista, conforme o c\u00f3digo da estrada. O caso teve origem num v\u00eddeo nas redes sociais, em que a condutora faz invers\u00e3o de marcha na sa\u00edda Aveiro-Sul, quase atingindo um cami\u00e3o, antes de sair da autoestrada em seguran\u00e7a. A GNR reitera que circular em contram\u00e3o numa autoestrada \u00e9 proibido e extremamente perigoso, devido \u00e0s altas velocidades e ao risco de colis\u00e3o frontal.\" \/>\n<meta property=\"og:url\" content=\"https:\/\/portaltela.pt\/noticias\/2026\/02\/05\/condutora-filmada-a-circular-em-contramao-na-a1-aveiro\/\" \/>\n<meta property=\"og:site_name\" content=\"Portal Tela Portugal\" \/>\n<meta property=\"article:published_time\" content=\"2026-02-05T21:25:00+00:00\" \/>\n<meta name=\"author\" content=\"Telinha\" \/>\n<meta name=\"twitter:card\" content=\"summary_large_image\" \/>\n<meta name=\"twitter:label1\" content=\"Escrito por\" \/>\n\t<meta name=\"twitter:data1\" content=\"Telinha\" \/>\n\t<meta name=\"twitter:label2\" content=\"Tempo estimado de leitura\" \/>\n\t<meta name=\"twitter:data2\" content=\"1 minuto\" \/>\n<script type=\"application\/ld+json\" class=\"yoast-schema-graph\">{\"@context\":\"https:\/\/schema.org\",\"@graph\":[{\"@type\":\"Article\",\"@id\":\"https:\/\/portaltela.pt\/noticias\/2026\/02\/05\/condutora-filmada-a-circular-em-contramao-na-a1-aveiro\/#article\",\"isPartOf\":{\"@id\":\"https:\/\/portaltela.pt\/noticias\/2026\/02\/05\/condutora-filmada-a-circular-em-contramao-na-a1-aveiro\/\"},\"author\":{\"name\":\"Telinha\",\"@id\":\"https:\/\/portaltela.pt\/#\/schema\/person\/c4278d4a6028830caff9ee44b42d32ed\"},\"headline\":\"Condutora filmada a circular em contram\u00e3o na A1, Aveiro\",\"datePublished\":\"2026-02-05T21:25:00+00:00\",\"mainEntityOfPage\":{\"@id\":\"https:\/\/portaltela.pt\/noticias\/2026\/02\/05\/condutora-filmada-a-circular-em-contramao-na-a1-aveiro\/\"},\"wordCount\":265,\"image\":{\"@id\":\"https:\/\/portaltela.pt\/noticias\/2026\/02\/05\/condutora-filmada-a-circular-em-contramao-na-a1-aveiro\/#primaryimage\"},\"thumbnailUrl\":\"https:\/\/portaltela.pt\/s.01k8rhncp4jt1\/2026\/02\/image-424.jpg\",\"keywords\":[\"Aveiro\",\"condu\u00e7\u00e3o perigosa\",\"condutores\",\"fiscaliza\u00e7\u00e3o\",\"infra\u00e7\u00f5es de tr\u00e2nsito\"],\"articleSection\":[\"Not\u00edcias\"],\"inLanguage\":\"pt-PT\"},{\"@type\":\"WebPage\",\"@id\":\"https:\/\/portaltela.pt\/noticias\/2026\/02\/05\/condutora-filmada-a-circular-em-contramao-na-a1-aveiro\/\",\"url\":\"https:\/\/portaltela.pt\/noticias\/2026\/02\/05\/condutora-filmada-a-circular-em-contramao-na-a1-aveiro\/\",\"name\":\"Condutora filmada a circular em contram\u00e3o na A1, Aveiro - Portal Tela Portugal\",\"isPartOf\":{\"@id\":\"https:\/\/portaltela.pt\/#website\"},\"primaryImageOfPage\":{\"@id\":\"https:\/\/portaltela.pt\/noticias\/2026\/02\/05\/condutora-filmada-a-circular-em-contramao-na-a1-aveiro\/#primaryimage\"},\"image\":{\"@id\":\"https:\/\/portaltela.pt\/noticias\/2026\/02\/05\/condutora-filmada-a-circular-em-contramao-na-a1-aveiro\/#primaryimage\"},\"thumbnailUrl\":\"https:\/\/portaltela.pt\/s.01k8rhncp4jt1\/2026\/02\/image-424.jpg\",\"datePublished\":\"2026-02-05T21:25:00+00:00\",\"author\":{\"@id\":\"https:\/\/portaltela.pt\/#\/schema\/person\/c4278d4a6028830caff9ee44b42d32ed\"},\"breadcrumb\":{\"@id\":\"https:\/\/portaltela.pt\/noticias\/2026\/02\/05\/condutora-filmada-a-circular-em-contramao-na-a1-aveiro\/#breadcrumb\"},\"inLanguage\":\"pt-PT\",\"potentialAction\":[{\"@type\":\"ReadAction\",\"target\":[\"https:\/\/portaltela.pt\/noticias\/2026\/02\/05\/condutora-filmada-a-circular-em-contramao-na-a1-aveiro\/\"]}]},{\"@type\":\"ImageObject\",\"inLanguage\":\"pt-PT\",\"@id\":\"https:\/\/portaltela.pt\/noticias\/2026\/02\/05\/condutora-filmada-a-circular-em-contramao-na-a1-aveiro\/#primaryimage\",\"url\":\"https:\/\/portaltela.pt\/s.01k8rhncp4jt1\/2026\/02\/image-424.jpg\",\"contentUrl\":\"https:\/\/portaltela.pt\/s.01k8rhncp4jt1\/2026\/02\/image-424.jpg\",\"width\":796,\"height\":448,\"caption\":\"Foto: Direitos Reservados\"},{\"@type\":\"BreadcrumbList\",\"@id\":\"https:\/\/portaltela.pt\/noticias\/2026\/02\/05\/condutora-filmada-a-circular-em-contramao-na-a1-aveiro\/#breadcrumb\",\"itemListElement\":[{\"@type\":\"ListItem\",\"position\":1,\"name\":\"In\u00edcio\",\"item\":\"https:\/\/portaltela.pt\/\"},{\"@type\":\"ListItem\",\"position\":2,\"name\":\"Condutora filmada a circular em contram\u00e3o na A1, Aveiro\"}]},{\"@type\":\"WebSite\",\"@id\":\"https:\/\/portaltela.pt\/#website\",\"url\":\"https:\/\/portaltela.pt\/\",\"name\":\"Portal Tela Portugal\",\"description\":\"\",\"potentialAction\":[{\"@type\":\"SearchAction\",\"target\":{\"@type\":\"EntryPoint\",\"urlTemplate\":\"https:\/\/portaltela.pt\/?s={search_term_string}\"},\"query-input\":{\"@type\":\"PropertyValueSpecification\",\"valueRequired\":true,\"valueName\":\"search_term_string\"}}],\"inLanguage\":\"pt-PT\"},{\"@type\":\"Person\",\"@id\":\"https:\/\/portaltela.pt\/#\/schema\/person\/c4278d4a6028830caff9ee44b42d32ed\",\"name\":\"Telinha\",\"image\":{\"@type\":\"ImageObject\",\"inLanguage\":\"pt-PT\",\"@id\":\"https:\/\/portaltela.pt\/s.01k8rhncp4jt1\/2025\/11\/talking-bot-125x125.png\",\"url\":\"https:\/\/portaltela.pt\/s.01k8rhncp4jt1\/2025\/11\/talking-bot-125x125.png\",\"contentUrl\":\"https:\/\/portaltela.pt\/s.01k8rhncp4jt1\/2025\/11\/talking-bot-125x125.png\",\"caption\":\"Telinha\"},\"sameAs\":[\"https:\/\/portaltela.pt\/\"],\"url\":\"https:\/\/portaltela.pt\/por\/367410592786\/\"}]}<\/script>\n<!-- \/ Yoast SEO plugin. -->","yoast_head_json":{"title":"Condutora filmada a circular em contram\u00e3o na A1, Aveiro - Portal Tela Portugal","robots":{"index":"index","follow":"follow","max-snippet":"max-snippet:-1","max-image-preview":"max-image-preview:large","max-video-preview":"max-video-preview:-1"},"og_locale":"pt_PT","og_type":"article","og_title":"Condutora filmada a circular em contram\u00e3o na A1, Aveiro - Portal Tela Portugal","og_description":"A Guarda Nacional Republicana identificou, em menos de 24 horas, a condutora da viatura filmada a circular em contram\u00e3o na autoestrada A1, na zona de Aveiro. A Unidade Nacional de Tr\u00e2nsito vai comunicar a situa\u00e7\u00e3o ao Instituto da Mobilidade e dos Transportes (IMT), adicionando que a fiscaliza\u00e7\u00e3o continua ap\u00f3s o facto. No v\u00eddeo divulgado, um militar da GNR explica que a conduta pode levar a d\u00favidas sobre a aptid\u00e3o ps\u00edquica do motorista, conforme o c\u00f3digo da estrada. O caso teve origem num v\u00eddeo nas redes sociais, em que a condutora faz invers\u00e3o de marcha na sa\u00edda Aveiro-Sul, quase atingindo um cami\u00e3o, antes de sair da autoestrada em seguran\u00e7a. A GNR reitera que circular em contram\u00e3o numa autoestrada \u00e9 proibido e extremamente perigoso, devido \u00e0s altas velocidades e ao risco de colis\u00e3o frontal.","og_url":"https:\/\/portaltela.pt\/noticias\/2026\/02\/05\/condutora-filmada-a-circular-em-contramao-na-a1-aveiro\/","og_site_name":"Portal Tela Portugal","article_published_time":"2026-02-05T21:25:00+00:00","author":"Telinha","twitter_card":"summary_large_image","twitter_misc":{"Escrito por":"Telinha","Tempo estimado de leitura":"1 minuto"},"schema":{"@context":"https:\/\/schema.org","@graph":[{"@type":"Article","@id":"https:\/\/portaltela.pt\/noticias\/2026\/02\/05\/condutora-filmada-a-circular-em-contramao-na-a1-aveiro\/#article","isPartOf":{"@id":"https:\/\/portaltela.pt\/noticias\/2026\/02\/05\/condutora-filmada-a-circular-em-contramao-na-a1-aveiro\/"},"author":{"name":"Telinha","@id":"https:\/\/portaltela.pt\/#\/schema\/person\/c4278d4a6028830caff9ee44b42d32ed"},"headline":"Condutora filmada a circular em contram\u00e3o na A1, Aveiro","datePublished":"2026-02-05T21:25:00+00:00","mainEntityOfPage":{"@id":"https:\/\/portaltela.pt\/noticias\/2026\/02\/05\/condutora-filmada-a-circular-em-contramao-na-a1-aveiro\/"},"wordCount":265,"image":{"@id":"https:\/\/portaltela.pt\/noticias\/2026\/02\/05\/condutora-filmada-a-circular-em-contramao-na-a1-aveiro\/#primaryimage"},"thumbnailUrl":"https:\/\/portaltela.pt\/s.01k8rhncp4jt1\/2026\/02\/image-424.jpg","keywords":["Aveiro","condu\u00e7\u00e3o perigosa","condutores","fiscaliza\u00e7\u00e3o","infra\u00e7\u00f5es de tr\u00e2nsito"],"articleSection":["Not\u00edcias"],"inLanguage":"pt-PT"},{"@type":"WebPage","@id":"https:\/\/portaltela.pt\/noticias\/2026\/02\/05\/condutora-filmada-a-circular-em-contramao-na-a1-aveiro\/","url":"https:\/\/portaltela.pt\/noticias\/2026\/02\/05\/condutora-filmada-a-circular-em-contramao-na-a1-aveiro\/","name":"Condutora filmada a circular em contram\u00e3o na A1, Aveiro - Portal Tela Portugal","isPartOf":{"@id":"https:\/\/portaltela.pt\/#website"},"primaryImageOfPage":{"@id":"https:\/\/portaltela.pt\/noticias\/2026\/02\/05\/condutora-filmada-a-circular-em-contramao-na-a1-aveiro\/#primaryimage"},"image":{"@id":"https:\/\/portaltela.pt\/noticias\/2026\/02\/05\/condutora-filmada-a-circular-em-contramao-na-a1-aveiro\/#primaryimage"},"thumbnailUrl":"https:\/\/portaltela.pt\/s.01k8rhncp4jt1\/2026\/02\/image-424.jpg","datePublished":"2026-02-05T21:25:00+00:00","author":{"@id":"https:\/\/portaltela.pt\/#\/schema\/person\/c4278d4a6028830caff9ee44b42d32ed"},"breadcrumb":{"@id":"https:\/\/portaltela.pt\/noticias\/2026\/02\/05\/condutora-filmada-a-circular-em-contramao-na-a1-aveiro\/#breadcrumb"},"inLanguage":"pt-PT","potentialAction":[{"@type":"ReadAction","target":["https:\/\/portaltela.pt\/noticias\/2026\/02\/05\/condutora-filmada-a-circular-em-contramao-na-a1-aveiro\/"]}]},{"@type":"ImageObject","inLanguage":"pt-PT","@id":"https:\/\/portaltela.pt\/noticias\/2026\/02\/05\/condutora-filmada-a-circular-em-contramao-na-a1-aveiro\/#primaryimage","url":"https:\/\/portaltela.pt\/s.01k8rhncp4jt1\/2026\/02\/image-424.jpg","contentUrl":"https:\/\/portaltela.pt\/s.01k8rhncp4jt1\/2026\/02\/image-424.jpg","width":796,"height":448,"caption":"Foto: Direitos Reservados"},{"@type":"BreadcrumbList","@id":"https:\/\/portaltela.pt\/noticias\/2026\/02\/05\/condutora-filmada-a-circular-em-contramao-na-a1-aveiro\/#breadcrumb","itemListElement":[{"@type":"ListItem","position":1,"name":"In\u00edcio","item":"https:\/\/portaltela.pt\/"},{"@type":"ListItem","position":2,"name":"Condutora filmada a circular em contram\u00e3o na A1, Aveiro"}]},{"@type":"WebSite","@id":"https:\/\/portaltela.pt\/#website","url":"https:\/\/portaltela.pt\/","name":"Portal Tela Portugal","description":"","potentialAction":[{"@type":"SearchAction","target":{"@type":"EntryPoint","urlTemplate":"https:\/\/portaltela.pt\/?s={search_term_string}"},"query-input":{"@type":"PropertyValueSpecification","valueRequired":true,"valueName":"search_term_string"}}],"inLanguage":"pt-PT"},{"@type":"Person","@id":"https:\/\/portaltela.pt\/#\/schema\/person\/c4278d4a6028830caff9ee44b42d32ed","name":"Telinha","image":{"@type":"ImageObject","inLanguage":"pt-PT","@id":"https:\/\/portaltela.pt\/s.01k8rhncp4jt1\/2025\/11\/talking-bot-125x125.png","url":"https:\/\/portaltela.pt\/s.01k8rhncp4jt1\/2025\/11\/talking-bot-125x125.png","contentUrl":"https:\/\/portaltela.pt\/s.01k8rhncp4jt1\/2025\/11\/talking-bot-125x125.png","caption":"Telinha"},"sameAs":["https:\/\/portaltela.pt\/"],"url":"https:\/\/portaltela.pt\/por\/367410592786\/"}]}},"_links":{"self":[{"href":"https:\/\/portaltela.pt\/api\/wp\/v2\/posts\/200732","targetHints":{"allow":["GET"]}}],"collection":[{"href":"https:\/\/portaltela.pt\/api\/wp\/v2\/posts"}],"about":[{"href":"https:\/\/portaltela.pt\/api\/wp\/v2\/types\/post"}],"author":[{"embeddable":true,"href":"https:\/\/portaltela.pt\/api\/wp\/v2\/users\/2"}],"replies":[{"embeddable":true,"href":"https:\/\/portaltela.pt\/api\/wp\/v2\/comments?post=200732"}],"version-history":[{"count":0,"href":"https:\/\/portaltela.pt\/api\/wp\/v2\/posts\/200732\/revisions"}],"wp:featuredmedia":[{"embeddable":true,"href":"https:\/\/portaltela.pt\/api\/wp\/v2\/media\/200743"}],"wp:attachment":[{"href":"https:\/\/portaltela.pt\/api\/wp\/v2\/media?parent=200732"}],"wp:term":[{"taxonomy":"category","embeddable":true,"href":"https:\/\/portaltela.pt\/api\/wp\/v2\/categories?post=200732"},{"taxonomy":"post_tag","embeddable":true,"href":"https:\/\/portaltela.pt\/api\/wp\/v2\/tags?post=200732"}],"curies":[{"name":"wp","href":"https:\/\/api.w.org\/{rel}","templated":true}]}}