{"id":200729,"date":"2026-02-05T18:17:28","date_gmt":"2026-02-05T21:17:28","guid":{"rendered":"https:\/\/portaltela.pt\/noticias\/2026\/02\/05\/imagens-de-drone-revelam-devastacao-na-zona-central\/"},"modified":"2026-02-05T18:17:28","modified_gmt":"2026-02-05T21:17:28","slug":"imagens-de-drone-revelam-devastacao-na-zona-central","status":"publish","type":"post","link":"https:\/\/portaltela.pt\/noticias\/2026\/02\/05\/imagens-de-drone-revelam-devastacao-na-zona-central\/","title":{"rendered":"Imagens de drone revelam devasta\u00e7\u00e3o na zona central"},"content":{"rendered":"<p>Casas destelhadas, outdoors ca\u00eddos e vigas de metal atravessadas em habita\u00e7\u00f5es. O cen\u00e1rio de destrui\u00e7\u00e3o estende-se pela zona centro, em Barrac\u00e3o, Bajouca, Colmeias e Vieira de Leiria, ap\u00f3s epis\u00f3dios de mau tempo registados recentemente. Imagens de drone ajudam a documentar os estragos.<\/p>\n<p>As imagens ajudam a mostrar \u00e1rvores partidas, eucaliptos e pinheiros arrancados, bem como estruturas danificadas. A sequ\u00eancia de v\u00eddeos e fotografias circula entre v\u00e1rias aldeias da regi\u00e3o norte do distrito de Leiria, sinalizando impacto generalizado.<\/p>\n<p>A destrui\u00e7\u00e3o ocorre num contexto de tempestades e cheias que afetaram a \u00e1rea. Ainda n\u00e3o h\u00e1 uma causa oficial \u00fanica confirmada para todos os casos, mas as imagens indicam danos extensos no mobili\u00e1rio urbano e rural.<\/p>\n<h3>Arripiado e zonas ribeirinhas<\/h3>\n<p>V\u00eddeos mostram \u00e1gua atingir as portas da aldeia do Arripiado, no concelho da Chamusca, com subida significativa do Tejo. A chuva intensa contribuiu para o cen\u00e1rio de humidade e inunda\u00e7\u00f5es em \u00e1reas residenciais pr\u00f3ximas \u00e0s margens.<\/p>\n<h3>Estoril e arredores<\/h3>\n<p>Em zona residencial do Estoril, verifica-se derrocada que arrastou um carro e ecopontos. Equipas municipais est\u00e3o a avaliar danos em estruturas p\u00fablicas e privadas, bem como vias de acesso afetadas.<\/p>\n<h3>Alcoba\u00e7a e outras freguesias<\/h3>\n<p>Relatos indicam que Kiara e a m\u00e3e acordaram com \u00e1gua a subir pelos p\u00e9s ap\u00f3s a chuva intensa alagar a casa em Alcoba\u00e7a. Ainda n\u00e3o est\u00e1 claro o alcance total das perdas em outros agregados familiares.<\/p>\n<h3>Testemunho direto<\/h3>\n<p>Jos\u00e9 contou que s\u00f3 houve tempo de fugir quando percebeu que a habita\u00e7\u00e3o vizinha ru\u00eda. O relato ilustra o car\u00e1cter s\u00fabito de muitos destes acontecimentos e a necessidade de planos de prote\u00e7\u00e3o civil nas \u00e1reas afetadas.<\/p>\n<p>As autoridades continuam a avaliar os estragos, com equipas de prote\u00e7\u00e3o civil a percorrer as zonas afetadas e apoiar residentes. O balan\u00e7o definitivo ainda n\u00e3o foi divulgado.<\/p>\n","protected":false},"excerpt":{"rendered":"<ul>\n<li>Imagens de drone mostram devasta\u00e7\u00e3o na zona centro, com casas destelhadas, outdoors ca\u00eddos e estruturas atravessadas, em Barrac\u00e3o, Bajouca, Colmeias e Vieira de Leiria.<\/li>\n<li>\u00c1gua chegou \u00e0s portas da aldeia do Arripiado devido \u00e0 subida do rio Tejo no concelho da Chamusca.<\/li>\n<li>Derrocada em zona residencial no Estoril arrastou carro e ecopontos.<\/li>\n<li>Em Alcoba\u00e7a, Kiara e a m\u00e3e acordaram com \u00e1gua nos p\u00e9s, ap\u00f3s chuva intensa que alagou a casa.<\/li>\n<li>Jos\u00e9 contou ter fugido ao perceber que a habita\u00e7\u00e3o vizinha ru\u00eda.<\/li>\n<\/ul>\n","protected":false},"author":2,"featured_media":200737,"comment_status":"closed","ping_status":"closed","sticky":false,"template":"","format":"standard","meta":{"footnotes":""},"categories":[1],"tags":[2148,5215,4594,999,2293,1385],"class_list":["post-200729","post","type-post","status-publish","format-standard","has-post-thumbnail","hentry","category-noticias","tag-alcobaca","tag-catastrofes-naturais","tag-chamusca","tag-estoril","tag-inundacoes","tag-leiria"],"yoast_head":"<!-- This site is optimized with the Yoast SEO plugin v27.2 - https:\/\/yoast.com\/product\/yoast-seo-wordpress\/ -->\n<title>Imagens de drone revelam devasta\u00e7\u00e3o na zona central - Portal Tela Portugal<\/title>\n<meta name=\"robots\" content=\"index, follow, max-snippet:-1, max-image-preview:large, max-video-preview:-1\" \/>\n<meta property=\"og:locale\" content=\"pt_PT\" \/>\n<meta property=\"og:type\" content=\"article\" \/>\n<meta property=\"og:title\" content=\"Imagens de drone revelam devasta\u00e7\u00e3o na zona central - Portal Tela Portugal\" \/>\n<meta property=\"og:description\" content=\"Imagens de drone mostram devasta\u00e7\u00e3o na zona centro, com casas destelhadas, outdoors ca\u00eddos e estruturas atravessadas, em Barrac\u00e3o, Bajouca, Colmeias e Vieira de Leiria. \u00c1gua chegou \u00e0s portas da aldeia do Arripiado devido \u00e0 subida do rio Tejo no concelho da Chamusca. Derrocada em zona residencial no Estoril arrastou carro e ecopontos. Em Alcoba\u00e7a, Kiara e a m\u00e3e acordaram com \u00e1gua nos p\u00e9s, ap\u00f3s chuva intensa que alagou a casa. Jos\u00e9 contou ter fugido ao perceber que a habita\u00e7\u00e3o vizinha ru\u00eda.\" \/>\n<meta property=\"og:url\" content=\"https:\/\/portaltela.pt\/noticias\/2026\/02\/05\/imagens-de-drone-revelam-devastacao-na-zona-central\/\" \/>\n<meta property=\"og:site_name\" content=\"Portal Tela Portugal\" \/>\n<meta property=\"article:published_time\" content=\"2026-02-05T21:17:28+00:00\" \/>\n<meta name=\"author\" content=\"Telinha\" \/>\n<meta name=\"twitter:card\" content=\"summary_large_image\" \/>\n<meta name=\"twitter:label1\" content=\"Escrito por\" \/>\n\t<meta name=\"twitter:data1\" content=\"Telinha\" \/>\n\t<meta name=\"twitter:label2\" content=\"Tempo estimado de leitura\" \/>\n\t<meta name=\"twitter:data2\" content=\"2 minutos\" \/>\n<script type=\"application\/ld+json\" class=\"yoast-schema-graph\">{\"@context\":\"https:\/\/schema.org\",\"@graph\":[{\"@type\":\"Article\",\"@id\":\"https:\/\/portaltela.pt\/noticias\/2026\/02\/05\/imagens-de-drone-revelam-devastacao-na-zona-central\/#article\",\"isPartOf\":{\"@id\":\"https:\/\/portaltela.pt\/noticias\/2026\/02\/05\/imagens-de-drone-revelam-devastacao-na-zona-central\/\"},\"author\":{\"name\":\"Telinha\",\"@id\":\"https:\/\/portaltela.pt\/#\/schema\/person\/c4278d4a6028830caff9ee44b42d32ed\"},\"headline\":\"Imagens de drone revelam devasta\u00e7\u00e3o na zona central\",\"datePublished\":\"2026-02-05T21:17:28+00:00\",\"mainEntityOfPage\":{\"@id\":\"https:\/\/portaltela.pt\/noticias\/2026\/02\/05\/imagens-de-drone-revelam-devastacao-na-zona-central\/\"},\"wordCount\":334,\"image\":{\"@id\":\"https:\/\/portaltela.pt\/noticias\/2026\/02\/05\/imagens-de-drone-revelam-devastacao-na-zona-central\/#primaryimage\"},\"thumbnailUrl\":\"https:\/\/portaltela.pt\/s.01k8rhncp4jt1\/2026\/02\/img_1280x722uu2026-02-05-21-16-39-2265090.jpg\",\"keywords\":[\"Alcoba\u00e7a\",\"cat\u00e1strofes naturais\",\"Chamusca\",\"Estoril\",\"inunda\u00e7\u00f5es\",\"Leiria\"],\"articleSection\":[\"Not\u00edcias\"],\"inLanguage\":\"pt-PT\"},{\"@type\":\"WebPage\",\"@id\":\"https:\/\/portaltela.pt\/noticias\/2026\/02\/05\/imagens-de-drone-revelam-devastacao-na-zona-central\/\",\"url\":\"https:\/\/portaltela.pt\/noticias\/2026\/02\/05\/imagens-de-drone-revelam-devastacao-na-zona-central\/\",\"name\":\"Imagens de drone revelam devasta\u00e7\u00e3o na zona central - Portal Tela Portugal\",\"isPartOf\":{\"@id\":\"https:\/\/portaltela.pt\/#website\"},\"primaryImageOfPage\":{\"@id\":\"https:\/\/portaltela.pt\/noticias\/2026\/02\/05\/imagens-de-drone-revelam-devastacao-na-zona-central\/#primaryimage\"},\"image\":{\"@id\":\"https:\/\/portaltela.pt\/noticias\/2026\/02\/05\/imagens-de-drone-revelam-devastacao-na-zona-central\/#primaryimage\"},\"thumbnailUrl\":\"https:\/\/portaltela.pt\/s.01k8rhncp4jt1\/2026\/02\/img_1280x722uu2026-02-05-21-16-39-2265090.jpg\",\"datePublished\":\"2026-02-05T21:17:28+00:00\",\"author\":{\"@id\":\"https:\/\/portaltela.pt\/#\/schema\/person\/c4278d4a6028830caff9ee44b42d32ed\"},\"breadcrumb\":{\"@id\":\"https:\/\/portaltela.pt\/noticias\/2026\/02\/05\/imagens-de-drone-revelam-devastacao-na-zona-central\/#breadcrumb\"},\"inLanguage\":\"pt-PT\",\"potentialAction\":[{\"@type\":\"ReadAction\",\"target\":[\"https:\/\/portaltela.pt\/noticias\/2026\/02\/05\/imagens-de-drone-revelam-devastacao-na-zona-central\/\"]}]},{\"@type\":\"ImageObject\",\"inLanguage\":\"pt-PT\",\"@id\":\"https:\/\/portaltela.pt\/noticias\/2026\/02\/05\/imagens-de-drone-revelam-devastacao-na-zona-central\/#primaryimage\",\"url\":\"https:\/\/portaltela.pt\/s.01k8rhncp4jt1\/2026\/02\/img_1280x722uu2026-02-05-21-16-39-2265090.jpg\",\"contentUrl\":\"https:\/\/portaltela.pt\/s.01k8rhncp4jt1\/2026\/02\/img_1280x722uu2026-02-05-21-16-39-2265090.jpg\",\"width\":796,\"height\":448,\"caption\":\"Casas destelhadas, outdoors ca\u00eddos, vigas de metal atravessadas nas casas, eucaliptos e pinheiros partidos e arrancados. O cen\u00e1rio em Barrac\u00e3o, Bajouca, Colmeias e Vieira de Leiria \u00e9 de destrui\u00e7\u00e3o.\"},{\"@type\":\"BreadcrumbList\",\"@id\":\"https:\/\/portaltela.pt\/noticias\/2026\/02\/05\/imagens-de-drone-revelam-devastacao-na-zona-central\/#breadcrumb\",\"itemListElement\":[{\"@type\":\"ListItem\",\"position\":1,\"name\":\"In\u00edcio\",\"item\":\"https:\/\/portaltela.pt\/\"},{\"@type\":\"ListItem\",\"position\":2,\"name\":\"Imagens de drone revelam devasta\u00e7\u00e3o na zona central\"}]},{\"@type\":\"WebSite\",\"@id\":\"https:\/\/portaltela.pt\/#website\",\"url\":\"https:\/\/portaltela.pt\/\",\"name\":\"Portal Tela Portugal\",\"description\":\"\",\"potentialAction\":[{\"@type\":\"SearchAction\",\"target\":{\"@type\":\"EntryPoint\",\"urlTemplate\":\"https:\/\/portaltela.pt\/?s={search_term_string}\"},\"query-input\":{\"@type\":\"PropertyValueSpecification\",\"valueRequired\":true,\"valueName\":\"search_term_string\"}}],\"inLanguage\":\"pt-PT\"},{\"@type\":\"Person\",\"@id\":\"https:\/\/portaltela.pt\/#\/schema\/person\/c4278d4a6028830caff9ee44b42d32ed\",\"name\":\"Telinha\",\"image\":{\"@type\":\"ImageObject\",\"inLanguage\":\"pt-PT\",\"@id\":\"https:\/\/portaltela.pt\/s.01k8rhncp4jt1\/2025\/11\/talking-bot-125x125.png\",\"url\":\"https:\/\/portaltela.pt\/s.01k8rhncp4jt1\/2025\/11\/talking-bot-125x125.png\",\"contentUrl\":\"https:\/\/portaltela.pt\/s.01k8rhncp4jt1\/2025\/11\/talking-bot-125x125.png\",\"caption\":\"Telinha\"},\"sameAs\":[\"https:\/\/portaltela.pt\/\"],\"url\":\"https:\/\/portaltela.pt\/por\/367410592786\/\"}]}<\/script>\n<!-- \/ Yoast SEO plugin. -->","yoast_head_json":{"title":"Imagens de drone revelam devasta\u00e7\u00e3o na zona central - Portal Tela Portugal","robots":{"index":"index","follow":"follow","max-snippet":"max-snippet:-1","max-image-preview":"max-image-preview:large","max-video-preview":"max-video-preview:-1"},"og_locale":"pt_PT","og_type":"article","og_title":"Imagens de drone revelam devasta\u00e7\u00e3o na zona central - Portal Tela Portugal","og_description":"Imagens de drone mostram devasta\u00e7\u00e3o na zona centro, com casas destelhadas, outdoors ca\u00eddos e estruturas atravessadas, em Barrac\u00e3o, Bajouca, Colmeias e Vieira de Leiria. \u00c1gua chegou \u00e0s portas da aldeia do Arripiado devido \u00e0 subida do rio Tejo no concelho da Chamusca. Derrocada em zona residencial no Estoril arrastou carro e ecopontos. Em Alcoba\u00e7a, Kiara e a m\u00e3e acordaram com \u00e1gua nos p\u00e9s, ap\u00f3s chuva intensa que alagou a casa. Jos\u00e9 contou ter fugido ao perceber que a habita\u00e7\u00e3o vizinha ru\u00eda.","og_url":"https:\/\/portaltela.pt\/noticias\/2026\/02\/05\/imagens-de-drone-revelam-devastacao-na-zona-central\/","og_site_name":"Portal Tela Portugal","article_published_time":"2026-02-05T21:17:28+00:00","author":"Telinha","twitter_card":"summary_large_image","twitter_misc":{"Escrito por":"Telinha","Tempo estimado de leitura":"2 minutos"},"schema":{"@context":"https:\/\/schema.org","@graph":[{"@type":"Article","@id":"https:\/\/portaltela.pt\/noticias\/2026\/02\/05\/imagens-de-drone-revelam-devastacao-na-zona-central\/#article","isPartOf":{"@id":"https:\/\/portaltela.pt\/noticias\/2026\/02\/05\/imagens-de-drone-revelam-devastacao-na-zona-central\/"},"author":{"name":"Telinha","@id":"https:\/\/portaltela.pt\/#\/schema\/person\/c4278d4a6028830caff9ee44b42d32ed"},"headline":"Imagens de drone revelam devasta\u00e7\u00e3o na zona central","datePublished":"2026-02-05T21:17:28+00:00","mainEntityOfPage":{"@id":"https:\/\/portaltela.pt\/noticias\/2026\/02\/05\/imagens-de-drone-revelam-devastacao-na-zona-central\/"},"wordCount":334,"image":{"@id":"https:\/\/portaltela.pt\/noticias\/2026\/02\/05\/imagens-de-drone-revelam-devastacao-na-zona-central\/#primaryimage"},"thumbnailUrl":"https:\/\/portaltela.pt\/s.01k8rhncp4jt1\/2026\/02\/img_1280x722uu2026-02-05-21-16-39-2265090.jpg","keywords":["Alcoba\u00e7a","cat\u00e1strofes naturais","Chamusca","Estoril","inunda\u00e7\u00f5es","Leiria"],"articleSection":["Not\u00edcias"],"inLanguage":"pt-PT"},{"@type":"WebPage","@id":"https:\/\/portaltela.pt\/noticias\/2026\/02\/05\/imagens-de-drone-revelam-devastacao-na-zona-central\/","url":"https:\/\/portaltela.pt\/noticias\/2026\/02\/05\/imagens-de-drone-revelam-devastacao-na-zona-central\/","name":"Imagens de drone revelam devasta\u00e7\u00e3o na zona central - Portal Tela Portugal","isPartOf":{"@id":"https:\/\/portaltela.pt\/#website"},"primaryImageOfPage":{"@id":"https:\/\/portaltela.pt\/noticias\/2026\/02\/05\/imagens-de-drone-revelam-devastacao-na-zona-central\/#primaryimage"},"image":{"@id":"https:\/\/portaltela.pt\/noticias\/2026\/02\/05\/imagens-de-drone-revelam-devastacao-na-zona-central\/#primaryimage"},"thumbnailUrl":"https:\/\/portaltela.pt\/s.01k8rhncp4jt1\/2026\/02\/img_1280x722uu2026-02-05-21-16-39-2265090.jpg","datePublished":"2026-02-05T21:17:28+00:00","author":{"@id":"https:\/\/portaltela.pt\/#\/schema\/person\/c4278d4a6028830caff9ee44b42d32ed"},"breadcrumb":{"@id":"https:\/\/portaltela.pt\/noticias\/2026\/02\/05\/imagens-de-drone-revelam-devastacao-na-zona-central\/#breadcrumb"},"inLanguage":"pt-PT","potentialAction":[{"@type":"ReadAction","target":["https:\/\/portaltela.pt\/noticias\/2026\/02\/05\/imagens-de-drone-revelam-devastacao-na-zona-central\/"]}]},{"@type":"ImageObject","inLanguage":"pt-PT","@id":"https:\/\/portaltela.pt\/noticias\/2026\/02\/05\/imagens-de-drone-revelam-devastacao-na-zona-central\/#primaryimage","url":"https:\/\/portaltela.pt\/s.01k8rhncp4jt1\/2026\/02\/img_1280x722uu2026-02-05-21-16-39-2265090.jpg","contentUrl":"https:\/\/portaltela.pt\/s.01k8rhncp4jt1\/2026\/02\/img_1280x722uu2026-02-05-21-16-39-2265090.jpg","width":796,"height":448,"caption":"Casas destelhadas, outdoors ca\u00eddos, vigas de metal atravessadas nas casas, eucaliptos e pinheiros partidos e arrancados. O cen\u00e1rio em Barrac\u00e3o, Bajouca, Colmeias e Vieira de Leiria \u00e9 de destrui\u00e7\u00e3o."},{"@type":"BreadcrumbList","@id":"https:\/\/portaltela.pt\/noticias\/2026\/02\/05\/imagens-de-drone-revelam-devastacao-na-zona-central\/#breadcrumb","itemListElement":[{"@type":"ListItem","position":1,"name":"In\u00edcio","item":"https:\/\/portaltela.pt\/"},{"@type":"ListItem","position":2,"name":"Imagens de drone revelam devasta\u00e7\u00e3o na zona central"}]},{"@type":"WebSite","@id":"https:\/\/portaltela.pt\/#website","url":"https:\/\/portaltela.pt\/","name":"Portal Tela Portugal","description":"","potentialAction":[{"@type":"SearchAction","target":{"@type":"EntryPoint","urlTemplate":"https:\/\/portaltela.pt\/?s={search_term_string}"},"query-input":{"@type":"PropertyValueSpecification","valueRequired":true,"valueName":"search_term_string"}}],"inLanguage":"pt-PT"},{"@type":"Person","@id":"https:\/\/portaltela.pt\/#\/schema\/person\/c4278d4a6028830caff9ee44b42d32ed","name":"Telinha","image":{"@type":"ImageObject","inLanguage":"pt-PT","@id":"https:\/\/portaltela.pt\/s.01k8rhncp4jt1\/2025\/11\/talking-bot-125x125.png","url":"https:\/\/portaltela.pt\/s.01k8rhncp4jt1\/2025\/11\/talking-bot-125x125.png","contentUrl":"https:\/\/portaltela.pt\/s.01k8rhncp4jt1\/2025\/11\/talking-bot-125x125.png","caption":"Telinha"},"sameAs":["https:\/\/portaltela.pt\/"],"url":"https:\/\/portaltela.pt\/por\/367410592786\/"}]}},"_links":{"self":[{"href":"https:\/\/portaltela.pt\/api\/wp\/v2\/posts\/200729","targetHints":{"allow":["GET"]}}],"collection":[{"href":"https:\/\/portaltela.pt\/api\/wp\/v2\/posts"}],"about":[{"href":"https:\/\/portaltela.pt\/api\/wp\/v2\/types\/post"}],"author":[{"embeddable":true,"href":"https:\/\/portaltela.pt\/api\/wp\/v2\/users\/2"}],"replies":[{"embeddable":true,"href":"https:\/\/portaltela.pt\/api\/wp\/v2\/comments?post=200729"}],"version-history":[{"count":0,"href":"https:\/\/portaltela.pt\/api\/wp\/v2\/posts\/200729\/revisions"}],"wp:featuredmedia":[{"embeddable":true,"href":"https:\/\/portaltela.pt\/api\/wp\/v2\/media\/200737"}],"wp:attachment":[{"href":"https:\/\/portaltela.pt\/api\/wp\/v2\/media?parent=200729"}],"wp:term":[{"taxonomy":"category","embeddable":true,"href":"https:\/\/portaltela.pt\/api\/wp\/v2\/categories?post=200729"},{"taxonomy":"post_tag","embeddable":true,"href":"https:\/\/portaltela.pt\/api\/wp\/v2\/tags?post=200729"}],"curies":[{"name":"wp","href":"https:\/\/api.w.org\/{rel}","templated":true}]}}