{"id":200723,"date":"2026-02-05T18:03:00","date_gmt":"2026-02-05T21:03:00","guid":{"rendered":"https:\/\/portaltela.pt\/noticias\/2026\/02\/05\/sondagem-aponta-queda-de-ventura-e-ascensao-de-seguro-na-reta-final\/"},"modified":"2026-02-05T18:03:00","modified_gmt":"2026-02-05T21:03:00","slug":"sondagem-aponta-queda-de-ventura-e-ascensao-de-seguro-na-reta-final","status":"publish","type":"post","link":"https:\/\/portaltela.pt\/noticias\/politica\/2026\/02\/05\/sondagem-aponta-queda-de-ventura-e-ascensao-de-seguro-na-reta-final\/","title":{"rendered":"Sondagem aponta queda de Ventura e ascens\u00e3o de Seguro na reta final"},"content":{"rendered":"<p>A sondagem di\u00e1ria da Pitag\u00f3rica para o JN, TSF, TVI e CNN aponta Ant\u00f3nio Jos\u00e9 Seguro \u00e0 frente na reta final da campanha, com 53,5% das inten\u00e7\u00f5es de voto frente a 28% para Andr\u00e9 Ventura. A dist\u00e2ncia mant\u00e9m-se elevada, mesmo com o l\u00edder do Chega a crescer entre eleitores de Cotrim Figueiredo, Marques Mendes e Gouveia e Melo.<\/p>\n<p>A amostra da \u00faltima sondagem corresponde ao per\u00edodo anterior ao 8 de janeiro, com a dist\u00e2ncia a aumentar n\u00e3o por grande progresso de Seguro, mas pela queda de Ventura em 1,5 pontos. O conjunto da campanha n\u00e3o alterou a tend\u00eancia observada ao longo dos dias.<\/p>\n<p>Ao longo de quase duas semanas, Seguro registou uma tend\u00eancia descendente, caindo 7,4 pontos desde 26 de janeiro, enquanto Ventura n\u00e3o conseguiu passar a barreira dos 30%.<\/p>\n<h3>Seguro vencedor em todas as dimens\u00f5es<\/h3>\n<p>As matem\u00e1ticas da Pitag\u00f3rica indicam que Seguro vence em todos os recortes demogr\u00e1ficos: idade, regi\u00e3o, classe social e g\u00e9nero. Seguro apresenta maior for\u00e7a no eleitorado feminino, ao passo que Ventura alcan\u00e7a 33% entre homens, frente a 47,1% do socialista.<\/p>\n<p>Na faixa et\u00e1ria, Seguro domina os mais velhos; Ventura concentra-se entre 35 e 54 anos. Regionalmente, o Norte \u00e9 a fortaleza de Seguro (56,4% vs 27,9% de Ventura), enquanto no Sul e ilhas Ventura mant\u00e9m 29,8%.<\/p>\n<p>Nas classes sociais, Seguro lidera entre os mais ricos (60,1%), enquanto Ventura cresce entre os menos favorecidos (33% vs 49% de Seguro).<\/p>\n<h3>Din\u00e2mica de voto e indecisos<\/h3>\n<p>Com Ventura a recuar e Seguro est\u00e1vel, os indecisos sobem para 8,9% e os votos nulos ou em branco chegam a 9,6%. Quem n\u00e3o sabe onde vai votar aumentou 1,1 p.p. Os indecisos predominam entre mulheres acima dos 35, residentes no Centro, Sul ou Ilhas, e da classe m\u00e9dia.<\/p>\n<p>Se se traduzissem indecisos e votos dispersos na mesma propor\u00e7\u00e3o, Seguro obteria 65,6% e Ventura 34,4%. A perce\u00e7\u00e3o de vit\u00f3ria de Seguro mant\u00e9m-se alta, com 91% a preverem o triunfo.<\/p>\n<h3>Transfer\u00eancia de votos de eleitores de outros candidatos<\/h3>\n<p>O eleitorado de Cotrim Figueiredo, Gouveia e Melo e Marques Mendes mostrou deslocamentos ao longo da campanha. Inicialmente, muitos indicavam apoio a Seguro, mas parte desse voto transferiu-se para Ventura e para indecisos.<\/p>\n<p>Entre os eleitores de Cotrim, a inten\u00e7\u00e3o de voto para Seguro caiu de 60% para 40%, com Ventura a receber o resto. Entre Gouveia e Melo, 18,5% permanecem indecisos. Marques Mendes tamb\u00e9m perdeu apoio para Ventura ao longo da campanha.<\/p>\n<h3>Prepara\u00e7\u00e3o para situa\u00e7\u00f5es de crise e avalia\u00e7\u00e3o do Governo<\/h3>\n<p>Seguro \u00e9 visto como o mais preparado para responder a cen\u00e1rios de crise, com maior aceita\u00e7\u00e3o para lidar com falhas de servi\u00e7os p\u00fablicos (67%), coordena\u00e7\u00e3o de crises (64%) e infla\u00e7\u00e3o (68%). Ventura soma at\u00e9 26%, salvo numa pergunta sobre press\u00e3o ao Governo, onde chega a 36%.<\/p>\n<p>No conjunto, Seguro \u00e9 considerado mais capaz de defender o pa\u00eds em crise econ\u00f3mica internacional (67%) e de recuperar a confian\u00e7a (68%). A rea\u00e7\u00e3o a tempestades tamb\u00e9m recai maioritariamente sobre Seguro (46%).<\/p>\n<h3>Governo e perce\u00e7\u00e3o p\u00fablica<\/h3>\n<p>A rea\u00e7\u00e3o do Governo \u00e0s tempestades \u00e9 vista de forma negativa por 44% dos portugueses, enquanto apenas 24% a aprovam. Questionados se o Governo est\u00e1 a lidar pior ou igual a crises anteriores, 54% respondem que \u00e9 semelhante, 19% dizem que \u00e9 pior e 18% melhor.<\/p>\n<h3>Perspetiva sobre o dia da vota\u00e7\u00e3o e metodologia<\/h3>\n<p>No dia anterior ao escrut\u00ednio, a sondagem p\u00fablica mant\u00e9m-se orientada para uma vit\u00f3ria de Seguro. O estudo di\u00e1rio da Pitag\u00f3rica utilizou uma amostra de cerca de 600 inquiridos, com 3 dias de trabalho de campo para cada atualiza\u00e7\u00e3o, at\u00e9 6 de fevereiro.<\/p>\n<p>A ficha t\u00e9cnica detalha quotas geogr\u00e1ficas, et\u00e1rias e de g\u00e9nero, com 95,5% de grau de confian\u00e7a e margem de erro de \u00b14,06%. As entrevistas foram recolhidas por CATI, com 1225 tentativas para 608 entrevistas efetivas.<\/p>\n","protected":false},"excerpt":{"rendered":"<ul>\n<li>Seguro tem 53,5% das inten\u00e7\u00f5es de voto e Ventura 28%, segundo a sondagem di\u00e1ria, com Ventura a descer 1,5 pontos percentuais no \u00faltimo dia.<\/li>\n<li>Seguro vence em todas as faixas et\u00e1rias, regi\u00f5es e classes sociais; \u00e9 mais forte junto de eleitoras; Ventura destaca-se entre homens (33%) e no grupo 35 a 54 anos.<\/li>\n<li>Indecisos sobem para 8,9% e votos nulos\/brancos para 9,6%; se a distribui\u00e7\u00e3o fosse igual, Seguro alcan\u00e7aria 65,6% e Ventura 34,4%.<\/li>\n<li>Seguro \u00e9 visto como o candidato mais bem preparado para crises e para defender o pa\u00eds, enquanto Ventura fica atr\u00e1s na maioria das perguntas.<\/li>\n<li>A maioria dos portugueses considera negativa a atua\u00e7\u00e3o do Governo perante as tempestades; 91% apostam que Seguro vencer\u00e1 no dia 8 de janeiro.<\/li>\n<\/ul>\n","protected":false},"author":2,"featured_media":200724,"comment_status":"closed","ping_status":"closed","sticky":false,"template":"","format":"standard","meta":{"footnotes":""},"categories":[1,5],"tags":[68,34,2765,2832,1014,5538],"class_list":["post-200723","post","type-post","status-publish","format-standard","has-post-thumbnail","hentry","category-noticias","category-politica","tag-eleicoes","tag-governo","tag-norte","tag-politica","tag-portugal","tag-sul"],"yoast_head":"<!-- This site is optimized with the Yoast SEO plugin v27.2 - https:\/\/yoast.com\/product\/yoast-seo-wordpress\/ -->\n<title>Sondagem aponta queda de Ventura e ascens\u00e3o de Seguro na reta final - Portal Tela Portugal<\/title>\n<meta name=\"robots\" content=\"index, follow, max-snippet:-1, max-image-preview:large, max-video-preview:-1\" \/>\n<meta property=\"og:locale\" content=\"pt_PT\" \/>\n<meta property=\"og:type\" content=\"article\" \/>\n<meta property=\"og:title\" content=\"Sondagem aponta queda de Ventura e ascens\u00e3o de Seguro na reta final - Portal Tela Portugal\" \/>\n<meta property=\"og:description\" content=\"Seguro tem 53,5% das inten\u00e7\u00f5es de voto e Ventura 28%, segundo a sondagem di\u00e1ria, com Ventura a descer 1,5 pontos percentuais no \u00faltimo dia. Seguro vence em todas as faixas et\u00e1rias, regi\u00f5es e classes sociais; \u00e9 mais forte junto de eleitoras; Ventura destaca-se entre homens (33%) e no grupo 35 a 54 anos. Indecisos sobem para 8,9% e votos nulos\/brancos para 9,6%; se a distribui\u00e7\u00e3o fosse igual, Seguro alcan\u00e7aria 65,6% e Ventura 34,4%. Seguro \u00e9 visto como o candidato mais bem preparado para crises e para defender o pa\u00eds, enquanto Ventura fica atr\u00e1s na maioria das perguntas. A maioria dos portugueses considera negativa a atua\u00e7\u00e3o do Governo perante as tempestades; 91% apostam que Seguro vencer\u00e1 no dia 8 de janeiro.\" \/>\n<meta property=\"og:url\" content=\"https:\/\/portaltela.pt\/noticias\/2026\/02\/05\/sondagem-aponta-queda-de-ventura-e-ascensao-de-seguro-na-reta-final\/\" \/>\n<meta property=\"og:site_name\" content=\"Portal Tela Portugal\" \/>\n<meta property=\"article:published_time\" content=\"2026-02-05T21:03:00+00:00\" \/>\n<meta name=\"author\" content=\"Telinha\" \/>\n<meta name=\"twitter:card\" content=\"summary_large_image\" \/>\n<meta name=\"twitter:label1\" content=\"Escrito por\" \/>\n\t<meta name=\"twitter:data1\" content=\"Telinha\" \/>\n\t<meta name=\"twitter:label2\" content=\"Tempo estimado de leitura\" \/>\n\t<meta name=\"twitter:data2\" content=\"3 minutos\" \/>\n<script type=\"application\/ld+json\" class=\"yoast-schema-graph\">{\"@context\":\"https:\/\/schema.org\",\"@graph\":[{\"@type\":\"Article\",\"@id\":\"https:\/\/portaltela.pt\/noticias\/2026\/02\/05\/sondagem-aponta-queda-de-ventura-e-ascensao-de-seguro-na-reta-final\/#article\",\"isPartOf\":{\"@id\":\"https:\/\/portaltela.pt\/noticias\/2026\/02\/05\/sondagem-aponta-queda-de-ventura-e-ascensao-de-seguro-na-reta-final\/\"},\"author\":{\"name\":\"Telinha\",\"@id\":\"https:\/\/portaltela.pt\/#\/schema\/person\/c4278d4a6028830caff9ee44b42d32ed\"},\"headline\":\"Sondagem aponta queda de Ventura e ascens\u00e3o de Seguro na reta final\",\"datePublished\":\"2026-02-05T21:03:00+00:00\",\"mainEntityOfPage\":{\"@id\":\"https:\/\/portaltela.pt\/noticias\/2026\/02\/05\/sondagem-aponta-queda-de-ventura-e-ascensao-de-seguro-na-reta-final\/\"},\"wordCount\":646,\"image\":{\"@id\":\"https:\/\/portaltela.pt\/noticias\/2026\/02\/05\/sondagem-aponta-queda-de-ventura-e-ascensao-de-seguro-na-reta-final\/#primaryimage\"},\"thumbnailUrl\":\"https:\/\/portaltela.pt\/s.01k8rhncp4jt1\/2026\/02\/bf979b1b-46b4-4efd-a214-0b7717a29931_1200x675.jpg\",\"keywords\":[\"elei\u00e7\u00f5es\",\"governo\",\"Norte\",\"pol\u00edtica\",\"Portugal\",\"Sul\"],\"articleSection\":[\"Not\u00edcias\",\"Pol\u00edtica\"],\"inLanguage\":\"pt-PT\"},{\"@type\":\"WebPage\",\"@id\":\"https:\/\/portaltela.pt\/noticias\/2026\/02\/05\/sondagem-aponta-queda-de-ventura-e-ascensao-de-seguro-na-reta-final\/\",\"url\":\"https:\/\/portaltela.pt\/noticias\/2026\/02\/05\/sondagem-aponta-queda-de-ventura-e-ascensao-de-seguro-na-reta-final\/\",\"name\":\"Sondagem aponta queda de Ventura e ascens\u00e3o de Seguro na reta final - Portal Tela Portugal\",\"isPartOf\":{\"@id\":\"https:\/\/portaltela.pt\/#website\"},\"primaryImageOfPage\":{\"@id\":\"https:\/\/portaltela.pt\/noticias\/2026\/02\/05\/sondagem-aponta-queda-de-ventura-e-ascensao-de-seguro-na-reta-final\/#primaryimage\"},\"image\":{\"@id\":\"https:\/\/portaltela.pt\/noticias\/2026\/02\/05\/sondagem-aponta-queda-de-ventura-e-ascensao-de-seguro-na-reta-final\/#primaryimage\"},\"thumbnailUrl\":\"https:\/\/portaltela.pt\/s.01k8rhncp4jt1\/2026\/02\/bf979b1b-46b4-4efd-a214-0b7717a29931_1200x675.jpg\",\"datePublished\":\"2026-02-05T21:03:00+00:00\",\"author\":{\"@id\":\"https:\/\/portaltela.pt\/#\/schema\/person\/c4278d4a6028830caff9ee44b42d32ed\"},\"breadcrumb\":{\"@id\":\"https:\/\/portaltela.pt\/noticias\/2026\/02\/05\/sondagem-aponta-queda-de-ventura-e-ascensao-de-seguro-na-reta-final\/#breadcrumb\"},\"inLanguage\":\"pt-PT\",\"potentialAction\":[{\"@type\":\"ReadAction\",\"target\":[\"https:\/\/portaltela.pt\/noticias\/2026\/02\/05\/sondagem-aponta-queda-de-ventura-e-ascensao-de-seguro-na-reta-final\/\"]}]},{\"@type\":\"ImageObject\",\"inLanguage\":\"pt-PT\",\"@id\":\"https:\/\/portaltela.pt\/noticias\/2026\/02\/05\/sondagem-aponta-queda-de-ventura-e-ascensao-de-seguro-na-reta-final\/#primaryimage\",\"url\":\"https:\/\/portaltela.pt\/s.01k8rhncp4jt1\/2026\/02\/bf979b1b-46b4-4efd-a214-0b7717a29931_1200x675.jpg\",\"contentUrl\":\"https:\/\/portaltela.pt\/s.01k8rhncp4jt1\/2026\/02\/bf979b1b-46b4-4efd-a214-0b7717a29931_1200x675.jpg\",\"width\":796,\"height\":448,\"caption\":\"Imagem de contexto do artigo Sondagem di\u00e1ria: Na reta final da campanha, Ventura afunda e Seguro \u00e9 cada vez mais favorito\"},{\"@type\":\"BreadcrumbList\",\"@id\":\"https:\/\/portaltela.pt\/noticias\/2026\/02\/05\/sondagem-aponta-queda-de-ventura-e-ascensao-de-seguro-na-reta-final\/#breadcrumb\",\"itemListElement\":[{\"@type\":\"ListItem\",\"position\":1,\"name\":\"In\u00edcio\",\"item\":\"https:\/\/portaltela.pt\/\"},{\"@type\":\"ListItem\",\"position\":2,\"name\":\"Sondagem aponta queda de Ventura e ascens\u00e3o de Seguro na reta final\"}]},{\"@type\":\"WebSite\",\"@id\":\"https:\/\/portaltela.pt\/#website\",\"url\":\"https:\/\/portaltela.pt\/\",\"name\":\"Portal Tela Portugal\",\"description\":\"\",\"potentialAction\":[{\"@type\":\"SearchAction\",\"target\":{\"@type\":\"EntryPoint\",\"urlTemplate\":\"https:\/\/portaltela.pt\/?s={search_term_string}\"},\"query-input\":{\"@type\":\"PropertyValueSpecification\",\"valueRequired\":true,\"valueName\":\"search_term_string\"}}],\"inLanguage\":\"pt-PT\"},{\"@type\":\"Person\",\"@id\":\"https:\/\/portaltela.pt\/#\/schema\/person\/c4278d4a6028830caff9ee44b42d32ed\",\"name\":\"Telinha\",\"image\":{\"@type\":\"ImageObject\",\"inLanguage\":\"pt-PT\",\"@id\":\"https:\/\/portaltela.pt\/s.01k8rhncp4jt1\/2025\/11\/talking-bot-125x125.png\",\"url\":\"https:\/\/portaltela.pt\/s.01k8rhncp4jt1\/2025\/11\/talking-bot-125x125.png\",\"contentUrl\":\"https:\/\/portaltela.pt\/s.01k8rhncp4jt1\/2025\/11\/talking-bot-125x125.png\",\"caption\":\"Telinha\"},\"sameAs\":[\"https:\/\/portaltela.pt\/\"],\"url\":\"https:\/\/portaltela.pt\/por\/367410592786\/\"}]}<\/script>\n<!-- \/ Yoast SEO plugin. -->","yoast_head_json":{"title":"Sondagem aponta queda de Ventura e ascens\u00e3o de Seguro na reta final - Portal Tela Portugal","robots":{"index":"index","follow":"follow","max-snippet":"max-snippet:-1","max-image-preview":"max-image-preview:large","max-video-preview":"max-video-preview:-1"},"og_locale":"pt_PT","og_type":"article","og_title":"Sondagem aponta queda de Ventura e ascens\u00e3o de Seguro na reta final - Portal Tela Portugal","og_description":"Seguro tem 53,5% das inten\u00e7\u00f5es de voto e Ventura 28%, segundo a sondagem di\u00e1ria, com Ventura a descer 1,5 pontos percentuais no \u00faltimo dia. Seguro vence em todas as faixas et\u00e1rias, regi\u00f5es e classes sociais; \u00e9 mais forte junto de eleitoras; Ventura destaca-se entre homens (33%) e no grupo 35 a 54 anos. Indecisos sobem para 8,9% e votos nulos\/brancos para 9,6%; se a distribui\u00e7\u00e3o fosse igual, Seguro alcan\u00e7aria 65,6% e Ventura 34,4%. Seguro \u00e9 visto como o candidato mais bem preparado para crises e para defender o pa\u00eds, enquanto Ventura fica atr\u00e1s na maioria das perguntas. A maioria dos portugueses considera negativa a atua\u00e7\u00e3o do Governo perante as tempestades; 91% apostam que Seguro vencer\u00e1 no dia 8 de janeiro.","og_url":"https:\/\/portaltela.pt\/noticias\/2026\/02\/05\/sondagem-aponta-queda-de-ventura-e-ascensao-de-seguro-na-reta-final\/","og_site_name":"Portal Tela Portugal","article_published_time":"2026-02-05T21:03:00+00:00","author":"Telinha","twitter_card":"summary_large_image","twitter_misc":{"Escrito por":"Telinha","Tempo estimado de leitura":"3 minutos"},"schema":{"@context":"https:\/\/schema.org","@graph":[{"@type":"Article","@id":"https:\/\/portaltela.pt\/noticias\/2026\/02\/05\/sondagem-aponta-queda-de-ventura-e-ascensao-de-seguro-na-reta-final\/#article","isPartOf":{"@id":"https:\/\/portaltela.pt\/noticias\/2026\/02\/05\/sondagem-aponta-queda-de-ventura-e-ascensao-de-seguro-na-reta-final\/"},"author":{"name":"Telinha","@id":"https:\/\/portaltela.pt\/#\/schema\/person\/c4278d4a6028830caff9ee44b42d32ed"},"headline":"Sondagem aponta queda de Ventura e ascens\u00e3o de Seguro na reta final","datePublished":"2026-02-05T21:03:00+00:00","mainEntityOfPage":{"@id":"https:\/\/portaltela.pt\/noticias\/2026\/02\/05\/sondagem-aponta-queda-de-ventura-e-ascensao-de-seguro-na-reta-final\/"},"wordCount":646,"image":{"@id":"https:\/\/portaltela.pt\/noticias\/2026\/02\/05\/sondagem-aponta-queda-de-ventura-e-ascensao-de-seguro-na-reta-final\/#primaryimage"},"thumbnailUrl":"https:\/\/portaltela.pt\/s.01k8rhncp4jt1\/2026\/02\/bf979b1b-46b4-4efd-a214-0b7717a29931_1200x675.jpg","keywords":["elei\u00e7\u00f5es","governo","Norte","pol\u00edtica","Portugal","Sul"],"articleSection":["Not\u00edcias","Pol\u00edtica"],"inLanguage":"pt-PT"},{"@type":"WebPage","@id":"https:\/\/portaltela.pt\/noticias\/2026\/02\/05\/sondagem-aponta-queda-de-ventura-e-ascensao-de-seguro-na-reta-final\/","url":"https:\/\/portaltela.pt\/noticias\/2026\/02\/05\/sondagem-aponta-queda-de-ventura-e-ascensao-de-seguro-na-reta-final\/","name":"Sondagem aponta queda de Ventura e ascens\u00e3o de Seguro na reta final - Portal Tela Portugal","isPartOf":{"@id":"https:\/\/portaltela.pt\/#website"},"primaryImageOfPage":{"@id":"https:\/\/portaltela.pt\/noticias\/2026\/02\/05\/sondagem-aponta-queda-de-ventura-e-ascensao-de-seguro-na-reta-final\/#primaryimage"},"image":{"@id":"https:\/\/portaltela.pt\/noticias\/2026\/02\/05\/sondagem-aponta-queda-de-ventura-e-ascensao-de-seguro-na-reta-final\/#primaryimage"},"thumbnailUrl":"https:\/\/portaltela.pt\/s.01k8rhncp4jt1\/2026\/02\/bf979b1b-46b4-4efd-a214-0b7717a29931_1200x675.jpg","datePublished":"2026-02-05T21:03:00+00:00","author":{"@id":"https:\/\/portaltela.pt\/#\/schema\/person\/c4278d4a6028830caff9ee44b42d32ed"},"breadcrumb":{"@id":"https:\/\/portaltela.pt\/noticias\/2026\/02\/05\/sondagem-aponta-queda-de-ventura-e-ascensao-de-seguro-na-reta-final\/#breadcrumb"},"inLanguage":"pt-PT","potentialAction":[{"@type":"ReadAction","target":["https:\/\/portaltela.pt\/noticias\/2026\/02\/05\/sondagem-aponta-queda-de-ventura-e-ascensao-de-seguro-na-reta-final\/"]}]},{"@type":"ImageObject","inLanguage":"pt-PT","@id":"https:\/\/portaltela.pt\/noticias\/2026\/02\/05\/sondagem-aponta-queda-de-ventura-e-ascensao-de-seguro-na-reta-final\/#primaryimage","url":"https:\/\/portaltela.pt\/s.01k8rhncp4jt1\/2026\/02\/bf979b1b-46b4-4efd-a214-0b7717a29931_1200x675.jpg","contentUrl":"https:\/\/portaltela.pt\/s.01k8rhncp4jt1\/2026\/02\/bf979b1b-46b4-4efd-a214-0b7717a29931_1200x675.jpg","width":796,"height":448,"caption":"Imagem de contexto do artigo Sondagem di\u00e1ria: Na reta final da campanha, Ventura afunda e Seguro \u00e9 cada vez mais favorito"},{"@type":"BreadcrumbList","@id":"https:\/\/portaltela.pt\/noticias\/2026\/02\/05\/sondagem-aponta-queda-de-ventura-e-ascensao-de-seguro-na-reta-final\/#breadcrumb","itemListElement":[{"@type":"ListItem","position":1,"name":"In\u00edcio","item":"https:\/\/portaltela.pt\/"},{"@type":"ListItem","position":2,"name":"Sondagem aponta queda de Ventura e ascens\u00e3o de Seguro na reta final"}]},{"@type":"WebSite","@id":"https:\/\/portaltela.pt\/#website","url":"https:\/\/portaltela.pt\/","name":"Portal Tela Portugal","description":"","potentialAction":[{"@type":"SearchAction","target":{"@type":"EntryPoint","urlTemplate":"https:\/\/portaltela.pt\/?s={search_term_string}"},"query-input":{"@type":"PropertyValueSpecification","valueRequired":true,"valueName":"search_term_string"}}],"inLanguage":"pt-PT"},{"@type":"Person","@id":"https:\/\/portaltela.pt\/#\/schema\/person\/c4278d4a6028830caff9ee44b42d32ed","name":"Telinha","image":{"@type":"ImageObject","inLanguage":"pt-PT","@id":"https:\/\/portaltela.pt\/s.01k8rhncp4jt1\/2025\/11\/talking-bot-125x125.png","url":"https:\/\/portaltela.pt\/s.01k8rhncp4jt1\/2025\/11\/talking-bot-125x125.png","contentUrl":"https:\/\/portaltela.pt\/s.01k8rhncp4jt1\/2025\/11\/talking-bot-125x125.png","caption":"Telinha"},"sameAs":["https:\/\/portaltela.pt\/"],"url":"https:\/\/portaltela.pt\/por\/367410592786\/"}]}},"_links":{"self":[{"href":"https:\/\/portaltela.pt\/api\/wp\/v2\/posts\/200723","targetHints":{"allow":["GET"]}}],"collection":[{"href":"https:\/\/portaltela.pt\/api\/wp\/v2\/posts"}],"about":[{"href":"https:\/\/portaltela.pt\/api\/wp\/v2\/types\/post"}],"author":[{"embeddable":true,"href":"https:\/\/portaltela.pt\/api\/wp\/v2\/users\/2"}],"replies":[{"embeddable":true,"href":"https:\/\/portaltela.pt\/api\/wp\/v2\/comments?post=200723"}],"version-history":[{"count":0,"href":"https:\/\/portaltela.pt\/api\/wp\/v2\/posts\/200723\/revisions"}],"wp:featuredmedia":[{"embeddable":true,"href":"https:\/\/portaltela.pt\/api\/wp\/v2\/media\/200724"}],"wp:attachment":[{"href":"https:\/\/portaltela.pt\/api\/wp\/v2\/media?parent=200723"}],"wp:term":[{"taxonomy":"category","embeddable":true,"href":"https:\/\/portaltela.pt\/api\/wp\/v2\/categories?post=200723"},{"taxonomy":"post_tag","embeddable":true,"href":"https:\/\/portaltela.pt\/api\/wp\/v2\/tags?post=200723"}],"curies":[{"name":"wp","href":"https:\/\/api.w.org\/{rel}","templated":true}]}}