{"id":200704,"date":"2026-02-05T17:51:17","date_gmt":"2026-02-05T20:51:17","guid":{"rendered":"https:\/\/portaltela.pt\/noticias\/2026\/02\/05\/governo-autoriza-libertar-trabalhadores-de-obras-publicas-para-intervencoes-urgentes\/"},"modified":"2026-02-05T17:51:17","modified_gmt":"2026-02-05T20:51:17","slug":"governo-autoriza-libertar-trabalhadores-de-obras-publicas-para-intervencoes-urgentes","status":"publish","type":"post","link":"https:\/\/portaltela.pt\/noticias\/politica\/2026\/02\/05\/governo-autoriza-libertar-trabalhadores-de-obras-publicas-para-intervencoes-urgentes\/","title":{"rendered":"Governo autoriza libertar trabalhadores de obras p\u00fablicas para interven\u00e7\u00f5es urgentes"},"content":{"rendered":"<p>O Governo admite libertar trabalhadores de obras p\u00fablicas que estejam dispon\u00edveis para intervir nas regi\u00f5es mais afetadas pelo mau tempo. A medida visa dar resposta r\u00e1pida a emerg\u00eancias, incluindo conten\u00e7\u00e3o de edif\u00edcios.<\/p>\n<p>O primeiro-ministro, Lu\u00eds Montenegro, anunciou que o Estado pode suspender temporariamente algumas obras sob responsabilidade p\u00fablica, desde que empresas e trabalhadores aceitem deslocar-se para as \u00e1reas em crise. O objetivo \u00e9 apoiar a\u00e7\u00f5es de interven\u00e7\u00e3o imediata.<\/p>\n<p>O Instituto de Emprego e Forma\u00e7\u00e3o Profissional (IEFP) vai iniciar a recolha de necessidades de m\u00e3o-de-obra junto de empresas da constru\u00e7\u00e3o civil e autarquias locais. O IEFP integrar\u00e1 a rede de miss\u00e3o j\u00e1 presente no terreno.<\/p>\n<p>O IEFP utilizar\u00e1 a rede de recrutamento existente e o canal de imigra\u00e7\u00e3o regulada para colocar rapidamente trabalhadores nas regi\u00f5es mais afetadas. H\u00e1 solicita\u00e7\u00f5es de agilidade nos procedimentos e coordena\u00e7\u00e3o entre entidades.<\/p>\n<p>Montenegro indicou que as tarefas n\u00e3o s\u00e3o apenas de constru\u00e7\u00e3o, mas tamb\u00e9m de conten\u00e7\u00e3o de edificado. Interven\u00e7\u00f5es podem incluir obras para impedir infiltra\u00e7\u00f5es em casas vulner\u00e1veis, onde a \u00e1gua possa entrar.<\/p>\n<p>Ainda assim, n\u00e3o se espera descurar outras necessidades. O Primeiro-Ministro disse que podem existir outras empresas com necessidade de m\u00e3o-de-obra imediata para avan\u00e7ar com obras nas zonas afetadas.<\/p>\n<p>Doze pessoas morreram em Portugal desde a semana passada, associadas \u00e0s depress\u00f5es Kristin e Leonardo. H\u00e1 centenas de feridos e desalojados, com v\u00e1rias infraestruturas danificadas.<\/p>\n<p>As \u00e1reas mais afetadas s\u00e3o o Centro, Lisboa e Vale do Tejo e o Alentejo, com destrui\u00e7\u00e3o de habita\u00e7\u00f5es, empresas e infraestruturas. Quedas de \u00e1rvores, fecho de estradas e cortes de energia s\u00e3o registados.<\/p>\n<p>O Governo prorrogou a situa\u00e7\u00e3o de calamidade at\u00e9 15 de fevereiro, abrangendo 68 concelhos e um apoio at\u00e9 2,5 mil milh\u00f5es de euros. A medida j\u00e1 tinha estado em vigor entre 28 de janeiro e 15 de fevereiro.<\/p>\n","protected":false},"excerpt":{"rendered":"<ul>\n<li>O Governo admite libertar trabalhadores de obras p\u00fablicas para interven\u00e7\u00f5es urgentes nas zonas mais afetadas pelo mau tempo.<\/li>\n<li>O primeiro-ministro informou que o Estado pode suspender algumas obras para enviar trabalhadores onde h\u00e1 necessidade imediata, incluindo a conten\u00e7\u00e3o de edif\u00edcios.<\/li>\n<li>O Instituto de Emprego e Forma\u00e7\u00e3o Profissional (IEFP) vai recolher necessidades de m\u00e3o-de-obra junto de empresas de constru\u00e7\u00e3o civil e autarquias locais, usando a rede para recrutamento nacional e canal de imigra\u00e7\u00e3o regulada.<\/li>\n<li>Algumas empresas pediram agilidade e melhor coordena\u00e7\u00e3o para serem encaminhadas para as regi\u00f5es com tarefas mais imediatas.<\/li>\n<li>Doze pessoas morreram desde a semana passada; o Governo prolongou a calamidade at\u00e9 15 de fevereiro, com 68 concelhos abrangidos e apoio at\u00e9 2,5 mil milh\u00f5es de euros, principalmente nas regi\u00f5es Centro, Lisboa e Vale do Tejo e Alentejo.<\/li>\n<\/ul>\n","protected":false},"author":2,"featured_media":200706,"comment_status":"closed","ping_status":"closed","sticky":false,"template":"","format":"standard","meta":{"footnotes":""},"categories":[1,5],"tags":[883,4687,3106,4352,981,2841],"class_list":["post-200704","post","type-post","status-publish","format-standard","has-post-thumbnail","hentry","category-noticias","category-politica","tag-alentejo","tag-calamidade-publica","tag-construcao-de-edificios","tag-iefp","tag-lisboa","tag-trabalhadores"],"yoast_head":"<!-- This site is optimized with the Yoast SEO plugin v27.2 - https:\/\/yoast.com\/product\/yoast-seo-wordpress\/ -->\n<title>Governo autoriza libertar trabalhadores de obras p\u00fablicas para interven\u00e7\u00f5es urgentes - Portal Tela Portugal<\/title>\n<meta name=\"robots\" content=\"index, follow, max-snippet:-1, max-image-preview:large, max-video-preview:-1\" \/>\n<meta property=\"og:locale\" content=\"pt_PT\" \/>\n<meta property=\"og:type\" content=\"article\" \/>\n<meta property=\"og:title\" content=\"Governo autoriza libertar trabalhadores de obras p\u00fablicas para interven\u00e7\u00f5es urgentes - Portal Tela Portugal\" \/>\n<meta property=\"og:description\" content=\"O Governo admite libertar trabalhadores de obras p\u00fablicas para interven\u00e7\u00f5es urgentes nas zonas mais afetadas pelo mau tempo. O primeiro-ministro informou que o Estado pode suspender algumas obras para enviar trabalhadores onde h\u00e1 necessidade imediata, incluindo a conten\u00e7\u00e3o de edif\u00edcios. O Instituto de Emprego e Forma\u00e7\u00e3o Profissional (IEFP) vai recolher necessidades de m\u00e3o-de-obra junto de empresas de constru\u00e7\u00e3o civil e autarquias locais, usando a rede para recrutamento nacional e canal de imigra\u00e7\u00e3o regulada. Algumas empresas pediram agilidade e melhor coordena\u00e7\u00e3o para serem encaminhadas para as regi\u00f5es com tarefas mais imediatas. Doze pessoas morreram desde a semana passada; o Governo prolongou a calamidade at\u00e9 15 de fevereiro, com 68 concelhos abrangidos e apoio at\u00e9 2,5 mil milh\u00f5es de euros, principalmente nas regi\u00f5es Centro, Lisboa e Vale do Tejo e Alentejo.\" \/>\n<meta property=\"og:url\" content=\"https:\/\/portaltela.pt\/noticias\/2026\/02\/05\/governo-autoriza-libertar-trabalhadores-de-obras-publicas-para-intervencoes-urgentes\/\" \/>\n<meta property=\"og:site_name\" content=\"Portal Tela Portugal\" \/>\n<meta property=\"article:published_time\" content=\"2026-02-05T20:51:17+00:00\" \/>\n<meta name=\"author\" content=\"Telinha\" \/>\n<meta name=\"twitter:card\" content=\"summary_large_image\" \/>\n<meta name=\"twitter:label1\" content=\"Escrito por\" \/>\n\t<meta name=\"twitter:data1\" content=\"Telinha\" \/>\n\t<meta name=\"twitter:label2\" content=\"Tempo estimado de leitura\" \/>\n\t<meta name=\"twitter:data2\" content=\"2 minutos\" \/>\n<script type=\"application\/ld+json\" class=\"yoast-schema-graph\">{\"@context\":\"https:\/\/schema.org\",\"@graph\":[{\"@type\":\"Article\",\"@id\":\"https:\/\/portaltela.pt\/noticias\/2026\/02\/05\/governo-autoriza-libertar-trabalhadores-de-obras-publicas-para-intervencoes-urgentes\/#article\",\"isPartOf\":{\"@id\":\"https:\/\/portaltela.pt\/noticias\/2026\/02\/05\/governo-autoriza-libertar-trabalhadores-de-obras-publicas-para-intervencoes-urgentes\/\"},\"author\":{\"name\":\"Telinha\",\"@id\":\"https:\/\/portaltela.pt\/#\/schema\/person\/c4278d4a6028830caff9ee44b42d32ed\"},\"headline\":\"Governo autoriza libertar trabalhadores de obras p\u00fablicas para interven\u00e7\u00f5es urgentes\",\"datePublished\":\"2026-02-05T20:51:17+00:00\",\"mainEntityOfPage\":{\"@id\":\"https:\/\/portaltela.pt\/noticias\/2026\/02\/05\/governo-autoriza-libertar-trabalhadores-de-obras-publicas-para-intervencoes-urgentes\/\"},\"wordCount\":336,\"image\":{\"@id\":\"https:\/\/portaltela.pt\/noticias\/2026\/02\/05\/governo-autoriza-libertar-trabalhadores-de-obras-publicas-para-intervencoes-urgentes\/#primaryimage\"},\"thumbnailUrl\":\"https:\/\/portaltela.pt\/s.01k8rhncp4jt1\/2026\/02\/img_1500x1000uu2017-09-16-23-59-00-668383.jpg\",\"keywords\":[\"Alentejo\",\"calamidade p\u00fablica\",\"constru\u00e7\u00e3o de edif\u00edcios\",\"IEFP\",\"Lisboa\",\"trabalhadores\"],\"articleSection\":[\"Not\u00edcias\",\"Pol\u00edtica\"],\"inLanguage\":\"pt-PT\"},{\"@type\":\"WebPage\",\"@id\":\"https:\/\/portaltela.pt\/noticias\/2026\/02\/05\/governo-autoriza-libertar-trabalhadores-de-obras-publicas-para-intervencoes-urgentes\/\",\"url\":\"https:\/\/portaltela.pt\/noticias\/2026\/02\/05\/governo-autoriza-libertar-trabalhadores-de-obras-publicas-para-intervencoes-urgentes\/\",\"name\":\"Governo autoriza libertar trabalhadores de obras p\u00fablicas para interven\u00e7\u00f5es urgentes - Portal Tela Portugal\",\"isPartOf\":{\"@id\":\"https:\/\/portaltela.pt\/#website\"},\"primaryImageOfPage\":{\"@id\":\"https:\/\/portaltela.pt\/noticias\/2026\/02\/05\/governo-autoriza-libertar-trabalhadores-de-obras-publicas-para-intervencoes-urgentes\/#primaryimage\"},\"image\":{\"@id\":\"https:\/\/portaltela.pt\/noticias\/2026\/02\/05\/governo-autoriza-libertar-trabalhadores-de-obras-publicas-para-intervencoes-urgentes\/#primaryimage\"},\"thumbnailUrl\":\"https:\/\/portaltela.pt\/s.01k8rhncp4jt1\/2026\/02\/img_1500x1000uu2017-09-16-23-59-00-668383.jpg\",\"datePublished\":\"2026-02-05T20:51:17+00:00\",\"author\":{\"@id\":\"https:\/\/portaltela.pt\/#\/schema\/person\/c4278d4a6028830caff9ee44b42d32ed\"},\"breadcrumb\":{\"@id\":\"https:\/\/portaltela.pt\/noticias\/2026\/02\/05\/governo-autoriza-libertar-trabalhadores-de-obras-publicas-para-intervencoes-urgentes\/#breadcrumb\"},\"inLanguage\":\"pt-PT\",\"potentialAction\":[{\"@type\":\"ReadAction\",\"target\":[\"https:\/\/portaltela.pt\/noticias\/2026\/02\/05\/governo-autoriza-libertar-trabalhadores-de-obras-publicas-para-intervencoes-urgentes\/\"]}]},{\"@type\":\"ImageObject\",\"inLanguage\":\"pt-PT\",\"@id\":\"https:\/\/portaltela.pt\/noticias\/2026\/02\/05\/governo-autoriza-libertar-trabalhadores-de-obras-publicas-para-intervencoes-urgentes\/#primaryimage\",\"url\":\"https:\/\/portaltela.pt\/s.01k8rhncp4jt1\/2026\/02\/img_1500x1000uu2017-09-16-23-59-00-668383.jpg\",\"contentUrl\":\"https:\/\/portaltela.pt\/s.01k8rhncp4jt1\/2026\/02\/img_1500x1000uu2017-09-16-23-59-00-668383.jpg\",\"width\":796,\"height\":448,\"caption\":\"Obras p\u00fablicas\"},{\"@type\":\"BreadcrumbList\",\"@id\":\"https:\/\/portaltela.pt\/noticias\/2026\/02\/05\/governo-autoriza-libertar-trabalhadores-de-obras-publicas-para-intervencoes-urgentes\/#breadcrumb\",\"itemListElement\":[{\"@type\":\"ListItem\",\"position\":1,\"name\":\"In\u00edcio\",\"item\":\"https:\/\/portaltela.pt\/\"},{\"@type\":\"ListItem\",\"position\":2,\"name\":\"Governo autoriza libertar trabalhadores de obras p\u00fablicas para interven\u00e7\u00f5es urgentes\"}]},{\"@type\":\"WebSite\",\"@id\":\"https:\/\/portaltela.pt\/#website\",\"url\":\"https:\/\/portaltela.pt\/\",\"name\":\"Portal Tela Portugal\",\"description\":\"\",\"potentialAction\":[{\"@type\":\"SearchAction\",\"target\":{\"@type\":\"EntryPoint\",\"urlTemplate\":\"https:\/\/portaltela.pt\/?s={search_term_string}\"},\"query-input\":{\"@type\":\"PropertyValueSpecification\",\"valueRequired\":true,\"valueName\":\"search_term_string\"}}],\"inLanguage\":\"pt-PT\"},{\"@type\":\"Person\",\"@id\":\"https:\/\/portaltela.pt\/#\/schema\/person\/c4278d4a6028830caff9ee44b42d32ed\",\"name\":\"Telinha\",\"image\":{\"@type\":\"ImageObject\",\"inLanguage\":\"pt-PT\",\"@id\":\"https:\/\/portaltela.pt\/s.01k8rhncp4jt1\/2025\/11\/talking-bot-125x125.png\",\"url\":\"https:\/\/portaltela.pt\/s.01k8rhncp4jt1\/2025\/11\/talking-bot-125x125.png\",\"contentUrl\":\"https:\/\/portaltela.pt\/s.01k8rhncp4jt1\/2025\/11\/talking-bot-125x125.png\",\"caption\":\"Telinha\"},\"sameAs\":[\"https:\/\/portaltela.pt\/\"],\"url\":\"https:\/\/portaltela.pt\/por\/367410592786\/\"}]}<\/script>\n<!-- \/ Yoast SEO plugin. -->","yoast_head_json":{"title":"Governo autoriza libertar trabalhadores de obras p\u00fablicas para interven\u00e7\u00f5es urgentes - Portal Tela Portugal","robots":{"index":"index","follow":"follow","max-snippet":"max-snippet:-1","max-image-preview":"max-image-preview:large","max-video-preview":"max-video-preview:-1"},"og_locale":"pt_PT","og_type":"article","og_title":"Governo autoriza libertar trabalhadores de obras p\u00fablicas para interven\u00e7\u00f5es urgentes - Portal Tela Portugal","og_description":"O Governo admite libertar trabalhadores de obras p\u00fablicas para interven\u00e7\u00f5es urgentes nas zonas mais afetadas pelo mau tempo. O primeiro-ministro informou que o Estado pode suspender algumas obras para enviar trabalhadores onde h\u00e1 necessidade imediata, incluindo a conten\u00e7\u00e3o de edif\u00edcios. O Instituto de Emprego e Forma\u00e7\u00e3o Profissional (IEFP) vai recolher necessidades de m\u00e3o-de-obra junto de empresas de constru\u00e7\u00e3o civil e autarquias locais, usando a rede para recrutamento nacional e canal de imigra\u00e7\u00e3o regulada. Algumas empresas pediram agilidade e melhor coordena\u00e7\u00e3o para serem encaminhadas para as regi\u00f5es com tarefas mais imediatas. Doze pessoas morreram desde a semana passada; o Governo prolongou a calamidade at\u00e9 15 de fevereiro, com 68 concelhos abrangidos e apoio at\u00e9 2,5 mil milh\u00f5es de euros, principalmente nas regi\u00f5es Centro, Lisboa e Vale do Tejo e Alentejo.","og_url":"https:\/\/portaltela.pt\/noticias\/2026\/02\/05\/governo-autoriza-libertar-trabalhadores-de-obras-publicas-para-intervencoes-urgentes\/","og_site_name":"Portal Tela Portugal","article_published_time":"2026-02-05T20:51:17+00:00","author":"Telinha","twitter_card":"summary_large_image","twitter_misc":{"Escrito por":"Telinha","Tempo estimado de leitura":"2 minutos"},"schema":{"@context":"https:\/\/schema.org","@graph":[{"@type":"Article","@id":"https:\/\/portaltela.pt\/noticias\/2026\/02\/05\/governo-autoriza-libertar-trabalhadores-de-obras-publicas-para-intervencoes-urgentes\/#article","isPartOf":{"@id":"https:\/\/portaltela.pt\/noticias\/2026\/02\/05\/governo-autoriza-libertar-trabalhadores-de-obras-publicas-para-intervencoes-urgentes\/"},"author":{"name":"Telinha","@id":"https:\/\/portaltela.pt\/#\/schema\/person\/c4278d4a6028830caff9ee44b42d32ed"},"headline":"Governo autoriza libertar trabalhadores de obras p\u00fablicas para interven\u00e7\u00f5es urgentes","datePublished":"2026-02-05T20:51:17+00:00","mainEntityOfPage":{"@id":"https:\/\/portaltela.pt\/noticias\/2026\/02\/05\/governo-autoriza-libertar-trabalhadores-de-obras-publicas-para-intervencoes-urgentes\/"},"wordCount":336,"image":{"@id":"https:\/\/portaltela.pt\/noticias\/2026\/02\/05\/governo-autoriza-libertar-trabalhadores-de-obras-publicas-para-intervencoes-urgentes\/#primaryimage"},"thumbnailUrl":"https:\/\/portaltela.pt\/s.01k8rhncp4jt1\/2026\/02\/img_1500x1000uu2017-09-16-23-59-00-668383.jpg","keywords":["Alentejo","calamidade p\u00fablica","constru\u00e7\u00e3o de edif\u00edcios","IEFP","Lisboa","trabalhadores"],"articleSection":["Not\u00edcias","Pol\u00edtica"],"inLanguage":"pt-PT"},{"@type":"WebPage","@id":"https:\/\/portaltela.pt\/noticias\/2026\/02\/05\/governo-autoriza-libertar-trabalhadores-de-obras-publicas-para-intervencoes-urgentes\/","url":"https:\/\/portaltela.pt\/noticias\/2026\/02\/05\/governo-autoriza-libertar-trabalhadores-de-obras-publicas-para-intervencoes-urgentes\/","name":"Governo autoriza libertar trabalhadores de obras p\u00fablicas para interven\u00e7\u00f5es urgentes - Portal Tela Portugal","isPartOf":{"@id":"https:\/\/portaltela.pt\/#website"},"primaryImageOfPage":{"@id":"https:\/\/portaltela.pt\/noticias\/2026\/02\/05\/governo-autoriza-libertar-trabalhadores-de-obras-publicas-para-intervencoes-urgentes\/#primaryimage"},"image":{"@id":"https:\/\/portaltela.pt\/noticias\/2026\/02\/05\/governo-autoriza-libertar-trabalhadores-de-obras-publicas-para-intervencoes-urgentes\/#primaryimage"},"thumbnailUrl":"https:\/\/portaltela.pt\/s.01k8rhncp4jt1\/2026\/02\/img_1500x1000uu2017-09-16-23-59-00-668383.jpg","datePublished":"2026-02-05T20:51:17+00:00","author":{"@id":"https:\/\/portaltela.pt\/#\/schema\/person\/c4278d4a6028830caff9ee44b42d32ed"},"breadcrumb":{"@id":"https:\/\/portaltela.pt\/noticias\/2026\/02\/05\/governo-autoriza-libertar-trabalhadores-de-obras-publicas-para-intervencoes-urgentes\/#breadcrumb"},"inLanguage":"pt-PT","potentialAction":[{"@type":"ReadAction","target":["https:\/\/portaltela.pt\/noticias\/2026\/02\/05\/governo-autoriza-libertar-trabalhadores-de-obras-publicas-para-intervencoes-urgentes\/"]}]},{"@type":"ImageObject","inLanguage":"pt-PT","@id":"https:\/\/portaltela.pt\/noticias\/2026\/02\/05\/governo-autoriza-libertar-trabalhadores-de-obras-publicas-para-intervencoes-urgentes\/#primaryimage","url":"https:\/\/portaltela.pt\/s.01k8rhncp4jt1\/2026\/02\/img_1500x1000uu2017-09-16-23-59-00-668383.jpg","contentUrl":"https:\/\/portaltela.pt\/s.01k8rhncp4jt1\/2026\/02\/img_1500x1000uu2017-09-16-23-59-00-668383.jpg","width":796,"height":448,"caption":"Obras p\u00fablicas"},{"@type":"BreadcrumbList","@id":"https:\/\/portaltela.pt\/noticias\/2026\/02\/05\/governo-autoriza-libertar-trabalhadores-de-obras-publicas-para-intervencoes-urgentes\/#breadcrumb","itemListElement":[{"@type":"ListItem","position":1,"name":"In\u00edcio","item":"https:\/\/portaltela.pt\/"},{"@type":"ListItem","position":2,"name":"Governo autoriza libertar trabalhadores de obras p\u00fablicas para interven\u00e7\u00f5es urgentes"}]},{"@type":"WebSite","@id":"https:\/\/portaltela.pt\/#website","url":"https:\/\/portaltela.pt\/","name":"Portal Tela Portugal","description":"","potentialAction":[{"@type":"SearchAction","target":{"@type":"EntryPoint","urlTemplate":"https:\/\/portaltela.pt\/?s={search_term_string}"},"query-input":{"@type":"PropertyValueSpecification","valueRequired":true,"valueName":"search_term_string"}}],"inLanguage":"pt-PT"},{"@type":"Person","@id":"https:\/\/portaltela.pt\/#\/schema\/person\/c4278d4a6028830caff9ee44b42d32ed","name":"Telinha","image":{"@type":"ImageObject","inLanguage":"pt-PT","@id":"https:\/\/portaltela.pt\/s.01k8rhncp4jt1\/2025\/11\/talking-bot-125x125.png","url":"https:\/\/portaltela.pt\/s.01k8rhncp4jt1\/2025\/11\/talking-bot-125x125.png","contentUrl":"https:\/\/portaltela.pt\/s.01k8rhncp4jt1\/2025\/11\/talking-bot-125x125.png","caption":"Telinha"},"sameAs":["https:\/\/portaltela.pt\/"],"url":"https:\/\/portaltela.pt\/por\/367410592786\/"}]}},"_links":{"self":[{"href":"https:\/\/portaltela.pt\/api\/wp\/v2\/posts\/200704","targetHints":{"allow":["GET"]}}],"collection":[{"href":"https:\/\/portaltela.pt\/api\/wp\/v2\/posts"}],"about":[{"href":"https:\/\/portaltela.pt\/api\/wp\/v2\/types\/post"}],"author":[{"embeddable":true,"href":"https:\/\/portaltela.pt\/api\/wp\/v2\/users\/2"}],"replies":[{"embeddable":true,"href":"https:\/\/portaltela.pt\/api\/wp\/v2\/comments?post=200704"}],"version-history":[{"count":0,"href":"https:\/\/portaltela.pt\/api\/wp\/v2\/posts\/200704\/revisions"}],"wp:featuredmedia":[{"embeddable":true,"href":"https:\/\/portaltela.pt\/api\/wp\/v2\/media\/200706"}],"wp:attachment":[{"href":"https:\/\/portaltela.pt\/api\/wp\/v2\/media?parent=200704"}],"wp:term":[{"taxonomy":"category","embeddable":true,"href":"https:\/\/portaltela.pt\/api\/wp\/v2\/categories?post=200704"},{"taxonomy":"post_tag","embeddable":true,"href":"https:\/\/portaltela.pt\/api\/wp\/v2\/tags?post=200704"}],"curies":[{"name":"wp","href":"https:\/\/api.w.org\/{rel}","templated":true}]}}