{"id":200621,"date":"2026-02-05T16:59:00","date_gmt":"2026-02-05T19:59:00","guid":{"rendered":"https:\/\/portaltela.pt\/noticias\/2026\/02\/05\/rui-borges-testa-oito-mudancas-para-o-duelo-do-sporting-na-taca-de-portugal\/"},"modified":"2026-02-05T16:59:00","modified_gmt":"2026-02-05T19:59:00","slug":"rui-borges-testa-oito-mudancas-para-o-duelo-do-sporting-na-taca-de-portugal","status":"publish","type":"post","link":"https:\/\/portaltela.pt\/desporto\/futebol\/2026\/02\/05\/rui-borges-testa-oito-mudancas-para-o-duelo-do-sporting-na-taca-de-portugal\/","title":{"rendered":"Rui Borges testa oito mudan\u00e7as para o duelo do Sporting na Ta\u00e7a de Portugal"},"content":{"rendered":"<p>Rui Borges, treinador do Sporting, fez oito altera\u00e7\u00f5es no onze para o jogo dos quartos de final da Ta\u00e7a de Portugal contra o AVS, em Alvalade. A partida, disputada nesta quinta-feira, pode colocar o Sporting diante do F. C. Porto nas meias-finais, em duelo a duas m\u00e3os.<\/p>\n<p>Entre os refor\u00e7os, permanecem como titulares Eduardo Quaresma, Lu\u00eds Guilherme e Luis Su\u00e1rez, tal como frente ao Nacional da Madeira, no triunfo verde e branco por 2-1. Nuno Santos volta ao banco ap\u00f3s les\u00e3o e sa\u00edda da equipa secund\u00e1ria.<\/p>\n<h3>Onze do Sporting<\/h3>\n<p>Jo\u00e3o Virg\u00ednia; Vagiannidis, Eduardo Quaresma, Gon\u00e7alo In\u00e1cio e Ricardo Mangas; Hjulmand e Kochorashvili; Trinc\u00e3o, Daniel Bragan\u00e7a e Lu\u00eds Guilherme; Luis Su\u00e1rez.<\/p>\n<h3>Suplentes do Sporting<\/h3>\n<p>Rui Silva, Diomande, Maxi Ara\u00fajo, Nuno Santos, Morita, Jo\u00e3o Sim\u00f5es, Pote, Geny Catamo e Souleymane Faye.<\/p>\n<h3>Onze do AVS<\/h3>\n<p>por divulgar<\/p>\n<h3>Suplentes do AVS<\/h3>\n<p>por divulgar<\/p>\n","protected":false},"excerpt":{"rendered":"<ul>\n<li>Rui Borges fez oito altera\u00e7\u00f5es no onze do Sporting para o jogo da Ta\u00e7a de Portugal contra o AVS, em Alvalade, este quinta-feira.<\/li>\n<li>O duelo pode determinar um confronto a duas m\u00e3os com o FC Porto nas meias-finais da prova.<\/li>\n<li>Os jogadores que entram de in\u00edcio repetem apenas Eduardo Quaresma, Lu\u00eds Guilherme e Luis Su\u00e1rez, face ao \u00faltimo jogo com o Nacional, vencido por 2-1.<\/li>\n<li>Nuno Santos regressa ao banco de suplentes ap\u00f3s les\u00e3o e passagem pela equipa B.<\/li>\n<li>Onze do Sporting j\u00e1 divulgado: Jo\u00e3o Virg\u00ednia; Vagiannidis, Eduardo Quaresma, Gon\u00e7alo In\u00e1cio e Ricardo Mangas; Hjulmand e Kochorashvili; Trinc\u00e3o, Daniel Bragan\u00e7a e Lu\u00eds Guilherme; Luis Su\u00e1rez. Suplentes incluem Rui Silva, Nuno Santos, Pote, entre outros.<\/li>\n<\/ul>\n","protected":false},"author":2,"featured_media":200626,"comment_status":"closed","ping_status":"closed","sticky":false,"template":"","format":"standard","meta":{"footnotes":""},"categories":[21,24],"tags":[1984,4618,32,3272,1652,1266],"class_list":["post-200621","post","type-post","status-publish","format-standard","has-post-thumbnail","hentry","category-desporto","category-futebol","tag-avs-sad","tag-eduardo-quaresma","tag-futebol","tag-luis-suarez","tag-sporting","tag-taca-de-portugal"],"yoast_head":"<!-- This site is optimized with the Yoast SEO plugin v27.2 - https:\/\/yoast.com\/product\/yoast-seo-wordpress\/ -->\n<title>Rui Borges testa oito mudan\u00e7as para o duelo do Sporting na Ta\u00e7a de Portugal - Portal Tela Portugal<\/title>\n<meta name=\"robots\" content=\"index, follow, max-snippet:-1, max-image-preview:large, max-video-preview:-1\" \/>\n<meta property=\"og:locale\" content=\"pt_PT\" \/>\n<meta property=\"og:type\" content=\"article\" \/>\n<meta property=\"og:title\" content=\"Rui Borges testa oito mudan\u00e7as para o duelo do Sporting na Ta\u00e7a de Portugal - Portal Tela Portugal\" \/>\n<meta property=\"og:description\" content=\"Rui Borges fez oito altera\u00e7\u00f5es no onze do Sporting para o jogo da Ta\u00e7a de Portugal contra o AVS, em Alvalade, este quinta-feira. O duelo pode determinar um confronto a duas m\u00e3os com o FC Porto nas meias-finais da prova. Os jogadores que entram de in\u00edcio repetem apenas Eduardo Quaresma, Lu\u00eds Guilherme e Luis Su\u00e1rez, face ao \u00faltimo jogo com o Nacional, vencido por 2-1. Nuno Santos regressa ao banco de suplentes ap\u00f3s les\u00e3o e passagem pela equipa B. Onze do Sporting j\u00e1 divulgado: Jo\u00e3o Virg\u00ednia; Vagiannidis, Eduardo Quaresma, Gon\u00e7alo In\u00e1cio e Ricardo Mangas; Hjulmand e Kochorashvili; Trinc\u00e3o, Daniel Bragan\u00e7a e Lu\u00eds Guilherme; Luis Su\u00e1rez. Suplentes incluem Rui Silva, Nuno Santos, Pote, entre outros.\" \/>\n<meta property=\"og:url\" content=\"https:\/\/portaltela.pt\/noticias\/2026\/02\/05\/rui-borges-testa-oito-mudancas-para-o-duelo-do-sporting-na-taca-de-portugal\/\" \/>\n<meta property=\"og:site_name\" content=\"Portal Tela Portugal\" \/>\n<meta property=\"article:published_time\" content=\"2026-02-05T19:59:00+00:00\" \/>\n<meta name=\"author\" content=\"Telinha\" \/>\n<meta name=\"twitter:card\" content=\"summary_large_image\" \/>\n<meta name=\"twitter:label1\" content=\"Escrito por\" \/>\n\t<meta name=\"twitter:data1\" content=\"Telinha\" \/>\n\t<meta name=\"twitter:label2\" content=\"Tempo estimado de leitura\" \/>\n\t<meta name=\"twitter:data2\" content=\"1 minuto\" \/>\n<script type=\"application\/ld+json\" class=\"yoast-schema-graph\">{\"@context\":\"https:\/\/schema.org\",\"@graph\":[{\"@type\":\"Article\",\"@id\":\"https:\/\/portaltela.pt\/noticias\/2026\/02\/05\/rui-borges-testa-oito-mudancas-para-o-duelo-do-sporting-na-taca-de-portugal\/#article\",\"isPartOf\":{\"@id\":\"https:\/\/portaltela.pt\/noticias\/2026\/02\/05\/rui-borges-testa-oito-mudancas-para-o-duelo-do-sporting-na-taca-de-portugal\/\"},\"author\":{\"name\":\"Telinha\",\"@id\":\"https:\/\/portaltela.pt\/#\/schema\/person\/c4278d4a6028830caff9ee44b42d32ed\"},\"headline\":\"Rui Borges testa oito mudan\u00e7as para o duelo do Sporting na Ta\u00e7a de Portugal\",\"datePublished\":\"2026-02-05T19:59:00+00:00\",\"mainEntityOfPage\":{\"@id\":\"https:\/\/portaltela.pt\/noticias\/2026\/02\/05\/rui-borges-testa-oito-mudancas-para-o-duelo-do-sporting-na-taca-de-portugal\/\"},\"wordCount\":176,\"image\":{\"@id\":\"https:\/\/portaltela.pt\/noticias\/2026\/02\/05\/rui-borges-testa-oito-mudancas-para-o-duelo-do-sporting-na-taca-de-portugal\/#primaryimage\"},\"thumbnailUrl\":\"https:\/\/portaltela.pt\/s.01k8rhncp4jt1\/2026\/02\/image-417.jpg\",\"keywords\":[\"AVS SAD\",\"Eduardo Quaresma\",\"futebol\",\"Luis Su\u00e1rez\",\"Sporting\",\"Ta\u00e7a de Portugal\"],\"articleSection\":[\"Desporto\",\"Futebol\"],\"inLanguage\":\"pt-PT\"},{\"@type\":\"WebPage\",\"@id\":\"https:\/\/portaltela.pt\/noticias\/2026\/02\/05\/rui-borges-testa-oito-mudancas-para-o-duelo-do-sporting-na-taca-de-portugal\/\",\"url\":\"https:\/\/portaltela.pt\/noticias\/2026\/02\/05\/rui-borges-testa-oito-mudancas-para-o-duelo-do-sporting-na-taca-de-portugal\/\",\"name\":\"Rui Borges testa oito mudan\u00e7as para o duelo do Sporting na Ta\u00e7a de Portugal - Portal Tela Portugal\",\"isPartOf\":{\"@id\":\"https:\/\/portaltela.pt\/#website\"},\"primaryImageOfPage\":{\"@id\":\"https:\/\/portaltela.pt\/noticias\/2026\/02\/05\/rui-borges-testa-oito-mudancas-para-o-duelo-do-sporting-na-taca-de-portugal\/#primaryimage\"},\"image\":{\"@id\":\"https:\/\/portaltela.pt\/noticias\/2026\/02\/05\/rui-borges-testa-oito-mudancas-para-o-duelo-do-sporting-na-taca-de-portugal\/#primaryimage\"},\"thumbnailUrl\":\"https:\/\/portaltela.pt\/s.01k8rhncp4jt1\/2026\/02\/image-417.jpg\",\"datePublished\":\"2026-02-05T19:59:00+00:00\",\"author\":{\"@id\":\"https:\/\/portaltela.pt\/#\/schema\/person\/c4278d4a6028830caff9ee44b42d32ed\"},\"breadcrumb\":{\"@id\":\"https:\/\/portaltela.pt\/noticias\/2026\/02\/05\/rui-borges-testa-oito-mudancas-para-o-duelo-do-sporting-na-taca-de-portugal\/#breadcrumb\"},\"inLanguage\":\"pt-PT\",\"potentialAction\":[{\"@type\":\"ReadAction\",\"target\":[\"https:\/\/portaltela.pt\/noticias\/2026\/02\/05\/rui-borges-testa-oito-mudancas-para-o-duelo-do-sporting-na-taca-de-portugal\/\"]}]},{\"@type\":\"ImageObject\",\"inLanguage\":\"pt-PT\",\"@id\":\"https:\/\/portaltela.pt\/noticias\/2026\/02\/05\/rui-borges-testa-oito-mudancas-para-o-duelo-do-sporting-na-taca-de-portugal\/#primaryimage\",\"url\":\"https:\/\/portaltela.pt\/s.01k8rhncp4jt1\/2026\/02\/image-417.jpg\",\"contentUrl\":\"https:\/\/portaltela.pt\/s.01k8rhncp4jt1\/2026\/02\/image-417.jpg\",\"width\":796,\"height\":448,\"caption\":\"Rui Borges, treinador do Sporting\"},{\"@type\":\"BreadcrumbList\",\"@id\":\"https:\/\/portaltela.pt\/noticias\/2026\/02\/05\/rui-borges-testa-oito-mudancas-para-o-duelo-do-sporting-na-taca-de-portugal\/#breadcrumb\",\"itemListElement\":[{\"@type\":\"ListItem\",\"position\":1,\"name\":\"In\u00edcio\",\"item\":\"https:\/\/portaltela.pt\/\"},{\"@type\":\"ListItem\",\"position\":2,\"name\":\"Rui Borges testa oito mudan\u00e7as para o duelo do Sporting na Ta\u00e7a de Portugal\"}]},{\"@type\":\"WebSite\",\"@id\":\"https:\/\/portaltela.pt\/#website\",\"url\":\"https:\/\/portaltela.pt\/\",\"name\":\"Portal Tela Portugal\",\"description\":\"\",\"potentialAction\":[{\"@type\":\"SearchAction\",\"target\":{\"@type\":\"EntryPoint\",\"urlTemplate\":\"https:\/\/portaltela.pt\/?s={search_term_string}\"},\"query-input\":{\"@type\":\"PropertyValueSpecification\",\"valueRequired\":true,\"valueName\":\"search_term_string\"}}],\"inLanguage\":\"pt-PT\"},{\"@type\":\"Person\",\"@id\":\"https:\/\/portaltela.pt\/#\/schema\/person\/c4278d4a6028830caff9ee44b42d32ed\",\"name\":\"Telinha\",\"image\":{\"@type\":\"ImageObject\",\"inLanguage\":\"pt-PT\",\"@id\":\"https:\/\/portaltela.pt\/s.01k8rhncp4jt1\/2025\/11\/talking-bot-125x125.png\",\"url\":\"https:\/\/portaltela.pt\/s.01k8rhncp4jt1\/2025\/11\/talking-bot-125x125.png\",\"contentUrl\":\"https:\/\/portaltela.pt\/s.01k8rhncp4jt1\/2025\/11\/talking-bot-125x125.png\",\"caption\":\"Telinha\"},\"sameAs\":[\"https:\/\/portaltela.pt\/\"],\"url\":\"https:\/\/portaltela.pt\/por\/367410592786\/\"}]}<\/script>\n<!-- \/ Yoast SEO plugin. -->","yoast_head_json":{"title":"Rui Borges testa oito mudan\u00e7as para o duelo do Sporting na Ta\u00e7a de Portugal - Portal Tela Portugal","robots":{"index":"index","follow":"follow","max-snippet":"max-snippet:-1","max-image-preview":"max-image-preview:large","max-video-preview":"max-video-preview:-1"},"og_locale":"pt_PT","og_type":"article","og_title":"Rui Borges testa oito mudan\u00e7as para o duelo do Sporting na Ta\u00e7a de Portugal - Portal Tela Portugal","og_description":"Rui Borges fez oito altera\u00e7\u00f5es no onze do Sporting para o jogo da Ta\u00e7a de Portugal contra o AVS, em Alvalade, este quinta-feira. O duelo pode determinar um confronto a duas m\u00e3os com o FC Porto nas meias-finais da prova. Os jogadores que entram de in\u00edcio repetem apenas Eduardo Quaresma, Lu\u00eds Guilherme e Luis Su\u00e1rez, face ao \u00faltimo jogo com o Nacional, vencido por 2-1. Nuno Santos regressa ao banco de suplentes ap\u00f3s les\u00e3o e passagem pela equipa B. Onze do Sporting j\u00e1 divulgado: Jo\u00e3o Virg\u00ednia; Vagiannidis, Eduardo Quaresma, Gon\u00e7alo In\u00e1cio e Ricardo Mangas; Hjulmand e Kochorashvili; Trinc\u00e3o, Daniel Bragan\u00e7a e Lu\u00eds Guilherme; Luis Su\u00e1rez. Suplentes incluem Rui Silva, Nuno Santos, Pote, entre outros.","og_url":"https:\/\/portaltela.pt\/noticias\/2026\/02\/05\/rui-borges-testa-oito-mudancas-para-o-duelo-do-sporting-na-taca-de-portugal\/","og_site_name":"Portal Tela Portugal","article_published_time":"2026-02-05T19:59:00+00:00","author":"Telinha","twitter_card":"summary_large_image","twitter_misc":{"Escrito por":"Telinha","Tempo estimado de leitura":"1 minuto"},"schema":{"@context":"https:\/\/schema.org","@graph":[{"@type":"Article","@id":"https:\/\/portaltela.pt\/noticias\/2026\/02\/05\/rui-borges-testa-oito-mudancas-para-o-duelo-do-sporting-na-taca-de-portugal\/#article","isPartOf":{"@id":"https:\/\/portaltela.pt\/noticias\/2026\/02\/05\/rui-borges-testa-oito-mudancas-para-o-duelo-do-sporting-na-taca-de-portugal\/"},"author":{"name":"Telinha","@id":"https:\/\/portaltela.pt\/#\/schema\/person\/c4278d4a6028830caff9ee44b42d32ed"},"headline":"Rui Borges testa oito mudan\u00e7as para o duelo do Sporting na Ta\u00e7a de Portugal","datePublished":"2026-02-05T19:59:00+00:00","mainEntityOfPage":{"@id":"https:\/\/portaltela.pt\/noticias\/2026\/02\/05\/rui-borges-testa-oito-mudancas-para-o-duelo-do-sporting-na-taca-de-portugal\/"},"wordCount":176,"image":{"@id":"https:\/\/portaltela.pt\/noticias\/2026\/02\/05\/rui-borges-testa-oito-mudancas-para-o-duelo-do-sporting-na-taca-de-portugal\/#primaryimage"},"thumbnailUrl":"https:\/\/portaltela.pt\/s.01k8rhncp4jt1\/2026\/02\/image-417.jpg","keywords":["AVS SAD","Eduardo Quaresma","futebol","Luis Su\u00e1rez","Sporting","Ta\u00e7a de Portugal"],"articleSection":["Desporto","Futebol"],"inLanguage":"pt-PT"},{"@type":"WebPage","@id":"https:\/\/portaltela.pt\/noticias\/2026\/02\/05\/rui-borges-testa-oito-mudancas-para-o-duelo-do-sporting-na-taca-de-portugal\/","url":"https:\/\/portaltela.pt\/noticias\/2026\/02\/05\/rui-borges-testa-oito-mudancas-para-o-duelo-do-sporting-na-taca-de-portugal\/","name":"Rui Borges testa oito mudan\u00e7as para o duelo do Sporting na Ta\u00e7a de Portugal - Portal Tela Portugal","isPartOf":{"@id":"https:\/\/portaltela.pt\/#website"},"primaryImageOfPage":{"@id":"https:\/\/portaltela.pt\/noticias\/2026\/02\/05\/rui-borges-testa-oito-mudancas-para-o-duelo-do-sporting-na-taca-de-portugal\/#primaryimage"},"image":{"@id":"https:\/\/portaltela.pt\/noticias\/2026\/02\/05\/rui-borges-testa-oito-mudancas-para-o-duelo-do-sporting-na-taca-de-portugal\/#primaryimage"},"thumbnailUrl":"https:\/\/portaltela.pt\/s.01k8rhncp4jt1\/2026\/02\/image-417.jpg","datePublished":"2026-02-05T19:59:00+00:00","author":{"@id":"https:\/\/portaltela.pt\/#\/schema\/person\/c4278d4a6028830caff9ee44b42d32ed"},"breadcrumb":{"@id":"https:\/\/portaltela.pt\/noticias\/2026\/02\/05\/rui-borges-testa-oito-mudancas-para-o-duelo-do-sporting-na-taca-de-portugal\/#breadcrumb"},"inLanguage":"pt-PT","potentialAction":[{"@type":"ReadAction","target":["https:\/\/portaltela.pt\/noticias\/2026\/02\/05\/rui-borges-testa-oito-mudancas-para-o-duelo-do-sporting-na-taca-de-portugal\/"]}]},{"@type":"ImageObject","inLanguage":"pt-PT","@id":"https:\/\/portaltela.pt\/noticias\/2026\/02\/05\/rui-borges-testa-oito-mudancas-para-o-duelo-do-sporting-na-taca-de-portugal\/#primaryimage","url":"https:\/\/portaltela.pt\/s.01k8rhncp4jt1\/2026\/02\/image-417.jpg","contentUrl":"https:\/\/portaltela.pt\/s.01k8rhncp4jt1\/2026\/02\/image-417.jpg","width":796,"height":448,"caption":"Rui Borges, treinador do Sporting"},{"@type":"BreadcrumbList","@id":"https:\/\/portaltela.pt\/noticias\/2026\/02\/05\/rui-borges-testa-oito-mudancas-para-o-duelo-do-sporting-na-taca-de-portugal\/#breadcrumb","itemListElement":[{"@type":"ListItem","position":1,"name":"In\u00edcio","item":"https:\/\/portaltela.pt\/"},{"@type":"ListItem","position":2,"name":"Rui Borges testa oito mudan\u00e7as para o duelo do Sporting na Ta\u00e7a de Portugal"}]},{"@type":"WebSite","@id":"https:\/\/portaltela.pt\/#website","url":"https:\/\/portaltela.pt\/","name":"Portal Tela Portugal","description":"","potentialAction":[{"@type":"SearchAction","target":{"@type":"EntryPoint","urlTemplate":"https:\/\/portaltela.pt\/?s={search_term_string}"},"query-input":{"@type":"PropertyValueSpecification","valueRequired":true,"valueName":"search_term_string"}}],"inLanguage":"pt-PT"},{"@type":"Person","@id":"https:\/\/portaltela.pt\/#\/schema\/person\/c4278d4a6028830caff9ee44b42d32ed","name":"Telinha","image":{"@type":"ImageObject","inLanguage":"pt-PT","@id":"https:\/\/portaltela.pt\/s.01k8rhncp4jt1\/2025\/11\/talking-bot-125x125.png","url":"https:\/\/portaltela.pt\/s.01k8rhncp4jt1\/2025\/11\/talking-bot-125x125.png","contentUrl":"https:\/\/portaltela.pt\/s.01k8rhncp4jt1\/2025\/11\/talking-bot-125x125.png","caption":"Telinha"},"sameAs":["https:\/\/portaltela.pt\/"],"url":"https:\/\/portaltela.pt\/por\/367410592786\/"}]}},"_links":{"self":[{"href":"https:\/\/portaltela.pt\/api\/wp\/v2\/posts\/200621","targetHints":{"allow":["GET"]}}],"collection":[{"href":"https:\/\/portaltela.pt\/api\/wp\/v2\/posts"}],"about":[{"href":"https:\/\/portaltela.pt\/api\/wp\/v2\/types\/post"}],"author":[{"embeddable":true,"href":"https:\/\/portaltela.pt\/api\/wp\/v2\/users\/2"}],"replies":[{"embeddable":true,"href":"https:\/\/portaltela.pt\/api\/wp\/v2\/comments?post=200621"}],"version-history":[{"count":0,"href":"https:\/\/portaltela.pt\/api\/wp\/v2\/posts\/200621\/revisions"}],"wp:featuredmedia":[{"embeddable":true,"href":"https:\/\/portaltela.pt\/api\/wp\/v2\/media\/200626"}],"wp:attachment":[{"href":"https:\/\/portaltela.pt\/api\/wp\/v2\/media?parent=200621"}],"wp:term":[{"taxonomy":"category","embeddable":true,"href":"https:\/\/portaltela.pt\/api\/wp\/v2\/categories?post=200621"},{"taxonomy":"post_tag","embeddable":true,"href":"https:\/\/portaltela.pt\/api\/wp\/v2\/tags?post=200621"}],"curies":[{"name":"wp","href":"https:\/\/api.w.org\/{rel}","templated":true}]}}