{"id":200568,"date":"2026-02-05T16:15:00","date_gmt":"2026-02-05T19:15:00","guid":{"rendered":"https:\/\/portaltela.pt\/noticias\/2026\/02\/05\/benfica-multado-gravemente-e-mourinho-advertido-pela-uefa\/"},"modified":"2026-02-05T16:15:00","modified_gmt":"2026-02-05T19:15:00","slug":"benfica-multado-gravemente-e-mourinho-advertido-pela-uefa","status":"publish","type":"post","link":"https:\/\/portaltela.pt\/desporto\/futebol\/2026\/02\/05\/benfica-multado-gravemente-e-mourinho-advertido-pela-uefa\/","title":{"rendered":"Benfica multado gravemente e Mourinho advertido pela UEFA"},"content":{"rendered":"<p>O Comit\u00e9 Disciplinar da UEFA puniu o Benfica e o Real Madrid com uma multa de 40 mil euros cada um. A san\u00e7\u00e3o foi aplicada por atrasos no rein\u00edcio da partida disputada a 28 de janeiro, na 8.\u00aa e \u00faltima jornada da fase de grupos da Liga dos Campe\u00f5es.<\/p>\n<p>A decis\u00e3o tamb\u00e9m atingiu os treinadores dos dois clubes. Jos\u00e9 Mourinho, do Real Madrid, e \u00c1lvaro Arbeloa, do Benfica, receberam um aviso formal do organismo com sede em Nyon, Su\u00ed\u00e7a.<\/p>\n<p>Os dois clubes ir\u00e3o encontrar-se novamente nos Play-offs da competi\u00e7\u00e3o, com os jogos marcados para os dias 17 e 25 deste m\u00eas. O regresso ocorre na Luz, em Lisboa, e no Bernab\u00e9u, em Madrid, respectivamente.<\/p>\n<h3>Desdobramentos<\/h3>\n<p>A UEFA n\u00e3o revelou detalhes adicionais sobre a natureza exata dos atrasos no rein\u00edcio, limitando-se a confirmar as san\u00e7\u00f5es e a indicar as datas dos pr\u00f3ximos confrontos. A participa\u00e7\u00e3o em Play-offs mant\u00e9m-se, mantendo o calend\u00e1rio competitivo entre as duas equipas para a fase seguinte da competi\u00e7\u00e3o.<\/p>\n","protected":false},"excerpt":{"rendered":"<ul>\n<li>Benfica e Real Madrid foram multados em 40 mil euros pelo Comit\u00e9 Disciplinar da UEFA.<\/li>\n<li>A san\u00e7\u00e3o deve-se ao atraso no rein\u00edcio da partida de 28 de janeiro, a 8.\u00aa e \u00faltima jornada da fase de grupos da Liga dos Campe\u00f5es.<\/li>\n<li>O treinador do Benfica, Jos\u00e9 Mourinho, e o do Real Madrid, \u00c1lvaro Arbeloa, receberam um aviso da UEFA.<\/li>\n<li>As duas equipas defrontam-se num play-off, marcado para 17 e 25 deste m\u00eas.<\/li>\n<li>Os jogos do play-off realizam-se na Luz (Benfica) e no Bernab\u00e9u (Real Madrid).<\/li>\n<\/ul>\n","protected":false},"author":2,"featured_media":200571,"comment_status":"closed","ping_status":"closed","sticky":false,"template":"","format":"standard","meta":{"footnotes":""},"categories":[21,24],"tags":[2960,1946,3577,32,2138,2714],"class_list":["post-200568","post","type-post","status-publish","format-standard","has-post-thumbnail","hentry","category-desporto","category-futebol","tag-arbeloa","tag-benfica","tag-champions-league","tag-futebol","tag-jose-mourinho","tag-real-madrid"],"yoast_head":"<!-- This site is optimized with the Yoast SEO plugin v27.2 - https:\/\/yoast.com\/product\/yoast-seo-wordpress\/ -->\n<title>Benfica multado gravemente e Mourinho advertido pela UEFA - Portal Tela Portugal<\/title>\n<meta name=\"robots\" content=\"index, follow, max-snippet:-1, max-image-preview:large, max-video-preview:-1\" \/>\n<meta property=\"og:locale\" content=\"pt_PT\" \/>\n<meta property=\"og:type\" content=\"article\" \/>\n<meta property=\"og:title\" content=\"Benfica multado gravemente e Mourinho advertido pela UEFA - Portal Tela Portugal\" \/>\n<meta property=\"og:description\" content=\"Benfica e Real Madrid foram multados em 40 mil euros pelo Comit\u00e9 Disciplinar da UEFA. A san\u00e7\u00e3o deve-se ao atraso no rein\u00edcio da partida de 28 de janeiro, a 8.\u00aa e \u00faltima jornada da fase de grupos da Liga dos Campe\u00f5es. O treinador do Benfica, Jos\u00e9 Mourinho, e o do Real Madrid, \u00c1lvaro Arbeloa, receberam um aviso da UEFA. As duas equipas defrontam-se num play-off, marcado para 17 e 25 deste m\u00eas. Os jogos do play-off realizam-se na Luz (Benfica) e no Bernab\u00e9u (Real Madrid).\" \/>\n<meta property=\"og:url\" content=\"https:\/\/portaltela.pt\/noticias\/2026\/02\/05\/benfica-multado-gravemente-e-mourinho-advertido-pela-uefa\/\" \/>\n<meta property=\"og:site_name\" content=\"Portal Tela Portugal\" \/>\n<meta property=\"article:published_time\" content=\"2026-02-05T19:15:00+00:00\" \/>\n<meta name=\"author\" content=\"Telinha\" \/>\n<meta name=\"twitter:card\" content=\"summary_large_image\" \/>\n<meta name=\"twitter:label1\" content=\"Escrito por\" \/>\n\t<meta name=\"twitter:data1\" content=\"Telinha\" \/>\n\t<meta name=\"twitter:label2\" content=\"Tempo estimado de leitura\" \/>\n\t<meta name=\"twitter:data2\" content=\"1 minuto\" \/>\n<script type=\"application\/ld+json\" class=\"yoast-schema-graph\">{\"@context\":\"https:\/\/schema.org\",\"@graph\":[{\"@type\":\"Article\",\"@id\":\"https:\/\/portaltela.pt\/noticias\/2026\/02\/05\/benfica-multado-gravemente-e-mourinho-advertido-pela-uefa\/#article\",\"isPartOf\":{\"@id\":\"https:\/\/portaltela.pt\/noticias\/2026\/02\/05\/benfica-multado-gravemente-e-mourinho-advertido-pela-uefa\/\"},\"author\":{\"name\":\"Telinha\",\"@id\":\"https:\/\/portaltela.pt\/#\/schema\/person\/c4278d4a6028830caff9ee44b42d32ed\"},\"headline\":\"Benfica multado gravemente e Mourinho advertido pela UEFA\",\"datePublished\":\"2026-02-05T19:15:00+00:00\",\"mainEntityOfPage\":{\"@id\":\"https:\/\/portaltela.pt\/noticias\/2026\/02\/05\/benfica-multado-gravemente-e-mourinho-advertido-pela-uefa\/\"},\"wordCount\":182,\"image\":{\"@id\":\"https:\/\/portaltela.pt\/noticias\/2026\/02\/05\/benfica-multado-gravemente-e-mourinho-advertido-pela-uefa\/#primaryimage\"},\"thumbnailUrl\":\"https:\/\/portaltela.pt\/s.01k8rhncp4jt1\/2026\/02\/img_920x518uu2026-02-05-19-05-14-2419793-im-639059152457891239.jpg\",\"keywords\":[\"Arbeloa\",\"Benfica\",\"Champions League\",\"futebol\",\"Jos\u00e9 Mourinho\",\"Real Madrid\"],\"articleSection\":[\"Desporto\",\"Futebol\"],\"inLanguage\":\"pt-PT\"},{\"@type\":\"WebPage\",\"@id\":\"https:\/\/portaltela.pt\/noticias\/2026\/02\/05\/benfica-multado-gravemente-e-mourinho-advertido-pela-uefa\/\",\"url\":\"https:\/\/portaltela.pt\/noticias\/2026\/02\/05\/benfica-multado-gravemente-e-mourinho-advertido-pela-uefa\/\",\"name\":\"Benfica multado gravemente e Mourinho advertido pela UEFA - Portal Tela Portugal\",\"isPartOf\":{\"@id\":\"https:\/\/portaltela.pt\/#website\"},\"primaryImageOfPage\":{\"@id\":\"https:\/\/portaltela.pt\/noticias\/2026\/02\/05\/benfica-multado-gravemente-e-mourinho-advertido-pela-uefa\/#primaryimage\"},\"image\":{\"@id\":\"https:\/\/portaltela.pt\/noticias\/2026\/02\/05\/benfica-multado-gravemente-e-mourinho-advertido-pela-uefa\/#primaryimage\"},\"thumbnailUrl\":\"https:\/\/portaltela.pt\/s.01k8rhncp4jt1\/2026\/02\/img_920x518uu2026-02-05-19-05-14-2419793-im-639059152457891239.jpg\",\"datePublished\":\"2026-02-05T19:15:00+00:00\",\"author\":{\"@id\":\"https:\/\/portaltela.pt\/#\/schema\/person\/c4278d4a6028830caff9ee44b42d32ed\"},\"breadcrumb\":{\"@id\":\"https:\/\/portaltela.pt\/noticias\/2026\/02\/05\/benfica-multado-gravemente-e-mourinho-advertido-pela-uefa\/#breadcrumb\"},\"inLanguage\":\"pt-PT\",\"potentialAction\":[{\"@type\":\"ReadAction\",\"target\":[\"https:\/\/portaltela.pt\/noticias\/2026\/02\/05\/benfica-multado-gravemente-e-mourinho-advertido-pela-uefa\/\"]}]},{\"@type\":\"ImageObject\",\"inLanguage\":\"pt-PT\",\"@id\":\"https:\/\/portaltela.pt\/noticias\/2026\/02\/05\/benfica-multado-gravemente-e-mourinho-advertido-pela-uefa\/#primaryimage\",\"url\":\"https:\/\/portaltela.pt\/s.01k8rhncp4jt1\/2026\/02\/img_920x518uu2026-02-05-19-05-14-2419793-im-639059152457891239.jpg\",\"contentUrl\":\"https:\/\/portaltela.pt\/s.01k8rhncp4jt1\/2026\/02\/img_920x518uu2026-02-05-19-05-14-2419793-im-639059152457891239.jpg\",\"width\":796,\"height\":448,\"caption\":\"Mourinho advertido pela UEFA\"},{\"@type\":\"BreadcrumbList\",\"@id\":\"https:\/\/portaltela.pt\/noticias\/2026\/02\/05\/benfica-multado-gravemente-e-mourinho-advertido-pela-uefa\/#breadcrumb\",\"itemListElement\":[{\"@type\":\"ListItem\",\"position\":1,\"name\":\"In\u00edcio\",\"item\":\"https:\/\/portaltela.pt\/\"},{\"@type\":\"ListItem\",\"position\":2,\"name\":\"Benfica multado gravemente e Mourinho advertido pela UEFA\"}]},{\"@type\":\"WebSite\",\"@id\":\"https:\/\/portaltela.pt\/#website\",\"url\":\"https:\/\/portaltela.pt\/\",\"name\":\"Portal Tela Portugal\",\"description\":\"\",\"potentialAction\":[{\"@type\":\"SearchAction\",\"target\":{\"@type\":\"EntryPoint\",\"urlTemplate\":\"https:\/\/portaltela.pt\/?s={search_term_string}\"},\"query-input\":{\"@type\":\"PropertyValueSpecification\",\"valueRequired\":true,\"valueName\":\"search_term_string\"}}],\"inLanguage\":\"pt-PT\"},{\"@type\":\"Person\",\"@id\":\"https:\/\/portaltela.pt\/#\/schema\/person\/c4278d4a6028830caff9ee44b42d32ed\",\"name\":\"Telinha\",\"image\":{\"@type\":\"ImageObject\",\"inLanguage\":\"pt-PT\",\"@id\":\"https:\/\/portaltela.pt\/s.01k8rhncp4jt1\/2025\/11\/talking-bot-125x125.png\",\"url\":\"https:\/\/portaltela.pt\/s.01k8rhncp4jt1\/2025\/11\/talking-bot-125x125.png\",\"contentUrl\":\"https:\/\/portaltela.pt\/s.01k8rhncp4jt1\/2025\/11\/talking-bot-125x125.png\",\"caption\":\"Telinha\"},\"sameAs\":[\"https:\/\/portaltela.pt\/\"],\"url\":\"https:\/\/portaltela.pt\/por\/367410592786\/\"}]}<\/script>\n<!-- \/ Yoast SEO plugin. -->","yoast_head_json":{"title":"Benfica multado gravemente e Mourinho advertido pela UEFA - Portal Tela Portugal","robots":{"index":"index","follow":"follow","max-snippet":"max-snippet:-1","max-image-preview":"max-image-preview:large","max-video-preview":"max-video-preview:-1"},"og_locale":"pt_PT","og_type":"article","og_title":"Benfica multado gravemente e Mourinho advertido pela UEFA - Portal Tela Portugal","og_description":"Benfica e Real Madrid foram multados em 40 mil euros pelo Comit\u00e9 Disciplinar da UEFA. A san\u00e7\u00e3o deve-se ao atraso no rein\u00edcio da partida de 28 de janeiro, a 8.\u00aa e \u00faltima jornada da fase de grupos da Liga dos Campe\u00f5es. O treinador do Benfica, Jos\u00e9 Mourinho, e o do Real Madrid, \u00c1lvaro Arbeloa, receberam um aviso da UEFA. As duas equipas defrontam-se num play-off, marcado para 17 e 25 deste m\u00eas. Os jogos do play-off realizam-se na Luz (Benfica) e no Bernab\u00e9u (Real Madrid).","og_url":"https:\/\/portaltela.pt\/noticias\/2026\/02\/05\/benfica-multado-gravemente-e-mourinho-advertido-pela-uefa\/","og_site_name":"Portal Tela Portugal","article_published_time":"2026-02-05T19:15:00+00:00","author":"Telinha","twitter_card":"summary_large_image","twitter_misc":{"Escrito por":"Telinha","Tempo estimado de leitura":"1 minuto"},"schema":{"@context":"https:\/\/schema.org","@graph":[{"@type":"Article","@id":"https:\/\/portaltela.pt\/noticias\/2026\/02\/05\/benfica-multado-gravemente-e-mourinho-advertido-pela-uefa\/#article","isPartOf":{"@id":"https:\/\/portaltela.pt\/noticias\/2026\/02\/05\/benfica-multado-gravemente-e-mourinho-advertido-pela-uefa\/"},"author":{"name":"Telinha","@id":"https:\/\/portaltela.pt\/#\/schema\/person\/c4278d4a6028830caff9ee44b42d32ed"},"headline":"Benfica multado gravemente e Mourinho advertido pela UEFA","datePublished":"2026-02-05T19:15:00+00:00","mainEntityOfPage":{"@id":"https:\/\/portaltela.pt\/noticias\/2026\/02\/05\/benfica-multado-gravemente-e-mourinho-advertido-pela-uefa\/"},"wordCount":182,"image":{"@id":"https:\/\/portaltela.pt\/noticias\/2026\/02\/05\/benfica-multado-gravemente-e-mourinho-advertido-pela-uefa\/#primaryimage"},"thumbnailUrl":"https:\/\/portaltela.pt\/s.01k8rhncp4jt1\/2026\/02\/img_920x518uu2026-02-05-19-05-14-2419793-im-639059152457891239.jpg","keywords":["Arbeloa","Benfica","Champions League","futebol","Jos\u00e9 Mourinho","Real Madrid"],"articleSection":["Desporto","Futebol"],"inLanguage":"pt-PT"},{"@type":"WebPage","@id":"https:\/\/portaltela.pt\/noticias\/2026\/02\/05\/benfica-multado-gravemente-e-mourinho-advertido-pela-uefa\/","url":"https:\/\/portaltela.pt\/noticias\/2026\/02\/05\/benfica-multado-gravemente-e-mourinho-advertido-pela-uefa\/","name":"Benfica multado gravemente e Mourinho advertido pela UEFA - Portal Tela Portugal","isPartOf":{"@id":"https:\/\/portaltela.pt\/#website"},"primaryImageOfPage":{"@id":"https:\/\/portaltela.pt\/noticias\/2026\/02\/05\/benfica-multado-gravemente-e-mourinho-advertido-pela-uefa\/#primaryimage"},"image":{"@id":"https:\/\/portaltela.pt\/noticias\/2026\/02\/05\/benfica-multado-gravemente-e-mourinho-advertido-pela-uefa\/#primaryimage"},"thumbnailUrl":"https:\/\/portaltela.pt\/s.01k8rhncp4jt1\/2026\/02\/img_920x518uu2026-02-05-19-05-14-2419793-im-639059152457891239.jpg","datePublished":"2026-02-05T19:15:00+00:00","author":{"@id":"https:\/\/portaltela.pt\/#\/schema\/person\/c4278d4a6028830caff9ee44b42d32ed"},"breadcrumb":{"@id":"https:\/\/portaltela.pt\/noticias\/2026\/02\/05\/benfica-multado-gravemente-e-mourinho-advertido-pela-uefa\/#breadcrumb"},"inLanguage":"pt-PT","potentialAction":[{"@type":"ReadAction","target":["https:\/\/portaltela.pt\/noticias\/2026\/02\/05\/benfica-multado-gravemente-e-mourinho-advertido-pela-uefa\/"]}]},{"@type":"ImageObject","inLanguage":"pt-PT","@id":"https:\/\/portaltela.pt\/noticias\/2026\/02\/05\/benfica-multado-gravemente-e-mourinho-advertido-pela-uefa\/#primaryimage","url":"https:\/\/portaltela.pt\/s.01k8rhncp4jt1\/2026\/02\/img_920x518uu2026-02-05-19-05-14-2419793-im-639059152457891239.jpg","contentUrl":"https:\/\/portaltela.pt\/s.01k8rhncp4jt1\/2026\/02\/img_920x518uu2026-02-05-19-05-14-2419793-im-639059152457891239.jpg","width":796,"height":448,"caption":"Mourinho advertido pela UEFA"},{"@type":"BreadcrumbList","@id":"https:\/\/portaltela.pt\/noticias\/2026\/02\/05\/benfica-multado-gravemente-e-mourinho-advertido-pela-uefa\/#breadcrumb","itemListElement":[{"@type":"ListItem","position":1,"name":"In\u00edcio","item":"https:\/\/portaltela.pt\/"},{"@type":"ListItem","position":2,"name":"Benfica multado gravemente e Mourinho advertido pela UEFA"}]},{"@type":"WebSite","@id":"https:\/\/portaltela.pt\/#website","url":"https:\/\/portaltela.pt\/","name":"Portal Tela Portugal","description":"","potentialAction":[{"@type":"SearchAction","target":{"@type":"EntryPoint","urlTemplate":"https:\/\/portaltela.pt\/?s={search_term_string}"},"query-input":{"@type":"PropertyValueSpecification","valueRequired":true,"valueName":"search_term_string"}}],"inLanguage":"pt-PT"},{"@type":"Person","@id":"https:\/\/portaltela.pt\/#\/schema\/person\/c4278d4a6028830caff9ee44b42d32ed","name":"Telinha","image":{"@type":"ImageObject","inLanguage":"pt-PT","@id":"https:\/\/portaltela.pt\/s.01k8rhncp4jt1\/2025\/11\/talking-bot-125x125.png","url":"https:\/\/portaltela.pt\/s.01k8rhncp4jt1\/2025\/11\/talking-bot-125x125.png","contentUrl":"https:\/\/portaltela.pt\/s.01k8rhncp4jt1\/2025\/11\/talking-bot-125x125.png","caption":"Telinha"},"sameAs":["https:\/\/portaltela.pt\/"],"url":"https:\/\/portaltela.pt\/por\/367410592786\/"}]}},"_links":{"self":[{"href":"https:\/\/portaltela.pt\/api\/wp\/v2\/posts\/200568","targetHints":{"allow":["GET"]}}],"collection":[{"href":"https:\/\/portaltela.pt\/api\/wp\/v2\/posts"}],"about":[{"href":"https:\/\/portaltela.pt\/api\/wp\/v2\/types\/post"}],"author":[{"embeddable":true,"href":"https:\/\/portaltela.pt\/api\/wp\/v2\/users\/2"}],"replies":[{"embeddable":true,"href":"https:\/\/portaltela.pt\/api\/wp\/v2\/comments?post=200568"}],"version-history":[{"count":0,"href":"https:\/\/portaltela.pt\/api\/wp\/v2\/posts\/200568\/revisions"}],"wp:featuredmedia":[{"embeddable":true,"href":"https:\/\/portaltela.pt\/api\/wp\/v2\/media\/200571"}],"wp:attachment":[{"href":"https:\/\/portaltela.pt\/api\/wp\/v2\/media?parent=200568"}],"wp:term":[{"taxonomy":"category","embeddable":true,"href":"https:\/\/portaltela.pt\/api\/wp\/v2\/categories?post=200568"},{"taxonomy":"post_tag","embeddable":true,"href":"https:\/\/portaltela.pt\/api\/wp\/v2\/tags?post=200568"}],"curies":[{"name":"wp","href":"https:\/\/api.w.org\/{rel}","templated":true}]}}