{"id":200533,"date":"2026-02-05T16:11:21","date_gmt":"2026-02-05T19:11:21","guid":{"rendered":"https:\/\/portaltela.pt\/noticias\/2026\/02\/05\/agua-chega-as-portas-da-aldeia-de-arripiado-devido-a-subida-do-tejo-em-chamusca\/"},"modified":"2026-02-05T16:11:21","modified_gmt":"2026-02-05T19:11:21","slug":"agua-chega-as-portas-da-aldeia-de-arripiado-devido-a-subida-do-tejo-em-chamusca","status":"publish","type":"post","link":"https:\/\/portaltela.pt\/noticias\/2026\/02\/05\/agua-chega-as-portas-da-aldeia-de-arripiado-devido-a-subida-do-tejo-em-chamusca\/","title":{"rendered":"\u00c1gua chega \u00e0s portas da aldeia de Arripiado devido \u00e0 subida do Tejo em Chamusca"},"content":{"rendered":"<p>O Tejo atingiu n\u00edveis elevados e a \u00e1gua chegou \u00e0s portas da aldeia do Arripiado, no concelho da Chamusca. A subida do caudal tem sido causada pela precipita\u00e7\u00e3o intensa dos \u00faltimos dias, localizando-se em \u00e1reas ribeirinhas. Habitantes registam preocupa\u00e7\u00e3o com a progress\u00e3o das cheias.<\/p>\n<p>A popula\u00e7\u00e3o da aldeia encontra-se em alerta devido ao aumento do n\u00edvel de \u00e1gua, que j\u00e1 excedeu zonas hist\u00f3ricas de inunda\u00e7\u00f5es. N\u00e3o h\u00e1, para j\u00e1, registo de danos estruturais graves, mas a circula\u00e7\u00e3o na zona tem sido afetada e alguns tro\u00e7os est\u00e3o parcialmente cortados.<\/p>\n<p>As autoridades locais continuam a monitorizar a situa\u00e7\u00e3o ao longo do Tejo, com equipas de prote\u00e7\u00e3o civil em permanente disponibilidade. N\u00e3o foram divulgadas indica\u00e7\u00f5es de desloca\u00e7\u00f5es compuls\u00f3rias at\u00e9 ao momento.<\/p>\n<h3>Contexto das cheias<\/h3>\n<p>As cheias resultam da precipita\u00e7\u00e3o acentuada registada nas \u00faltimas semanas, que se mant\u00e9m elevada em v\u00e1rias regi\u00f5es do pa\u00eds. O foco atual s\u00e3o as \u00e1reas ribeirinhas do Tejo, onde o avan\u00e7o da \u00e1gua exige vigil\u00e2ncia cont\u00ednua dos servi\u00e7os municipais e da defesa civil.<\/p>\n","protected":false},"excerpt":{"rendered":"<ul>\n<li>As cheias, provocadas pela intensa precipita\u00e7\u00e3o dos \u00faltimos dias, deixam v\u00e1rias zonas do pa\u00eds em sobressalto.<\/li>\n<li>Imagens mostram \u00e1gua \u00e0s portas da aldeia do Arripiado, no concelho da Chamusca, devido \u00e0 subida do rio Tejo.<\/li>\n<li>A subida do Tejo levou a inunda\u00e7\u00e3o de \u00e1reas ribeirinhas em Arripiado.<\/li>\n<li>Os habitantes vivem momentos de afli\u00e7\u00e3o devido \u00e0s cheias.<\/li>\n<li>O fen\u00f3meno \u00e9 apresentado como exemplo do aumento das zonas afetadas pelas chuvas intensas.<\/li>\n<\/ul>\n","protected":false},"author":2,"featured_media":200534,"comment_status":"closed","ping_status":"closed","sticky":false,"template":"","format":"standard","meta":{"footnotes":""},"categories":[1],"tags":[1331,4594,3701,2293,320,2408],"class_list":["post-200533","post","type-post","status-publish","format-standard","has-post-thumbnail","hentry","category-noticias","tag-alagamento","tag-chamusca","tag-cheias","tag-inundacoes","tag-protecao-civil","tag-tejo"],"yoast_head":"<!-- This site is optimized with the Yoast SEO plugin v27.2 - https:\/\/yoast.com\/product\/yoast-seo-wordpress\/ -->\n<title>\u00c1gua chega \u00e0s portas da aldeia de Arripiado devido \u00e0 subida do Tejo em Chamusca - Portal Tela Portugal<\/title>\n<meta name=\"robots\" content=\"index, follow, max-snippet:-1, max-image-preview:large, max-video-preview:-1\" \/>\n<meta property=\"og:locale\" content=\"pt_PT\" \/>\n<meta property=\"og:type\" content=\"article\" \/>\n<meta property=\"og:title\" content=\"\u00c1gua chega \u00e0s portas da aldeia de Arripiado devido \u00e0 subida do Tejo em Chamusca - Portal Tela Portugal\" \/>\n<meta property=\"og:description\" content=\"As cheias, provocadas pela intensa precipita\u00e7\u00e3o dos \u00faltimos dias, deixam v\u00e1rias zonas do pa\u00eds em sobressalto. Imagens mostram \u00e1gua \u00e0s portas da aldeia do Arripiado, no concelho da Chamusca, devido \u00e0 subida do rio Tejo. A subida do Tejo levou a inunda\u00e7\u00e3o de \u00e1reas ribeirinhas em Arripiado. Os habitantes vivem momentos de afli\u00e7\u00e3o devido \u00e0s cheias. O fen\u00f3meno \u00e9 apresentado como exemplo do aumento das zonas afetadas pelas chuvas intensas.\" \/>\n<meta property=\"og:url\" content=\"https:\/\/portaltela.pt\/noticias\/2026\/02\/05\/agua-chega-as-portas-da-aldeia-de-arripiado-devido-a-subida-do-tejo-em-chamusca\/\" \/>\n<meta property=\"og:site_name\" content=\"Portal Tela Portugal\" \/>\n<meta property=\"article:published_time\" content=\"2026-02-05T19:11:21+00:00\" \/>\n<meta name=\"author\" content=\"Telinha\" \/>\n<meta name=\"twitter:card\" content=\"summary_large_image\" \/>\n<meta name=\"twitter:label1\" content=\"Escrito por\" \/>\n\t<meta name=\"twitter:data1\" content=\"Telinha\" \/>\n\t<meta name=\"twitter:label2\" content=\"Tempo estimado de leitura\" \/>\n\t<meta name=\"twitter:data2\" content=\"1 minuto\" \/>\n<script type=\"application\/ld+json\" class=\"yoast-schema-graph\">{\"@context\":\"https:\/\/schema.org\",\"@graph\":[{\"@type\":\"Article\",\"@id\":\"https:\/\/portaltela.pt\/noticias\/2026\/02\/05\/agua-chega-as-portas-da-aldeia-de-arripiado-devido-a-subida-do-tejo-em-chamusca\/#article\",\"isPartOf\":{\"@id\":\"https:\/\/portaltela.pt\/noticias\/2026\/02\/05\/agua-chega-as-portas-da-aldeia-de-arripiado-devido-a-subida-do-tejo-em-chamusca\/\"},\"author\":{\"name\":\"Telinha\",\"@id\":\"https:\/\/portaltela.pt\/#\/schema\/person\/c4278d4a6028830caff9ee44b42d32ed\"},\"headline\":\"\u00c1gua chega \u00e0s portas da aldeia de Arripiado devido \u00e0 subida do Tejo em Chamusca\",\"datePublished\":\"2026-02-05T19:11:21+00:00\",\"mainEntityOfPage\":{\"@id\":\"https:\/\/portaltela.pt\/noticias\/2026\/02\/05\/agua-chega-as-portas-da-aldeia-de-arripiado-devido-a-subida-do-tejo-em-chamusca\/\"},\"wordCount\":206,\"image\":{\"@id\":\"https:\/\/portaltela.pt\/noticias\/2026\/02\/05\/agua-chega-as-portas-da-aldeia-de-arripiado-devido-a-subida-do-tejo-em-chamusca\/#primaryimage\"},\"thumbnailUrl\":\"https:\/\/portaltela.pt\/s.01k8rhncp4jt1\/2026\/02\/img_1200x721uu2026-02-05-19-04-15-2419792.jpg\",\"keywords\":[\"alagamento\",\"Chamusca\",\"cheias\",\"inunda\u00e7\u00f5es\",\"prote\u00e7\u00e3o civil\",\"Tejo\"],\"articleSection\":[\"Not\u00edcias\"],\"inLanguage\":\"pt-PT\"},{\"@type\":\"WebPage\",\"@id\":\"https:\/\/portaltela.pt\/noticias\/2026\/02\/05\/agua-chega-as-portas-da-aldeia-de-arripiado-devido-a-subida-do-tejo-em-chamusca\/\",\"url\":\"https:\/\/portaltela.pt\/noticias\/2026\/02\/05\/agua-chega-as-portas-da-aldeia-de-arripiado-devido-a-subida-do-tejo-em-chamusca\/\",\"name\":\"\u00c1gua chega \u00e0s portas da aldeia de Arripiado devido \u00e0 subida do Tejo em Chamusca - Portal Tela Portugal\",\"isPartOf\":{\"@id\":\"https:\/\/portaltela.pt\/#website\"},\"primaryImageOfPage\":{\"@id\":\"https:\/\/portaltela.pt\/noticias\/2026\/02\/05\/agua-chega-as-portas-da-aldeia-de-arripiado-devido-a-subida-do-tejo-em-chamusca\/#primaryimage\"},\"image\":{\"@id\":\"https:\/\/portaltela.pt\/noticias\/2026\/02\/05\/agua-chega-as-portas-da-aldeia-de-arripiado-devido-a-subida-do-tejo-em-chamusca\/#primaryimage\"},\"thumbnailUrl\":\"https:\/\/portaltela.pt\/s.01k8rhncp4jt1\/2026\/02\/img_1200x721uu2026-02-05-19-04-15-2419792.jpg\",\"datePublished\":\"2026-02-05T19:11:21+00:00\",\"author\":{\"@id\":\"https:\/\/portaltela.pt\/#\/schema\/person\/c4278d4a6028830caff9ee44b42d32ed\"},\"breadcrumb\":{\"@id\":\"https:\/\/portaltela.pt\/noticias\/2026\/02\/05\/agua-chega-as-portas-da-aldeia-de-arripiado-devido-a-subida-do-tejo-em-chamusca\/#breadcrumb\"},\"inLanguage\":\"pt-PT\",\"potentialAction\":[{\"@type\":\"ReadAction\",\"target\":[\"https:\/\/portaltela.pt\/noticias\/2026\/02\/05\/agua-chega-as-portas-da-aldeia-de-arripiado-devido-a-subida-do-tejo-em-chamusca\/\"]}]},{\"@type\":\"ImageObject\",\"inLanguage\":\"pt-PT\",\"@id\":\"https:\/\/portaltela.pt\/noticias\/2026\/02\/05\/agua-chega-as-portas-da-aldeia-de-arripiado-devido-a-subida-do-tejo-em-chamusca\/#primaryimage\",\"url\":\"https:\/\/portaltela.pt\/s.01k8rhncp4jt1\/2026\/02\/img_1200x721uu2026-02-05-19-04-15-2419792.jpg\",\"contentUrl\":\"https:\/\/portaltela.pt\/s.01k8rhncp4jt1\/2026\/02\/img_1200x721uu2026-02-05-19-04-15-2419792.jpg\",\"width\":796,\"height\":448,\"caption\":\"Imagens mostram \u00e1gua \u00e0s portas da aldeia do Arripiado devido \u00e0 subida do rio Tejo no concelho da Chamusca\"},{\"@type\":\"BreadcrumbList\",\"@id\":\"https:\/\/portaltela.pt\/noticias\/2026\/02\/05\/agua-chega-as-portas-da-aldeia-de-arripiado-devido-a-subida-do-tejo-em-chamusca\/#breadcrumb\",\"itemListElement\":[{\"@type\":\"ListItem\",\"position\":1,\"name\":\"In\u00edcio\",\"item\":\"https:\/\/portaltela.pt\/\"},{\"@type\":\"ListItem\",\"position\":2,\"name\":\"\u00c1gua chega \u00e0s portas da aldeia de Arripiado devido \u00e0 subida do Tejo em Chamusca\"}]},{\"@type\":\"WebSite\",\"@id\":\"https:\/\/portaltela.pt\/#website\",\"url\":\"https:\/\/portaltela.pt\/\",\"name\":\"Portal Tela Portugal\",\"description\":\"\",\"potentialAction\":[{\"@type\":\"SearchAction\",\"target\":{\"@type\":\"EntryPoint\",\"urlTemplate\":\"https:\/\/portaltela.pt\/?s={search_term_string}\"},\"query-input\":{\"@type\":\"PropertyValueSpecification\",\"valueRequired\":true,\"valueName\":\"search_term_string\"}}],\"inLanguage\":\"pt-PT\"},{\"@type\":\"Person\",\"@id\":\"https:\/\/portaltela.pt\/#\/schema\/person\/c4278d4a6028830caff9ee44b42d32ed\",\"name\":\"Telinha\",\"image\":{\"@type\":\"ImageObject\",\"inLanguage\":\"pt-PT\",\"@id\":\"https:\/\/portaltela.pt\/s.01k8rhncp4jt1\/2025\/11\/talking-bot-125x125.png\",\"url\":\"https:\/\/portaltela.pt\/s.01k8rhncp4jt1\/2025\/11\/talking-bot-125x125.png\",\"contentUrl\":\"https:\/\/portaltela.pt\/s.01k8rhncp4jt1\/2025\/11\/talking-bot-125x125.png\",\"caption\":\"Telinha\"},\"sameAs\":[\"https:\/\/portaltela.pt\/\"],\"url\":\"https:\/\/portaltela.pt\/por\/367410592786\/\"}]}<\/script>\n<!-- \/ Yoast SEO plugin. -->","yoast_head_json":{"title":"\u00c1gua chega \u00e0s portas da aldeia de Arripiado devido \u00e0 subida do Tejo em Chamusca - Portal Tela Portugal","robots":{"index":"index","follow":"follow","max-snippet":"max-snippet:-1","max-image-preview":"max-image-preview:large","max-video-preview":"max-video-preview:-1"},"og_locale":"pt_PT","og_type":"article","og_title":"\u00c1gua chega \u00e0s portas da aldeia de Arripiado devido \u00e0 subida do Tejo em Chamusca - Portal Tela Portugal","og_description":"As cheias, provocadas pela intensa precipita\u00e7\u00e3o dos \u00faltimos dias, deixam v\u00e1rias zonas do pa\u00eds em sobressalto. Imagens mostram \u00e1gua \u00e0s portas da aldeia do Arripiado, no concelho da Chamusca, devido \u00e0 subida do rio Tejo. A subida do Tejo levou a inunda\u00e7\u00e3o de \u00e1reas ribeirinhas em Arripiado. Os habitantes vivem momentos de afli\u00e7\u00e3o devido \u00e0s cheias. O fen\u00f3meno \u00e9 apresentado como exemplo do aumento das zonas afetadas pelas chuvas intensas.","og_url":"https:\/\/portaltela.pt\/noticias\/2026\/02\/05\/agua-chega-as-portas-da-aldeia-de-arripiado-devido-a-subida-do-tejo-em-chamusca\/","og_site_name":"Portal Tela Portugal","article_published_time":"2026-02-05T19:11:21+00:00","author":"Telinha","twitter_card":"summary_large_image","twitter_misc":{"Escrito por":"Telinha","Tempo estimado de leitura":"1 minuto"},"schema":{"@context":"https:\/\/schema.org","@graph":[{"@type":"Article","@id":"https:\/\/portaltela.pt\/noticias\/2026\/02\/05\/agua-chega-as-portas-da-aldeia-de-arripiado-devido-a-subida-do-tejo-em-chamusca\/#article","isPartOf":{"@id":"https:\/\/portaltela.pt\/noticias\/2026\/02\/05\/agua-chega-as-portas-da-aldeia-de-arripiado-devido-a-subida-do-tejo-em-chamusca\/"},"author":{"name":"Telinha","@id":"https:\/\/portaltela.pt\/#\/schema\/person\/c4278d4a6028830caff9ee44b42d32ed"},"headline":"\u00c1gua chega \u00e0s portas da aldeia de Arripiado devido \u00e0 subida do Tejo em Chamusca","datePublished":"2026-02-05T19:11:21+00:00","mainEntityOfPage":{"@id":"https:\/\/portaltela.pt\/noticias\/2026\/02\/05\/agua-chega-as-portas-da-aldeia-de-arripiado-devido-a-subida-do-tejo-em-chamusca\/"},"wordCount":206,"image":{"@id":"https:\/\/portaltela.pt\/noticias\/2026\/02\/05\/agua-chega-as-portas-da-aldeia-de-arripiado-devido-a-subida-do-tejo-em-chamusca\/#primaryimage"},"thumbnailUrl":"https:\/\/portaltela.pt\/s.01k8rhncp4jt1\/2026\/02\/img_1200x721uu2026-02-05-19-04-15-2419792.jpg","keywords":["alagamento","Chamusca","cheias","inunda\u00e7\u00f5es","prote\u00e7\u00e3o civil","Tejo"],"articleSection":["Not\u00edcias"],"inLanguage":"pt-PT"},{"@type":"WebPage","@id":"https:\/\/portaltela.pt\/noticias\/2026\/02\/05\/agua-chega-as-portas-da-aldeia-de-arripiado-devido-a-subida-do-tejo-em-chamusca\/","url":"https:\/\/portaltela.pt\/noticias\/2026\/02\/05\/agua-chega-as-portas-da-aldeia-de-arripiado-devido-a-subida-do-tejo-em-chamusca\/","name":"\u00c1gua chega \u00e0s portas da aldeia de Arripiado devido \u00e0 subida do Tejo em Chamusca - Portal Tela Portugal","isPartOf":{"@id":"https:\/\/portaltela.pt\/#website"},"primaryImageOfPage":{"@id":"https:\/\/portaltela.pt\/noticias\/2026\/02\/05\/agua-chega-as-portas-da-aldeia-de-arripiado-devido-a-subida-do-tejo-em-chamusca\/#primaryimage"},"image":{"@id":"https:\/\/portaltela.pt\/noticias\/2026\/02\/05\/agua-chega-as-portas-da-aldeia-de-arripiado-devido-a-subida-do-tejo-em-chamusca\/#primaryimage"},"thumbnailUrl":"https:\/\/portaltela.pt\/s.01k8rhncp4jt1\/2026\/02\/img_1200x721uu2026-02-05-19-04-15-2419792.jpg","datePublished":"2026-02-05T19:11:21+00:00","author":{"@id":"https:\/\/portaltela.pt\/#\/schema\/person\/c4278d4a6028830caff9ee44b42d32ed"},"breadcrumb":{"@id":"https:\/\/portaltela.pt\/noticias\/2026\/02\/05\/agua-chega-as-portas-da-aldeia-de-arripiado-devido-a-subida-do-tejo-em-chamusca\/#breadcrumb"},"inLanguage":"pt-PT","potentialAction":[{"@type":"ReadAction","target":["https:\/\/portaltela.pt\/noticias\/2026\/02\/05\/agua-chega-as-portas-da-aldeia-de-arripiado-devido-a-subida-do-tejo-em-chamusca\/"]}]},{"@type":"ImageObject","inLanguage":"pt-PT","@id":"https:\/\/portaltela.pt\/noticias\/2026\/02\/05\/agua-chega-as-portas-da-aldeia-de-arripiado-devido-a-subida-do-tejo-em-chamusca\/#primaryimage","url":"https:\/\/portaltela.pt\/s.01k8rhncp4jt1\/2026\/02\/img_1200x721uu2026-02-05-19-04-15-2419792.jpg","contentUrl":"https:\/\/portaltela.pt\/s.01k8rhncp4jt1\/2026\/02\/img_1200x721uu2026-02-05-19-04-15-2419792.jpg","width":796,"height":448,"caption":"Imagens mostram \u00e1gua \u00e0s portas da aldeia do Arripiado devido \u00e0 subida do rio Tejo no concelho da Chamusca"},{"@type":"BreadcrumbList","@id":"https:\/\/portaltela.pt\/noticias\/2026\/02\/05\/agua-chega-as-portas-da-aldeia-de-arripiado-devido-a-subida-do-tejo-em-chamusca\/#breadcrumb","itemListElement":[{"@type":"ListItem","position":1,"name":"In\u00edcio","item":"https:\/\/portaltela.pt\/"},{"@type":"ListItem","position":2,"name":"\u00c1gua chega \u00e0s portas da aldeia de Arripiado devido \u00e0 subida do Tejo em Chamusca"}]},{"@type":"WebSite","@id":"https:\/\/portaltela.pt\/#website","url":"https:\/\/portaltela.pt\/","name":"Portal Tela Portugal","description":"","potentialAction":[{"@type":"SearchAction","target":{"@type":"EntryPoint","urlTemplate":"https:\/\/portaltela.pt\/?s={search_term_string}"},"query-input":{"@type":"PropertyValueSpecification","valueRequired":true,"valueName":"search_term_string"}}],"inLanguage":"pt-PT"},{"@type":"Person","@id":"https:\/\/portaltela.pt\/#\/schema\/person\/c4278d4a6028830caff9ee44b42d32ed","name":"Telinha","image":{"@type":"ImageObject","inLanguage":"pt-PT","@id":"https:\/\/portaltela.pt\/s.01k8rhncp4jt1\/2025\/11\/talking-bot-125x125.png","url":"https:\/\/portaltela.pt\/s.01k8rhncp4jt1\/2025\/11\/talking-bot-125x125.png","contentUrl":"https:\/\/portaltela.pt\/s.01k8rhncp4jt1\/2025\/11\/talking-bot-125x125.png","caption":"Telinha"},"sameAs":["https:\/\/portaltela.pt\/"],"url":"https:\/\/portaltela.pt\/por\/367410592786\/"}]}},"_links":{"self":[{"href":"https:\/\/portaltela.pt\/api\/wp\/v2\/posts\/200533","targetHints":{"allow":["GET"]}}],"collection":[{"href":"https:\/\/portaltela.pt\/api\/wp\/v2\/posts"}],"about":[{"href":"https:\/\/portaltela.pt\/api\/wp\/v2\/types\/post"}],"author":[{"embeddable":true,"href":"https:\/\/portaltela.pt\/api\/wp\/v2\/users\/2"}],"replies":[{"embeddable":true,"href":"https:\/\/portaltela.pt\/api\/wp\/v2\/comments?post=200533"}],"version-history":[{"count":0,"href":"https:\/\/portaltela.pt\/api\/wp\/v2\/posts\/200533\/revisions"}],"wp:featuredmedia":[{"embeddable":true,"href":"https:\/\/portaltela.pt\/api\/wp\/v2\/media\/200534"}],"wp:attachment":[{"href":"https:\/\/portaltela.pt\/api\/wp\/v2\/media?parent=200533"}],"wp:term":[{"taxonomy":"category","embeddable":true,"href":"https:\/\/portaltela.pt\/api\/wp\/v2\/categories?post=200533"},{"taxonomy":"post_tag","embeddable":true,"href":"https:\/\/portaltela.pt\/api\/wp\/v2\/tags?post=200533"}],"curies":[{"name":"wp","href":"https:\/\/api.w.org\/{rel}","templated":true}]}}