{"id":200501,"date":"2026-02-05T16:00:00","date_gmt":"2026-02-05T19:00:00","guid":{"rendered":"https:\/\/portaltela.pt\/noticias\/2026\/02\/05\/agua-as-portas-da-aldeia-do-arripiado-devido-a-subida-do-tejo-na-chamusca\/"},"modified":"2026-02-05T16:00:00","modified_gmt":"2026-02-05T19:00:00","slug":"agua-as-portas-da-aldeia-do-arripiado-devido-a-subida-do-tejo-na-chamusca","status":"publish","type":"post","link":"https:\/\/portaltela.pt\/noticias\/2026\/02\/05\/agua-as-portas-da-aldeia-do-arripiado-devido-a-subida-do-tejo-na-chamusca\/","title":{"rendered":"\u00c1gua \u00e0s portas da aldeia do Arripiado devido \u00e0 subida do Tejo na Chamusca"},"content":{"rendered":"<p>Na tarde de hoje, o rio Tejo subiu e a \u00e1gua chegou \u00e0s portas da aldeia do Arripiado, no concelho da Chamusca. As zonas ribeirinhas foram evacuadas de forma preventiva pelas autoridades locais.<\/p>\n<p>Segundo os servi\u00e7os de prote\u00e7\u00e3o civil, toda a \u00e1rea junto ao Tejo na regi\u00e3o j\u00e1 foi alvo de evacua\u00e7\u00f5es. O objetivo \u00e9 evitar riscos associados a cheias s\u00fabitas e \u00e0 subida do n\u00edvel de \u00e1gua.<\/p>\n<p>Bombeiros, agentes municipais e pessoas ligadas \u00e0s opera\u00e7\u00f5es de prote\u00e7\u00e3o civil participam na gest\u00e3o da evacua\u00e7\u00e3o e no refor\u00e7o de conten\u00e7\u00e3o de \u00e1reas suscept\u00edveis a inunda\u00e7\u00f5es. A monitoriza\u00e7\u00e3o continua para acompanhar a evolu\u00e7\u00e3o da subida do caudal.<\/p>\n<p>As autoridades mant\u00eam o aviso ativo e a situa\u00e7\u00e3o sob vigil\u00e2ncia, sem ainda indicar conclus\u00f5es sobre a dura\u00e7\u00e3o das restri\u00e7\u00f5es ou eventual recomposi\u00e7\u00e3o de acessos nas pr\u00f3ximas horas.<\/p>\n","protected":false},"excerpt":{"rendered":"<ul>\n<li>A subida do rio Tejo chegou \u00e0s portas da aldeia do Arripiado, no concelho da Chamusca.<\/li>\n<li>Imagens mostram \u00e1gua a avan\u00e7ar para a zona ribeirinha.<\/li>\n<li>Todas as \u00e1reas junto ao rio foram evacuadas.<\/li>\n<li>A evacua\u00e7\u00e3o envolve as zonas pr\u00f3ximas da aldeia devido ao aumento do caudal.<\/li>\n<\/ul>\n","protected":false},"author":2,"featured_media":200502,"comment_status":"closed","ping_status":"closed","sticky":false,"template":"","format":"standard","meta":{"footnotes":""},"categories":[1],"tags":[3812,4594,4519,2293,320,2408],"class_list":["post-200501","post","type-post","status-publish","format-standard","has-post-thumbnail","hentry","category-noticias","tag-alagamentos","tag-chamusca","tag-evacuacoes","tag-inundacoes","tag-protecao-civil","tag-tejo"],"yoast_head":"<!-- This site is optimized with the Yoast SEO plugin v27.2 - https:\/\/yoast.com\/product\/yoast-seo-wordpress\/ -->\n<title>\u00c1gua \u00e0s portas da aldeia do Arripiado devido \u00e0 subida do Tejo na Chamusca - Portal Tela Portugal<\/title>\n<meta name=\"robots\" content=\"index, follow, max-snippet:-1, max-image-preview:large, max-video-preview:-1\" \/>\n<meta property=\"og:locale\" content=\"pt_PT\" \/>\n<meta property=\"og:type\" content=\"article\" \/>\n<meta property=\"og:title\" content=\"\u00c1gua \u00e0s portas da aldeia do Arripiado devido \u00e0 subida do Tejo na Chamusca - Portal Tela Portugal\" \/>\n<meta property=\"og:description\" content=\"A subida do rio Tejo chegou \u00e0s portas da aldeia do Arripiado, no concelho da Chamusca. Imagens mostram \u00e1gua a avan\u00e7ar para a zona ribeirinha. Todas as \u00e1reas junto ao rio foram evacuadas. A evacua\u00e7\u00e3o envolve as zonas pr\u00f3ximas da aldeia devido ao aumento do caudal.\" \/>\n<meta property=\"og:url\" content=\"https:\/\/portaltela.pt\/noticias\/2026\/02\/05\/agua-as-portas-da-aldeia-do-arripiado-devido-a-subida-do-tejo-na-chamusca\/\" \/>\n<meta property=\"og:site_name\" content=\"Portal Tela Portugal\" \/>\n<meta property=\"article:published_time\" content=\"2026-02-05T19:00:00+00:00\" \/>\n<meta name=\"author\" content=\"Telinha\" \/>\n<meta name=\"twitter:card\" content=\"summary_large_image\" \/>\n<meta name=\"twitter:label1\" content=\"Escrito por\" \/>\n\t<meta name=\"twitter:data1\" content=\"Telinha\" \/>\n\t<meta name=\"twitter:label2\" content=\"Tempo estimado de leitura\" \/>\n\t<meta name=\"twitter:data2\" content=\"1 minuto\" \/>\n<script type=\"application\/ld+json\" class=\"yoast-schema-graph\">{\"@context\":\"https:\/\/schema.org\",\"@graph\":[{\"@type\":\"Article\",\"@id\":\"https:\/\/portaltela.pt\/noticias\/2026\/02\/05\/agua-as-portas-da-aldeia-do-arripiado-devido-a-subida-do-tejo-na-chamusca\/#article\",\"isPartOf\":{\"@id\":\"https:\/\/portaltela.pt\/noticias\/2026\/02\/05\/agua-as-portas-da-aldeia-do-arripiado-devido-a-subida-do-tejo-na-chamusca\/\"},\"author\":{\"name\":\"Telinha\",\"@id\":\"https:\/\/portaltela.pt\/#\/schema\/person\/c4278d4a6028830caff9ee44b42d32ed\"},\"headline\":\"\u00c1gua \u00e0s portas da aldeia do Arripiado devido \u00e0 subida do Tejo na Chamusca\",\"datePublished\":\"2026-02-05T19:00:00+00:00\",\"mainEntityOfPage\":{\"@id\":\"https:\/\/portaltela.pt\/noticias\/2026\/02\/05\/agua-as-portas-da-aldeia-do-arripiado-devido-a-subida-do-tejo-na-chamusca\/\"},\"wordCount\":168,\"image\":{\"@id\":\"https:\/\/portaltela.pt\/noticias\/2026\/02\/05\/agua-as-portas-da-aldeia-do-arripiado-devido-a-subida-do-tejo-na-chamusca\/#primaryimage\"},\"thumbnailUrl\":\"https:\/\/portaltela.pt\/s.01k8rhncp4jt1\/2026\/02\/img_1280x722uu2026-02-05-18-58-09-2265025.jpg\",\"keywords\":[\"alagamentos\",\"Chamusca\",\"evacua\u00e7\u00f5es\",\"inunda\u00e7\u00f5es\",\"prote\u00e7\u00e3o civil\",\"Tejo\"],\"articleSection\":[\"Not\u00edcias\"],\"inLanguage\":\"pt-PT\"},{\"@type\":\"WebPage\",\"@id\":\"https:\/\/portaltela.pt\/noticias\/2026\/02\/05\/agua-as-portas-da-aldeia-do-arripiado-devido-a-subida-do-tejo-na-chamusca\/\",\"url\":\"https:\/\/portaltela.pt\/noticias\/2026\/02\/05\/agua-as-portas-da-aldeia-do-arripiado-devido-a-subida-do-tejo-na-chamusca\/\",\"name\":\"\u00c1gua \u00e0s portas da aldeia do Arripiado devido \u00e0 subida do Tejo na Chamusca - Portal Tela Portugal\",\"isPartOf\":{\"@id\":\"https:\/\/portaltela.pt\/#website\"},\"primaryImageOfPage\":{\"@id\":\"https:\/\/portaltela.pt\/noticias\/2026\/02\/05\/agua-as-portas-da-aldeia-do-arripiado-devido-a-subida-do-tejo-na-chamusca\/#primaryimage\"},\"image\":{\"@id\":\"https:\/\/portaltela.pt\/noticias\/2026\/02\/05\/agua-as-portas-da-aldeia-do-arripiado-devido-a-subida-do-tejo-na-chamusca\/#primaryimage\"},\"thumbnailUrl\":\"https:\/\/portaltela.pt\/s.01k8rhncp4jt1\/2026\/02\/img_1280x722uu2026-02-05-18-58-09-2265025.jpg\",\"datePublished\":\"2026-02-05T19:00:00+00:00\",\"author\":{\"@id\":\"https:\/\/portaltela.pt\/#\/schema\/person\/c4278d4a6028830caff9ee44b42d32ed\"},\"breadcrumb\":{\"@id\":\"https:\/\/portaltela.pt\/noticias\/2026\/02\/05\/agua-as-portas-da-aldeia-do-arripiado-devido-a-subida-do-tejo-na-chamusca\/#breadcrumb\"},\"inLanguage\":\"pt-PT\",\"potentialAction\":[{\"@type\":\"ReadAction\",\"target\":[\"https:\/\/portaltela.pt\/noticias\/2026\/02\/05\/agua-as-portas-da-aldeia-do-arripiado-devido-a-subida-do-tejo-na-chamusca\/\"]}]},{\"@type\":\"ImageObject\",\"inLanguage\":\"pt-PT\",\"@id\":\"https:\/\/portaltela.pt\/noticias\/2026\/02\/05\/agua-as-portas-da-aldeia-do-arripiado-devido-a-subida-do-tejo-na-chamusca\/#primaryimage\",\"url\":\"https:\/\/portaltela.pt\/s.01k8rhncp4jt1\/2026\/02\/img_1280x722uu2026-02-05-18-58-09-2265025.jpg\",\"contentUrl\":\"https:\/\/portaltela.pt\/s.01k8rhncp4jt1\/2026\/02\/img_1280x722uu2026-02-05-18-58-09-2265025.jpg\",\"width\":796,\"height\":448,\"caption\":\"Imagens mostram \u00e1gua \u00e0s portas da aldeia do Arripiado devido \u00e0 subida do rio Tejo no concelho da Chamusca\"},{\"@type\":\"BreadcrumbList\",\"@id\":\"https:\/\/portaltela.pt\/noticias\/2026\/02\/05\/agua-as-portas-da-aldeia-do-arripiado-devido-a-subida-do-tejo-na-chamusca\/#breadcrumb\",\"itemListElement\":[{\"@type\":\"ListItem\",\"position\":1,\"name\":\"In\u00edcio\",\"item\":\"https:\/\/portaltela.pt\/\"},{\"@type\":\"ListItem\",\"position\":2,\"name\":\"\u00c1gua \u00e0s portas da aldeia do Arripiado devido \u00e0 subida do Tejo na Chamusca\"}]},{\"@type\":\"WebSite\",\"@id\":\"https:\/\/portaltela.pt\/#website\",\"url\":\"https:\/\/portaltela.pt\/\",\"name\":\"Portal Tela Portugal\",\"description\":\"\",\"potentialAction\":[{\"@type\":\"SearchAction\",\"target\":{\"@type\":\"EntryPoint\",\"urlTemplate\":\"https:\/\/portaltela.pt\/?s={search_term_string}\"},\"query-input\":{\"@type\":\"PropertyValueSpecification\",\"valueRequired\":true,\"valueName\":\"search_term_string\"}}],\"inLanguage\":\"pt-PT\"},{\"@type\":\"Person\",\"@id\":\"https:\/\/portaltela.pt\/#\/schema\/person\/c4278d4a6028830caff9ee44b42d32ed\",\"name\":\"Telinha\",\"image\":{\"@type\":\"ImageObject\",\"inLanguage\":\"pt-PT\",\"@id\":\"https:\/\/portaltela.pt\/s.01k8rhncp4jt1\/2025\/11\/talking-bot-125x125.png\",\"url\":\"https:\/\/portaltela.pt\/s.01k8rhncp4jt1\/2025\/11\/talking-bot-125x125.png\",\"contentUrl\":\"https:\/\/portaltela.pt\/s.01k8rhncp4jt1\/2025\/11\/talking-bot-125x125.png\",\"caption\":\"Telinha\"},\"sameAs\":[\"https:\/\/portaltela.pt\/\"],\"url\":\"https:\/\/portaltela.pt\/por\/367410592786\/\"}]}<\/script>\n<!-- \/ Yoast SEO plugin. -->","yoast_head_json":{"title":"\u00c1gua \u00e0s portas da aldeia do Arripiado devido \u00e0 subida do Tejo na Chamusca - Portal Tela Portugal","robots":{"index":"index","follow":"follow","max-snippet":"max-snippet:-1","max-image-preview":"max-image-preview:large","max-video-preview":"max-video-preview:-1"},"og_locale":"pt_PT","og_type":"article","og_title":"\u00c1gua \u00e0s portas da aldeia do Arripiado devido \u00e0 subida do Tejo na Chamusca - Portal Tela Portugal","og_description":"A subida do rio Tejo chegou \u00e0s portas da aldeia do Arripiado, no concelho da Chamusca. Imagens mostram \u00e1gua a avan\u00e7ar para a zona ribeirinha. Todas as \u00e1reas junto ao rio foram evacuadas. A evacua\u00e7\u00e3o envolve as zonas pr\u00f3ximas da aldeia devido ao aumento do caudal.","og_url":"https:\/\/portaltela.pt\/noticias\/2026\/02\/05\/agua-as-portas-da-aldeia-do-arripiado-devido-a-subida-do-tejo-na-chamusca\/","og_site_name":"Portal Tela Portugal","article_published_time":"2026-02-05T19:00:00+00:00","author":"Telinha","twitter_card":"summary_large_image","twitter_misc":{"Escrito por":"Telinha","Tempo estimado de leitura":"1 minuto"},"schema":{"@context":"https:\/\/schema.org","@graph":[{"@type":"Article","@id":"https:\/\/portaltela.pt\/noticias\/2026\/02\/05\/agua-as-portas-da-aldeia-do-arripiado-devido-a-subida-do-tejo-na-chamusca\/#article","isPartOf":{"@id":"https:\/\/portaltela.pt\/noticias\/2026\/02\/05\/agua-as-portas-da-aldeia-do-arripiado-devido-a-subida-do-tejo-na-chamusca\/"},"author":{"name":"Telinha","@id":"https:\/\/portaltela.pt\/#\/schema\/person\/c4278d4a6028830caff9ee44b42d32ed"},"headline":"\u00c1gua \u00e0s portas da aldeia do Arripiado devido \u00e0 subida do Tejo na Chamusca","datePublished":"2026-02-05T19:00:00+00:00","mainEntityOfPage":{"@id":"https:\/\/portaltela.pt\/noticias\/2026\/02\/05\/agua-as-portas-da-aldeia-do-arripiado-devido-a-subida-do-tejo-na-chamusca\/"},"wordCount":168,"image":{"@id":"https:\/\/portaltela.pt\/noticias\/2026\/02\/05\/agua-as-portas-da-aldeia-do-arripiado-devido-a-subida-do-tejo-na-chamusca\/#primaryimage"},"thumbnailUrl":"https:\/\/portaltela.pt\/s.01k8rhncp4jt1\/2026\/02\/img_1280x722uu2026-02-05-18-58-09-2265025.jpg","keywords":["alagamentos","Chamusca","evacua\u00e7\u00f5es","inunda\u00e7\u00f5es","prote\u00e7\u00e3o civil","Tejo"],"articleSection":["Not\u00edcias"],"inLanguage":"pt-PT"},{"@type":"WebPage","@id":"https:\/\/portaltela.pt\/noticias\/2026\/02\/05\/agua-as-portas-da-aldeia-do-arripiado-devido-a-subida-do-tejo-na-chamusca\/","url":"https:\/\/portaltela.pt\/noticias\/2026\/02\/05\/agua-as-portas-da-aldeia-do-arripiado-devido-a-subida-do-tejo-na-chamusca\/","name":"\u00c1gua \u00e0s portas da aldeia do Arripiado devido \u00e0 subida do Tejo na Chamusca - Portal Tela Portugal","isPartOf":{"@id":"https:\/\/portaltela.pt\/#website"},"primaryImageOfPage":{"@id":"https:\/\/portaltela.pt\/noticias\/2026\/02\/05\/agua-as-portas-da-aldeia-do-arripiado-devido-a-subida-do-tejo-na-chamusca\/#primaryimage"},"image":{"@id":"https:\/\/portaltela.pt\/noticias\/2026\/02\/05\/agua-as-portas-da-aldeia-do-arripiado-devido-a-subida-do-tejo-na-chamusca\/#primaryimage"},"thumbnailUrl":"https:\/\/portaltela.pt\/s.01k8rhncp4jt1\/2026\/02\/img_1280x722uu2026-02-05-18-58-09-2265025.jpg","datePublished":"2026-02-05T19:00:00+00:00","author":{"@id":"https:\/\/portaltela.pt\/#\/schema\/person\/c4278d4a6028830caff9ee44b42d32ed"},"breadcrumb":{"@id":"https:\/\/portaltela.pt\/noticias\/2026\/02\/05\/agua-as-portas-da-aldeia-do-arripiado-devido-a-subida-do-tejo-na-chamusca\/#breadcrumb"},"inLanguage":"pt-PT","potentialAction":[{"@type":"ReadAction","target":["https:\/\/portaltela.pt\/noticias\/2026\/02\/05\/agua-as-portas-da-aldeia-do-arripiado-devido-a-subida-do-tejo-na-chamusca\/"]}]},{"@type":"ImageObject","inLanguage":"pt-PT","@id":"https:\/\/portaltela.pt\/noticias\/2026\/02\/05\/agua-as-portas-da-aldeia-do-arripiado-devido-a-subida-do-tejo-na-chamusca\/#primaryimage","url":"https:\/\/portaltela.pt\/s.01k8rhncp4jt1\/2026\/02\/img_1280x722uu2026-02-05-18-58-09-2265025.jpg","contentUrl":"https:\/\/portaltela.pt\/s.01k8rhncp4jt1\/2026\/02\/img_1280x722uu2026-02-05-18-58-09-2265025.jpg","width":796,"height":448,"caption":"Imagens mostram \u00e1gua \u00e0s portas da aldeia do Arripiado devido \u00e0 subida do rio Tejo no concelho da Chamusca"},{"@type":"BreadcrumbList","@id":"https:\/\/portaltela.pt\/noticias\/2026\/02\/05\/agua-as-portas-da-aldeia-do-arripiado-devido-a-subida-do-tejo-na-chamusca\/#breadcrumb","itemListElement":[{"@type":"ListItem","position":1,"name":"In\u00edcio","item":"https:\/\/portaltela.pt\/"},{"@type":"ListItem","position":2,"name":"\u00c1gua \u00e0s portas da aldeia do Arripiado devido \u00e0 subida do Tejo na Chamusca"}]},{"@type":"WebSite","@id":"https:\/\/portaltela.pt\/#website","url":"https:\/\/portaltela.pt\/","name":"Portal Tela Portugal","description":"","potentialAction":[{"@type":"SearchAction","target":{"@type":"EntryPoint","urlTemplate":"https:\/\/portaltela.pt\/?s={search_term_string}"},"query-input":{"@type":"PropertyValueSpecification","valueRequired":true,"valueName":"search_term_string"}}],"inLanguage":"pt-PT"},{"@type":"Person","@id":"https:\/\/portaltela.pt\/#\/schema\/person\/c4278d4a6028830caff9ee44b42d32ed","name":"Telinha","image":{"@type":"ImageObject","inLanguage":"pt-PT","@id":"https:\/\/portaltela.pt\/s.01k8rhncp4jt1\/2025\/11\/talking-bot-125x125.png","url":"https:\/\/portaltela.pt\/s.01k8rhncp4jt1\/2025\/11\/talking-bot-125x125.png","contentUrl":"https:\/\/portaltela.pt\/s.01k8rhncp4jt1\/2025\/11\/talking-bot-125x125.png","caption":"Telinha"},"sameAs":["https:\/\/portaltela.pt\/"],"url":"https:\/\/portaltela.pt\/por\/367410592786\/"}]}},"_links":{"self":[{"href":"https:\/\/portaltela.pt\/api\/wp\/v2\/posts\/200501","targetHints":{"allow":["GET"]}}],"collection":[{"href":"https:\/\/portaltela.pt\/api\/wp\/v2\/posts"}],"about":[{"href":"https:\/\/portaltela.pt\/api\/wp\/v2\/types\/post"}],"author":[{"embeddable":true,"href":"https:\/\/portaltela.pt\/api\/wp\/v2\/users\/2"}],"replies":[{"embeddable":true,"href":"https:\/\/portaltela.pt\/api\/wp\/v2\/comments?post=200501"}],"version-history":[{"count":0,"href":"https:\/\/portaltela.pt\/api\/wp\/v2\/posts\/200501\/revisions"}],"wp:featuredmedia":[{"embeddable":true,"href":"https:\/\/portaltela.pt\/api\/wp\/v2\/media\/200502"}],"wp:attachment":[{"href":"https:\/\/portaltela.pt\/api\/wp\/v2\/media?parent=200501"}],"wp:term":[{"taxonomy":"category","embeddable":true,"href":"https:\/\/portaltela.pt\/api\/wp\/v2\/categories?post=200501"},{"taxonomy":"post_tag","embeddable":true,"href":"https:\/\/portaltela.pt\/api\/wp\/v2\/tags?post=200501"}],"curies":[{"name":"wp","href":"https:\/\/api.w.org\/{rel}","templated":true}]}}