{"id":200461,"date":"2026-02-05T15:29:00","date_gmt":"2026-02-05T18:29:00","guid":{"rendered":"https:\/\/portaltela.pt\/noticias\/2026\/02\/05\/militares-guineenses-dao-prazo-de-tres-meses-ao-paigc-para-mudar-bandeira\/"},"modified":"2026-02-05T15:29:00","modified_gmt":"2026-02-05T18:29:00","slug":"militares-guineenses-dao-prazo-de-tres-meses-ao-paigc-para-mudar-bandeira","status":"publish","type":"post","link":"https:\/\/portaltela.pt\/noticias\/internacional\/2026\/02\/05\/militares-guineenses-dao-prazo-de-tres-meses-ao-paigc-para-mudar-bandeira\/","title":{"rendered":"Militares guineenses d\u00e3o prazo de tr\u00eas meses ao PAIGC para mudar bandeira"},"content":{"rendered":"<p>O Conselho Nacional de Transi\u00e7\u00e3o da Guin\u00e9-Bissau, criado ap\u00f3s o golpe militar para substituir o parlamento, determinou que o Partido Africano da Independ\u00eancia da Guin\u00e9 e Cabo Verde (PAIGC) altere a sua bandeira no prazo de 90 dias. A decis\u00e3o foi anunciada no \u00e2mbito das tentativas de normalizar s\u00edmbolos oficiais no pa\u00eds.<\/p>\n<p>A entidade explicou que a bandeira do PAIGC \u00e9 considerada parecida com a atual bandeira nacional, o que pode gerar confus\u00e3o institucional. A medida visa, segundo o CNT, distinguir claramente os s\u00edmbolos do Estado daqueles associados ao partido.<\/p>\n<p>O an\u00fancio n\u00e3o detalha san\u00e7\u00f5es espec\u00edficas para o n\u00e3o cumprimento dentro do prazo. A Guin\u00e9-Bissau permanece sob gest\u00e3o do CNT desde o golpe, com o objetivo de reestruturar institui\u00e7\u00f5es e normalizar procedimentos c\u00edvico-pol\u00edticos.<\/p>\n","protected":false},"excerpt":{"rendered":"<ul>\n<li>O Conselho Nacional de Transi\u00e7\u00e3o guineense deu ao Partido Africano da Independ\u00eancia da Guin\u00e9 e Cabo Verde (PAIGC) 90 dias para mudar a bandeira.<\/li>\n<li>O objetivo \u00e9 evitar que a bandeira atual seja confundida com a do pa\u00eds.<\/li>\n<li>O Conselho foi criado ap\u00f3s o golpe militar para substituir o parlamento guineense.<\/li>\n<li>O prazo para a mudan\u00e7a \u00e9 de tr\u00eas meses.<\/li>\n<\/ul>\n","protected":false},"author":2,"featured_media":200465,"comment_status":"closed","ping_status":"closed","sticky":false,"template":"","format":"standard","meta":{"footnotes":""},"categories":[4,1],"tags":[254,34,136,4935,2832,250],"class_list":["post-200461","post","type-post","status-publish","format-standard","has-post-thumbnail","hentry","category-internacional","category-noticias","tag-conflito","tag-governo","tag-organizacoes","tag-paigc","tag-politica","tag-seguranca-publica"],"yoast_head":"<!-- This site is optimized with the Yoast SEO plugin v27.2 - https:\/\/yoast.com\/product\/yoast-seo-wordpress\/ -->\n<title>Militares guineenses d\u00e3o prazo de tr\u00eas meses ao PAIGC para mudar bandeira - Portal Tela Portugal<\/title>\n<meta name=\"robots\" content=\"index, follow, max-snippet:-1, max-image-preview:large, max-video-preview:-1\" \/>\n<meta property=\"og:locale\" content=\"pt_PT\" \/>\n<meta property=\"og:type\" content=\"article\" \/>\n<meta property=\"og:title\" content=\"Militares guineenses d\u00e3o prazo de tr\u00eas meses ao PAIGC para mudar bandeira - Portal Tela Portugal\" \/>\n<meta property=\"og:description\" content=\"O Conselho Nacional de Transi\u00e7\u00e3o guineense deu ao Partido Africano da Independ\u00eancia da Guin\u00e9 e Cabo Verde (PAIGC) 90 dias para mudar a bandeira. O objetivo \u00e9 evitar que a bandeira atual seja confundida com a do pa\u00eds. O Conselho foi criado ap\u00f3s o golpe militar para substituir o parlamento guineense. O prazo para a mudan\u00e7a \u00e9 de tr\u00eas meses.\" \/>\n<meta property=\"og:url\" content=\"https:\/\/portaltela.pt\/noticias\/2026\/02\/05\/militares-guineenses-dao-prazo-de-tres-meses-ao-paigc-para-mudar-bandeira\/\" \/>\n<meta property=\"og:site_name\" content=\"Portal Tela Portugal\" \/>\n<meta property=\"article:published_time\" content=\"2026-02-05T18:29:00+00:00\" \/>\n<meta name=\"author\" content=\"Telinha\" \/>\n<meta name=\"twitter:card\" content=\"summary_large_image\" \/>\n<meta name=\"twitter:label1\" content=\"Escrito por\" \/>\n\t<meta name=\"twitter:data1\" content=\"Telinha\" \/>\n\t<meta name=\"twitter:label2\" content=\"Tempo estimado de leitura\" \/>\n\t<meta name=\"twitter:data2\" content=\"1 minuto\" \/>\n<script type=\"application\/ld+json\" class=\"yoast-schema-graph\">{\"@context\":\"https:\/\/schema.org\",\"@graph\":[{\"@type\":\"Article\",\"@id\":\"https:\/\/portaltela.pt\/noticias\/2026\/02\/05\/militares-guineenses-dao-prazo-de-tres-meses-ao-paigc-para-mudar-bandeira\/#article\",\"isPartOf\":{\"@id\":\"https:\/\/portaltela.pt\/noticias\/2026\/02\/05\/militares-guineenses-dao-prazo-de-tres-meses-ao-paigc-para-mudar-bandeira\/\"},\"author\":{\"name\":\"Telinha\",\"@id\":\"https:\/\/portaltela.pt\/#\/schema\/person\/c4278d4a6028830caff9ee44b42d32ed\"},\"headline\":\"Militares guineenses d\u00e3o prazo de tr\u00eas meses ao PAIGC para mudar bandeira\",\"datePublished\":\"2026-02-05T18:29:00+00:00\",\"mainEntityOfPage\":{\"@id\":\"https:\/\/portaltela.pt\/noticias\/2026\/02\/05\/militares-guineenses-dao-prazo-de-tres-meses-ao-paigc-para-mudar-bandeira\/\"},\"wordCount\":154,\"image\":{\"@id\":\"https:\/\/portaltela.pt\/noticias\/2026\/02\/05\/militares-guineenses-dao-prazo-de-tres-meses-ao-paigc-para-mudar-bandeira\/#primaryimage\"},\"thumbnailUrl\":\"https:\/\/portaltela.pt\/s.01k8rhncp4jt1\/2026\/02\/CACHE_780X1200_ANALOG_WATERMARKED_27497788_456513_17112019094311.jpg\",\"keywords\":[\"conflito\",\"governo\",\"organiza\u00e7\u00f5es\",\"PAIGC\",\"pol\u00edtica\",\"seguran\u00e7a p\u00fablica\"],\"articleSection\":[\"Internacional\",\"Not\u00edcias\"],\"inLanguage\":\"pt-PT\"},{\"@type\":\"WebPage\",\"@id\":\"https:\/\/portaltela.pt\/noticias\/2026\/02\/05\/militares-guineenses-dao-prazo-de-tres-meses-ao-paigc-para-mudar-bandeira\/\",\"url\":\"https:\/\/portaltela.pt\/noticias\/2026\/02\/05\/militares-guineenses-dao-prazo-de-tres-meses-ao-paigc-para-mudar-bandeira\/\",\"name\":\"Militares guineenses d\u00e3o prazo de tr\u00eas meses ao PAIGC para mudar bandeira - Portal Tela Portugal\",\"isPartOf\":{\"@id\":\"https:\/\/portaltela.pt\/#website\"},\"primaryImageOfPage\":{\"@id\":\"https:\/\/portaltela.pt\/noticias\/2026\/02\/05\/militares-guineenses-dao-prazo-de-tres-meses-ao-paigc-para-mudar-bandeira\/#primaryimage\"},\"image\":{\"@id\":\"https:\/\/portaltela.pt\/noticias\/2026\/02\/05\/militares-guineenses-dao-prazo-de-tres-meses-ao-paigc-para-mudar-bandeira\/#primaryimage\"},\"thumbnailUrl\":\"https:\/\/portaltela.pt\/s.01k8rhncp4jt1\/2026\/02\/CACHE_780X1200_ANALOG_WATERMARKED_27497788_456513_17112019094311.jpg\",\"datePublished\":\"2026-02-05T18:29:00+00:00\",\"author\":{\"@id\":\"https:\/\/portaltela.pt\/#\/schema\/person\/c4278d4a6028830caff9ee44b42d32ed\"},\"breadcrumb\":{\"@id\":\"https:\/\/portaltela.pt\/noticias\/2026\/02\/05\/militares-guineenses-dao-prazo-de-tres-meses-ao-paigc-para-mudar-bandeira\/#breadcrumb\"},\"inLanguage\":\"pt-PT\",\"potentialAction\":[{\"@type\":\"ReadAction\",\"target\":[\"https:\/\/portaltela.pt\/noticias\/2026\/02\/05\/militares-guineenses-dao-prazo-de-tres-meses-ao-paigc-para-mudar-bandeira\/\"]}]},{\"@type\":\"ImageObject\",\"inLanguage\":\"pt-PT\",\"@id\":\"https:\/\/portaltela.pt\/noticias\/2026\/02\/05\/militares-guineenses-dao-prazo-de-tres-meses-ao-paigc-para-mudar-bandeira\/#primaryimage\",\"url\":\"https:\/\/portaltela.pt\/s.01k8rhncp4jt1\/2026\/02\/CACHE_780X1200_ANALOG_WATERMARKED_27497788_456513_17112019094311.jpg\",\"contentUrl\":\"https:\/\/portaltela.pt\/s.01k8rhncp4jt1\/2026\/02\/CACHE_780X1200_ANALOG_WATERMARKED_27497788_456513_17112019094311.jpg\",\"width\":796,\"height\":448,\"caption\":\"Militares guineenses d\u00e3o tr\u00eas meses ao PAIGC para mudar bandeira\"},{\"@type\":\"BreadcrumbList\",\"@id\":\"https:\/\/portaltela.pt\/noticias\/2026\/02\/05\/militares-guineenses-dao-prazo-de-tres-meses-ao-paigc-para-mudar-bandeira\/#breadcrumb\",\"itemListElement\":[{\"@type\":\"ListItem\",\"position\":1,\"name\":\"In\u00edcio\",\"item\":\"https:\/\/portaltela.pt\/\"},{\"@type\":\"ListItem\",\"position\":2,\"name\":\"Militares guineenses d\u00e3o prazo de tr\u00eas meses ao PAIGC para mudar bandeira\"}]},{\"@type\":\"WebSite\",\"@id\":\"https:\/\/portaltela.pt\/#website\",\"url\":\"https:\/\/portaltela.pt\/\",\"name\":\"Portal Tela Portugal\",\"description\":\"\",\"potentialAction\":[{\"@type\":\"SearchAction\",\"target\":{\"@type\":\"EntryPoint\",\"urlTemplate\":\"https:\/\/portaltela.pt\/?s={search_term_string}\"},\"query-input\":{\"@type\":\"PropertyValueSpecification\",\"valueRequired\":true,\"valueName\":\"search_term_string\"}}],\"inLanguage\":\"pt-PT\"},{\"@type\":\"Person\",\"@id\":\"https:\/\/portaltela.pt\/#\/schema\/person\/c4278d4a6028830caff9ee44b42d32ed\",\"name\":\"Telinha\",\"image\":{\"@type\":\"ImageObject\",\"inLanguage\":\"pt-PT\",\"@id\":\"https:\/\/portaltela.pt\/s.01k8rhncp4jt1\/2025\/11\/talking-bot-125x125.png\",\"url\":\"https:\/\/portaltela.pt\/s.01k8rhncp4jt1\/2025\/11\/talking-bot-125x125.png\",\"contentUrl\":\"https:\/\/portaltela.pt\/s.01k8rhncp4jt1\/2025\/11\/talking-bot-125x125.png\",\"caption\":\"Telinha\"},\"sameAs\":[\"https:\/\/portaltela.pt\/\"],\"url\":\"https:\/\/portaltela.pt\/por\/367410592786\/\"}]}<\/script>\n<!-- \/ Yoast SEO plugin. -->","yoast_head_json":{"title":"Militares guineenses d\u00e3o prazo de tr\u00eas meses ao PAIGC para mudar bandeira - Portal Tela Portugal","robots":{"index":"index","follow":"follow","max-snippet":"max-snippet:-1","max-image-preview":"max-image-preview:large","max-video-preview":"max-video-preview:-1"},"og_locale":"pt_PT","og_type":"article","og_title":"Militares guineenses d\u00e3o prazo de tr\u00eas meses ao PAIGC para mudar bandeira - Portal Tela Portugal","og_description":"O Conselho Nacional de Transi\u00e7\u00e3o guineense deu ao Partido Africano da Independ\u00eancia da Guin\u00e9 e Cabo Verde (PAIGC) 90 dias para mudar a bandeira. O objetivo \u00e9 evitar que a bandeira atual seja confundida com a do pa\u00eds. O Conselho foi criado ap\u00f3s o golpe militar para substituir o parlamento guineense. O prazo para a mudan\u00e7a \u00e9 de tr\u00eas meses.","og_url":"https:\/\/portaltela.pt\/noticias\/2026\/02\/05\/militares-guineenses-dao-prazo-de-tres-meses-ao-paigc-para-mudar-bandeira\/","og_site_name":"Portal Tela Portugal","article_published_time":"2026-02-05T18:29:00+00:00","author":"Telinha","twitter_card":"summary_large_image","twitter_misc":{"Escrito por":"Telinha","Tempo estimado de leitura":"1 minuto"},"schema":{"@context":"https:\/\/schema.org","@graph":[{"@type":"Article","@id":"https:\/\/portaltela.pt\/noticias\/2026\/02\/05\/militares-guineenses-dao-prazo-de-tres-meses-ao-paigc-para-mudar-bandeira\/#article","isPartOf":{"@id":"https:\/\/portaltela.pt\/noticias\/2026\/02\/05\/militares-guineenses-dao-prazo-de-tres-meses-ao-paigc-para-mudar-bandeira\/"},"author":{"name":"Telinha","@id":"https:\/\/portaltela.pt\/#\/schema\/person\/c4278d4a6028830caff9ee44b42d32ed"},"headline":"Militares guineenses d\u00e3o prazo de tr\u00eas meses ao PAIGC para mudar bandeira","datePublished":"2026-02-05T18:29:00+00:00","mainEntityOfPage":{"@id":"https:\/\/portaltela.pt\/noticias\/2026\/02\/05\/militares-guineenses-dao-prazo-de-tres-meses-ao-paigc-para-mudar-bandeira\/"},"wordCount":154,"image":{"@id":"https:\/\/portaltela.pt\/noticias\/2026\/02\/05\/militares-guineenses-dao-prazo-de-tres-meses-ao-paigc-para-mudar-bandeira\/#primaryimage"},"thumbnailUrl":"https:\/\/portaltela.pt\/s.01k8rhncp4jt1\/2026\/02\/CACHE_780X1200_ANALOG_WATERMARKED_27497788_456513_17112019094311.jpg","keywords":["conflito","governo","organiza\u00e7\u00f5es","PAIGC","pol\u00edtica","seguran\u00e7a p\u00fablica"],"articleSection":["Internacional","Not\u00edcias"],"inLanguage":"pt-PT"},{"@type":"WebPage","@id":"https:\/\/portaltela.pt\/noticias\/2026\/02\/05\/militares-guineenses-dao-prazo-de-tres-meses-ao-paigc-para-mudar-bandeira\/","url":"https:\/\/portaltela.pt\/noticias\/2026\/02\/05\/militares-guineenses-dao-prazo-de-tres-meses-ao-paigc-para-mudar-bandeira\/","name":"Militares guineenses d\u00e3o prazo de tr\u00eas meses ao PAIGC para mudar bandeira - Portal Tela Portugal","isPartOf":{"@id":"https:\/\/portaltela.pt\/#website"},"primaryImageOfPage":{"@id":"https:\/\/portaltela.pt\/noticias\/2026\/02\/05\/militares-guineenses-dao-prazo-de-tres-meses-ao-paigc-para-mudar-bandeira\/#primaryimage"},"image":{"@id":"https:\/\/portaltela.pt\/noticias\/2026\/02\/05\/militares-guineenses-dao-prazo-de-tres-meses-ao-paigc-para-mudar-bandeira\/#primaryimage"},"thumbnailUrl":"https:\/\/portaltela.pt\/s.01k8rhncp4jt1\/2026\/02\/CACHE_780X1200_ANALOG_WATERMARKED_27497788_456513_17112019094311.jpg","datePublished":"2026-02-05T18:29:00+00:00","author":{"@id":"https:\/\/portaltela.pt\/#\/schema\/person\/c4278d4a6028830caff9ee44b42d32ed"},"breadcrumb":{"@id":"https:\/\/portaltela.pt\/noticias\/2026\/02\/05\/militares-guineenses-dao-prazo-de-tres-meses-ao-paigc-para-mudar-bandeira\/#breadcrumb"},"inLanguage":"pt-PT","potentialAction":[{"@type":"ReadAction","target":["https:\/\/portaltela.pt\/noticias\/2026\/02\/05\/militares-guineenses-dao-prazo-de-tres-meses-ao-paigc-para-mudar-bandeira\/"]}]},{"@type":"ImageObject","inLanguage":"pt-PT","@id":"https:\/\/portaltela.pt\/noticias\/2026\/02\/05\/militares-guineenses-dao-prazo-de-tres-meses-ao-paigc-para-mudar-bandeira\/#primaryimage","url":"https:\/\/portaltela.pt\/s.01k8rhncp4jt1\/2026\/02\/CACHE_780X1200_ANALOG_WATERMARKED_27497788_456513_17112019094311.jpg","contentUrl":"https:\/\/portaltela.pt\/s.01k8rhncp4jt1\/2026\/02\/CACHE_780X1200_ANALOG_WATERMARKED_27497788_456513_17112019094311.jpg","width":796,"height":448,"caption":"Militares guineenses d\u00e3o tr\u00eas meses ao PAIGC para mudar bandeira"},{"@type":"BreadcrumbList","@id":"https:\/\/portaltela.pt\/noticias\/2026\/02\/05\/militares-guineenses-dao-prazo-de-tres-meses-ao-paigc-para-mudar-bandeira\/#breadcrumb","itemListElement":[{"@type":"ListItem","position":1,"name":"In\u00edcio","item":"https:\/\/portaltela.pt\/"},{"@type":"ListItem","position":2,"name":"Militares guineenses d\u00e3o prazo de tr\u00eas meses ao PAIGC para mudar bandeira"}]},{"@type":"WebSite","@id":"https:\/\/portaltela.pt\/#website","url":"https:\/\/portaltela.pt\/","name":"Portal Tela Portugal","description":"","potentialAction":[{"@type":"SearchAction","target":{"@type":"EntryPoint","urlTemplate":"https:\/\/portaltela.pt\/?s={search_term_string}"},"query-input":{"@type":"PropertyValueSpecification","valueRequired":true,"valueName":"search_term_string"}}],"inLanguage":"pt-PT"},{"@type":"Person","@id":"https:\/\/portaltela.pt\/#\/schema\/person\/c4278d4a6028830caff9ee44b42d32ed","name":"Telinha","image":{"@type":"ImageObject","inLanguage":"pt-PT","@id":"https:\/\/portaltela.pt\/s.01k8rhncp4jt1\/2025\/11\/talking-bot-125x125.png","url":"https:\/\/portaltela.pt\/s.01k8rhncp4jt1\/2025\/11\/talking-bot-125x125.png","contentUrl":"https:\/\/portaltela.pt\/s.01k8rhncp4jt1\/2025\/11\/talking-bot-125x125.png","caption":"Telinha"},"sameAs":["https:\/\/portaltela.pt\/"],"url":"https:\/\/portaltela.pt\/por\/367410592786\/"}]}},"_links":{"self":[{"href":"https:\/\/portaltela.pt\/api\/wp\/v2\/posts\/200461","targetHints":{"allow":["GET"]}}],"collection":[{"href":"https:\/\/portaltela.pt\/api\/wp\/v2\/posts"}],"about":[{"href":"https:\/\/portaltela.pt\/api\/wp\/v2\/types\/post"}],"author":[{"embeddable":true,"href":"https:\/\/portaltela.pt\/api\/wp\/v2\/users\/2"}],"replies":[{"embeddable":true,"href":"https:\/\/portaltela.pt\/api\/wp\/v2\/comments?post=200461"}],"version-history":[{"count":0,"href":"https:\/\/portaltela.pt\/api\/wp\/v2\/posts\/200461\/revisions"}],"wp:featuredmedia":[{"embeddable":true,"href":"https:\/\/portaltela.pt\/api\/wp\/v2\/media\/200465"}],"wp:attachment":[{"href":"https:\/\/portaltela.pt\/api\/wp\/v2\/media?parent=200461"}],"wp:term":[{"taxonomy":"category","embeddable":true,"href":"https:\/\/portaltela.pt\/api\/wp\/v2\/categories?post=200461"},{"taxonomy":"post_tag","embeddable":true,"href":"https:\/\/portaltela.pt\/api\/wp\/v2\/tags?post=200461"}],"curies":[{"name":"wp","href":"https:\/\/api.w.org\/{rel}","templated":true}]}}