{"id":200457,"date":"2026-02-05T15:31:00","date_gmt":"2026-02-05T18:31:00","guid":{"rendered":"https:\/\/portaltela.pt\/noticias\/2026\/02\/05\/bacias-hidrograficas-sob-vigilancia-com-previsao-de-mais-chuva\/"},"modified":"2026-02-05T15:31:00","modified_gmt":"2026-02-05T18:31:00","slug":"bacias-hidrograficas-sob-vigilancia-com-previsao-de-mais-chuva","status":"publish","type":"post","link":"https:\/\/portaltela.pt\/noticias\/2026\/02\/05\/bacias-hidrograficas-sob-vigilancia-com-previsao-de-mais-chuva\/","title":{"rendered":"Bacias hidrogr\u00e1ficas sob vigil\u00e2ncia com previs\u00e3o de mais chuva"},"content":{"rendered":"<p>A Ag\u00eancia Portuguesa do Ambiente indica que a chuva intensa dos \u00faltimos dias mant\u00e9m v\u00e1rias bacias hidrogr\u00e1ficas sob press\u00e3o. Os caudais permanecem elevados e h\u00e1 vigil\u00e2ncia refor\u00e7ada em v\u00e1rias regi\u00f5es do pa\u00eds.<\/p>\n<p>A situa\u00e7\u00e3o concentra-se sobretudo no Norte, Centro e regi\u00e3o de Lisboa, onde a instabilidade atmosf\u00e9rica persiste. O organismo mant\u00e9m alertas ativos e acompanhamento permanente das zonas mais vulner\u00e1veis.<\/p>\n<p>A bacia do Guadiana \u00e9 a mais preocupante, com caudais na foz acima de 6000 metros c\u00fabicos por segundo. Em Algarve, todas as barragens descarregam, exigindo monitoriza\u00e7\u00e3o cont\u00ednua nas zonas ribeirinhas baixos e historicamente expostas.<\/p>\n<p>A monitoriza\u00e7\u00e3o hidrol\u00f3gica continua a cargo das autoridades, com prioridade para evitar cheias em \u00e1reas ribeirinhas e planeamento de eventual mitiga\u00e7\u00e3o. O cen\u00e1rio mant\u00e9m-se sob avalia\u00e7\u00e3o devido \u00e0 persist\u00eancia do regime de chuva.<\/p>\n","protected":false},"excerpt":{"rendered":"<ul>\n<li>A chuva intensa mant\u00e9m v\u00e1rias bacias hidrogr\u00e1ficas sob press\u00e3o, com caudais elevados e vigil\u00e2ncia refor\u00e7ada.<\/li>\n<li>O relat\u00f3rio da Ag\u00eancia Portuguesa do Ambiente aponta instabilidade no Norte, Centro e regi\u00e3o de Lisboa, com alertas ativos e acompanhamento permanente.<\/li>\n<li>A situa\u00e7\u00e3o mais preocupante ocorre na bacia do Guadiana, onde os caudais na foz ultrapassam os 6.000 m\u00b3\/s.<\/li>\n<li>Todas as barragens do Algarve est\u00e3o a descarregar, exigindo vigil\u00e2ncia cont\u00ednua nas zonas ribeirinhas baixas.<\/li>\n<li>O cen\u00e1rio mant\u00e9m a monitoriza\u00e7\u00e3o devido ao risco de inunda\u00e7\u00f5es em \u00e1reas historicamente expostas.<\/li>\n<\/ul>\n","protected":false},"author":2,"featured_media":200464,"comment_status":"closed","ping_status":"closed","sticky":false,"template":"","format":"standard","meta":{"footnotes":""},"categories":[1],"tags":[1090,3812,4924,5329,2409,2293],"class_list":["post-200457","post","type-post","status-publish","format-standard","has-post-thumbnail","hentry","category-noticias","tag-agua","tag-alagamentos","tag-barragens","tag-chuva","tag-guadiana","tag-inundacoes"],"yoast_head":"<!-- This site is optimized with the Yoast SEO plugin v27.2 - https:\/\/yoast.com\/product\/yoast-seo-wordpress\/ -->\n<title>Bacias hidrogr\u00e1ficas sob vigil\u00e2ncia com previs\u00e3o de mais chuva - Portal Tela Portugal<\/title>\n<meta name=\"robots\" content=\"index, follow, max-snippet:-1, max-image-preview:large, max-video-preview:-1\" \/>\n<meta property=\"og:locale\" content=\"pt_PT\" \/>\n<meta property=\"og:type\" content=\"article\" \/>\n<meta property=\"og:title\" content=\"Bacias hidrogr\u00e1ficas sob vigil\u00e2ncia com previs\u00e3o de mais chuva - Portal Tela Portugal\" \/>\n<meta property=\"og:description\" content=\"A chuva intensa mant\u00e9m v\u00e1rias bacias hidrogr\u00e1ficas sob press\u00e3o, com caudais elevados e vigil\u00e2ncia refor\u00e7ada. O relat\u00f3rio da Ag\u00eancia Portuguesa do Ambiente aponta instabilidade no Norte, Centro e regi\u00e3o de Lisboa, com alertas ativos e acompanhamento permanente. A situa\u00e7\u00e3o mais preocupante ocorre na bacia do Guadiana, onde os caudais na foz ultrapassam os 6.000 m\u00b3\/s. Todas as barragens do Algarve est\u00e3o a descarregar, exigindo vigil\u00e2ncia cont\u00ednua nas zonas ribeirinhas baixas. O cen\u00e1rio mant\u00e9m a monitoriza\u00e7\u00e3o devido ao risco de inunda\u00e7\u00f5es em \u00e1reas historicamente expostas.\" \/>\n<meta property=\"og:url\" content=\"https:\/\/portaltela.pt\/noticias\/2026\/02\/05\/bacias-hidrograficas-sob-vigilancia-com-previsao-de-mais-chuva\/\" \/>\n<meta property=\"og:site_name\" content=\"Portal Tela Portugal\" \/>\n<meta property=\"article:published_time\" content=\"2026-02-05T18:31:00+00:00\" \/>\n<meta name=\"author\" content=\"Telinha\" \/>\n<meta name=\"twitter:card\" content=\"summary_large_image\" \/>\n<meta name=\"twitter:label1\" content=\"Escrito por\" \/>\n\t<meta name=\"twitter:data1\" content=\"Telinha\" \/>\n\t<meta name=\"twitter:label2\" content=\"Tempo estimado de leitura\" \/>\n\t<meta name=\"twitter:data2\" content=\"1 minuto\" \/>\n<script type=\"application\/ld+json\" class=\"yoast-schema-graph\">{\"@context\":\"https:\/\/schema.org\",\"@graph\":[{\"@type\":\"Article\",\"@id\":\"https:\/\/portaltela.pt\/noticias\/2026\/02\/05\/bacias-hidrograficas-sob-vigilancia-com-previsao-de-mais-chuva\/#article\",\"isPartOf\":{\"@id\":\"https:\/\/portaltela.pt\/noticias\/2026\/02\/05\/bacias-hidrograficas-sob-vigilancia-com-previsao-de-mais-chuva\/\"},\"author\":{\"name\":\"Telinha\",\"@id\":\"https:\/\/portaltela.pt\/#\/schema\/person\/c4278d4a6028830caff9ee44b42d32ed\"},\"headline\":\"Bacias hidrogr\u00e1ficas sob vigil\u00e2ncia com previs\u00e3o de mais chuva\",\"datePublished\":\"2026-02-05T18:31:00+00:00\",\"mainEntityOfPage\":{\"@id\":\"https:\/\/portaltela.pt\/noticias\/2026\/02\/05\/bacias-hidrograficas-sob-vigilancia-com-previsao-de-mais-chuva\/\"},\"wordCount\":162,\"image\":{\"@id\":\"https:\/\/portaltela.pt\/noticias\/2026\/02\/05\/bacias-hidrograficas-sob-vigilancia-com-previsao-de-mais-chuva\/#primaryimage\"},\"thumbnailUrl\":\"https:\/\/portaltela.pt\/s.01k8rhncp4jt1\/2026\/02\/image-405.jpg\",\"keywords\":[\"\u00e1gua\",\"alagamentos\",\"barragens\",\"chuva\",\"Guadiana\",\"inunda\u00e7\u00f5es\"],\"articleSection\":[\"Not\u00edcias\"],\"inLanguage\":\"pt-PT\"},{\"@type\":\"WebPage\",\"@id\":\"https:\/\/portaltela.pt\/noticias\/2026\/02\/05\/bacias-hidrograficas-sob-vigilancia-com-previsao-de-mais-chuva\/\",\"url\":\"https:\/\/portaltela.pt\/noticias\/2026\/02\/05\/bacias-hidrograficas-sob-vigilancia-com-previsao-de-mais-chuva\/\",\"name\":\"Bacias hidrogr\u00e1ficas sob vigil\u00e2ncia com previs\u00e3o de mais chuva - Portal Tela Portugal\",\"isPartOf\":{\"@id\":\"https:\/\/portaltela.pt\/#website\"},\"primaryImageOfPage\":{\"@id\":\"https:\/\/portaltela.pt\/noticias\/2026\/02\/05\/bacias-hidrograficas-sob-vigilancia-com-previsao-de-mais-chuva\/#primaryimage\"},\"image\":{\"@id\":\"https:\/\/portaltela.pt\/noticias\/2026\/02\/05\/bacias-hidrograficas-sob-vigilancia-com-previsao-de-mais-chuva\/#primaryimage\"},\"thumbnailUrl\":\"https:\/\/portaltela.pt\/s.01k8rhncp4jt1\/2026\/02\/image-405.jpg\",\"datePublished\":\"2026-02-05T18:31:00+00:00\",\"author\":{\"@id\":\"https:\/\/portaltela.pt\/#\/schema\/person\/c4278d4a6028830caff9ee44b42d32ed\"},\"breadcrumb\":{\"@id\":\"https:\/\/portaltela.pt\/noticias\/2026\/02\/05\/bacias-hidrograficas-sob-vigilancia-com-previsao-de-mais-chuva\/#breadcrumb\"},\"inLanguage\":\"pt-PT\",\"potentialAction\":[{\"@type\":\"ReadAction\",\"target\":[\"https:\/\/portaltela.pt\/noticias\/2026\/02\/05\/bacias-hidrograficas-sob-vigilancia-com-previsao-de-mais-chuva\/\"]}]},{\"@type\":\"ImageObject\",\"inLanguage\":\"pt-PT\",\"@id\":\"https:\/\/portaltela.pt\/noticias\/2026\/02\/05\/bacias-hidrograficas-sob-vigilancia-com-previsao-de-mais-chuva\/#primaryimage\",\"url\":\"https:\/\/portaltela.pt\/s.01k8rhncp4jt1\/2026\/02\/image-405.jpg\",\"contentUrl\":\"https:\/\/portaltela.pt\/s.01k8rhncp4jt1\/2026\/02\/image-405.jpg\",\"width\":796,\"height\":448,\"caption\":\"Cheias no rio Mondego, em Montemor-o-Velho\"},{\"@type\":\"BreadcrumbList\",\"@id\":\"https:\/\/portaltela.pt\/noticias\/2026\/02\/05\/bacias-hidrograficas-sob-vigilancia-com-previsao-de-mais-chuva\/#breadcrumb\",\"itemListElement\":[{\"@type\":\"ListItem\",\"position\":1,\"name\":\"In\u00edcio\",\"item\":\"https:\/\/portaltela.pt\/\"},{\"@type\":\"ListItem\",\"position\":2,\"name\":\"Bacias hidrogr\u00e1ficas sob vigil\u00e2ncia com previs\u00e3o de mais chuva\"}]},{\"@type\":\"WebSite\",\"@id\":\"https:\/\/portaltela.pt\/#website\",\"url\":\"https:\/\/portaltela.pt\/\",\"name\":\"Portal Tela Portugal\",\"description\":\"\",\"potentialAction\":[{\"@type\":\"SearchAction\",\"target\":{\"@type\":\"EntryPoint\",\"urlTemplate\":\"https:\/\/portaltela.pt\/?s={search_term_string}\"},\"query-input\":{\"@type\":\"PropertyValueSpecification\",\"valueRequired\":true,\"valueName\":\"search_term_string\"}}],\"inLanguage\":\"pt-PT\"},{\"@type\":\"Person\",\"@id\":\"https:\/\/portaltela.pt\/#\/schema\/person\/c4278d4a6028830caff9ee44b42d32ed\",\"name\":\"Telinha\",\"image\":{\"@type\":\"ImageObject\",\"inLanguage\":\"pt-PT\",\"@id\":\"https:\/\/portaltela.pt\/s.01k8rhncp4jt1\/2025\/11\/talking-bot-125x125.png\",\"url\":\"https:\/\/portaltela.pt\/s.01k8rhncp4jt1\/2025\/11\/talking-bot-125x125.png\",\"contentUrl\":\"https:\/\/portaltela.pt\/s.01k8rhncp4jt1\/2025\/11\/talking-bot-125x125.png\",\"caption\":\"Telinha\"},\"sameAs\":[\"https:\/\/portaltela.pt\/\"],\"url\":\"https:\/\/portaltela.pt\/por\/367410592786\/\"}]}<\/script>\n<!-- \/ Yoast SEO plugin. -->","yoast_head_json":{"title":"Bacias hidrogr\u00e1ficas sob vigil\u00e2ncia com previs\u00e3o de mais chuva - Portal Tela Portugal","robots":{"index":"index","follow":"follow","max-snippet":"max-snippet:-1","max-image-preview":"max-image-preview:large","max-video-preview":"max-video-preview:-1"},"og_locale":"pt_PT","og_type":"article","og_title":"Bacias hidrogr\u00e1ficas sob vigil\u00e2ncia com previs\u00e3o de mais chuva - Portal Tela Portugal","og_description":"A chuva intensa mant\u00e9m v\u00e1rias bacias hidrogr\u00e1ficas sob press\u00e3o, com caudais elevados e vigil\u00e2ncia refor\u00e7ada. O relat\u00f3rio da Ag\u00eancia Portuguesa do Ambiente aponta instabilidade no Norte, Centro e regi\u00e3o de Lisboa, com alertas ativos e acompanhamento permanente. A situa\u00e7\u00e3o mais preocupante ocorre na bacia do Guadiana, onde os caudais na foz ultrapassam os 6.000 m\u00b3\/s. Todas as barragens do Algarve est\u00e3o a descarregar, exigindo vigil\u00e2ncia cont\u00ednua nas zonas ribeirinhas baixas. O cen\u00e1rio mant\u00e9m a monitoriza\u00e7\u00e3o devido ao risco de inunda\u00e7\u00f5es em \u00e1reas historicamente expostas.","og_url":"https:\/\/portaltela.pt\/noticias\/2026\/02\/05\/bacias-hidrograficas-sob-vigilancia-com-previsao-de-mais-chuva\/","og_site_name":"Portal Tela Portugal","article_published_time":"2026-02-05T18:31:00+00:00","author":"Telinha","twitter_card":"summary_large_image","twitter_misc":{"Escrito por":"Telinha","Tempo estimado de leitura":"1 minuto"},"schema":{"@context":"https:\/\/schema.org","@graph":[{"@type":"Article","@id":"https:\/\/portaltela.pt\/noticias\/2026\/02\/05\/bacias-hidrograficas-sob-vigilancia-com-previsao-de-mais-chuva\/#article","isPartOf":{"@id":"https:\/\/portaltela.pt\/noticias\/2026\/02\/05\/bacias-hidrograficas-sob-vigilancia-com-previsao-de-mais-chuva\/"},"author":{"name":"Telinha","@id":"https:\/\/portaltela.pt\/#\/schema\/person\/c4278d4a6028830caff9ee44b42d32ed"},"headline":"Bacias hidrogr\u00e1ficas sob vigil\u00e2ncia com previs\u00e3o de mais chuva","datePublished":"2026-02-05T18:31:00+00:00","mainEntityOfPage":{"@id":"https:\/\/portaltela.pt\/noticias\/2026\/02\/05\/bacias-hidrograficas-sob-vigilancia-com-previsao-de-mais-chuva\/"},"wordCount":162,"image":{"@id":"https:\/\/portaltela.pt\/noticias\/2026\/02\/05\/bacias-hidrograficas-sob-vigilancia-com-previsao-de-mais-chuva\/#primaryimage"},"thumbnailUrl":"https:\/\/portaltela.pt\/s.01k8rhncp4jt1\/2026\/02\/image-405.jpg","keywords":["\u00e1gua","alagamentos","barragens","chuva","Guadiana","inunda\u00e7\u00f5es"],"articleSection":["Not\u00edcias"],"inLanguage":"pt-PT"},{"@type":"WebPage","@id":"https:\/\/portaltela.pt\/noticias\/2026\/02\/05\/bacias-hidrograficas-sob-vigilancia-com-previsao-de-mais-chuva\/","url":"https:\/\/portaltela.pt\/noticias\/2026\/02\/05\/bacias-hidrograficas-sob-vigilancia-com-previsao-de-mais-chuva\/","name":"Bacias hidrogr\u00e1ficas sob vigil\u00e2ncia com previs\u00e3o de mais chuva - Portal Tela Portugal","isPartOf":{"@id":"https:\/\/portaltela.pt\/#website"},"primaryImageOfPage":{"@id":"https:\/\/portaltela.pt\/noticias\/2026\/02\/05\/bacias-hidrograficas-sob-vigilancia-com-previsao-de-mais-chuva\/#primaryimage"},"image":{"@id":"https:\/\/portaltela.pt\/noticias\/2026\/02\/05\/bacias-hidrograficas-sob-vigilancia-com-previsao-de-mais-chuva\/#primaryimage"},"thumbnailUrl":"https:\/\/portaltela.pt\/s.01k8rhncp4jt1\/2026\/02\/image-405.jpg","datePublished":"2026-02-05T18:31:00+00:00","author":{"@id":"https:\/\/portaltela.pt\/#\/schema\/person\/c4278d4a6028830caff9ee44b42d32ed"},"breadcrumb":{"@id":"https:\/\/portaltela.pt\/noticias\/2026\/02\/05\/bacias-hidrograficas-sob-vigilancia-com-previsao-de-mais-chuva\/#breadcrumb"},"inLanguage":"pt-PT","potentialAction":[{"@type":"ReadAction","target":["https:\/\/portaltela.pt\/noticias\/2026\/02\/05\/bacias-hidrograficas-sob-vigilancia-com-previsao-de-mais-chuva\/"]}]},{"@type":"ImageObject","inLanguage":"pt-PT","@id":"https:\/\/portaltela.pt\/noticias\/2026\/02\/05\/bacias-hidrograficas-sob-vigilancia-com-previsao-de-mais-chuva\/#primaryimage","url":"https:\/\/portaltela.pt\/s.01k8rhncp4jt1\/2026\/02\/image-405.jpg","contentUrl":"https:\/\/portaltela.pt\/s.01k8rhncp4jt1\/2026\/02\/image-405.jpg","width":796,"height":448,"caption":"Cheias no rio Mondego, em Montemor-o-Velho"},{"@type":"BreadcrumbList","@id":"https:\/\/portaltela.pt\/noticias\/2026\/02\/05\/bacias-hidrograficas-sob-vigilancia-com-previsao-de-mais-chuva\/#breadcrumb","itemListElement":[{"@type":"ListItem","position":1,"name":"In\u00edcio","item":"https:\/\/portaltela.pt\/"},{"@type":"ListItem","position":2,"name":"Bacias hidrogr\u00e1ficas sob vigil\u00e2ncia com previs\u00e3o de mais chuva"}]},{"@type":"WebSite","@id":"https:\/\/portaltela.pt\/#website","url":"https:\/\/portaltela.pt\/","name":"Portal Tela Portugal","description":"","potentialAction":[{"@type":"SearchAction","target":{"@type":"EntryPoint","urlTemplate":"https:\/\/portaltela.pt\/?s={search_term_string}"},"query-input":{"@type":"PropertyValueSpecification","valueRequired":true,"valueName":"search_term_string"}}],"inLanguage":"pt-PT"},{"@type":"Person","@id":"https:\/\/portaltela.pt\/#\/schema\/person\/c4278d4a6028830caff9ee44b42d32ed","name":"Telinha","image":{"@type":"ImageObject","inLanguage":"pt-PT","@id":"https:\/\/portaltela.pt\/s.01k8rhncp4jt1\/2025\/11\/talking-bot-125x125.png","url":"https:\/\/portaltela.pt\/s.01k8rhncp4jt1\/2025\/11\/talking-bot-125x125.png","contentUrl":"https:\/\/portaltela.pt\/s.01k8rhncp4jt1\/2025\/11\/talking-bot-125x125.png","caption":"Telinha"},"sameAs":["https:\/\/portaltela.pt\/"],"url":"https:\/\/portaltela.pt\/por\/367410592786\/"}]}},"_links":{"self":[{"href":"https:\/\/portaltela.pt\/api\/wp\/v2\/posts\/200457","targetHints":{"allow":["GET"]}}],"collection":[{"href":"https:\/\/portaltela.pt\/api\/wp\/v2\/posts"}],"about":[{"href":"https:\/\/portaltela.pt\/api\/wp\/v2\/types\/post"}],"author":[{"embeddable":true,"href":"https:\/\/portaltela.pt\/api\/wp\/v2\/users\/2"}],"replies":[{"embeddable":true,"href":"https:\/\/portaltela.pt\/api\/wp\/v2\/comments?post=200457"}],"version-history":[{"count":0,"href":"https:\/\/portaltela.pt\/api\/wp\/v2\/posts\/200457\/revisions"}],"wp:featuredmedia":[{"embeddable":true,"href":"https:\/\/portaltela.pt\/api\/wp\/v2\/media\/200464"}],"wp:attachment":[{"href":"https:\/\/portaltela.pt\/api\/wp\/v2\/media?parent=200457"}],"wp:term":[{"taxonomy":"category","embeddable":true,"href":"https:\/\/portaltela.pt\/api\/wp\/v2\/categories?post=200457"},{"taxonomy":"post_tag","embeddable":true,"href":"https:\/\/portaltela.pt\/api\/wp\/v2\/tags?post=200457"}],"curies":[{"name":"wp","href":"https:\/\/api.w.org\/{rel}","templated":true}]}}