{"id":200413,"date":"2026-02-05T15:12:00","date_gmt":"2026-02-05T18:12:00","guid":{"rendered":"https:\/\/portaltela.pt\/noticias\/2026\/02\/05\/maioria-de-ucranianos-opoe-se-a-cedencia-do-donbass-a-russia-em-nome-da-paz\/"},"modified":"2026-02-05T15:12:00","modified_gmt":"2026-02-05T18:12:00","slug":"maioria-de-ucranianos-opoe-se-a-cedencia-do-donbass-a-russia-em-nome-da-paz","status":"publish","type":"post","link":"https:\/\/portaltela.pt\/noticias\/internacional\/2026\/02\/05\/maioria-de-ucranianos-opoe-se-a-cedencia-do-donbass-a-russia-em-nome-da-paz\/","title":{"rendered":"Maioria de ucranianos op\u00f5e-se \u00e0 ced\u00eancia do Donbass \u00e0 R\u00fassia em nome da paz"},"content":{"rendered":"<p>Ao fim de quase quatro anos de invas\u00e3o russa e de oito anos de conflito no Donbass, a maioria dos ucranianos rejeita ceder o Donbass \u00e0 R\u00fassia mesmo com garantias de seguran\u00e7a de aliados ocidentais. Esta \u00e9 a principal conclus\u00e3o da mais recente sondagem do KIIS, divulgada esta semana.<\/p>\n<p>Segundo a pesquisa, 52% dos inquiridos consideram \u201cabsolutamente inaceit\u00e1vel\u201d que a Ucr\u00e2nia se retire do Donbass em troca de garantias de seguran\u00e7a. Outros 31% dizem que a proposta \u00e9 \u201cgeralmente aceit\u00e1vel\u201d, enquanto apenas 9% concordam facilmente.<\/p>\n<h3>Resultados da sondagem<\/h3>\n<p>A sondagem decorreu na \u00faltima semana de janeiro, num contexto de cortes de energia e frio intenso causados por bombardeamentos russos. Os investigadores sublinham que a oposi\u00e7\u00e3o \u00e0 retirada manteve-se est\u00e1vel, mesmo diante de problemas de electricidade e aquecimento.<\/p>\n<p>A investiga\u00e7\u00e3o tamb\u00e9m aponta para um cansa\u00e7o com a invas\u00e3o. Cerca de 65% est\u00e3o dispostos a suportar a guerra \u201co tempo que for necess\u00e1rio\u201d, e apenas 17% veem fim da guerra num prazo m\u00e1ximo de seis meses.<\/p>\n<h3>Contexto pol\u00edtico e estrat\u00e9gico<\/h3>\n<p>O an\u00fancio de Moscovo de exigir a retirada de tropas de 20% do Donbass permanece inalterado, visando controlar integralmente a regi\u00e3o que hoje n\u00e3o est\u00e1 sob ocupa\u00e7\u00e3o russa. Zelensky deixou claro que a Constitui\u00e7\u00e3o n\u00e3o permite renunciar a territ\u00f3rio sem referendo, e que propostas interm\u00e9dias exigem recuo de for\u00e7as russas.<\/p>\n","protected":false},"excerpt":{"rendered":"<ul>\n<li>A maioria dos ucranianos rejeita ceder o Donbass a Moscovo, mesmo com garantias de seguran\u00e7a ocidentais, aponta uma sondagem do Instituto Internacional de Sociologia de Kiev realizada na \u00faltima semana de janeiro.<\/li>\n<li>Moscovo quer a retirada das tropas ucranianas do territ\u00f3rio controlado no Donbass, cerca de 20 por cento da prov\u00edncia de Donetsk; a Ucr\u00e2nia n\u00e3o aceita, defendendo manter a regi\u00e3o.<\/li>\n<li>O Presidente ucraniano, Volodymyr Zelensky, recusou perder territ\u00f3rio, dizendo que a constitui\u00e7\u00e3o n\u00e3o lhe permite tratar esse assunto; admite solu\u00e7\u00f5es interm\u00e9dias apenas com recuo russo e, em alguns casos, referendo.<\/li>\n<li>Votos: 52 por cento dos inquiridos consideram absolutamente inaceit\u00e1vel retirar-se em troca de garantias de seguran\u00e7a; 31 por cento acham a proposta geralmente aceit\u00e1vel, e 9 por cento concordam facilmente.<\/li>\n<li>A sondagem foi realizada numa altura de severos cortes de energia e frio intenso, com 65 por cento a dizerem estar dispostos a manter a guerra pelo tempo que for necess\u00e1rio.<\/li>\n<\/ul>\n","protected":false},"author":2,"featured_media":200421,"comment_status":"closed","ping_status":"closed","sticky":false,"template":"","format":"standard","meta":{"footnotes":""},"categories":[4,1],"tags":[2792,5451,62,2832,27,2134],"class_list":["post-200413","post","type-post","status-publish","format-standard","has-post-thumbnail","hentry","category-internacional","category-noticias","tag-conflito-internacional","tag-donbass","tag-guerra","tag-politica","tag-relacoes-internacionais","tag-ucrania"],"yoast_head":"<!-- This site is optimized with the Yoast SEO plugin v27.2 - https:\/\/yoast.com\/product\/yoast-seo-wordpress\/ -->\n<title>Maioria de ucranianos op\u00f5e-se \u00e0 ced\u00eancia do Donbass \u00e0 R\u00fassia em nome da paz - Portal Tela Portugal<\/title>\n<meta name=\"robots\" content=\"index, follow, max-snippet:-1, max-image-preview:large, max-video-preview:-1\" \/>\n<meta property=\"og:locale\" content=\"pt_PT\" \/>\n<meta property=\"og:type\" content=\"article\" \/>\n<meta property=\"og:title\" content=\"Maioria de ucranianos op\u00f5e-se \u00e0 ced\u00eancia do Donbass \u00e0 R\u00fassia em nome da paz - Portal Tela Portugal\" \/>\n<meta property=\"og:description\" content=\"A maioria dos ucranianos rejeita ceder o Donbass a Moscovo, mesmo com garantias de seguran\u00e7a ocidentais, aponta uma sondagem do Instituto Internacional de Sociologia de Kiev realizada na \u00faltima semana de janeiro. Moscovo quer a retirada das tropas ucranianas do territ\u00f3rio controlado no Donbass, cerca de 20 por cento da prov\u00edncia de Donetsk; a Ucr\u00e2nia n\u00e3o aceita, defendendo manter a regi\u00e3o. O Presidente ucraniano, Volodymyr Zelensky, recusou perder territ\u00f3rio, dizendo que a constitui\u00e7\u00e3o n\u00e3o lhe permite tratar esse assunto; admite solu\u00e7\u00f5es interm\u00e9dias apenas com recuo russo e, em alguns casos, referendo. Votos: 52 por cento dos inquiridos consideram absolutamente inaceit\u00e1vel retirar-se em troca de garantias de seguran\u00e7a; 31 por cento acham a proposta geralmente aceit\u00e1vel, e 9 por cento concordam facilmente. A sondagem foi realizada numa altura de severos cortes de energia e frio intenso, com 65 por cento a dizerem estar dispostos a manter a guerra pelo tempo que for necess\u00e1rio.\" \/>\n<meta property=\"og:url\" content=\"https:\/\/portaltela.pt\/noticias\/2026\/02\/05\/maioria-de-ucranianos-opoe-se-a-cedencia-do-donbass-a-russia-em-nome-da-paz\/\" \/>\n<meta property=\"og:site_name\" content=\"Portal Tela Portugal\" \/>\n<meta property=\"article:published_time\" content=\"2026-02-05T18:12:00+00:00\" \/>\n<meta name=\"author\" content=\"Telinha\" \/>\n<meta name=\"twitter:card\" content=\"summary_large_image\" \/>\n<meta name=\"twitter:label1\" content=\"Escrito por\" \/>\n\t<meta name=\"twitter:data1\" content=\"Telinha\" \/>\n\t<meta name=\"twitter:label2\" content=\"Tempo estimado de leitura\" \/>\n\t<meta name=\"twitter:data2\" content=\"1 minuto\" \/>\n<script type=\"application\/ld+json\" class=\"yoast-schema-graph\">{\"@context\":\"https:\/\/schema.org\",\"@graph\":[{\"@type\":\"Article\",\"@id\":\"https:\/\/portaltela.pt\/noticias\/2026\/02\/05\/maioria-de-ucranianos-opoe-se-a-cedencia-do-donbass-a-russia-em-nome-da-paz\/#article\",\"isPartOf\":{\"@id\":\"https:\/\/portaltela.pt\/noticias\/2026\/02\/05\/maioria-de-ucranianos-opoe-se-a-cedencia-do-donbass-a-russia-em-nome-da-paz\/\"},\"author\":{\"name\":\"Telinha\",\"@id\":\"https:\/\/portaltela.pt\/#\/schema\/person\/c4278d4a6028830caff9ee44b42d32ed\"},\"headline\":\"Maioria de ucranianos op\u00f5e-se \u00e0 ced\u00eancia do Donbass \u00e0 R\u00fassia em nome da paz\",\"datePublished\":\"2026-02-05T18:12:00+00:00\",\"mainEntityOfPage\":{\"@id\":\"https:\/\/portaltela.pt\/noticias\/2026\/02\/05\/maioria-de-ucranianos-opoe-se-a-cedencia-do-donbass-a-russia-em-nome-da-paz\/\"},\"wordCount\":251,\"image\":{\"@id\":\"https:\/\/portaltela.pt\/noticias\/2026\/02\/05\/maioria-de-ucranianos-opoe-se-a-cedencia-do-donbass-a-russia-em-nome-da-paz\/#primaryimage\"},\"thumbnailUrl\":\"https:\/\/portaltela.pt\/s.01k8rhncp4jt1\/2026\/02\/2064851.jpg\",\"keywords\":[\"conflito internacional\",\"Donbass\",\"guerra\",\"pol\u00edtica\",\"rela\u00e7\u00f5es internacionais\",\"Ucr\u00e2nia\"],\"articleSection\":[\"Internacional\",\"Not\u00edcias\"],\"inLanguage\":\"pt-PT\"},{\"@type\":\"WebPage\",\"@id\":\"https:\/\/portaltela.pt\/noticias\/2026\/02\/05\/maioria-de-ucranianos-opoe-se-a-cedencia-do-donbass-a-russia-em-nome-da-paz\/\",\"url\":\"https:\/\/portaltela.pt\/noticias\/2026\/02\/05\/maioria-de-ucranianos-opoe-se-a-cedencia-do-donbass-a-russia-em-nome-da-paz\/\",\"name\":\"Maioria de ucranianos op\u00f5e-se \u00e0 ced\u00eancia do Donbass \u00e0 R\u00fassia em nome da paz - Portal Tela Portugal\",\"isPartOf\":{\"@id\":\"https:\/\/portaltela.pt\/#website\"},\"primaryImageOfPage\":{\"@id\":\"https:\/\/portaltela.pt\/noticias\/2026\/02\/05\/maioria-de-ucranianos-opoe-se-a-cedencia-do-donbass-a-russia-em-nome-da-paz\/#primaryimage\"},\"image\":{\"@id\":\"https:\/\/portaltela.pt\/noticias\/2026\/02\/05\/maioria-de-ucranianos-opoe-se-a-cedencia-do-donbass-a-russia-em-nome-da-paz\/#primaryimage\"},\"thumbnailUrl\":\"https:\/\/portaltela.pt\/s.01k8rhncp4jt1\/2026\/02\/2064851.jpg\",\"datePublished\":\"2026-02-05T18:12:00+00:00\",\"author\":{\"@id\":\"https:\/\/portaltela.pt\/#\/schema\/person\/c4278d4a6028830caff9ee44b42d32ed\"},\"breadcrumb\":{\"@id\":\"https:\/\/portaltela.pt\/noticias\/2026\/02\/05\/maioria-de-ucranianos-opoe-se-a-cedencia-do-donbass-a-russia-em-nome-da-paz\/#breadcrumb\"},\"inLanguage\":\"pt-PT\",\"potentialAction\":[{\"@type\":\"ReadAction\",\"target\":[\"https:\/\/portaltela.pt\/noticias\/2026\/02\/05\/maioria-de-ucranianos-opoe-se-a-cedencia-do-donbass-a-russia-em-nome-da-paz\/\"]}]},{\"@type\":\"ImageObject\",\"inLanguage\":\"pt-PT\",\"@id\":\"https:\/\/portaltela.pt\/noticias\/2026\/02\/05\/maioria-de-ucranianos-opoe-se-a-cedencia-do-donbass-a-russia-em-nome-da-paz\/#primaryimage\",\"url\":\"https:\/\/portaltela.pt\/s.01k8rhncp4jt1\/2026\/02\/2064851.jpg\",\"contentUrl\":\"https:\/\/portaltela.pt\/s.01k8rhncp4jt1\/2026\/02\/2064851.jpg\",\"width\":796,\"height\":448,\"caption\":\"Apesar dos constantes bombardeamentos russos, a maioria dos ucranianos diz estar preparado para que a guerra dure o que for necess\u00e1rio\"},{\"@type\":\"BreadcrumbList\",\"@id\":\"https:\/\/portaltela.pt\/noticias\/2026\/02\/05\/maioria-de-ucranianos-opoe-se-a-cedencia-do-donbass-a-russia-em-nome-da-paz\/#breadcrumb\",\"itemListElement\":[{\"@type\":\"ListItem\",\"position\":1,\"name\":\"In\u00edcio\",\"item\":\"https:\/\/portaltela.pt\/\"},{\"@type\":\"ListItem\",\"position\":2,\"name\":\"Maioria de ucranianos op\u00f5e-se \u00e0 ced\u00eancia do Donbass \u00e0 R\u00fassia em nome da paz\"}]},{\"@type\":\"WebSite\",\"@id\":\"https:\/\/portaltela.pt\/#website\",\"url\":\"https:\/\/portaltela.pt\/\",\"name\":\"Portal Tela Portugal\",\"description\":\"\",\"potentialAction\":[{\"@type\":\"SearchAction\",\"target\":{\"@type\":\"EntryPoint\",\"urlTemplate\":\"https:\/\/portaltela.pt\/?s={search_term_string}\"},\"query-input\":{\"@type\":\"PropertyValueSpecification\",\"valueRequired\":true,\"valueName\":\"search_term_string\"}}],\"inLanguage\":\"pt-PT\"},{\"@type\":\"Person\",\"@id\":\"https:\/\/portaltela.pt\/#\/schema\/person\/c4278d4a6028830caff9ee44b42d32ed\",\"name\":\"Telinha\",\"image\":{\"@type\":\"ImageObject\",\"inLanguage\":\"pt-PT\",\"@id\":\"https:\/\/portaltela.pt\/s.01k8rhncp4jt1\/2025\/11\/talking-bot-125x125.png\",\"url\":\"https:\/\/portaltela.pt\/s.01k8rhncp4jt1\/2025\/11\/talking-bot-125x125.png\",\"contentUrl\":\"https:\/\/portaltela.pt\/s.01k8rhncp4jt1\/2025\/11\/talking-bot-125x125.png\",\"caption\":\"Telinha\"},\"sameAs\":[\"https:\/\/portaltela.pt\/\"],\"url\":\"https:\/\/portaltela.pt\/por\/367410592786\/\"}]}<\/script>\n<!-- \/ Yoast SEO plugin. -->","yoast_head_json":{"title":"Maioria de ucranianos op\u00f5e-se \u00e0 ced\u00eancia do Donbass \u00e0 R\u00fassia em nome da paz - Portal Tela Portugal","robots":{"index":"index","follow":"follow","max-snippet":"max-snippet:-1","max-image-preview":"max-image-preview:large","max-video-preview":"max-video-preview:-1"},"og_locale":"pt_PT","og_type":"article","og_title":"Maioria de ucranianos op\u00f5e-se \u00e0 ced\u00eancia do Donbass \u00e0 R\u00fassia em nome da paz - Portal Tela Portugal","og_description":"A maioria dos ucranianos rejeita ceder o Donbass a Moscovo, mesmo com garantias de seguran\u00e7a ocidentais, aponta uma sondagem do Instituto Internacional de Sociologia de Kiev realizada na \u00faltima semana de janeiro. Moscovo quer a retirada das tropas ucranianas do territ\u00f3rio controlado no Donbass, cerca de 20 por cento da prov\u00edncia de Donetsk; a Ucr\u00e2nia n\u00e3o aceita, defendendo manter a regi\u00e3o. O Presidente ucraniano, Volodymyr Zelensky, recusou perder territ\u00f3rio, dizendo que a constitui\u00e7\u00e3o n\u00e3o lhe permite tratar esse assunto; admite solu\u00e7\u00f5es interm\u00e9dias apenas com recuo russo e, em alguns casos, referendo. Votos: 52 por cento dos inquiridos consideram absolutamente inaceit\u00e1vel retirar-se em troca de garantias de seguran\u00e7a; 31 por cento acham a proposta geralmente aceit\u00e1vel, e 9 por cento concordam facilmente. A sondagem foi realizada numa altura de severos cortes de energia e frio intenso, com 65 por cento a dizerem estar dispostos a manter a guerra pelo tempo que for necess\u00e1rio.","og_url":"https:\/\/portaltela.pt\/noticias\/2026\/02\/05\/maioria-de-ucranianos-opoe-se-a-cedencia-do-donbass-a-russia-em-nome-da-paz\/","og_site_name":"Portal Tela Portugal","article_published_time":"2026-02-05T18:12:00+00:00","author":"Telinha","twitter_card":"summary_large_image","twitter_misc":{"Escrito por":"Telinha","Tempo estimado de leitura":"1 minuto"},"schema":{"@context":"https:\/\/schema.org","@graph":[{"@type":"Article","@id":"https:\/\/portaltela.pt\/noticias\/2026\/02\/05\/maioria-de-ucranianos-opoe-se-a-cedencia-do-donbass-a-russia-em-nome-da-paz\/#article","isPartOf":{"@id":"https:\/\/portaltela.pt\/noticias\/2026\/02\/05\/maioria-de-ucranianos-opoe-se-a-cedencia-do-donbass-a-russia-em-nome-da-paz\/"},"author":{"name":"Telinha","@id":"https:\/\/portaltela.pt\/#\/schema\/person\/c4278d4a6028830caff9ee44b42d32ed"},"headline":"Maioria de ucranianos op\u00f5e-se \u00e0 ced\u00eancia do Donbass \u00e0 R\u00fassia em nome da paz","datePublished":"2026-02-05T18:12:00+00:00","mainEntityOfPage":{"@id":"https:\/\/portaltela.pt\/noticias\/2026\/02\/05\/maioria-de-ucranianos-opoe-se-a-cedencia-do-donbass-a-russia-em-nome-da-paz\/"},"wordCount":251,"image":{"@id":"https:\/\/portaltela.pt\/noticias\/2026\/02\/05\/maioria-de-ucranianos-opoe-se-a-cedencia-do-donbass-a-russia-em-nome-da-paz\/#primaryimage"},"thumbnailUrl":"https:\/\/portaltela.pt\/s.01k8rhncp4jt1\/2026\/02\/2064851.jpg","keywords":["conflito internacional","Donbass","guerra","pol\u00edtica","rela\u00e7\u00f5es internacionais","Ucr\u00e2nia"],"articleSection":["Internacional","Not\u00edcias"],"inLanguage":"pt-PT"},{"@type":"WebPage","@id":"https:\/\/portaltela.pt\/noticias\/2026\/02\/05\/maioria-de-ucranianos-opoe-se-a-cedencia-do-donbass-a-russia-em-nome-da-paz\/","url":"https:\/\/portaltela.pt\/noticias\/2026\/02\/05\/maioria-de-ucranianos-opoe-se-a-cedencia-do-donbass-a-russia-em-nome-da-paz\/","name":"Maioria de ucranianos op\u00f5e-se \u00e0 ced\u00eancia do Donbass \u00e0 R\u00fassia em nome da paz - Portal Tela Portugal","isPartOf":{"@id":"https:\/\/portaltela.pt\/#website"},"primaryImageOfPage":{"@id":"https:\/\/portaltela.pt\/noticias\/2026\/02\/05\/maioria-de-ucranianos-opoe-se-a-cedencia-do-donbass-a-russia-em-nome-da-paz\/#primaryimage"},"image":{"@id":"https:\/\/portaltela.pt\/noticias\/2026\/02\/05\/maioria-de-ucranianos-opoe-se-a-cedencia-do-donbass-a-russia-em-nome-da-paz\/#primaryimage"},"thumbnailUrl":"https:\/\/portaltela.pt\/s.01k8rhncp4jt1\/2026\/02\/2064851.jpg","datePublished":"2026-02-05T18:12:00+00:00","author":{"@id":"https:\/\/portaltela.pt\/#\/schema\/person\/c4278d4a6028830caff9ee44b42d32ed"},"breadcrumb":{"@id":"https:\/\/portaltela.pt\/noticias\/2026\/02\/05\/maioria-de-ucranianos-opoe-se-a-cedencia-do-donbass-a-russia-em-nome-da-paz\/#breadcrumb"},"inLanguage":"pt-PT","potentialAction":[{"@type":"ReadAction","target":["https:\/\/portaltela.pt\/noticias\/2026\/02\/05\/maioria-de-ucranianos-opoe-se-a-cedencia-do-donbass-a-russia-em-nome-da-paz\/"]}]},{"@type":"ImageObject","inLanguage":"pt-PT","@id":"https:\/\/portaltela.pt\/noticias\/2026\/02\/05\/maioria-de-ucranianos-opoe-se-a-cedencia-do-donbass-a-russia-em-nome-da-paz\/#primaryimage","url":"https:\/\/portaltela.pt\/s.01k8rhncp4jt1\/2026\/02\/2064851.jpg","contentUrl":"https:\/\/portaltela.pt\/s.01k8rhncp4jt1\/2026\/02\/2064851.jpg","width":796,"height":448,"caption":"Apesar dos constantes bombardeamentos russos, a maioria dos ucranianos diz estar preparado para que a guerra dure o que for necess\u00e1rio"},{"@type":"BreadcrumbList","@id":"https:\/\/portaltela.pt\/noticias\/2026\/02\/05\/maioria-de-ucranianos-opoe-se-a-cedencia-do-donbass-a-russia-em-nome-da-paz\/#breadcrumb","itemListElement":[{"@type":"ListItem","position":1,"name":"In\u00edcio","item":"https:\/\/portaltela.pt\/"},{"@type":"ListItem","position":2,"name":"Maioria de ucranianos op\u00f5e-se \u00e0 ced\u00eancia do Donbass \u00e0 R\u00fassia em nome da paz"}]},{"@type":"WebSite","@id":"https:\/\/portaltela.pt\/#website","url":"https:\/\/portaltela.pt\/","name":"Portal Tela Portugal","description":"","potentialAction":[{"@type":"SearchAction","target":{"@type":"EntryPoint","urlTemplate":"https:\/\/portaltela.pt\/?s={search_term_string}"},"query-input":{"@type":"PropertyValueSpecification","valueRequired":true,"valueName":"search_term_string"}}],"inLanguage":"pt-PT"},{"@type":"Person","@id":"https:\/\/portaltela.pt\/#\/schema\/person\/c4278d4a6028830caff9ee44b42d32ed","name":"Telinha","image":{"@type":"ImageObject","inLanguage":"pt-PT","@id":"https:\/\/portaltela.pt\/s.01k8rhncp4jt1\/2025\/11\/talking-bot-125x125.png","url":"https:\/\/portaltela.pt\/s.01k8rhncp4jt1\/2025\/11\/talking-bot-125x125.png","contentUrl":"https:\/\/portaltela.pt\/s.01k8rhncp4jt1\/2025\/11\/talking-bot-125x125.png","caption":"Telinha"},"sameAs":["https:\/\/portaltela.pt\/"],"url":"https:\/\/portaltela.pt\/por\/367410592786\/"}]}},"_links":{"self":[{"href":"https:\/\/portaltela.pt\/api\/wp\/v2\/posts\/200413","targetHints":{"allow":["GET"]}}],"collection":[{"href":"https:\/\/portaltela.pt\/api\/wp\/v2\/posts"}],"about":[{"href":"https:\/\/portaltela.pt\/api\/wp\/v2\/types\/post"}],"author":[{"embeddable":true,"href":"https:\/\/portaltela.pt\/api\/wp\/v2\/users\/2"}],"replies":[{"embeddable":true,"href":"https:\/\/portaltela.pt\/api\/wp\/v2\/comments?post=200413"}],"version-history":[{"count":0,"href":"https:\/\/portaltela.pt\/api\/wp\/v2\/posts\/200413\/revisions"}],"wp:featuredmedia":[{"embeddable":true,"href":"https:\/\/portaltela.pt\/api\/wp\/v2\/media\/200421"}],"wp:attachment":[{"href":"https:\/\/portaltela.pt\/api\/wp\/v2\/media?parent=200413"}],"wp:term":[{"taxonomy":"category","embeddable":true,"href":"https:\/\/portaltela.pt\/api\/wp\/v2\/categories?post=200413"},{"taxonomy":"post_tag","embeddable":true,"href":"https:\/\/portaltela.pt\/api\/wp\/v2\/tags?post=200413"}],"curies":[{"name":"wp","href":"https:\/\/api.w.org\/{rel}","templated":true}]}}