{"id":200398,"date":"2026-02-05T15:02:12","date_gmt":"2026-02-05T18:02:12","guid":{"rendered":"https:\/\/portaltela.pt\/noticias\/2026\/02\/05\/cerveira-encerra-transito-na-frente-ribeirinha-por-possivel-cheia-do-minho\/"},"modified":"2026-02-05T15:02:12","modified_gmt":"2026-02-05T18:02:12","slug":"cerveira-encerra-transito-na-frente-ribeirinha-por-possivel-cheia-do-minho","status":"publish","type":"post","link":"https:\/\/portaltela.pt\/noticias\/2026\/02\/05\/cerveira-encerra-transito-na-frente-ribeirinha-por-possivel-cheia-do-minho\/","title":{"rendered":"Cerveira encerra tr\u00e2nsito na frente ribeirinha por poss\u00edvel cheia do Minho"},"content":{"rendered":"<p>O munic\u00edpio de Vila Nova de Cerveira anunciou hoje o corte de tr\u00e2nsito na Avenida dos Pescadores, entre a entrada da piscina municipal e o cais do rio Minho, devido ao risco de cheias. A medida foi comunicada pela C\u00e2mara Municipal na sua p\u00e1gina oficial de Facebook.<\/p>\n<p>A autarquia solicita compreens\u00e3o e bom senso aos cidad\u00e3os e aos visitantes da \u00e1rea ribeirinha. A decis\u00e3o surge numa altura em que o rio Minho, no distrito de Viana do Castelo, tem registado cheias em v\u00e1rias zonas do concelho.<\/p>\n<h3>Situa\u00e7\u00e3o nas margens do Minho<\/h3>\n<p>Em Mon\u00e7\u00e3o, o comandante dos Bombeiros Volunt\u00e1rios, Jos\u00e9 Passos, indicou que o rio j\u00e1 galgou margens nos \u00faltimos dias. De manh\u00e3, o n\u00edvel avan\u00e7ou cerca de tr\u00eas metros, inundando parte do estacionamento do parque das Caldas. Cerca das 14:30, a \u00e1gua atingiu o muro de um bar naquela zona.<\/p>\n<p>O respons\u00e1vel acrescentou que a evolu\u00e7\u00e3o pode agravar-se se as descargas da barragem de Frieira, na Galiza, aumentarem. \u00c0s 12:29, a barragem debitou 2.390 m3 por segundo. No vale do Lima, o rio Lima permanece relativamente est\u00e1vel, com \u00e1gua marcada na \u00e1rea de areal e previs\u00e3o de redu\u00e7\u00e3o da chuva.<\/p>\n<p>Para Touvedo, 80% da capacidade da barragem ainda est\u00e1 dispon\u00edvel, e n\u00e3o h\u00e1 descargas significativas, segundo o comandante Carlos Lima. Em Ponte da Barca, o cen\u00e1rio mant\u00e9m-se est\u00e1tico, com \u00e1gua vis\u00edvel nas zonas do Choupal e do Campo da Feira. Em Arcos de Valdevez, o rio Vez apresenta maior caudal, mas sem transbordamentos.<\/p>\n<h3>Contexto meteorol\u00f3gico e impacto regional<\/h3>\n<p>Portugal continental continua sob o efeito da depress\u00e3o Leonardo, com previs\u00e3o de chuva persistente at\u00e9 s\u00e1bado, acompanhada de neve, vento forte e agita\u00e7\u00e3o mar\u00edtima, de acordo com o Instituto Portugu\u00eas do Mar e da Atmosfera. Na semana, j\u00e1 produziram danos mat\u00e9rias significativos, incluindo quedas de \u00e1rvores, estradas cortadas e interrup\u00e7\u00f5es de servi\u00e7os.<\/p>\n<p>Desde o in\u00edcio da semana, o temporal provocou 12 mortos no pa\u00eds, com centenas de feridos e desalojados. As regi\u00f5es Centro, Lisboa e Vale do Tejo e Alentejo t\u00eam sido as mais afetadas. O Governo declarou situa\u00e7\u00e3o de calamidade at\u00e9 domingo para 68 concelhos e apresentou um pacote de apoio de at\u00e9 2,5 mil milh\u00f5es de euros.<\/p>\n","protected":false},"excerpt":{"rendered":"<ul>\n<li>A C\u00e2mara de Vila Nova de Cerveira cortou o tr\u00e2nsito na Avenida dos Pescadores, entre a entrada para a piscina municipal e o cais do rio Minho, devido ao risco de cheias.<\/li>\n<li>Em Mon\u00e7\u00e3o, o Minho avan\u00e7ou cerca de tr\u00eas metros, inundando a \u00e1rea de estacionamento do parque das Caldas e chegando ao muro de um bar por volta das 14h30; a barragem de Frieira debita cerca de 2.390 metros c\u00fabicos por segundo.<\/li>\n<li>No vale do Lima, o caudal permanece relativamente est\u00e1vel, com \u00e1gua na zona do areal; a barragem de Touvedo est\u00e1 com 80 por cento da capacidade e n\u00e3o est\u00e1 a descarregar.<\/li>\n<li>Em Ponte da Barca, mant\u00e9m-se \u00e1gua na zona do Choupal e do Campo da Feira; o rio Vez corre mais cheio, mas sem transbordar.<\/li>\n<li>Portugal continental enfrenta depress\u00e3o Leonardo com previs\u00e3o de chuva persistente at\u00e9 s\u00e1bado, neve, vento e agita\u00e7\u00e3o mar\u00edtima; j\u00e1 foram registadas doze mortes desde o in\u00edcio da semana, com centenas de feridos e desalojados; o Governo declarou calamidade at\u00e9 domingo para 68 concelhos e apresenta um pacote de apoio de at\u00e9 2,5 mil milh\u00f5es de euros.<\/li>\n<\/ul>\n","protected":false},"author":2,"featured_media":200402,"comment_status":"closed","ping_status":"closed","sticky":false,"template":"","format":"standard","meta":{"footnotes":""},"categories":[1],"tags":[4687,3701,3004,2051,2000,1530],"class_list":["post-200398","post","type-post","status-publish","format-standard","has-post-thumbnail","hentry","category-noticias","tag-calamidade-publica","tag-cheias","tag-desalojados","tag-inundacao","tag-moncao","tag-viana-do-castelo"],"yoast_head":"<!-- This site is optimized with the Yoast SEO plugin v27.2 - https:\/\/yoast.com\/product\/yoast-seo-wordpress\/ -->\n<title>Cerveira encerra tr\u00e2nsito na frente ribeirinha por poss\u00edvel cheia do Minho - Portal Tela Portugal<\/title>\n<meta name=\"robots\" content=\"index, follow, max-snippet:-1, max-image-preview:large, max-video-preview:-1\" \/>\n<meta property=\"og:locale\" content=\"pt_PT\" \/>\n<meta property=\"og:type\" content=\"article\" \/>\n<meta property=\"og:title\" content=\"Cerveira encerra tr\u00e2nsito na frente ribeirinha por poss\u00edvel cheia do Minho - Portal Tela Portugal\" \/>\n<meta property=\"og:description\" content=\"A C\u00e2mara de Vila Nova de Cerveira cortou o tr\u00e2nsito na Avenida dos Pescadores, entre a entrada para a piscina municipal e o cais do rio Minho, devido ao risco de cheias. Em Mon\u00e7\u00e3o, o Minho avan\u00e7ou cerca de tr\u00eas metros, inundando a \u00e1rea de estacionamento do parque das Caldas e chegando ao muro de um bar por volta das 14h30; a barragem de Frieira debita cerca de 2.390 metros c\u00fabicos por segundo. No vale do Lima, o caudal permanece relativamente est\u00e1vel, com \u00e1gua na zona do areal; a barragem de Touvedo est\u00e1 com 80 por cento da capacidade e n\u00e3o est\u00e1 a descarregar. Em Ponte da Barca, mant\u00e9m-se \u00e1gua na zona do Choupal e do Campo da Feira; o rio Vez corre mais cheio, mas sem transbordar. Portugal continental enfrenta depress\u00e3o Leonardo com previs\u00e3o de chuva persistente at\u00e9 s\u00e1bado, neve, vento e agita\u00e7\u00e3o mar\u00edtima; j\u00e1 foram registadas doze mortes desde o in\u00edcio da semana, com centenas de feridos e desalojados; o Governo declarou calamidade at\u00e9 domingo para 68 concelhos e apresenta um pacote de apoio de at\u00e9 2,5 mil milh\u00f5es de euros.\" \/>\n<meta property=\"og:url\" content=\"https:\/\/portaltela.pt\/noticias\/2026\/02\/05\/cerveira-encerra-transito-na-frente-ribeirinha-por-possivel-cheia-do-minho\/\" \/>\n<meta property=\"og:site_name\" content=\"Portal Tela Portugal\" \/>\n<meta property=\"article:published_time\" content=\"2026-02-05T18:02:12+00:00\" \/>\n<meta name=\"author\" content=\"Telinha\" \/>\n<meta name=\"twitter:card\" content=\"summary_large_image\" \/>\n<meta name=\"twitter:label1\" content=\"Escrito por\" \/>\n\t<meta name=\"twitter:data1\" content=\"Telinha\" \/>\n\t<meta name=\"twitter:label2\" content=\"Tempo estimado de leitura\" \/>\n\t<meta name=\"twitter:data2\" content=\"2 minutos\" \/>\n<script type=\"application\/ld+json\" class=\"yoast-schema-graph\">{\"@context\":\"https:\/\/schema.org\",\"@graph\":[{\"@type\":\"Article\",\"@id\":\"https:\/\/portaltela.pt\/noticias\/2026\/02\/05\/cerveira-encerra-transito-na-frente-ribeirinha-por-possivel-cheia-do-minho\/#article\",\"isPartOf\":{\"@id\":\"https:\/\/portaltela.pt\/noticias\/2026\/02\/05\/cerveira-encerra-transito-na-frente-ribeirinha-por-possivel-cheia-do-minho\/\"},\"author\":{\"name\":\"Telinha\",\"@id\":\"https:\/\/portaltela.pt\/#\/schema\/person\/c4278d4a6028830caff9ee44b42d32ed\"},\"headline\":\"Cerveira encerra tr\u00e2nsito na frente ribeirinha por poss\u00edvel cheia do Minho\",\"datePublished\":\"2026-02-05T18:02:12+00:00\",\"mainEntityOfPage\":{\"@id\":\"https:\/\/portaltela.pt\/noticias\/2026\/02\/05\/cerveira-encerra-transito-na-frente-ribeirinha-por-possivel-cheia-do-minho\/\"},\"wordCount\":404,\"image\":{\"@id\":\"https:\/\/portaltela.pt\/noticias\/2026\/02\/05\/cerveira-encerra-transito-na-frente-ribeirinha-por-possivel-cheia-do-minho\/#primaryimage\"},\"thumbnailUrl\":\"https:\/\/portaltela.pt\/s.01k8rhncp4jt1\/2026\/02\/img_1500x1000uu2024-03-18-10-52-20-1602145-1.jpg\",\"keywords\":[\"calamidade p\u00fablica\",\"cheias\",\"desalojados\",\"inunda\u00e7\u00e3o\",\"Mon\u00e7\u00e3o\",\"Viana do Castelo\"],\"articleSection\":[\"Not\u00edcias\"],\"inLanguage\":\"pt-PT\"},{\"@type\":\"WebPage\",\"@id\":\"https:\/\/portaltela.pt\/noticias\/2026\/02\/05\/cerveira-encerra-transito-na-frente-ribeirinha-por-possivel-cheia-do-minho\/\",\"url\":\"https:\/\/portaltela.pt\/noticias\/2026\/02\/05\/cerveira-encerra-transito-na-frente-ribeirinha-por-possivel-cheia-do-minho\/\",\"name\":\"Cerveira encerra tr\u00e2nsito na frente ribeirinha por poss\u00edvel cheia do Minho - Portal Tela Portugal\",\"isPartOf\":{\"@id\":\"https:\/\/portaltela.pt\/#website\"},\"primaryImageOfPage\":{\"@id\":\"https:\/\/portaltela.pt\/noticias\/2026\/02\/05\/cerveira-encerra-transito-na-frente-ribeirinha-por-possivel-cheia-do-minho\/#primaryimage\"},\"image\":{\"@id\":\"https:\/\/portaltela.pt\/noticias\/2026\/02\/05\/cerveira-encerra-transito-na-frente-ribeirinha-por-possivel-cheia-do-minho\/#primaryimage\"},\"thumbnailUrl\":\"https:\/\/portaltela.pt\/s.01k8rhncp4jt1\/2026\/02\/img_1500x1000uu2024-03-18-10-52-20-1602145-1.jpg\",\"datePublished\":\"2026-02-05T18:02:12+00:00\",\"author\":{\"@id\":\"https:\/\/portaltela.pt\/#\/schema\/person\/c4278d4a6028830caff9ee44b42d32ed\"},\"breadcrumb\":{\"@id\":\"https:\/\/portaltela.pt\/noticias\/2026\/02\/05\/cerveira-encerra-transito-na-frente-ribeirinha-por-possivel-cheia-do-minho\/#breadcrumb\"},\"inLanguage\":\"pt-PT\",\"potentialAction\":[{\"@type\":\"ReadAction\",\"target\":[\"https:\/\/portaltela.pt\/noticias\/2026\/02\/05\/cerveira-encerra-transito-na-frente-ribeirinha-por-possivel-cheia-do-minho\/\"]}]},{\"@type\":\"ImageObject\",\"inLanguage\":\"pt-PT\",\"@id\":\"https:\/\/portaltela.pt\/noticias\/2026\/02\/05\/cerveira-encerra-transito-na-frente-ribeirinha-por-possivel-cheia-do-minho\/#primaryimage\",\"url\":\"https:\/\/portaltela.pt\/s.01k8rhncp4jt1\/2026\/02\/img_1500x1000uu2024-03-18-10-52-20-1602145-1.jpg\",\"contentUrl\":\"https:\/\/portaltela.pt\/s.01k8rhncp4jt1\/2026\/02\/img_1500x1000uu2024-03-18-10-52-20-1602145-1.jpg\",\"width\":796,\"height\":448,\"caption\":\"Duas pessoas resgatadas em naufr\u00e1gio de embarca\u00e7\u00e3o de recreio no rio Minho em Mon\u00e7\u00e3o\"},{\"@type\":\"BreadcrumbList\",\"@id\":\"https:\/\/portaltela.pt\/noticias\/2026\/02\/05\/cerveira-encerra-transito-na-frente-ribeirinha-por-possivel-cheia-do-minho\/#breadcrumb\",\"itemListElement\":[{\"@type\":\"ListItem\",\"position\":1,\"name\":\"In\u00edcio\",\"item\":\"https:\/\/portaltela.pt\/\"},{\"@type\":\"ListItem\",\"position\":2,\"name\":\"Cerveira encerra tr\u00e2nsito na frente ribeirinha por poss\u00edvel cheia do Minho\"}]},{\"@type\":\"WebSite\",\"@id\":\"https:\/\/portaltela.pt\/#website\",\"url\":\"https:\/\/portaltela.pt\/\",\"name\":\"Portal Tela Portugal\",\"description\":\"\",\"potentialAction\":[{\"@type\":\"SearchAction\",\"target\":{\"@type\":\"EntryPoint\",\"urlTemplate\":\"https:\/\/portaltela.pt\/?s={search_term_string}\"},\"query-input\":{\"@type\":\"PropertyValueSpecification\",\"valueRequired\":true,\"valueName\":\"search_term_string\"}}],\"inLanguage\":\"pt-PT\"},{\"@type\":\"Person\",\"@id\":\"https:\/\/portaltela.pt\/#\/schema\/person\/c4278d4a6028830caff9ee44b42d32ed\",\"name\":\"Telinha\",\"image\":{\"@type\":\"ImageObject\",\"inLanguage\":\"pt-PT\",\"@id\":\"https:\/\/portaltela.pt\/s.01k8rhncp4jt1\/2025\/11\/talking-bot-125x125.png\",\"url\":\"https:\/\/portaltela.pt\/s.01k8rhncp4jt1\/2025\/11\/talking-bot-125x125.png\",\"contentUrl\":\"https:\/\/portaltela.pt\/s.01k8rhncp4jt1\/2025\/11\/talking-bot-125x125.png\",\"caption\":\"Telinha\"},\"sameAs\":[\"https:\/\/portaltela.pt\/\"],\"url\":\"https:\/\/portaltela.pt\/por\/367410592786\/\"}]}<\/script>\n<!-- \/ Yoast SEO plugin. -->","yoast_head_json":{"title":"Cerveira encerra tr\u00e2nsito na frente ribeirinha por poss\u00edvel cheia do Minho - Portal Tela Portugal","robots":{"index":"index","follow":"follow","max-snippet":"max-snippet:-1","max-image-preview":"max-image-preview:large","max-video-preview":"max-video-preview:-1"},"og_locale":"pt_PT","og_type":"article","og_title":"Cerveira encerra tr\u00e2nsito na frente ribeirinha por poss\u00edvel cheia do Minho - Portal Tela Portugal","og_description":"A C\u00e2mara de Vila Nova de Cerveira cortou o tr\u00e2nsito na Avenida dos Pescadores, entre a entrada para a piscina municipal e o cais do rio Minho, devido ao risco de cheias. Em Mon\u00e7\u00e3o, o Minho avan\u00e7ou cerca de tr\u00eas metros, inundando a \u00e1rea de estacionamento do parque das Caldas e chegando ao muro de um bar por volta das 14h30; a barragem de Frieira debita cerca de 2.390 metros c\u00fabicos por segundo. No vale do Lima, o caudal permanece relativamente est\u00e1vel, com \u00e1gua na zona do areal; a barragem de Touvedo est\u00e1 com 80 por cento da capacidade e n\u00e3o est\u00e1 a descarregar. Em Ponte da Barca, mant\u00e9m-se \u00e1gua na zona do Choupal e do Campo da Feira; o rio Vez corre mais cheio, mas sem transbordar. Portugal continental enfrenta depress\u00e3o Leonardo com previs\u00e3o de chuva persistente at\u00e9 s\u00e1bado, neve, vento e agita\u00e7\u00e3o mar\u00edtima; j\u00e1 foram registadas doze mortes desde o in\u00edcio da semana, com centenas de feridos e desalojados; o Governo declarou calamidade at\u00e9 domingo para 68 concelhos e apresenta um pacote de apoio de at\u00e9 2,5 mil milh\u00f5es de euros.","og_url":"https:\/\/portaltela.pt\/noticias\/2026\/02\/05\/cerveira-encerra-transito-na-frente-ribeirinha-por-possivel-cheia-do-minho\/","og_site_name":"Portal Tela Portugal","article_published_time":"2026-02-05T18:02:12+00:00","author":"Telinha","twitter_card":"summary_large_image","twitter_misc":{"Escrito por":"Telinha","Tempo estimado de leitura":"2 minutos"},"schema":{"@context":"https:\/\/schema.org","@graph":[{"@type":"Article","@id":"https:\/\/portaltela.pt\/noticias\/2026\/02\/05\/cerveira-encerra-transito-na-frente-ribeirinha-por-possivel-cheia-do-minho\/#article","isPartOf":{"@id":"https:\/\/portaltela.pt\/noticias\/2026\/02\/05\/cerveira-encerra-transito-na-frente-ribeirinha-por-possivel-cheia-do-minho\/"},"author":{"name":"Telinha","@id":"https:\/\/portaltela.pt\/#\/schema\/person\/c4278d4a6028830caff9ee44b42d32ed"},"headline":"Cerveira encerra tr\u00e2nsito na frente ribeirinha por poss\u00edvel cheia do Minho","datePublished":"2026-02-05T18:02:12+00:00","mainEntityOfPage":{"@id":"https:\/\/portaltela.pt\/noticias\/2026\/02\/05\/cerveira-encerra-transito-na-frente-ribeirinha-por-possivel-cheia-do-minho\/"},"wordCount":404,"image":{"@id":"https:\/\/portaltela.pt\/noticias\/2026\/02\/05\/cerveira-encerra-transito-na-frente-ribeirinha-por-possivel-cheia-do-minho\/#primaryimage"},"thumbnailUrl":"https:\/\/portaltela.pt\/s.01k8rhncp4jt1\/2026\/02\/img_1500x1000uu2024-03-18-10-52-20-1602145-1.jpg","keywords":["calamidade p\u00fablica","cheias","desalojados","inunda\u00e7\u00e3o","Mon\u00e7\u00e3o","Viana do Castelo"],"articleSection":["Not\u00edcias"],"inLanguage":"pt-PT"},{"@type":"WebPage","@id":"https:\/\/portaltela.pt\/noticias\/2026\/02\/05\/cerveira-encerra-transito-na-frente-ribeirinha-por-possivel-cheia-do-minho\/","url":"https:\/\/portaltela.pt\/noticias\/2026\/02\/05\/cerveira-encerra-transito-na-frente-ribeirinha-por-possivel-cheia-do-minho\/","name":"Cerveira encerra tr\u00e2nsito na frente ribeirinha por poss\u00edvel cheia do Minho - Portal Tela Portugal","isPartOf":{"@id":"https:\/\/portaltela.pt\/#website"},"primaryImageOfPage":{"@id":"https:\/\/portaltela.pt\/noticias\/2026\/02\/05\/cerveira-encerra-transito-na-frente-ribeirinha-por-possivel-cheia-do-minho\/#primaryimage"},"image":{"@id":"https:\/\/portaltela.pt\/noticias\/2026\/02\/05\/cerveira-encerra-transito-na-frente-ribeirinha-por-possivel-cheia-do-minho\/#primaryimage"},"thumbnailUrl":"https:\/\/portaltela.pt\/s.01k8rhncp4jt1\/2026\/02\/img_1500x1000uu2024-03-18-10-52-20-1602145-1.jpg","datePublished":"2026-02-05T18:02:12+00:00","author":{"@id":"https:\/\/portaltela.pt\/#\/schema\/person\/c4278d4a6028830caff9ee44b42d32ed"},"breadcrumb":{"@id":"https:\/\/portaltela.pt\/noticias\/2026\/02\/05\/cerveira-encerra-transito-na-frente-ribeirinha-por-possivel-cheia-do-minho\/#breadcrumb"},"inLanguage":"pt-PT","potentialAction":[{"@type":"ReadAction","target":["https:\/\/portaltela.pt\/noticias\/2026\/02\/05\/cerveira-encerra-transito-na-frente-ribeirinha-por-possivel-cheia-do-minho\/"]}]},{"@type":"ImageObject","inLanguage":"pt-PT","@id":"https:\/\/portaltela.pt\/noticias\/2026\/02\/05\/cerveira-encerra-transito-na-frente-ribeirinha-por-possivel-cheia-do-minho\/#primaryimage","url":"https:\/\/portaltela.pt\/s.01k8rhncp4jt1\/2026\/02\/img_1500x1000uu2024-03-18-10-52-20-1602145-1.jpg","contentUrl":"https:\/\/portaltela.pt\/s.01k8rhncp4jt1\/2026\/02\/img_1500x1000uu2024-03-18-10-52-20-1602145-1.jpg","width":796,"height":448,"caption":"Duas pessoas resgatadas em naufr\u00e1gio de embarca\u00e7\u00e3o de recreio no rio Minho em Mon\u00e7\u00e3o"},{"@type":"BreadcrumbList","@id":"https:\/\/portaltela.pt\/noticias\/2026\/02\/05\/cerveira-encerra-transito-na-frente-ribeirinha-por-possivel-cheia-do-minho\/#breadcrumb","itemListElement":[{"@type":"ListItem","position":1,"name":"In\u00edcio","item":"https:\/\/portaltela.pt\/"},{"@type":"ListItem","position":2,"name":"Cerveira encerra tr\u00e2nsito na frente ribeirinha por poss\u00edvel cheia do Minho"}]},{"@type":"WebSite","@id":"https:\/\/portaltela.pt\/#website","url":"https:\/\/portaltela.pt\/","name":"Portal Tela Portugal","description":"","potentialAction":[{"@type":"SearchAction","target":{"@type":"EntryPoint","urlTemplate":"https:\/\/portaltela.pt\/?s={search_term_string}"},"query-input":{"@type":"PropertyValueSpecification","valueRequired":true,"valueName":"search_term_string"}}],"inLanguage":"pt-PT"},{"@type":"Person","@id":"https:\/\/portaltela.pt\/#\/schema\/person\/c4278d4a6028830caff9ee44b42d32ed","name":"Telinha","image":{"@type":"ImageObject","inLanguage":"pt-PT","@id":"https:\/\/portaltela.pt\/s.01k8rhncp4jt1\/2025\/11\/talking-bot-125x125.png","url":"https:\/\/portaltela.pt\/s.01k8rhncp4jt1\/2025\/11\/talking-bot-125x125.png","contentUrl":"https:\/\/portaltela.pt\/s.01k8rhncp4jt1\/2025\/11\/talking-bot-125x125.png","caption":"Telinha"},"sameAs":["https:\/\/portaltela.pt\/"],"url":"https:\/\/portaltela.pt\/por\/367410592786\/"}]}},"_links":{"self":[{"href":"https:\/\/portaltela.pt\/api\/wp\/v2\/posts\/200398","targetHints":{"allow":["GET"]}}],"collection":[{"href":"https:\/\/portaltela.pt\/api\/wp\/v2\/posts"}],"about":[{"href":"https:\/\/portaltela.pt\/api\/wp\/v2\/types\/post"}],"author":[{"embeddable":true,"href":"https:\/\/portaltela.pt\/api\/wp\/v2\/users\/2"}],"replies":[{"embeddable":true,"href":"https:\/\/portaltela.pt\/api\/wp\/v2\/comments?post=200398"}],"version-history":[{"count":0,"href":"https:\/\/portaltela.pt\/api\/wp\/v2\/posts\/200398\/revisions"}],"wp:featuredmedia":[{"embeddable":true,"href":"https:\/\/portaltela.pt\/api\/wp\/v2\/media\/200402"}],"wp:attachment":[{"href":"https:\/\/portaltela.pt\/api\/wp\/v2\/media?parent=200398"}],"wp:term":[{"taxonomy":"category","embeddable":true,"href":"https:\/\/portaltela.pt\/api\/wp\/v2\/categories?post=200398"},{"taxonomy":"post_tag","embeddable":true,"href":"https:\/\/portaltela.pt\/api\/wp\/v2\/tags?post=200398"}],"curies":[{"name":"wp","href":"https:\/\/api.w.org\/{rel}","templated":true}]}}