{"id":200378,"date":"2026-02-05T14:58:52","date_gmt":"2026-02-05T17:58:52","guid":{"rendered":"https:\/\/portaltela.pt\/noticias\/2026\/02\/05\/alcoutim-acompanha-com-preocupacao-o-nivel-controlado-do-rio\/"},"modified":"2026-02-05T14:58:52","modified_gmt":"2026-02-05T17:58:52","slug":"alcoutim-acompanha-com-preocupacao-o-nivel-controlado-do-rio","status":"publish","type":"post","link":"https:\/\/portaltela.pt\/noticias\/2026\/02\/05\/alcoutim-acompanha-com-preocupacao-o-nivel-controlado-do-rio\/","title":{"rendered":"Alcoutim acompanha com preocupa\u00e7\u00e3o o n\u00edvel controlado do rio"},"content":{"rendered":"<p>Alcoutim acompanha com apreens\u00e3o o rio Guadiana, que se mant\u00e9m sob controlo ap\u00f3s a passagem de chuva. O volume de \u00e1gua recebido pode vir das barragens a montante, mas a previs\u00e3o indica estabilidade at\u00e9 \u00e0 preia-mar da tarde.<\/p>\n<p>O coordenador da Prote\u00e7\u00e3o Civil Municipal, Jo\u00e3o Sim\u00f5es, afirmou \u00e0 Lusa que a prioridade s\u00e3o as previs\u00f5es de precipita\u00e7\u00e3o para s\u00e1bado. A zona baixa de Alcoutim j\u00e1 registou inunda\u00e7\u00e3o num parque de estacionamento, protegido por uma barreira de areia.<\/p>\n<p>Apesar da boa not\u00edcia de que n\u00e3o se antecipa um aumento r\u00e1pido, Sim\u00f5es alerta que a \u00e1gua pode subir com a preia-mar prevista para as 17h30. A prioridade \u00e9 evitar que a \u00e1gua entre na \u00e1rea urbana.<\/p>\n<h3>Situa\u00e7\u00e3o atual<\/h3>\n<p>O n\u00edvel do rio est\u00e1 est\u00e1vel, com descidas pouco consistentes na mar\u00e9 baixa. As barragens de Alqueva, Pedr\u00f3g\u00e3o e Chan\u00e7a continuam a descarregar, influenciando o caudal na foz da ribeira que separa Espanha de Portugal, em Pomar\u00e3o (M\u00e9rtola).<\/p>\n<p>Foi explicada a raz\u00e3o de n\u00e3o haver descidas r\u00e1pidas: a \u00e1gua desce pouco na mar\u00e9 baixa e sobe com a subida da preia-mar, mantendo o equil\u00edbrio em alguns trechos. A monitoriza\u00e7\u00e3o permanece ativa pela Prote\u00e7\u00e3o Civil e pela Autoridade Mar\u00edtima.<\/p>\n<h3>Perspectivas e descargas<\/h3>\n<p>A principal the preocupa\u00e7\u00e3o reside nas previs\u00f5es para s\u00e1bado, com nova precipita\u00e7\u00e3o intensa a montante de Alqueva. Caso se confirme, podem ocorrer novas descargas que elevem o caudal. As autoridades mant\u00eam vigil\u00e2ncia constante no rio para emerg\u00eancias potenciais.<\/p>\n<p>Entre os habitantes da localidade, Ant\u00f3nio Pereira, de 84 anos, recorda epis\u00f3dios anteriores em que o rio acedera \u00e0 pra\u00e7a da Rep\u00fablica e ultrapassava o centro urbano. Fernando Frederico, de 74, tamb\u00e9m discorreu sobre diferen\u00e7as entre a realidade atual e per\u00edodos de maior cheias.<\/p>\n<p>Ambos reconhecem que a subida do Guadiana n\u00e3o se via h\u00e1 muitos anos, e atuais previs\u00f5es apontam para a possibilidade de novo aumento da precipita\u00e7\u00e3o no fim de semana, mantendo a necessidade de vigil\u00e2ncia.<\/p>\n","protected":false},"excerpt":{"rendered":"<ul>\n<li>Alcoutim observa com preocupa\u00e7\u00e3o o Guadiana devido ao volume que pode chegar das barragens a montante, mesmo com o al\u00edvio por ter parado de chover.<\/li>\n<li>A \u00e1gua inundou o parque de estacionamento na zona baixa, e h\u00e1 uma barreira de areia para evitar a entrada na zona urbana.<\/li>\n<li>A descida do n\u00edvel tem sido lenta na baixa-mar, subindo com a preia-mar; a previs\u00e3o aponta para as 17h30, mas o cen\u00e1rio pode mudar se chover novamente no s\u00e1bado.<\/li>\n<li>As descargas persistem nas barragens de Alqueva, Pedr\u00f3g\u00e3o e na de Chan\u00e7a, o que pode manter o Guadiana sob press\u00e3o.<\/li>\n<li>Prote\u00e7\u00e3o Civil Municipal e a Autoridade Mar\u00edtima mant\u00eam vigil\u00e2ncia, com v\u00e1rias dezenas de pessoas a observar o evoluir da situa\u00e7\u00e3o.<\/li>\n<\/ul>\n","protected":false},"author":2,"featured_media":200383,"comment_status":"closed","ping_status":"closed","sticky":false,"template":"","format":"standard","meta":{"footnotes":""},"categories":[1],"tags":[2434,5080,4924,2409,2293,320],"class_list":["post-200378","post","type-post","status-publish","format-standard","has-post-thumbnail","hentry","category-noticias","tag-aguas","tag-alqueva","tag-barragens","tag-guadiana","tag-inundacoes","tag-protecao-civil"],"yoast_head":"<!-- This site is optimized with the Yoast SEO plugin v27.2 - https:\/\/yoast.com\/product\/yoast-seo-wordpress\/ -->\n<title>Alcoutim acompanha com preocupa\u00e7\u00e3o o n\u00edvel controlado do rio - Portal Tela Portugal<\/title>\n<meta name=\"robots\" content=\"index, follow, max-snippet:-1, max-image-preview:large, max-video-preview:-1\" \/>\n<meta property=\"og:locale\" content=\"pt_PT\" \/>\n<meta property=\"og:type\" content=\"article\" \/>\n<meta property=\"og:title\" content=\"Alcoutim acompanha com preocupa\u00e7\u00e3o o n\u00edvel controlado do rio - Portal Tela Portugal\" \/>\n<meta property=\"og:description\" content=\"Alcoutim observa com preocupa\u00e7\u00e3o o Guadiana devido ao volume que pode chegar das barragens a montante, mesmo com o al\u00edvio por ter parado de chover. A \u00e1gua inundou o parque de estacionamento na zona baixa, e h\u00e1 uma barreira de areia para evitar a entrada na zona urbana. A descida do n\u00edvel tem sido lenta na baixa-mar, subindo com a preia-mar; a previs\u00e3o aponta para as 17h30, mas o cen\u00e1rio pode mudar se chover novamente no s\u00e1bado. As descargas persistem nas barragens de Alqueva, Pedr\u00f3g\u00e3o e na de Chan\u00e7a, o que pode manter o Guadiana sob press\u00e3o. Prote\u00e7\u00e3o Civil Municipal e a Autoridade Mar\u00edtima mant\u00eam vigil\u00e2ncia, com v\u00e1rias dezenas de pessoas a observar o evoluir da situa\u00e7\u00e3o.\" \/>\n<meta property=\"og:url\" content=\"https:\/\/portaltela.pt\/noticias\/2026\/02\/05\/alcoutim-acompanha-com-preocupacao-o-nivel-controlado-do-rio\/\" \/>\n<meta property=\"og:site_name\" content=\"Portal Tela Portugal\" \/>\n<meta property=\"article:published_time\" content=\"2026-02-05T17:58:52+00:00\" \/>\n<meta name=\"author\" content=\"Telinha\" \/>\n<meta name=\"twitter:card\" content=\"summary_large_image\" \/>\n<meta name=\"twitter:label1\" content=\"Escrito por\" \/>\n\t<meta name=\"twitter:data1\" content=\"Telinha\" \/>\n\t<meta name=\"twitter:label2\" content=\"Tempo estimado de leitura\" \/>\n\t<meta name=\"twitter:data2\" content=\"2 minutos\" \/>\n<script type=\"application\/ld+json\" class=\"yoast-schema-graph\">{\"@context\":\"https:\/\/schema.org\",\"@graph\":[{\"@type\":\"Article\",\"@id\":\"https:\/\/portaltela.pt\/noticias\/2026\/02\/05\/alcoutim-acompanha-com-preocupacao-o-nivel-controlado-do-rio\/#article\",\"isPartOf\":{\"@id\":\"https:\/\/portaltela.pt\/noticias\/2026\/02\/05\/alcoutim-acompanha-com-preocupacao-o-nivel-controlado-do-rio\/\"},\"author\":{\"name\":\"Telinha\",\"@id\":\"https:\/\/portaltela.pt\/#\/schema\/person\/c4278d4a6028830caff9ee44b42d32ed\"},\"headline\":\"Alcoutim acompanha com preocupa\u00e7\u00e3o o n\u00edvel controlado do rio\",\"datePublished\":\"2026-02-05T17:58:52+00:00\",\"mainEntityOfPage\":{\"@id\":\"https:\/\/portaltela.pt\/noticias\/2026\/02\/05\/alcoutim-acompanha-com-preocupacao-o-nivel-controlado-do-rio\/\"},\"wordCount\":367,\"image\":{\"@id\":\"https:\/\/portaltela.pt\/noticias\/2026\/02\/05\/alcoutim-acompanha-com-preocupacao-o-nivel-controlado-do-rio\/#primaryimage\"},\"thumbnailUrl\":\"https:\/\/portaltela.pt\/s.01k8rhncp4jt1\/2026\/02\/img_1500x1000uu2026-02-05-10-52-41-2264903.jpg\",\"keywords\":[\"\u00e1guas\",\"Alqueva\",\"barragens\",\"Guadiana\",\"inunda\u00e7\u00f5es\",\"prote\u00e7\u00e3o civil\"],\"articleSection\":[\"Not\u00edcias\"],\"inLanguage\":\"pt-PT\"},{\"@type\":\"WebPage\",\"@id\":\"https:\/\/portaltela.pt\/noticias\/2026\/02\/05\/alcoutim-acompanha-com-preocupacao-o-nivel-controlado-do-rio\/\",\"url\":\"https:\/\/portaltela.pt\/noticias\/2026\/02\/05\/alcoutim-acompanha-com-preocupacao-o-nivel-controlado-do-rio\/\",\"name\":\"Alcoutim acompanha com preocupa\u00e7\u00e3o o n\u00edvel controlado do rio - Portal Tela Portugal\",\"isPartOf\":{\"@id\":\"https:\/\/portaltela.pt\/#website\"},\"primaryImageOfPage\":{\"@id\":\"https:\/\/portaltela.pt\/noticias\/2026\/02\/05\/alcoutim-acompanha-com-preocupacao-o-nivel-controlado-do-rio\/#primaryimage\"},\"image\":{\"@id\":\"https:\/\/portaltela.pt\/noticias\/2026\/02\/05\/alcoutim-acompanha-com-preocupacao-o-nivel-controlado-do-rio\/#primaryimage\"},\"thumbnailUrl\":\"https:\/\/portaltela.pt\/s.01k8rhncp4jt1\/2026\/02\/img_1500x1000uu2026-02-05-10-52-41-2264903.jpg\",\"datePublished\":\"2026-02-05T17:58:52+00:00\",\"author\":{\"@id\":\"https:\/\/portaltela.pt\/#\/schema\/person\/c4278d4a6028830caff9ee44b42d32ed\"},\"breadcrumb\":{\"@id\":\"https:\/\/portaltela.pt\/noticias\/2026\/02\/05\/alcoutim-acompanha-com-preocupacao-o-nivel-controlado-do-rio\/#breadcrumb\"},\"inLanguage\":\"pt-PT\",\"potentialAction\":[{\"@type\":\"ReadAction\",\"target\":[\"https:\/\/portaltela.pt\/noticias\/2026\/02\/05\/alcoutim-acompanha-com-preocupacao-o-nivel-controlado-do-rio\/\"]}]},{\"@type\":\"ImageObject\",\"inLanguage\":\"pt-PT\",\"@id\":\"https:\/\/portaltela.pt\/noticias\/2026\/02\/05\/alcoutim-acompanha-com-preocupacao-o-nivel-controlado-do-rio\/#primaryimage\",\"url\":\"https:\/\/portaltela.pt\/s.01k8rhncp4jt1\/2026\/02\/img_1500x1000uu2026-02-05-10-52-41-2264903.jpg\",\"contentUrl\":\"https:\/\/portaltela.pt\/s.01k8rhncp4jt1\/2026\/02\/img_1500x1000uu2026-02-05-10-52-41-2264903.jpg\",\"width\":796,\"height\":448,\"caption\":\"V\u00e1rias \u00e1reas continuam inundadas em Alcoutim junto ao rio Guadiana\"},{\"@type\":\"BreadcrumbList\",\"@id\":\"https:\/\/portaltela.pt\/noticias\/2026\/02\/05\/alcoutim-acompanha-com-preocupacao-o-nivel-controlado-do-rio\/#breadcrumb\",\"itemListElement\":[{\"@type\":\"ListItem\",\"position\":1,\"name\":\"In\u00edcio\",\"item\":\"https:\/\/portaltela.pt\/\"},{\"@type\":\"ListItem\",\"position\":2,\"name\":\"Alcoutim acompanha com preocupa\u00e7\u00e3o o n\u00edvel controlado do rio\"}]},{\"@type\":\"WebSite\",\"@id\":\"https:\/\/portaltela.pt\/#website\",\"url\":\"https:\/\/portaltela.pt\/\",\"name\":\"Portal Tela Portugal\",\"description\":\"\",\"potentialAction\":[{\"@type\":\"SearchAction\",\"target\":{\"@type\":\"EntryPoint\",\"urlTemplate\":\"https:\/\/portaltela.pt\/?s={search_term_string}\"},\"query-input\":{\"@type\":\"PropertyValueSpecification\",\"valueRequired\":true,\"valueName\":\"search_term_string\"}}],\"inLanguage\":\"pt-PT\"},{\"@type\":\"Person\",\"@id\":\"https:\/\/portaltela.pt\/#\/schema\/person\/c4278d4a6028830caff9ee44b42d32ed\",\"name\":\"Telinha\",\"image\":{\"@type\":\"ImageObject\",\"inLanguage\":\"pt-PT\",\"@id\":\"https:\/\/portaltela.pt\/s.01k8rhncp4jt1\/2025\/11\/talking-bot-125x125.png\",\"url\":\"https:\/\/portaltela.pt\/s.01k8rhncp4jt1\/2025\/11\/talking-bot-125x125.png\",\"contentUrl\":\"https:\/\/portaltela.pt\/s.01k8rhncp4jt1\/2025\/11\/talking-bot-125x125.png\",\"caption\":\"Telinha\"},\"sameAs\":[\"https:\/\/portaltela.pt\/\"],\"url\":\"https:\/\/portaltela.pt\/por\/367410592786\/\"}]}<\/script>\n<!-- \/ Yoast SEO plugin. -->","yoast_head_json":{"title":"Alcoutim acompanha com preocupa\u00e7\u00e3o o n\u00edvel controlado do rio - Portal Tela Portugal","robots":{"index":"index","follow":"follow","max-snippet":"max-snippet:-1","max-image-preview":"max-image-preview:large","max-video-preview":"max-video-preview:-1"},"og_locale":"pt_PT","og_type":"article","og_title":"Alcoutim acompanha com preocupa\u00e7\u00e3o o n\u00edvel controlado do rio - Portal Tela Portugal","og_description":"Alcoutim observa com preocupa\u00e7\u00e3o o Guadiana devido ao volume que pode chegar das barragens a montante, mesmo com o al\u00edvio por ter parado de chover. A \u00e1gua inundou o parque de estacionamento na zona baixa, e h\u00e1 uma barreira de areia para evitar a entrada na zona urbana. A descida do n\u00edvel tem sido lenta na baixa-mar, subindo com a preia-mar; a previs\u00e3o aponta para as 17h30, mas o cen\u00e1rio pode mudar se chover novamente no s\u00e1bado. As descargas persistem nas barragens de Alqueva, Pedr\u00f3g\u00e3o e na de Chan\u00e7a, o que pode manter o Guadiana sob press\u00e3o. Prote\u00e7\u00e3o Civil Municipal e a Autoridade Mar\u00edtima mant\u00eam vigil\u00e2ncia, com v\u00e1rias dezenas de pessoas a observar o evoluir da situa\u00e7\u00e3o.","og_url":"https:\/\/portaltela.pt\/noticias\/2026\/02\/05\/alcoutim-acompanha-com-preocupacao-o-nivel-controlado-do-rio\/","og_site_name":"Portal Tela Portugal","article_published_time":"2026-02-05T17:58:52+00:00","author":"Telinha","twitter_card":"summary_large_image","twitter_misc":{"Escrito por":"Telinha","Tempo estimado de leitura":"2 minutos"},"schema":{"@context":"https:\/\/schema.org","@graph":[{"@type":"Article","@id":"https:\/\/portaltela.pt\/noticias\/2026\/02\/05\/alcoutim-acompanha-com-preocupacao-o-nivel-controlado-do-rio\/#article","isPartOf":{"@id":"https:\/\/portaltela.pt\/noticias\/2026\/02\/05\/alcoutim-acompanha-com-preocupacao-o-nivel-controlado-do-rio\/"},"author":{"name":"Telinha","@id":"https:\/\/portaltela.pt\/#\/schema\/person\/c4278d4a6028830caff9ee44b42d32ed"},"headline":"Alcoutim acompanha com preocupa\u00e7\u00e3o o n\u00edvel controlado do rio","datePublished":"2026-02-05T17:58:52+00:00","mainEntityOfPage":{"@id":"https:\/\/portaltela.pt\/noticias\/2026\/02\/05\/alcoutim-acompanha-com-preocupacao-o-nivel-controlado-do-rio\/"},"wordCount":367,"image":{"@id":"https:\/\/portaltela.pt\/noticias\/2026\/02\/05\/alcoutim-acompanha-com-preocupacao-o-nivel-controlado-do-rio\/#primaryimage"},"thumbnailUrl":"https:\/\/portaltela.pt\/s.01k8rhncp4jt1\/2026\/02\/img_1500x1000uu2026-02-05-10-52-41-2264903.jpg","keywords":["\u00e1guas","Alqueva","barragens","Guadiana","inunda\u00e7\u00f5es","prote\u00e7\u00e3o civil"],"articleSection":["Not\u00edcias"],"inLanguage":"pt-PT"},{"@type":"WebPage","@id":"https:\/\/portaltela.pt\/noticias\/2026\/02\/05\/alcoutim-acompanha-com-preocupacao-o-nivel-controlado-do-rio\/","url":"https:\/\/portaltela.pt\/noticias\/2026\/02\/05\/alcoutim-acompanha-com-preocupacao-o-nivel-controlado-do-rio\/","name":"Alcoutim acompanha com preocupa\u00e7\u00e3o o n\u00edvel controlado do rio - Portal Tela Portugal","isPartOf":{"@id":"https:\/\/portaltela.pt\/#website"},"primaryImageOfPage":{"@id":"https:\/\/portaltela.pt\/noticias\/2026\/02\/05\/alcoutim-acompanha-com-preocupacao-o-nivel-controlado-do-rio\/#primaryimage"},"image":{"@id":"https:\/\/portaltela.pt\/noticias\/2026\/02\/05\/alcoutim-acompanha-com-preocupacao-o-nivel-controlado-do-rio\/#primaryimage"},"thumbnailUrl":"https:\/\/portaltela.pt\/s.01k8rhncp4jt1\/2026\/02\/img_1500x1000uu2026-02-05-10-52-41-2264903.jpg","datePublished":"2026-02-05T17:58:52+00:00","author":{"@id":"https:\/\/portaltela.pt\/#\/schema\/person\/c4278d4a6028830caff9ee44b42d32ed"},"breadcrumb":{"@id":"https:\/\/portaltela.pt\/noticias\/2026\/02\/05\/alcoutim-acompanha-com-preocupacao-o-nivel-controlado-do-rio\/#breadcrumb"},"inLanguage":"pt-PT","potentialAction":[{"@type":"ReadAction","target":["https:\/\/portaltela.pt\/noticias\/2026\/02\/05\/alcoutim-acompanha-com-preocupacao-o-nivel-controlado-do-rio\/"]}]},{"@type":"ImageObject","inLanguage":"pt-PT","@id":"https:\/\/portaltela.pt\/noticias\/2026\/02\/05\/alcoutim-acompanha-com-preocupacao-o-nivel-controlado-do-rio\/#primaryimage","url":"https:\/\/portaltela.pt\/s.01k8rhncp4jt1\/2026\/02\/img_1500x1000uu2026-02-05-10-52-41-2264903.jpg","contentUrl":"https:\/\/portaltela.pt\/s.01k8rhncp4jt1\/2026\/02\/img_1500x1000uu2026-02-05-10-52-41-2264903.jpg","width":796,"height":448,"caption":"V\u00e1rias \u00e1reas continuam inundadas em Alcoutim junto ao rio Guadiana"},{"@type":"BreadcrumbList","@id":"https:\/\/portaltela.pt\/noticias\/2026\/02\/05\/alcoutim-acompanha-com-preocupacao-o-nivel-controlado-do-rio\/#breadcrumb","itemListElement":[{"@type":"ListItem","position":1,"name":"In\u00edcio","item":"https:\/\/portaltela.pt\/"},{"@type":"ListItem","position":2,"name":"Alcoutim acompanha com preocupa\u00e7\u00e3o o n\u00edvel controlado do rio"}]},{"@type":"WebSite","@id":"https:\/\/portaltela.pt\/#website","url":"https:\/\/portaltela.pt\/","name":"Portal Tela Portugal","description":"","potentialAction":[{"@type":"SearchAction","target":{"@type":"EntryPoint","urlTemplate":"https:\/\/portaltela.pt\/?s={search_term_string}"},"query-input":{"@type":"PropertyValueSpecification","valueRequired":true,"valueName":"search_term_string"}}],"inLanguage":"pt-PT"},{"@type":"Person","@id":"https:\/\/portaltela.pt\/#\/schema\/person\/c4278d4a6028830caff9ee44b42d32ed","name":"Telinha","image":{"@type":"ImageObject","inLanguage":"pt-PT","@id":"https:\/\/portaltela.pt\/s.01k8rhncp4jt1\/2025\/11\/talking-bot-125x125.png","url":"https:\/\/portaltela.pt\/s.01k8rhncp4jt1\/2025\/11\/talking-bot-125x125.png","contentUrl":"https:\/\/portaltela.pt\/s.01k8rhncp4jt1\/2025\/11\/talking-bot-125x125.png","caption":"Telinha"},"sameAs":["https:\/\/portaltela.pt\/"],"url":"https:\/\/portaltela.pt\/por\/367410592786\/"}]}},"_links":{"self":[{"href":"https:\/\/portaltela.pt\/api\/wp\/v2\/posts\/200378","targetHints":{"allow":["GET"]}}],"collection":[{"href":"https:\/\/portaltela.pt\/api\/wp\/v2\/posts"}],"about":[{"href":"https:\/\/portaltela.pt\/api\/wp\/v2\/types\/post"}],"author":[{"embeddable":true,"href":"https:\/\/portaltela.pt\/api\/wp\/v2\/users\/2"}],"replies":[{"embeddable":true,"href":"https:\/\/portaltela.pt\/api\/wp\/v2\/comments?post=200378"}],"version-history":[{"count":0,"href":"https:\/\/portaltela.pt\/api\/wp\/v2\/posts\/200378\/revisions"}],"wp:featuredmedia":[{"embeddable":true,"href":"https:\/\/portaltela.pt\/api\/wp\/v2\/media\/200383"}],"wp:attachment":[{"href":"https:\/\/portaltela.pt\/api\/wp\/v2\/media?parent=200378"}],"wp:term":[{"taxonomy":"category","embeddable":true,"href":"https:\/\/portaltela.pt\/api\/wp\/v2\/categories?post=200378"},{"taxonomy":"post_tag","embeddable":true,"href":"https:\/\/portaltela.pt\/api\/wp\/v2\/tags?post=200378"}],"curies":[{"name":"wp","href":"https:\/\/api.w.org\/{rel}","templated":true}]}}