{"id":200348,"date":"2026-02-05T14:16:00","date_gmt":"2026-02-05T17:16:00","guid":{"rendered":"https:\/\/portaltela.pt\/noticias\/2026\/02\/05\/espanha-aumenta-para-mais-do-dobro-o-fluxo-de-agua-na-albufeira-de-alqueva\/"},"modified":"2026-02-05T14:16:00","modified_gmt":"2026-02-05T17:16:00","slug":"espanha-aumenta-para-mais-do-dobro-o-fluxo-de-agua-na-albufeira-de-alqueva","status":"publish","type":"post","link":"https:\/\/portaltela.pt\/noticias\/2026\/02\/05\/espanha-aumenta-para-mais-do-dobro-o-fluxo-de-agua-na-albufeira-de-alqueva\/","title":{"rendered":"Espanha aumenta para mais do dobro o fluxo de \u00e1gua na albufeira de Alqueva"},"content":{"rendered":"<p>Desde a madrugada desta quinta-feira, as albufeiras da bacia do Guadiana em territ\u00f3rio espanhol come\u00e7aram a libertar volumes de \u00e1gua para a albufeira de Alqueva, j\u00e1 com os n\u00edveis no limite de enchimento. A opera\u00e7\u00e3o envolve descargas da barragem de Badajoz e do a\u00e7ude de Pedr\u00f3g\u00e3o, acrescidas de caudais de \u00e1gua de linhas afluentes.<\/p>\n<p>\u00c0s 00h00, a descarga no a\u00e7ude de Badajoz marcava 793 m3\/s, segundo a Confedera\u00e7\u00e3o Hidrogr\u00e1fica do Guadiana. Pelas 14h30, a descarga para Alqueva subiu para 1421 m3\/s, com os t\u00e9cnicos da EDIA e da EDP a coordenarem o envio de \u00e1gua para jusante. Entre as 14h30 e as 15h00, o caudal que entrava em Alqueva tornou-se superior a 2 milh\u00f5es de m3\/s, segundo a gest\u00e3o da barragem. Paralelamente, a barragem de Pedr\u00f3g\u00e3o debita 4000 m3\/s para o Guadiana internacional, volume que ainda dever\u00e1 aumentar com contribui\u00e7\u00f5es de afluentes entre Pedr\u00f3g\u00e3o e Vila Real de Santo Ant\u00f3nio.<\/p>\n<h3>Alcoutim e comunidades ribeirinhas j\u00e1 sobem \u00e1gua<\/h3>\n<p>As descargas provocaram inunda\u00e7\u00f5es na zona ribeirinha de Alcoutim e colocaram v\u00e1rias povoa\u00e7\u00f5es espanholas e portuguesas em situa\u00e7\u00e3o de alerta. Em El Granado, Sanl\u00facar do Guadiana e Ayamonte, no lado espanhol, bem como em Alcoutim, a \u00e1gua j\u00e1 transbordou margens em v\u00e1rios pontos, com alertas a manterem-se.<\/p>\n<h3>Navega\u00e7\u00e3o e respostas das autoridades<\/h3>\n<p>A navega\u00e7\u00e3o no Guadiana foi suspensa, afetando a liga\u00e7\u00e3o entre Espanha e Portugal, e os cais de La Laja (El Granado) e Sanl\u00facar de Guadiana mant\u00eam-se ancorados com cabos, para evitar deriva. O Capit\u00e3o do Porto de Vila Real de Santo Ant\u00f3nio e Tavira descreveu sem registo de feridos nem danos graves, apenas embarca\u00e7\u00f5es a salvo, algumas resgatadas por salvas de embarca\u00e7\u00f5es.<\/p>\n<h3>Contexto institucional e perspetivas<\/h3>\n<p>A EDIA, em articula\u00e7\u00e3o com a EDP, assume a gest\u00e3o rigorosa dos fluxos para evitar riscos na albufeira de Alqueva, que se encontra no seu n\u00edvel de enchimento m\u00e1ximo. O munic\u00edpio de Alcoutim declarou Situa\u00e7\u00e3o de Alerta devido aos preju\u00edzos j\u00e1 verificados e ao potencial agravamento nos dias seguintes. O cen\u00e1rio permanece sob vigil\u00e2ncia das autoridades portuguesas e espanholas, com monitoriza\u00e7\u00e3o cont\u00ednua do caudal e das previs\u00f5es meteorol\u00f3gicas.<\/p>\n","protected":false},"excerpt":{"rendered":"<ul>\n<li>A albufeira de Alqueva recebeu volumes de \u00e1gua provenientes das descargas de barragens espanholas, situando-se j\u00e1 no pleno de enchimento (cota 152 m) com volume armazenado de 4.150 hm\u00b3.<\/li>\n<li>\u00c0s 00h00 de hoje, o caudal libertado no a\u00e7ude de Badajoz era de 793 m\u00b3\/s; \u00e0s 14h30, a descarga para Alqueva subiu para 1.421 m\u00b3\/s, com o caudal de entrada em Alqueva a ultrapassar dois milh\u00f5es de metros c\u00fabicos por segundo entre 14h30 e 15h00.<\/li>\n<li>A barragem de Pedr\u00f3g\u00e3o debita para o Guadiana internacional cerca de 4.000 m\u00b3\/s, volume que ser\u00e1 aumentado pela \u00e1gua de linhas afluentes entre Pedr\u00f3g\u00e3o e Vila Real de Santo Ant\u00f3nio.<\/li>\n<li>Em Huelva admite-se cheia hist\u00f3rica; v\u00e1rias povoa\u00e7\u00f5es ribeirinhas, incluindo Alcoutim, j\u00e1 registam alagamentos e h\u00e1 barcos a derivar no rio.<\/li>\n<li>A navega\u00e7\u00e3o no Guadiana est\u00e1 suspensa; a autarquia de Alcoutim declarou Situa\u00e7\u00e3o de Alerta devido aos preju\u00edzos e ao risco de agravamento.<\/li>\n<\/ul>\n","protected":false},"author":2,"featured_media":200354,"comment_status":"closed","ping_status":"closed","sticky":false,"template":"","format":"standard","meta":{"footnotes":""},"categories":[1],"tags":[1090,5080,2031,2409,2293,1014],"class_list":["post-200348","post","type-post","status-publish","format-standard","has-post-thumbnail","hentry","category-noticias","tag-agua","tag-alqueva","tag-espanha","tag-guadiana","tag-inundacoes","tag-portugal"],"yoast_head":"<!-- This site is optimized with the Yoast SEO plugin v27.2 - https:\/\/yoast.com\/product\/yoast-seo-wordpress\/ -->\n<title>Espanha aumenta para mais do dobro o fluxo de \u00e1gua na albufeira de Alqueva - Portal Tela Portugal<\/title>\n<meta name=\"robots\" content=\"index, follow, max-snippet:-1, max-image-preview:large, max-video-preview:-1\" \/>\n<meta property=\"og:locale\" content=\"pt_PT\" \/>\n<meta property=\"og:type\" content=\"article\" \/>\n<meta property=\"og:title\" content=\"Espanha aumenta para mais do dobro o fluxo de \u00e1gua na albufeira de Alqueva - Portal Tela Portugal\" \/>\n<meta property=\"og:description\" content=\"A albufeira de Alqueva recebeu volumes de \u00e1gua provenientes das descargas de barragens espanholas, situando-se j\u00e1 no pleno de enchimento (cota 152 m) com volume armazenado de 4.150 hm\u00b3. \u00c0s 00h00 de hoje, o caudal libertado no a\u00e7ude de Badajoz era de 793 m\u00b3\/s; \u00e0s 14h30, a descarga para Alqueva subiu para 1.421 m\u00b3\/s, com o caudal de entrada em Alqueva a ultrapassar dois milh\u00f5es de metros c\u00fabicos por segundo entre 14h30 e 15h00. A barragem de Pedr\u00f3g\u00e3o debita para o Guadiana internacional cerca de 4.000 m\u00b3\/s, volume que ser\u00e1 aumentado pela \u00e1gua de linhas afluentes entre Pedr\u00f3g\u00e3o e Vila Real de Santo Ant\u00f3nio. Em Huelva admite-se cheia hist\u00f3rica; v\u00e1rias povoa\u00e7\u00f5es ribeirinhas, incluindo Alcoutim, j\u00e1 registam alagamentos e h\u00e1 barcos a derivar no rio. A navega\u00e7\u00e3o no Guadiana est\u00e1 suspensa; a autarquia de Alcoutim declarou Situa\u00e7\u00e3o de Alerta devido aos preju\u00edzos e ao risco de agravamento.\" \/>\n<meta property=\"og:url\" content=\"https:\/\/portaltela.pt\/noticias\/2026\/02\/05\/espanha-aumenta-para-mais-do-dobro-o-fluxo-de-agua-na-albufeira-de-alqueva\/\" \/>\n<meta property=\"og:site_name\" content=\"Portal Tela Portugal\" \/>\n<meta property=\"article:published_time\" content=\"2026-02-05T17:16:00+00:00\" \/>\n<meta name=\"author\" content=\"Telinha\" \/>\n<meta name=\"twitter:card\" content=\"summary_large_image\" \/>\n<meta name=\"twitter:label1\" content=\"Escrito por\" \/>\n\t<meta name=\"twitter:data1\" content=\"Telinha\" \/>\n\t<meta name=\"twitter:label2\" content=\"Tempo estimado de leitura\" \/>\n\t<meta name=\"twitter:data2\" content=\"2 minutos\" \/>\n<script type=\"application\/ld+json\" class=\"yoast-schema-graph\">{\"@context\":\"https:\/\/schema.org\",\"@graph\":[{\"@type\":\"Article\",\"@id\":\"https:\/\/portaltela.pt\/noticias\/2026\/02\/05\/espanha-aumenta-para-mais-do-dobro-o-fluxo-de-agua-na-albufeira-de-alqueva\/#article\",\"isPartOf\":{\"@id\":\"https:\/\/portaltela.pt\/noticias\/2026\/02\/05\/espanha-aumenta-para-mais-do-dobro-o-fluxo-de-agua-na-albufeira-de-alqueva\/\"},\"author\":{\"name\":\"Telinha\",\"@id\":\"https:\/\/portaltela.pt\/#\/schema\/person\/c4278d4a6028830caff9ee44b42d32ed\"},\"headline\":\"Espanha aumenta para mais do dobro o fluxo de \u00e1gua na albufeira de Alqueva\",\"datePublished\":\"2026-02-05T17:16:00+00:00\",\"mainEntityOfPage\":{\"@id\":\"https:\/\/portaltela.pt\/noticias\/2026\/02\/05\/espanha-aumenta-para-mais-do-dobro-o-fluxo-de-agua-na-albufeira-de-alqueva\/\"},\"wordCount\":404,\"image\":{\"@id\":\"https:\/\/portaltela.pt\/noticias\/2026\/02\/05\/espanha-aumenta-para-mais-do-dobro-o-fluxo-de-agua-na-albufeira-de-alqueva\/#primaryimage\"},\"thumbnailUrl\":\"https:\/\/portaltela.pt\/s.01k8rhncp4jt1\/2026\/02\/2064826.jpg\",\"keywords\":[\"\u00e1gua\",\"Alqueva\",\"Espanha\",\"Guadiana\",\"inunda\u00e7\u00f5es\",\"Portugal\"],\"articleSection\":[\"Not\u00edcias\"],\"inLanguage\":\"pt-PT\"},{\"@type\":\"WebPage\",\"@id\":\"https:\/\/portaltela.pt\/noticias\/2026\/02\/05\/espanha-aumenta-para-mais-do-dobro-o-fluxo-de-agua-na-albufeira-de-alqueva\/\",\"url\":\"https:\/\/portaltela.pt\/noticias\/2026\/02\/05\/espanha-aumenta-para-mais-do-dobro-o-fluxo-de-agua-na-albufeira-de-alqueva\/\",\"name\":\"Espanha aumenta para mais do dobro o fluxo de \u00e1gua na albufeira de Alqueva - Portal Tela Portugal\",\"isPartOf\":{\"@id\":\"https:\/\/portaltela.pt\/#website\"},\"primaryImageOfPage\":{\"@id\":\"https:\/\/portaltela.pt\/noticias\/2026\/02\/05\/espanha-aumenta-para-mais-do-dobro-o-fluxo-de-agua-na-albufeira-de-alqueva\/#primaryimage\"},\"image\":{\"@id\":\"https:\/\/portaltela.pt\/noticias\/2026\/02\/05\/espanha-aumenta-para-mais-do-dobro-o-fluxo-de-agua-na-albufeira-de-alqueva\/#primaryimage\"},\"thumbnailUrl\":\"https:\/\/portaltela.pt\/s.01k8rhncp4jt1\/2026\/02\/2064826.jpg\",\"datePublished\":\"2026-02-05T17:16:00+00:00\",\"author\":{\"@id\":\"https:\/\/portaltela.pt\/#\/schema\/person\/c4278d4a6028830caff9ee44b42d32ed\"},\"breadcrumb\":{\"@id\":\"https:\/\/portaltela.pt\/noticias\/2026\/02\/05\/espanha-aumenta-para-mais-do-dobro-o-fluxo-de-agua-na-albufeira-de-alqueva\/#breadcrumb\"},\"inLanguage\":\"pt-PT\",\"potentialAction\":[{\"@type\":\"ReadAction\",\"target\":[\"https:\/\/portaltela.pt\/noticias\/2026\/02\/05\/espanha-aumenta-para-mais-do-dobro-o-fluxo-de-agua-na-albufeira-de-alqueva\/\"]}]},{\"@type\":\"ImageObject\",\"inLanguage\":\"pt-PT\",\"@id\":\"https:\/\/portaltela.pt\/noticias\/2026\/02\/05\/espanha-aumenta-para-mais-do-dobro-o-fluxo-de-agua-na-albufeira-de-alqueva\/#primaryimage\",\"url\":\"https:\/\/portaltela.pt\/s.01k8rhncp4jt1\/2026\/02\/2064826.jpg\",\"contentUrl\":\"https:\/\/portaltela.pt\/s.01k8rhncp4jt1\/2026\/02\/2064826.jpg\",\"width\":796,\"height\":448,\"caption\":\"A zona ribeirinha de Alcoutim ficou inundada devido \u00e0s descargas nas barragens de Alqueva e Pedr\u00f3g\u00e3o\"},{\"@type\":\"BreadcrumbList\",\"@id\":\"https:\/\/portaltela.pt\/noticias\/2026\/02\/05\/espanha-aumenta-para-mais-do-dobro-o-fluxo-de-agua-na-albufeira-de-alqueva\/#breadcrumb\",\"itemListElement\":[{\"@type\":\"ListItem\",\"position\":1,\"name\":\"In\u00edcio\",\"item\":\"https:\/\/portaltela.pt\/\"},{\"@type\":\"ListItem\",\"position\":2,\"name\":\"Espanha aumenta para mais do dobro o fluxo de \u00e1gua na albufeira de Alqueva\"}]},{\"@type\":\"WebSite\",\"@id\":\"https:\/\/portaltela.pt\/#website\",\"url\":\"https:\/\/portaltela.pt\/\",\"name\":\"Portal Tela Portugal\",\"description\":\"\",\"potentialAction\":[{\"@type\":\"SearchAction\",\"target\":{\"@type\":\"EntryPoint\",\"urlTemplate\":\"https:\/\/portaltela.pt\/?s={search_term_string}\"},\"query-input\":{\"@type\":\"PropertyValueSpecification\",\"valueRequired\":true,\"valueName\":\"search_term_string\"}}],\"inLanguage\":\"pt-PT\"},{\"@type\":\"Person\",\"@id\":\"https:\/\/portaltela.pt\/#\/schema\/person\/c4278d4a6028830caff9ee44b42d32ed\",\"name\":\"Telinha\",\"image\":{\"@type\":\"ImageObject\",\"inLanguage\":\"pt-PT\",\"@id\":\"https:\/\/portaltela.pt\/s.01k8rhncp4jt1\/2025\/11\/talking-bot-125x125.png\",\"url\":\"https:\/\/portaltela.pt\/s.01k8rhncp4jt1\/2025\/11\/talking-bot-125x125.png\",\"contentUrl\":\"https:\/\/portaltela.pt\/s.01k8rhncp4jt1\/2025\/11\/talking-bot-125x125.png\",\"caption\":\"Telinha\"},\"sameAs\":[\"https:\/\/portaltela.pt\/\"],\"url\":\"https:\/\/portaltela.pt\/por\/367410592786\/\"}]}<\/script>\n<!-- \/ Yoast SEO plugin. -->","yoast_head_json":{"title":"Espanha aumenta para mais do dobro o fluxo de \u00e1gua na albufeira de Alqueva - Portal Tela Portugal","robots":{"index":"index","follow":"follow","max-snippet":"max-snippet:-1","max-image-preview":"max-image-preview:large","max-video-preview":"max-video-preview:-1"},"og_locale":"pt_PT","og_type":"article","og_title":"Espanha aumenta para mais do dobro o fluxo de \u00e1gua na albufeira de Alqueva - Portal Tela Portugal","og_description":"A albufeira de Alqueva recebeu volumes de \u00e1gua provenientes das descargas de barragens espanholas, situando-se j\u00e1 no pleno de enchimento (cota 152 m) com volume armazenado de 4.150 hm\u00b3. \u00c0s 00h00 de hoje, o caudal libertado no a\u00e7ude de Badajoz era de 793 m\u00b3\/s; \u00e0s 14h30, a descarga para Alqueva subiu para 1.421 m\u00b3\/s, com o caudal de entrada em Alqueva a ultrapassar dois milh\u00f5es de metros c\u00fabicos por segundo entre 14h30 e 15h00. A barragem de Pedr\u00f3g\u00e3o debita para o Guadiana internacional cerca de 4.000 m\u00b3\/s, volume que ser\u00e1 aumentado pela \u00e1gua de linhas afluentes entre Pedr\u00f3g\u00e3o e Vila Real de Santo Ant\u00f3nio. Em Huelva admite-se cheia hist\u00f3rica; v\u00e1rias povoa\u00e7\u00f5es ribeirinhas, incluindo Alcoutim, j\u00e1 registam alagamentos e h\u00e1 barcos a derivar no rio. A navega\u00e7\u00e3o no Guadiana est\u00e1 suspensa; a autarquia de Alcoutim declarou Situa\u00e7\u00e3o de Alerta devido aos preju\u00edzos e ao risco de agravamento.","og_url":"https:\/\/portaltela.pt\/noticias\/2026\/02\/05\/espanha-aumenta-para-mais-do-dobro-o-fluxo-de-agua-na-albufeira-de-alqueva\/","og_site_name":"Portal Tela Portugal","article_published_time":"2026-02-05T17:16:00+00:00","author":"Telinha","twitter_card":"summary_large_image","twitter_misc":{"Escrito por":"Telinha","Tempo estimado de leitura":"2 minutos"},"schema":{"@context":"https:\/\/schema.org","@graph":[{"@type":"Article","@id":"https:\/\/portaltela.pt\/noticias\/2026\/02\/05\/espanha-aumenta-para-mais-do-dobro-o-fluxo-de-agua-na-albufeira-de-alqueva\/#article","isPartOf":{"@id":"https:\/\/portaltela.pt\/noticias\/2026\/02\/05\/espanha-aumenta-para-mais-do-dobro-o-fluxo-de-agua-na-albufeira-de-alqueva\/"},"author":{"name":"Telinha","@id":"https:\/\/portaltela.pt\/#\/schema\/person\/c4278d4a6028830caff9ee44b42d32ed"},"headline":"Espanha aumenta para mais do dobro o fluxo de \u00e1gua na albufeira de Alqueva","datePublished":"2026-02-05T17:16:00+00:00","mainEntityOfPage":{"@id":"https:\/\/portaltela.pt\/noticias\/2026\/02\/05\/espanha-aumenta-para-mais-do-dobro-o-fluxo-de-agua-na-albufeira-de-alqueva\/"},"wordCount":404,"image":{"@id":"https:\/\/portaltela.pt\/noticias\/2026\/02\/05\/espanha-aumenta-para-mais-do-dobro-o-fluxo-de-agua-na-albufeira-de-alqueva\/#primaryimage"},"thumbnailUrl":"https:\/\/portaltela.pt\/s.01k8rhncp4jt1\/2026\/02\/2064826.jpg","keywords":["\u00e1gua","Alqueva","Espanha","Guadiana","inunda\u00e7\u00f5es","Portugal"],"articleSection":["Not\u00edcias"],"inLanguage":"pt-PT"},{"@type":"WebPage","@id":"https:\/\/portaltela.pt\/noticias\/2026\/02\/05\/espanha-aumenta-para-mais-do-dobro-o-fluxo-de-agua-na-albufeira-de-alqueva\/","url":"https:\/\/portaltela.pt\/noticias\/2026\/02\/05\/espanha-aumenta-para-mais-do-dobro-o-fluxo-de-agua-na-albufeira-de-alqueva\/","name":"Espanha aumenta para mais do dobro o fluxo de \u00e1gua na albufeira de Alqueva - Portal Tela Portugal","isPartOf":{"@id":"https:\/\/portaltela.pt\/#website"},"primaryImageOfPage":{"@id":"https:\/\/portaltela.pt\/noticias\/2026\/02\/05\/espanha-aumenta-para-mais-do-dobro-o-fluxo-de-agua-na-albufeira-de-alqueva\/#primaryimage"},"image":{"@id":"https:\/\/portaltela.pt\/noticias\/2026\/02\/05\/espanha-aumenta-para-mais-do-dobro-o-fluxo-de-agua-na-albufeira-de-alqueva\/#primaryimage"},"thumbnailUrl":"https:\/\/portaltela.pt\/s.01k8rhncp4jt1\/2026\/02\/2064826.jpg","datePublished":"2026-02-05T17:16:00+00:00","author":{"@id":"https:\/\/portaltela.pt\/#\/schema\/person\/c4278d4a6028830caff9ee44b42d32ed"},"breadcrumb":{"@id":"https:\/\/portaltela.pt\/noticias\/2026\/02\/05\/espanha-aumenta-para-mais-do-dobro-o-fluxo-de-agua-na-albufeira-de-alqueva\/#breadcrumb"},"inLanguage":"pt-PT","potentialAction":[{"@type":"ReadAction","target":["https:\/\/portaltela.pt\/noticias\/2026\/02\/05\/espanha-aumenta-para-mais-do-dobro-o-fluxo-de-agua-na-albufeira-de-alqueva\/"]}]},{"@type":"ImageObject","inLanguage":"pt-PT","@id":"https:\/\/portaltela.pt\/noticias\/2026\/02\/05\/espanha-aumenta-para-mais-do-dobro-o-fluxo-de-agua-na-albufeira-de-alqueva\/#primaryimage","url":"https:\/\/portaltela.pt\/s.01k8rhncp4jt1\/2026\/02\/2064826.jpg","contentUrl":"https:\/\/portaltela.pt\/s.01k8rhncp4jt1\/2026\/02\/2064826.jpg","width":796,"height":448,"caption":"A zona ribeirinha de Alcoutim ficou inundada devido \u00e0s descargas nas barragens de Alqueva e Pedr\u00f3g\u00e3o"},{"@type":"BreadcrumbList","@id":"https:\/\/portaltela.pt\/noticias\/2026\/02\/05\/espanha-aumenta-para-mais-do-dobro-o-fluxo-de-agua-na-albufeira-de-alqueva\/#breadcrumb","itemListElement":[{"@type":"ListItem","position":1,"name":"In\u00edcio","item":"https:\/\/portaltela.pt\/"},{"@type":"ListItem","position":2,"name":"Espanha aumenta para mais do dobro o fluxo de \u00e1gua na albufeira de Alqueva"}]},{"@type":"WebSite","@id":"https:\/\/portaltela.pt\/#website","url":"https:\/\/portaltela.pt\/","name":"Portal Tela Portugal","description":"","potentialAction":[{"@type":"SearchAction","target":{"@type":"EntryPoint","urlTemplate":"https:\/\/portaltela.pt\/?s={search_term_string}"},"query-input":{"@type":"PropertyValueSpecification","valueRequired":true,"valueName":"search_term_string"}}],"inLanguage":"pt-PT"},{"@type":"Person","@id":"https:\/\/portaltela.pt\/#\/schema\/person\/c4278d4a6028830caff9ee44b42d32ed","name":"Telinha","image":{"@type":"ImageObject","inLanguage":"pt-PT","@id":"https:\/\/portaltela.pt\/s.01k8rhncp4jt1\/2025\/11\/talking-bot-125x125.png","url":"https:\/\/portaltela.pt\/s.01k8rhncp4jt1\/2025\/11\/talking-bot-125x125.png","contentUrl":"https:\/\/portaltela.pt\/s.01k8rhncp4jt1\/2025\/11\/talking-bot-125x125.png","caption":"Telinha"},"sameAs":["https:\/\/portaltela.pt\/"],"url":"https:\/\/portaltela.pt\/por\/367410592786\/"}]}},"_links":{"self":[{"href":"https:\/\/portaltela.pt\/api\/wp\/v2\/posts\/200348","targetHints":{"allow":["GET"]}}],"collection":[{"href":"https:\/\/portaltela.pt\/api\/wp\/v2\/posts"}],"about":[{"href":"https:\/\/portaltela.pt\/api\/wp\/v2\/types\/post"}],"author":[{"embeddable":true,"href":"https:\/\/portaltela.pt\/api\/wp\/v2\/users\/2"}],"replies":[{"embeddable":true,"href":"https:\/\/portaltela.pt\/api\/wp\/v2\/comments?post=200348"}],"version-history":[{"count":0,"href":"https:\/\/portaltela.pt\/api\/wp\/v2\/posts\/200348\/revisions"}],"wp:featuredmedia":[{"embeddable":true,"href":"https:\/\/portaltela.pt\/api\/wp\/v2\/media\/200354"}],"wp:attachment":[{"href":"https:\/\/portaltela.pt\/api\/wp\/v2\/media?parent=200348"}],"wp:term":[{"taxonomy":"category","embeddable":true,"href":"https:\/\/portaltela.pt\/api\/wp\/v2\/categories?post=200348"},{"taxonomy":"post_tag","embeddable":true,"href":"https:\/\/portaltela.pt\/api\/wp\/v2\/tags?post=200348"}],"curies":[{"name":"wp","href":"https:\/\/api.w.org\/{rel}","templated":true}]}}