{"id":200329,"date":"2026-02-05T13:44:00","date_gmt":"2026-02-05T16:44:00","guid":{"rendered":"https:\/\/portaltela.pt\/noticias\/2026\/02\/05\/mais-de-1-100-imoveis-em-kiev-sem-aquecimento-ha-dois-meses-apos-ataque-russo\/"},"modified":"2026-02-05T13:44:00","modified_gmt":"2026-02-05T16:44:00","slug":"mais-de-1-100-imoveis-em-kiev-sem-aquecimento-ha-dois-meses-apos-ataque-russo","status":"publish","type":"post","link":"https:\/\/portaltela.pt\/noticias\/2026\/02\/05\/mais-de-1-100-imoveis-em-kiev-sem-aquecimento-ha-dois-meses-apos-ataque-russo\/","title":{"rendered":"Mais de 1.100 im\u00f3veis em Kiev sem aquecimento h\u00e1 dois meses ap\u00f3s ataque russo"},"content":{"rendered":"<p>Mais de 1.100 im\u00f3veis em Kiev v\u00e3o ficar sem aquecimento durante pelo menos dois meses, ap\u00f3s um ataque russo que causou danos cr\u00edticos \u00e0 central termoel\u00e9trica que lhes fornecia energia. A informa\u00e7\u00e3o foi anunciada pelo autarca da cidade, em comunicado breve.<\/p>\n<p>Segundo o munic\u00edpio, o corte afeta edif\u00edcios residenciais na capital ucraniana, onde as temperaturas de inverno tornam o fornecimento de calor essencial. A falha decorre da extens\u00e3o dos estragos causados pela ofensiva, que atingiu infraestruturas cr\u00edticas.<\/p>\n<p>O fen\u00f3meno dever\u00e1 manter-se durante duas \u00e9pocas frias, conforme a estimativa apresentada. A autarquia sublinha que o problema resulta de danos significativos \u00e0 central termoel\u00e9trica ligando os bairros afetados.<\/p>\n<p>A situa\u00e7\u00e3o obriga \u00e0 reconfigura\u00e7\u00e3o do abastecimento de aquecimento e envolve autoridades municipais e operadoras de energia. Ainda n\u00e3o foram divulgadas medidas detalhadas de mitiga\u00e7\u00e3o ou de apoio aos residentes.<\/p>\n","protected":false},"excerpt":{"rendered":"<ul>\n<li>Mais de 1.100 im\u00f3veis residenciais em Kiev v\u00e3o ficar sem aquecimento durante pelo menos dois meses, no pleno inverno.<\/li>\n<li>A falha deve-se a danos cr\u00edticos na central termoel\u00e9trica que os abastecia, provocados por um ataque russo, segundo o autarca de Kiev.<\/li>\n<li>A interrup\u00e7\u00e3o afeta moradores de edif\u00edcios residenciais da cidade.<\/li>\n<li>A recupera\u00e7\u00e3o depende da reposta para substituir os equipamentos danificados na central.<\/li>\n<li>As informa\u00e7\u00f5es foram comunicadas pelas autoridades locais.<\/li>\n<\/ul>\n","protected":false},"author":2,"featured_media":200333,"comment_status":"closed","ping_status":"closed","sticky":false,"template":"","format":"standard","meta":{"footnotes":""},"categories":[1],"tags":[4729,174,4549,62,1615,1639],"class_list":["post-200329","post","type-post","status-publish","format-standard","has-post-thumbnail","hentry","category-noticias","tag-abastecimento-de-energia","tag-energia","tag-energia-eletrica","tag-guerra","tag-infraestrutura","tag-kiev"],"yoast_head":"<!-- This site is optimized with the Yoast SEO plugin v27.2 - https:\/\/yoast.com\/product\/yoast-seo-wordpress\/ -->\n<title>Mais de 1.100 im\u00f3veis em Kiev sem aquecimento h\u00e1 dois meses ap\u00f3s ataque russo - Portal Tela Portugal<\/title>\n<meta name=\"robots\" content=\"index, follow, max-snippet:-1, max-image-preview:large, max-video-preview:-1\" \/>\n<meta property=\"og:locale\" content=\"pt_PT\" \/>\n<meta property=\"og:type\" content=\"article\" \/>\n<meta property=\"og:title\" content=\"Mais de 1.100 im\u00f3veis em Kiev sem aquecimento h\u00e1 dois meses ap\u00f3s ataque russo - Portal Tela Portugal\" \/>\n<meta property=\"og:description\" content=\"Mais de 1.100 im\u00f3veis residenciais em Kiev v\u00e3o ficar sem aquecimento durante pelo menos dois meses, no pleno inverno. A falha deve-se a danos cr\u00edticos na central termoel\u00e9trica que os abastecia, provocados por um ataque russo, segundo o autarca de Kiev. A interrup\u00e7\u00e3o afeta moradores de edif\u00edcios residenciais da cidade. A recupera\u00e7\u00e3o depende da reposta para substituir os equipamentos danificados na central. As informa\u00e7\u00f5es foram comunicadas pelas autoridades locais.\" \/>\n<meta property=\"og:url\" content=\"https:\/\/portaltela.pt\/noticias\/2026\/02\/05\/mais-de-1-100-imoveis-em-kiev-sem-aquecimento-ha-dois-meses-apos-ataque-russo\/\" \/>\n<meta property=\"og:site_name\" content=\"Portal Tela Portugal\" \/>\n<meta property=\"article:published_time\" content=\"2026-02-05T16:44:00+00:00\" \/>\n<meta name=\"author\" content=\"Telinha\" \/>\n<meta name=\"twitter:card\" content=\"summary_large_image\" \/>\n<meta name=\"twitter:label1\" content=\"Escrito por\" \/>\n\t<meta name=\"twitter:data1\" content=\"Telinha\" \/>\n\t<meta name=\"twitter:label2\" content=\"Tempo estimado de leitura\" \/>\n\t<meta name=\"twitter:data2\" content=\"1 minuto\" \/>\n<script type=\"application\/ld+json\" class=\"yoast-schema-graph\">{\"@context\":\"https:\/\/schema.org\",\"@graph\":[{\"@type\":\"Article\",\"@id\":\"https:\/\/portaltela.pt\/noticias\/2026\/02\/05\/mais-de-1-100-imoveis-em-kiev-sem-aquecimento-ha-dois-meses-apos-ataque-russo\/#article\",\"isPartOf\":{\"@id\":\"https:\/\/portaltela.pt\/noticias\/2026\/02\/05\/mais-de-1-100-imoveis-em-kiev-sem-aquecimento-ha-dois-meses-apos-ataque-russo\/\"},\"author\":{\"name\":\"Telinha\",\"@id\":\"https:\/\/portaltela.pt\/#\/schema\/person\/c4278d4a6028830caff9ee44b42d32ed\"},\"headline\":\"Mais de 1.100 im\u00f3veis em Kiev sem aquecimento h\u00e1 dois meses ap\u00f3s ataque russo\",\"datePublished\":\"2026-02-05T16:44:00+00:00\",\"mainEntityOfPage\":{\"@id\":\"https:\/\/portaltela.pt\/noticias\/2026\/02\/05\/mais-de-1-100-imoveis-em-kiev-sem-aquecimento-ha-dois-meses-apos-ataque-russo\/\"},\"wordCount\":163,\"image\":{\"@id\":\"https:\/\/portaltela.pt\/noticias\/2026\/02\/05\/mais-de-1-100-imoveis-em-kiev-sem-aquecimento-ha-dois-meses-apos-ataque-russo\/#primaryimage\"},\"thumbnailUrl\":\"https:\/\/portaltela.pt\/s.01k8rhncp4jt1\/2026\/02\/CACHE_780X1200_ANALOG_WATERMARKED_39851429_1104549543991534.jpg\",\"keywords\":[\"abastecimento de energia\",\"energia\",\"energia el\u00e9trica\",\"guerra\",\"infraestrutura\",\"Kiev\"],\"articleSection\":[\"Not\u00edcias\"],\"inLanguage\":\"pt-PT\"},{\"@type\":\"WebPage\",\"@id\":\"https:\/\/portaltela.pt\/noticias\/2026\/02\/05\/mais-de-1-100-imoveis-em-kiev-sem-aquecimento-ha-dois-meses-apos-ataque-russo\/\",\"url\":\"https:\/\/portaltela.pt\/noticias\/2026\/02\/05\/mais-de-1-100-imoveis-em-kiev-sem-aquecimento-ha-dois-meses-apos-ataque-russo\/\",\"name\":\"Mais de 1.100 im\u00f3veis em Kiev sem aquecimento h\u00e1 dois meses ap\u00f3s ataque russo - Portal Tela Portugal\",\"isPartOf\":{\"@id\":\"https:\/\/portaltela.pt\/#website\"},\"primaryImageOfPage\":{\"@id\":\"https:\/\/portaltela.pt\/noticias\/2026\/02\/05\/mais-de-1-100-imoveis-em-kiev-sem-aquecimento-ha-dois-meses-apos-ataque-russo\/#primaryimage\"},\"image\":{\"@id\":\"https:\/\/portaltela.pt\/noticias\/2026\/02\/05\/mais-de-1-100-imoveis-em-kiev-sem-aquecimento-ha-dois-meses-apos-ataque-russo\/#primaryimage\"},\"thumbnailUrl\":\"https:\/\/portaltela.pt\/s.01k8rhncp4jt1\/2026\/02\/CACHE_780X1200_ANALOG_WATERMARKED_39851429_1104549543991534.jpg\",\"datePublished\":\"2026-02-05T16:44:00+00:00\",\"author\":{\"@id\":\"https:\/\/portaltela.pt\/#\/schema\/person\/c4278d4a6028830caff9ee44b42d32ed\"},\"breadcrumb\":{\"@id\":\"https:\/\/portaltela.pt\/noticias\/2026\/02\/05\/mais-de-1-100-imoveis-em-kiev-sem-aquecimento-ha-dois-meses-apos-ataque-russo\/#breadcrumb\"},\"inLanguage\":\"pt-PT\",\"potentialAction\":[{\"@type\":\"ReadAction\",\"target\":[\"https:\/\/portaltela.pt\/noticias\/2026\/02\/05\/mais-de-1-100-imoveis-em-kiev-sem-aquecimento-ha-dois-meses-apos-ataque-russo\/\"]}]},{\"@type\":\"ImageObject\",\"inLanguage\":\"pt-PT\",\"@id\":\"https:\/\/portaltela.pt\/noticias\/2026\/02\/05\/mais-de-1-100-imoveis-em-kiev-sem-aquecimento-ha-dois-meses-apos-ataque-russo\/#primaryimage\",\"url\":\"https:\/\/portaltela.pt\/s.01k8rhncp4jt1\/2026\/02\/CACHE_780X1200_ANALOG_WATERMARKED_39851429_1104549543991534.jpg\",\"contentUrl\":\"https:\/\/portaltela.pt\/s.01k8rhncp4jt1\/2026\/02\/CACHE_780X1200_ANALOG_WATERMARKED_39851429_1104549543991534.jpg\",\"width\":796,\"height\":448,\"caption\":\"Mais de 1.100 im\u00f3veis em Kiev sem aquecimento durante dois meses ap\u00f3s ataque russo\"},{\"@type\":\"BreadcrumbList\",\"@id\":\"https:\/\/portaltela.pt\/noticias\/2026\/02\/05\/mais-de-1-100-imoveis-em-kiev-sem-aquecimento-ha-dois-meses-apos-ataque-russo\/#breadcrumb\",\"itemListElement\":[{\"@type\":\"ListItem\",\"position\":1,\"name\":\"In\u00edcio\",\"item\":\"https:\/\/portaltela.pt\/\"},{\"@type\":\"ListItem\",\"position\":2,\"name\":\"Mais de 1.100 im\u00f3veis em Kiev sem aquecimento h\u00e1 dois meses ap\u00f3s ataque russo\"}]},{\"@type\":\"WebSite\",\"@id\":\"https:\/\/portaltela.pt\/#website\",\"url\":\"https:\/\/portaltela.pt\/\",\"name\":\"Portal Tela Portugal\",\"description\":\"\",\"potentialAction\":[{\"@type\":\"SearchAction\",\"target\":{\"@type\":\"EntryPoint\",\"urlTemplate\":\"https:\/\/portaltela.pt\/?s={search_term_string}\"},\"query-input\":{\"@type\":\"PropertyValueSpecification\",\"valueRequired\":true,\"valueName\":\"search_term_string\"}}],\"inLanguage\":\"pt-PT\"},{\"@type\":\"Person\",\"@id\":\"https:\/\/portaltela.pt\/#\/schema\/person\/c4278d4a6028830caff9ee44b42d32ed\",\"name\":\"Telinha\",\"image\":{\"@type\":\"ImageObject\",\"inLanguage\":\"pt-PT\",\"@id\":\"https:\/\/portaltela.pt\/s.01k8rhncp4jt1\/2025\/11\/talking-bot-125x125.png\",\"url\":\"https:\/\/portaltela.pt\/s.01k8rhncp4jt1\/2025\/11\/talking-bot-125x125.png\",\"contentUrl\":\"https:\/\/portaltela.pt\/s.01k8rhncp4jt1\/2025\/11\/talking-bot-125x125.png\",\"caption\":\"Telinha\"},\"sameAs\":[\"https:\/\/portaltela.pt\/\"],\"url\":\"https:\/\/portaltela.pt\/por\/367410592786\/\"}]}<\/script>\n<!-- \/ Yoast SEO plugin. -->","yoast_head_json":{"title":"Mais de 1.100 im\u00f3veis em Kiev sem aquecimento h\u00e1 dois meses ap\u00f3s ataque russo - Portal Tela Portugal","robots":{"index":"index","follow":"follow","max-snippet":"max-snippet:-1","max-image-preview":"max-image-preview:large","max-video-preview":"max-video-preview:-1"},"og_locale":"pt_PT","og_type":"article","og_title":"Mais de 1.100 im\u00f3veis em Kiev sem aquecimento h\u00e1 dois meses ap\u00f3s ataque russo - Portal Tela Portugal","og_description":"Mais de 1.100 im\u00f3veis residenciais em Kiev v\u00e3o ficar sem aquecimento durante pelo menos dois meses, no pleno inverno. A falha deve-se a danos cr\u00edticos na central termoel\u00e9trica que os abastecia, provocados por um ataque russo, segundo o autarca de Kiev. A interrup\u00e7\u00e3o afeta moradores de edif\u00edcios residenciais da cidade. A recupera\u00e7\u00e3o depende da reposta para substituir os equipamentos danificados na central. As informa\u00e7\u00f5es foram comunicadas pelas autoridades locais.","og_url":"https:\/\/portaltela.pt\/noticias\/2026\/02\/05\/mais-de-1-100-imoveis-em-kiev-sem-aquecimento-ha-dois-meses-apos-ataque-russo\/","og_site_name":"Portal Tela Portugal","article_published_time":"2026-02-05T16:44:00+00:00","author":"Telinha","twitter_card":"summary_large_image","twitter_misc":{"Escrito por":"Telinha","Tempo estimado de leitura":"1 minuto"},"schema":{"@context":"https:\/\/schema.org","@graph":[{"@type":"Article","@id":"https:\/\/portaltela.pt\/noticias\/2026\/02\/05\/mais-de-1-100-imoveis-em-kiev-sem-aquecimento-ha-dois-meses-apos-ataque-russo\/#article","isPartOf":{"@id":"https:\/\/portaltela.pt\/noticias\/2026\/02\/05\/mais-de-1-100-imoveis-em-kiev-sem-aquecimento-ha-dois-meses-apos-ataque-russo\/"},"author":{"name":"Telinha","@id":"https:\/\/portaltela.pt\/#\/schema\/person\/c4278d4a6028830caff9ee44b42d32ed"},"headline":"Mais de 1.100 im\u00f3veis em Kiev sem aquecimento h\u00e1 dois meses ap\u00f3s ataque russo","datePublished":"2026-02-05T16:44:00+00:00","mainEntityOfPage":{"@id":"https:\/\/portaltela.pt\/noticias\/2026\/02\/05\/mais-de-1-100-imoveis-em-kiev-sem-aquecimento-ha-dois-meses-apos-ataque-russo\/"},"wordCount":163,"image":{"@id":"https:\/\/portaltela.pt\/noticias\/2026\/02\/05\/mais-de-1-100-imoveis-em-kiev-sem-aquecimento-ha-dois-meses-apos-ataque-russo\/#primaryimage"},"thumbnailUrl":"https:\/\/portaltela.pt\/s.01k8rhncp4jt1\/2026\/02\/CACHE_780X1200_ANALOG_WATERMARKED_39851429_1104549543991534.jpg","keywords":["abastecimento de energia","energia","energia el\u00e9trica","guerra","infraestrutura","Kiev"],"articleSection":["Not\u00edcias"],"inLanguage":"pt-PT"},{"@type":"WebPage","@id":"https:\/\/portaltela.pt\/noticias\/2026\/02\/05\/mais-de-1-100-imoveis-em-kiev-sem-aquecimento-ha-dois-meses-apos-ataque-russo\/","url":"https:\/\/portaltela.pt\/noticias\/2026\/02\/05\/mais-de-1-100-imoveis-em-kiev-sem-aquecimento-ha-dois-meses-apos-ataque-russo\/","name":"Mais de 1.100 im\u00f3veis em Kiev sem aquecimento h\u00e1 dois meses ap\u00f3s ataque russo - Portal Tela Portugal","isPartOf":{"@id":"https:\/\/portaltela.pt\/#website"},"primaryImageOfPage":{"@id":"https:\/\/portaltela.pt\/noticias\/2026\/02\/05\/mais-de-1-100-imoveis-em-kiev-sem-aquecimento-ha-dois-meses-apos-ataque-russo\/#primaryimage"},"image":{"@id":"https:\/\/portaltela.pt\/noticias\/2026\/02\/05\/mais-de-1-100-imoveis-em-kiev-sem-aquecimento-ha-dois-meses-apos-ataque-russo\/#primaryimage"},"thumbnailUrl":"https:\/\/portaltela.pt\/s.01k8rhncp4jt1\/2026\/02\/CACHE_780X1200_ANALOG_WATERMARKED_39851429_1104549543991534.jpg","datePublished":"2026-02-05T16:44:00+00:00","author":{"@id":"https:\/\/portaltela.pt\/#\/schema\/person\/c4278d4a6028830caff9ee44b42d32ed"},"breadcrumb":{"@id":"https:\/\/portaltela.pt\/noticias\/2026\/02\/05\/mais-de-1-100-imoveis-em-kiev-sem-aquecimento-ha-dois-meses-apos-ataque-russo\/#breadcrumb"},"inLanguage":"pt-PT","potentialAction":[{"@type":"ReadAction","target":["https:\/\/portaltela.pt\/noticias\/2026\/02\/05\/mais-de-1-100-imoveis-em-kiev-sem-aquecimento-ha-dois-meses-apos-ataque-russo\/"]}]},{"@type":"ImageObject","inLanguage":"pt-PT","@id":"https:\/\/portaltela.pt\/noticias\/2026\/02\/05\/mais-de-1-100-imoveis-em-kiev-sem-aquecimento-ha-dois-meses-apos-ataque-russo\/#primaryimage","url":"https:\/\/portaltela.pt\/s.01k8rhncp4jt1\/2026\/02\/CACHE_780X1200_ANALOG_WATERMARKED_39851429_1104549543991534.jpg","contentUrl":"https:\/\/portaltela.pt\/s.01k8rhncp4jt1\/2026\/02\/CACHE_780X1200_ANALOG_WATERMARKED_39851429_1104549543991534.jpg","width":796,"height":448,"caption":"Mais de 1.100 im\u00f3veis em Kiev sem aquecimento durante dois meses ap\u00f3s ataque russo"},{"@type":"BreadcrumbList","@id":"https:\/\/portaltela.pt\/noticias\/2026\/02\/05\/mais-de-1-100-imoveis-em-kiev-sem-aquecimento-ha-dois-meses-apos-ataque-russo\/#breadcrumb","itemListElement":[{"@type":"ListItem","position":1,"name":"In\u00edcio","item":"https:\/\/portaltela.pt\/"},{"@type":"ListItem","position":2,"name":"Mais de 1.100 im\u00f3veis em Kiev sem aquecimento h\u00e1 dois meses ap\u00f3s ataque russo"}]},{"@type":"WebSite","@id":"https:\/\/portaltela.pt\/#website","url":"https:\/\/portaltela.pt\/","name":"Portal Tela Portugal","description":"","potentialAction":[{"@type":"SearchAction","target":{"@type":"EntryPoint","urlTemplate":"https:\/\/portaltela.pt\/?s={search_term_string}"},"query-input":{"@type":"PropertyValueSpecification","valueRequired":true,"valueName":"search_term_string"}}],"inLanguage":"pt-PT"},{"@type":"Person","@id":"https:\/\/portaltela.pt\/#\/schema\/person\/c4278d4a6028830caff9ee44b42d32ed","name":"Telinha","image":{"@type":"ImageObject","inLanguage":"pt-PT","@id":"https:\/\/portaltela.pt\/s.01k8rhncp4jt1\/2025\/11\/talking-bot-125x125.png","url":"https:\/\/portaltela.pt\/s.01k8rhncp4jt1\/2025\/11\/talking-bot-125x125.png","contentUrl":"https:\/\/portaltela.pt\/s.01k8rhncp4jt1\/2025\/11\/talking-bot-125x125.png","caption":"Telinha"},"sameAs":["https:\/\/portaltela.pt\/"],"url":"https:\/\/portaltela.pt\/por\/367410592786\/"}]}},"_links":{"self":[{"href":"https:\/\/portaltela.pt\/api\/wp\/v2\/posts\/200329","targetHints":{"allow":["GET"]}}],"collection":[{"href":"https:\/\/portaltela.pt\/api\/wp\/v2\/posts"}],"about":[{"href":"https:\/\/portaltela.pt\/api\/wp\/v2\/types\/post"}],"author":[{"embeddable":true,"href":"https:\/\/portaltela.pt\/api\/wp\/v2\/users\/2"}],"replies":[{"embeddable":true,"href":"https:\/\/portaltela.pt\/api\/wp\/v2\/comments?post=200329"}],"version-history":[{"count":0,"href":"https:\/\/portaltela.pt\/api\/wp\/v2\/posts\/200329\/revisions"}],"wp:featuredmedia":[{"embeddable":true,"href":"https:\/\/portaltela.pt\/api\/wp\/v2\/media\/200333"}],"wp:attachment":[{"href":"https:\/\/portaltela.pt\/api\/wp\/v2\/media?parent=200329"}],"wp:term":[{"taxonomy":"category","embeddable":true,"href":"https:\/\/portaltela.pt\/api\/wp\/v2\/categories?post=200329"},{"taxonomy":"post_tag","embeddable":true,"href":"https:\/\/portaltela.pt\/api\/wp\/v2\/tags?post=200329"}],"curies":[{"name":"wp","href":"https:\/\/api.w.org\/{rel}","templated":true}]}}