{"id":200254,"date":"2026-02-05T13:50:31","date_gmt":"2026-02-05T16:50:31","guid":{"rendered":"https:\/\/portaltela.pt\/noticias\/2026\/02\/05\/agua-da-eb-23-s-de-carrazeda-de-ansiaes-proibida-por-bacterias\/"},"modified":"2026-02-05T13:50:31","modified_gmt":"2026-02-05T16:50:31","slug":"agua-da-eb-23-s-de-carrazeda-de-ansiaes-proibida-por-bacterias","status":"publish","type":"post","link":"https:\/\/portaltela.pt\/noticias\/2026\/02\/05\/agua-da-eb-23-s-de-carrazeda-de-ansiaes-proibida-por-bacterias\/","title":{"rendered":"\u00c1gua da EB 2,3+S de Carrazeda de Ansi\u00e3es proibida por bact\u00e9rias"},"content":{"rendered":"<p>O consumo de \u00e1gua de rede na Escola B\u00e1sica 2,3 e Secund\u00e1ria de Carrazeda de Ansi\u00e3es est\u00e1 proibido devido \u00e0 dete\u00e7\u00e3o de enterococos em an\u00e1lises recentes. A medida foi anunciada na quinta-feira pelo presidente da C\u00e2mara Municipal, via comunica\u00e7\u00e3o oficial.<\/p>\n<p>A decis\u00e3o envolve a escola situada na Avenida Eng.\u00ba Camilo de Mendon\u00e7a e foi justificada como preventiva. A Dire\u00e7\u00e3o-Geral de Sa\u00fade afirmou que a presen\u00e7a n\u00e3o possui efeitos diretos na sa\u00fade humana, mas o munic\u00edpio avan\u00e7ou com a proibi\u00e7\u00e3o.<\/p>\n<h3>Medidas de prote\u00e7\u00e3o adotadas<\/h3>\n<p>Para assegurar a seguran\u00e7a, a \u00e1gua na confe\u00e7\u00e3o ser\u00e1 fervida antes de uso e foi fornecida \u00e1gua engarrafada a toda a comunidade escolar. O munic\u00edpio est\u00e1 a acompanhar a situa\u00e7\u00e3o com a Autoridade de Sa\u00fade.<\/p>\n<p>Amanh\u00e3 est\u00e1 prevista uma contra-an\u00e1lise pela Autoridade de Sa\u00fade para confirmar a persist\u00eancia da bact\u00e9ria e a necessidade de novas medidas. Em caso de altera\u00e7\u00e3o, ser\u00e3o atualizadas as instru\u00e7\u00f5es de consumo.<\/p>\n","protected":false},"excerpt":{"rendered":"<ul>\n<li>A C\u00e2mara Municipal de Carrazeda de Ansi\u00e3es proibiu o consumo de \u00e1gua de rede na Escola B\u00e1sica 2,3 e Secund\u00e1ria de Carrazeda de Ansi\u00e3es devido \u00e0 presen\u00e7a de enterococos detetados nas \u00faltimas an\u00e1lises.<\/li>\n<li>O pico com a bact\u00e9ria foi encontrado numa torneira de um ponto espec\u00edfico da rede de abastecimento do edif\u00edcio que concentra todos os anos de escolaridade, \u00e0 exce\u00e7\u00e3o do ensino prim\u00e1rio (1\u00ba ao 4\u00ba ano).<\/li>\n<li>A Dire\u00e7\u00e3o-Geral da Sa\u00fade afirma que n\u00e3o h\u00e1 efeitos diretos na sa\u00fade humana, mas a autarquia decidiu manter a proibi\u00e7\u00e3o por precau\u00e7\u00e3o.<\/li>\n<li>A \u00e1gua para confe\u00e7\u00e3o das refei\u00e7\u00f5es ser\u00e1 fervida previamente e, para consumo, foi disponibilizada \u00e1gua engarrafada a toda a comunidade escolar.<\/li>\n<li>Uma contra-an\u00e1lise ser\u00e1 realizada amanh\u00e3 pela Autoridade de Sa\u00fade para verificar se a presen\u00e7a de enterococos persiste.<\/li>\n<\/ul>\n","protected":false},"author":2,"featured_media":200259,"comment_status":"closed","ping_status":"closed","sticky":false,"template":"","format":"standard","meta":{"footnotes":""},"categories":[1],"tags":[1503,1090,4182,215,320,271],"class_list":["post-200254","post","type-post","status-publish","format-standard","has-post-thumbnail","hentry","category-noticias","tag-abastecimento-de-agua","tag-agua","tag-carrazeda-de-ansiaes","tag-investigacao","tag-protecao-civil","tag-saude-publica"],"yoast_head":"<!-- This site is optimized with the Yoast SEO plugin v27.2 - https:\/\/yoast.com\/product\/yoast-seo-wordpress\/ -->\n<title>\u00c1gua da EB 2,3+S de Carrazeda de Ansi\u00e3es proibida por bact\u00e9rias - Portal Tela Portugal<\/title>\n<meta name=\"robots\" content=\"index, follow, max-snippet:-1, max-image-preview:large, max-video-preview:-1\" \/>\n<meta property=\"og:locale\" content=\"pt_PT\" \/>\n<meta property=\"og:type\" content=\"article\" \/>\n<meta property=\"og:title\" content=\"\u00c1gua da EB 2,3+S de Carrazeda de Ansi\u00e3es proibida por bact\u00e9rias - Portal Tela Portugal\" \/>\n<meta property=\"og:description\" content=\"A C\u00e2mara Municipal de Carrazeda de Ansi\u00e3es proibiu o consumo de \u00e1gua de rede na Escola B\u00e1sica 2,3 e Secund\u00e1ria de Carrazeda de Ansi\u00e3es devido \u00e0 presen\u00e7a de enterococos detetados nas \u00faltimas an\u00e1lises. O pico com a bact\u00e9ria foi encontrado numa torneira de um ponto espec\u00edfico da rede de abastecimento do edif\u00edcio que concentra todos os anos de escolaridade, \u00e0 exce\u00e7\u00e3o do ensino prim\u00e1rio (1\u00ba ao 4\u00ba ano). A Dire\u00e7\u00e3o-Geral da Sa\u00fade afirma que n\u00e3o h\u00e1 efeitos diretos na sa\u00fade humana, mas a autarquia decidiu manter a proibi\u00e7\u00e3o por precau\u00e7\u00e3o. A \u00e1gua para confe\u00e7\u00e3o das refei\u00e7\u00f5es ser\u00e1 fervida previamente e, para consumo, foi disponibilizada \u00e1gua engarrafada a toda a comunidade escolar. Uma contra-an\u00e1lise ser\u00e1 realizada amanh\u00e3 pela Autoridade de Sa\u00fade para verificar se a presen\u00e7a de enterococos persiste.\" \/>\n<meta property=\"og:url\" content=\"https:\/\/portaltela.pt\/noticias\/2026\/02\/05\/agua-da-eb-23-s-de-carrazeda-de-ansiaes-proibida-por-bacterias\/\" \/>\n<meta property=\"og:site_name\" content=\"Portal Tela Portugal\" \/>\n<meta property=\"article:published_time\" content=\"2026-02-05T16:50:31+00:00\" \/>\n<meta name=\"author\" content=\"Telinha\" \/>\n<meta name=\"twitter:card\" content=\"summary_large_image\" \/>\n<meta name=\"twitter:label1\" content=\"Escrito por\" \/>\n\t<meta name=\"twitter:data1\" content=\"Telinha\" \/>\n\t<meta name=\"twitter:label2\" content=\"Tempo estimado de leitura\" \/>\n\t<meta name=\"twitter:data2\" content=\"1 minuto\" \/>\n<script type=\"application\/ld+json\" class=\"yoast-schema-graph\">{\"@context\":\"https:\/\/schema.org\",\"@graph\":[{\"@type\":\"Article\",\"@id\":\"https:\/\/portaltela.pt\/noticias\/2026\/02\/05\/agua-da-eb-23-s-de-carrazeda-de-ansiaes-proibida-por-bacterias\/#article\",\"isPartOf\":{\"@id\":\"https:\/\/portaltela.pt\/noticias\/2026\/02\/05\/agua-da-eb-23-s-de-carrazeda-de-ansiaes-proibida-por-bacterias\/\"},\"author\":{\"name\":\"Telinha\",\"@id\":\"https:\/\/portaltela.pt\/#\/schema\/person\/c4278d4a6028830caff9ee44b42d32ed\"},\"headline\":\"\u00c1gua da EB 2,3+S de Carrazeda de Ansi\u00e3es proibida por bact\u00e9rias\",\"datePublished\":\"2026-02-05T16:50:31+00:00\",\"mainEntityOfPage\":{\"@id\":\"https:\/\/portaltela.pt\/noticias\/2026\/02\/05\/agua-da-eb-23-s-de-carrazeda-de-ansiaes-proibida-por-bacterias\/\"},\"wordCount\":190,\"image\":{\"@id\":\"https:\/\/portaltela.pt\/noticias\/2026\/02\/05\/agua-da-eb-23-s-de-carrazeda-de-ansiaes-proibida-por-bacterias\/#primaryimage\"},\"thumbnailUrl\":\"https:\/\/portaltela.pt\/s.01k8rhncp4jt1\/2026\/02\/img_1500x1000uu2019-12-31-07-44-36-913403-2.jpg\",\"keywords\":[\"abastecimento de \u00e1gua\",\"\u00e1gua\",\"Carrazeda de Ansi\u00e3es\",\"investiga\u00e7\u00e3o\",\"prote\u00e7\u00e3o civil\",\"sa\u00fade p\u00fablica\"],\"articleSection\":[\"Not\u00edcias\"],\"inLanguage\":\"pt-PT\"},{\"@type\":\"WebPage\",\"@id\":\"https:\/\/portaltela.pt\/noticias\/2026\/02\/05\/agua-da-eb-23-s-de-carrazeda-de-ansiaes-proibida-por-bacterias\/\",\"url\":\"https:\/\/portaltela.pt\/noticias\/2026\/02\/05\/agua-da-eb-23-s-de-carrazeda-de-ansiaes-proibida-por-bacterias\/\",\"name\":\"\u00c1gua da EB 2,3+S de Carrazeda de Ansi\u00e3es proibida por bact\u00e9rias - Portal Tela Portugal\",\"isPartOf\":{\"@id\":\"https:\/\/portaltela.pt\/#website\"},\"primaryImageOfPage\":{\"@id\":\"https:\/\/portaltela.pt\/noticias\/2026\/02\/05\/agua-da-eb-23-s-de-carrazeda-de-ansiaes-proibida-por-bacterias\/#primaryimage\"},\"image\":{\"@id\":\"https:\/\/portaltela.pt\/noticias\/2026\/02\/05\/agua-da-eb-23-s-de-carrazeda-de-ansiaes-proibida-por-bacterias\/#primaryimage\"},\"thumbnailUrl\":\"https:\/\/portaltela.pt\/s.01k8rhncp4jt1\/2026\/02\/img_1500x1000uu2019-12-31-07-44-36-913403-2.jpg\",\"datePublished\":\"2026-02-05T16:50:31+00:00\",\"author\":{\"@id\":\"https:\/\/portaltela.pt\/#\/schema\/person\/c4278d4a6028830caff9ee44b42d32ed\"},\"breadcrumb\":{\"@id\":\"https:\/\/portaltela.pt\/noticias\/2026\/02\/05\/agua-da-eb-23-s-de-carrazeda-de-ansiaes-proibida-por-bacterias\/#breadcrumb\"},\"inLanguage\":\"pt-PT\",\"potentialAction\":[{\"@type\":\"ReadAction\",\"target\":[\"https:\/\/portaltela.pt\/noticias\/2026\/02\/05\/agua-da-eb-23-s-de-carrazeda-de-ansiaes-proibida-por-bacterias\/\"]}]},{\"@type\":\"ImageObject\",\"inLanguage\":\"pt-PT\",\"@id\":\"https:\/\/portaltela.pt\/noticias\/2026\/02\/05\/agua-da-eb-23-s-de-carrazeda-de-ansiaes-proibida-por-bacterias\/#primaryimage\",\"url\":\"https:\/\/portaltela.pt\/s.01k8rhncp4jt1\/2026\/02\/img_1500x1000uu2019-12-31-07-44-36-913403-2.jpg\",\"contentUrl\":\"https:\/\/portaltela.pt\/s.01k8rhncp4jt1\/2026\/02\/img_1500x1000uu2019-12-31-07-44-36-913403-2.jpg\",\"width\":796,\"height\":448,\"caption\":\"Torneira de \u00e1gua\"},{\"@type\":\"BreadcrumbList\",\"@id\":\"https:\/\/portaltela.pt\/noticias\/2026\/02\/05\/agua-da-eb-23-s-de-carrazeda-de-ansiaes-proibida-por-bacterias\/#breadcrumb\",\"itemListElement\":[{\"@type\":\"ListItem\",\"position\":1,\"name\":\"In\u00edcio\",\"item\":\"https:\/\/portaltela.pt\/\"},{\"@type\":\"ListItem\",\"position\":2,\"name\":\"\u00c1gua da EB 2,3+S de Carrazeda de Ansi\u00e3es proibida por bact\u00e9rias\"}]},{\"@type\":\"WebSite\",\"@id\":\"https:\/\/portaltela.pt\/#website\",\"url\":\"https:\/\/portaltela.pt\/\",\"name\":\"Portal Tela Portugal\",\"description\":\"\",\"potentialAction\":[{\"@type\":\"SearchAction\",\"target\":{\"@type\":\"EntryPoint\",\"urlTemplate\":\"https:\/\/portaltela.pt\/?s={search_term_string}\"},\"query-input\":{\"@type\":\"PropertyValueSpecification\",\"valueRequired\":true,\"valueName\":\"search_term_string\"}}],\"inLanguage\":\"pt-PT\"},{\"@type\":\"Person\",\"@id\":\"https:\/\/portaltela.pt\/#\/schema\/person\/c4278d4a6028830caff9ee44b42d32ed\",\"name\":\"Telinha\",\"image\":{\"@type\":\"ImageObject\",\"inLanguage\":\"pt-PT\",\"@id\":\"https:\/\/portaltela.pt\/s.01k8rhncp4jt1\/2025\/11\/talking-bot-125x125.png\",\"url\":\"https:\/\/portaltela.pt\/s.01k8rhncp4jt1\/2025\/11\/talking-bot-125x125.png\",\"contentUrl\":\"https:\/\/portaltela.pt\/s.01k8rhncp4jt1\/2025\/11\/talking-bot-125x125.png\",\"caption\":\"Telinha\"},\"sameAs\":[\"https:\/\/portaltela.pt\/\"],\"url\":\"https:\/\/portaltela.pt\/por\/367410592786\/\"}]}<\/script>\n<!-- \/ Yoast SEO plugin. -->","yoast_head_json":{"title":"\u00c1gua da EB 2,3+S de Carrazeda de Ansi\u00e3es proibida por bact\u00e9rias - Portal Tela Portugal","robots":{"index":"index","follow":"follow","max-snippet":"max-snippet:-1","max-image-preview":"max-image-preview:large","max-video-preview":"max-video-preview:-1"},"og_locale":"pt_PT","og_type":"article","og_title":"\u00c1gua da EB 2,3+S de Carrazeda de Ansi\u00e3es proibida por bact\u00e9rias - Portal Tela Portugal","og_description":"A C\u00e2mara Municipal de Carrazeda de Ansi\u00e3es proibiu o consumo de \u00e1gua de rede na Escola B\u00e1sica 2,3 e Secund\u00e1ria de Carrazeda de Ansi\u00e3es devido \u00e0 presen\u00e7a de enterococos detetados nas \u00faltimas an\u00e1lises. O pico com a bact\u00e9ria foi encontrado numa torneira de um ponto espec\u00edfico da rede de abastecimento do edif\u00edcio que concentra todos os anos de escolaridade, \u00e0 exce\u00e7\u00e3o do ensino prim\u00e1rio (1\u00ba ao 4\u00ba ano). A Dire\u00e7\u00e3o-Geral da Sa\u00fade afirma que n\u00e3o h\u00e1 efeitos diretos na sa\u00fade humana, mas a autarquia decidiu manter a proibi\u00e7\u00e3o por precau\u00e7\u00e3o. A \u00e1gua para confe\u00e7\u00e3o das refei\u00e7\u00f5es ser\u00e1 fervida previamente e, para consumo, foi disponibilizada \u00e1gua engarrafada a toda a comunidade escolar. Uma contra-an\u00e1lise ser\u00e1 realizada amanh\u00e3 pela Autoridade de Sa\u00fade para verificar se a presen\u00e7a de enterococos persiste.","og_url":"https:\/\/portaltela.pt\/noticias\/2026\/02\/05\/agua-da-eb-23-s-de-carrazeda-de-ansiaes-proibida-por-bacterias\/","og_site_name":"Portal Tela Portugal","article_published_time":"2026-02-05T16:50:31+00:00","author":"Telinha","twitter_card":"summary_large_image","twitter_misc":{"Escrito por":"Telinha","Tempo estimado de leitura":"1 minuto"},"schema":{"@context":"https:\/\/schema.org","@graph":[{"@type":"Article","@id":"https:\/\/portaltela.pt\/noticias\/2026\/02\/05\/agua-da-eb-23-s-de-carrazeda-de-ansiaes-proibida-por-bacterias\/#article","isPartOf":{"@id":"https:\/\/portaltela.pt\/noticias\/2026\/02\/05\/agua-da-eb-23-s-de-carrazeda-de-ansiaes-proibida-por-bacterias\/"},"author":{"name":"Telinha","@id":"https:\/\/portaltela.pt\/#\/schema\/person\/c4278d4a6028830caff9ee44b42d32ed"},"headline":"\u00c1gua da EB 2,3+S de Carrazeda de Ansi\u00e3es proibida por bact\u00e9rias","datePublished":"2026-02-05T16:50:31+00:00","mainEntityOfPage":{"@id":"https:\/\/portaltela.pt\/noticias\/2026\/02\/05\/agua-da-eb-23-s-de-carrazeda-de-ansiaes-proibida-por-bacterias\/"},"wordCount":190,"image":{"@id":"https:\/\/portaltela.pt\/noticias\/2026\/02\/05\/agua-da-eb-23-s-de-carrazeda-de-ansiaes-proibida-por-bacterias\/#primaryimage"},"thumbnailUrl":"https:\/\/portaltela.pt\/s.01k8rhncp4jt1\/2026\/02\/img_1500x1000uu2019-12-31-07-44-36-913403-2.jpg","keywords":["abastecimento de \u00e1gua","\u00e1gua","Carrazeda de Ansi\u00e3es","investiga\u00e7\u00e3o","prote\u00e7\u00e3o civil","sa\u00fade p\u00fablica"],"articleSection":["Not\u00edcias"],"inLanguage":"pt-PT"},{"@type":"WebPage","@id":"https:\/\/portaltela.pt\/noticias\/2026\/02\/05\/agua-da-eb-23-s-de-carrazeda-de-ansiaes-proibida-por-bacterias\/","url":"https:\/\/portaltela.pt\/noticias\/2026\/02\/05\/agua-da-eb-23-s-de-carrazeda-de-ansiaes-proibida-por-bacterias\/","name":"\u00c1gua da EB 2,3+S de Carrazeda de Ansi\u00e3es proibida por bact\u00e9rias - Portal Tela Portugal","isPartOf":{"@id":"https:\/\/portaltela.pt\/#website"},"primaryImageOfPage":{"@id":"https:\/\/portaltela.pt\/noticias\/2026\/02\/05\/agua-da-eb-23-s-de-carrazeda-de-ansiaes-proibida-por-bacterias\/#primaryimage"},"image":{"@id":"https:\/\/portaltela.pt\/noticias\/2026\/02\/05\/agua-da-eb-23-s-de-carrazeda-de-ansiaes-proibida-por-bacterias\/#primaryimage"},"thumbnailUrl":"https:\/\/portaltela.pt\/s.01k8rhncp4jt1\/2026\/02\/img_1500x1000uu2019-12-31-07-44-36-913403-2.jpg","datePublished":"2026-02-05T16:50:31+00:00","author":{"@id":"https:\/\/portaltela.pt\/#\/schema\/person\/c4278d4a6028830caff9ee44b42d32ed"},"breadcrumb":{"@id":"https:\/\/portaltela.pt\/noticias\/2026\/02\/05\/agua-da-eb-23-s-de-carrazeda-de-ansiaes-proibida-por-bacterias\/#breadcrumb"},"inLanguage":"pt-PT","potentialAction":[{"@type":"ReadAction","target":["https:\/\/portaltela.pt\/noticias\/2026\/02\/05\/agua-da-eb-23-s-de-carrazeda-de-ansiaes-proibida-por-bacterias\/"]}]},{"@type":"ImageObject","inLanguage":"pt-PT","@id":"https:\/\/portaltela.pt\/noticias\/2026\/02\/05\/agua-da-eb-23-s-de-carrazeda-de-ansiaes-proibida-por-bacterias\/#primaryimage","url":"https:\/\/portaltela.pt\/s.01k8rhncp4jt1\/2026\/02\/img_1500x1000uu2019-12-31-07-44-36-913403-2.jpg","contentUrl":"https:\/\/portaltela.pt\/s.01k8rhncp4jt1\/2026\/02\/img_1500x1000uu2019-12-31-07-44-36-913403-2.jpg","width":796,"height":448,"caption":"Torneira de \u00e1gua"},{"@type":"BreadcrumbList","@id":"https:\/\/portaltela.pt\/noticias\/2026\/02\/05\/agua-da-eb-23-s-de-carrazeda-de-ansiaes-proibida-por-bacterias\/#breadcrumb","itemListElement":[{"@type":"ListItem","position":1,"name":"In\u00edcio","item":"https:\/\/portaltela.pt\/"},{"@type":"ListItem","position":2,"name":"\u00c1gua da EB 2,3+S de Carrazeda de Ansi\u00e3es proibida por bact\u00e9rias"}]},{"@type":"WebSite","@id":"https:\/\/portaltela.pt\/#website","url":"https:\/\/portaltela.pt\/","name":"Portal Tela Portugal","description":"","potentialAction":[{"@type":"SearchAction","target":{"@type":"EntryPoint","urlTemplate":"https:\/\/portaltela.pt\/?s={search_term_string}"},"query-input":{"@type":"PropertyValueSpecification","valueRequired":true,"valueName":"search_term_string"}}],"inLanguage":"pt-PT"},{"@type":"Person","@id":"https:\/\/portaltela.pt\/#\/schema\/person\/c4278d4a6028830caff9ee44b42d32ed","name":"Telinha","image":{"@type":"ImageObject","inLanguage":"pt-PT","@id":"https:\/\/portaltela.pt\/s.01k8rhncp4jt1\/2025\/11\/talking-bot-125x125.png","url":"https:\/\/portaltela.pt\/s.01k8rhncp4jt1\/2025\/11\/talking-bot-125x125.png","contentUrl":"https:\/\/portaltela.pt\/s.01k8rhncp4jt1\/2025\/11\/talking-bot-125x125.png","caption":"Telinha"},"sameAs":["https:\/\/portaltela.pt\/"],"url":"https:\/\/portaltela.pt\/por\/367410592786\/"}]}},"_links":{"self":[{"href":"https:\/\/portaltela.pt\/api\/wp\/v2\/posts\/200254","targetHints":{"allow":["GET"]}}],"collection":[{"href":"https:\/\/portaltela.pt\/api\/wp\/v2\/posts"}],"about":[{"href":"https:\/\/portaltela.pt\/api\/wp\/v2\/types\/post"}],"author":[{"embeddable":true,"href":"https:\/\/portaltela.pt\/api\/wp\/v2\/users\/2"}],"replies":[{"embeddable":true,"href":"https:\/\/portaltela.pt\/api\/wp\/v2\/comments?post=200254"}],"version-history":[{"count":0,"href":"https:\/\/portaltela.pt\/api\/wp\/v2\/posts\/200254\/revisions"}],"wp:featuredmedia":[{"embeddable":true,"href":"https:\/\/portaltela.pt\/api\/wp\/v2\/media\/200259"}],"wp:attachment":[{"href":"https:\/\/portaltela.pt\/api\/wp\/v2\/media?parent=200254"}],"wp:term":[{"taxonomy":"category","embeddable":true,"href":"https:\/\/portaltela.pt\/api\/wp\/v2\/categories?post=200254"},{"taxonomy":"post_tag","embeddable":true,"href":"https:\/\/portaltela.pt\/api\/wp\/v2\/tags?post=200254"}],"curies":[{"name":"wp","href":"https:\/\/api.w.org\/{rel}","templated":true}]}}