{"id":200240,"date":"2026-02-05T13:42:00","date_gmt":"2026-02-05T16:42:00","guid":{"rendered":"https:\/\/portaltela.pt\/noticias\/2026\/02\/05\/homem-morre-apos-queda-de-telhado-na-serta\/"},"modified":"2026-02-05T13:42:00","modified_gmt":"2026-02-05T16:42:00","slug":"homem-morre-apos-queda-de-telhado-na-serta","status":"publish","type":"post","link":"https:\/\/portaltela.pt\/noticias\/2026\/02\/05\/homem-morre-apos-queda-de-telhado-na-serta\/","title":{"rendered":"Homem morre ap\u00f3s queda de telhado na Sert\u00e3"},"content":{"rendered":"<p>Um homem de 72 anos morreu hoje na sequ\u00eancia de uma queda de um telhado que estava a arranjar, em Palhais, no concelho da Sert\u00e3. A GNR confirmou o \u00f3bito \u00e0 ag\u00eancia Lusa.<\/p>\n<p>Segundo a autoridade, o acidente ocorreu durante trabalhos de repara\u00e7\u00e3o no telhado. Ainda n\u00e3o est\u00e3o detalhadas as circunst\u00e2ncias que levaram \u00e0 queda.<\/p>\n<p>As autoridades devem avan\u00e7ar com informa\u00e7\u00f5es adicionais assim que estiverem dispon\u00edveis. A not\u00edcia foi confirmada pela GNR \u00e0 Lusa, sem indica\u00e7\u00e3o de outras v\u00edtimas ou ferimentos.<\/p>\n","protected":false},"excerpt":{"rendered":"<ul>\n<li>Um homem de 72 anos morreu ap\u00f3s queda de um telhado que estava a arranjar, em Palhais, concelho da Sert\u00e3.<\/li>\n<li>O acidente ocorreu hoje, segundo a GNR.<\/li>\n<li>A confirma\u00e7\u00e3o foi dada \u00e0 ag\u00eancia Lusa pela Guarda Nacional Republicana.<\/li>\n<li>N\u00e3o foram fornecidos detalhes adicionais sobre as circunst\u00e2ncias da queda.<\/li>\n<li>A ocorr\u00eancia aconteceu na localidade de Palhais, no concelho da Sert\u00e3.<\/li>\n<\/ul>\n","protected":false},"author":2,"featured_media":200244,"comment_status":"closed","ping_status":"closed","sticky":false,"template":"","format":"standard","meta":{"footnotes":""},"categories":[1],"tags":[5487,3256,144,1380,5481],"class_list":["post-200240","post","type-post","status-publish","format-standard","has-post-thumbnail","hentry","category-noticias","tag-acidente","tag-acidentes","tag-concelho","tag-gnr","tag-serta"],"yoast_head":"<!-- This site is optimized with the Yoast SEO plugin v27.2 - https:\/\/yoast.com\/product\/yoast-seo-wordpress\/ -->\n<title>Homem morre ap\u00f3s queda de telhado na Sert\u00e3 - Portal Tela Portugal<\/title>\n<meta name=\"robots\" content=\"index, follow, max-snippet:-1, max-image-preview:large, max-video-preview:-1\" \/>\n<meta property=\"og:locale\" content=\"pt_PT\" \/>\n<meta property=\"og:type\" content=\"article\" \/>\n<meta property=\"og:title\" content=\"Homem morre ap\u00f3s queda de telhado na Sert\u00e3 - Portal Tela Portugal\" \/>\n<meta property=\"og:description\" content=\"Um homem de 72 anos morreu ap\u00f3s queda de um telhado que estava a arranjar, em Palhais, concelho da Sert\u00e3. O acidente ocorreu hoje, segundo a GNR. A confirma\u00e7\u00e3o foi dada \u00e0 ag\u00eancia Lusa pela Guarda Nacional Republicana. N\u00e3o foram fornecidos detalhes adicionais sobre as circunst\u00e2ncias da queda. A ocorr\u00eancia aconteceu na localidade de Palhais, no concelho da Sert\u00e3.\" \/>\n<meta property=\"og:url\" content=\"https:\/\/portaltela.pt\/noticias\/2026\/02\/05\/homem-morre-apos-queda-de-telhado-na-serta\/\" \/>\n<meta property=\"og:site_name\" content=\"Portal Tela Portugal\" \/>\n<meta property=\"article:published_time\" content=\"2026-02-05T16:42:00+00:00\" \/>\n<meta name=\"author\" content=\"Telinha\" \/>\n<meta name=\"twitter:card\" content=\"summary_large_image\" \/>\n<meta name=\"twitter:label1\" content=\"Escrito por\" \/>\n\t<meta name=\"twitter:data1\" content=\"Telinha\" \/>\n<script type=\"application\/ld+json\" class=\"yoast-schema-graph\">{\"@context\":\"https:\/\/schema.org\",\"@graph\":[{\"@type\":\"Article\",\"@id\":\"https:\/\/portaltela.pt\/noticias\/2026\/02\/05\/homem-morre-apos-queda-de-telhado-na-serta\/#article\",\"isPartOf\":{\"@id\":\"https:\/\/portaltela.pt\/noticias\/2026\/02\/05\/homem-morre-apos-queda-de-telhado-na-serta\/\"},\"author\":{\"name\":\"Telinha\",\"@id\":\"https:\/\/portaltela.pt\/#\/schema\/person\/c4278d4a6028830caff9ee44b42d32ed\"},\"headline\":\"Homem morre ap\u00f3s queda de telhado na Sert\u00e3\",\"datePublished\":\"2026-02-05T16:42:00+00:00\",\"mainEntityOfPage\":{\"@id\":\"https:\/\/portaltela.pt\/noticias\/2026\/02\/05\/homem-morre-apos-queda-de-telhado-na-serta\/\"},\"wordCount\":98,\"image\":{\"@id\":\"https:\/\/portaltela.pt\/noticias\/2026\/02\/05\/homem-morre-apos-queda-de-telhado-na-serta\/#primaryimage\"},\"thumbnailUrl\":\"https:\/\/portaltela.pt\/s.01k8rhncp4jt1\/2026\/02\/CACHE_780X1200_ANALOG_WATERMARKED_46476633_5424457_02022026055402-1.jpg\",\"keywords\":[\"acidente\",\"acidentes\",\"concelho\",\"GNR\",\"Sert\u00e3\"],\"articleSection\":[\"Not\u00edcias\"],\"inLanguage\":\"pt-PT\"},{\"@type\":\"WebPage\",\"@id\":\"https:\/\/portaltela.pt\/noticias\/2026\/02\/05\/homem-morre-apos-queda-de-telhado-na-serta\/\",\"url\":\"https:\/\/portaltela.pt\/noticias\/2026\/02\/05\/homem-morre-apos-queda-de-telhado-na-serta\/\",\"name\":\"Homem morre ap\u00f3s queda de telhado na Sert\u00e3 - Portal Tela Portugal\",\"isPartOf\":{\"@id\":\"https:\/\/portaltela.pt\/#website\"},\"primaryImageOfPage\":{\"@id\":\"https:\/\/portaltela.pt\/noticias\/2026\/02\/05\/homem-morre-apos-queda-de-telhado-na-serta\/#primaryimage\"},\"image\":{\"@id\":\"https:\/\/portaltela.pt\/noticias\/2026\/02\/05\/homem-morre-apos-queda-de-telhado-na-serta\/#primaryimage\"},\"thumbnailUrl\":\"https:\/\/portaltela.pt\/s.01k8rhncp4jt1\/2026\/02\/CACHE_780X1200_ANALOG_WATERMARKED_46476633_5424457_02022026055402-1.jpg\",\"datePublished\":\"2026-02-05T16:42:00+00:00\",\"author\":{\"@id\":\"https:\/\/portaltela.pt\/#\/schema\/person\/c4278d4a6028830caff9ee44b42d32ed\"},\"breadcrumb\":{\"@id\":\"https:\/\/portaltela.pt\/noticias\/2026\/02\/05\/homem-morre-apos-queda-de-telhado-na-serta\/#breadcrumb\"},\"inLanguage\":\"pt-PT\",\"potentialAction\":[{\"@type\":\"ReadAction\",\"target\":[\"https:\/\/portaltela.pt\/noticias\/2026\/02\/05\/homem-morre-apos-queda-de-telhado-na-serta\/\"]}]},{\"@type\":\"ImageObject\",\"inLanguage\":\"pt-PT\",\"@id\":\"https:\/\/portaltela.pt\/noticias\/2026\/02\/05\/homem-morre-apos-queda-de-telhado-na-serta\/#primaryimage\",\"url\":\"https:\/\/portaltela.pt\/s.01k8rhncp4jt1\/2026\/02\/CACHE_780X1200_ANALOG_WATERMARKED_46476633_5424457_02022026055402-1.jpg\",\"contentUrl\":\"https:\/\/portaltela.pt\/s.01k8rhncp4jt1\/2026\/02\/CACHE_780X1200_ANALOG_WATERMARKED_46476633_5424457_02022026055402-1.jpg\",\"width\":796,\"height\":448,\"caption\":\"Homem morre ap\u00f3s queda de telhado no concelho da Sert\u00e3\"},{\"@type\":\"BreadcrumbList\",\"@id\":\"https:\/\/portaltela.pt\/noticias\/2026\/02\/05\/homem-morre-apos-queda-de-telhado-na-serta\/#breadcrumb\",\"itemListElement\":[{\"@type\":\"ListItem\",\"position\":1,\"name\":\"In\u00edcio\",\"item\":\"https:\/\/portaltela.pt\/\"},{\"@type\":\"ListItem\",\"position\":2,\"name\":\"Homem morre ap\u00f3s queda de telhado na Sert\u00e3\"}]},{\"@type\":\"WebSite\",\"@id\":\"https:\/\/portaltela.pt\/#website\",\"url\":\"https:\/\/portaltela.pt\/\",\"name\":\"Portal Tela Portugal\",\"description\":\"\",\"potentialAction\":[{\"@type\":\"SearchAction\",\"target\":{\"@type\":\"EntryPoint\",\"urlTemplate\":\"https:\/\/portaltela.pt\/?s={search_term_string}\"},\"query-input\":{\"@type\":\"PropertyValueSpecification\",\"valueRequired\":true,\"valueName\":\"search_term_string\"}}],\"inLanguage\":\"pt-PT\"},{\"@type\":\"Person\",\"@id\":\"https:\/\/portaltela.pt\/#\/schema\/person\/c4278d4a6028830caff9ee44b42d32ed\",\"name\":\"Telinha\",\"image\":{\"@type\":\"ImageObject\",\"inLanguage\":\"pt-PT\",\"@id\":\"https:\/\/portaltela.pt\/s.01k8rhncp4jt1\/2025\/11\/talking-bot-125x125.png\",\"url\":\"https:\/\/portaltela.pt\/s.01k8rhncp4jt1\/2025\/11\/talking-bot-125x125.png\",\"contentUrl\":\"https:\/\/portaltela.pt\/s.01k8rhncp4jt1\/2025\/11\/talking-bot-125x125.png\",\"caption\":\"Telinha\"},\"sameAs\":[\"https:\/\/portaltela.pt\/\"],\"url\":\"https:\/\/portaltela.pt\/por\/367410592786\/\"}]}<\/script>\n<!-- \/ Yoast SEO plugin. -->","yoast_head_json":{"title":"Homem morre ap\u00f3s queda de telhado na Sert\u00e3 - Portal Tela Portugal","robots":{"index":"index","follow":"follow","max-snippet":"max-snippet:-1","max-image-preview":"max-image-preview:large","max-video-preview":"max-video-preview:-1"},"og_locale":"pt_PT","og_type":"article","og_title":"Homem morre ap\u00f3s queda de telhado na Sert\u00e3 - Portal Tela Portugal","og_description":"Um homem de 72 anos morreu ap\u00f3s queda de um telhado que estava a arranjar, em Palhais, concelho da Sert\u00e3. O acidente ocorreu hoje, segundo a GNR. A confirma\u00e7\u00e3o foi dada \u00e0 ag\u00eancia Lusa pela Guarda Nacional Republicana. N\u00e3o foram fornecidos detalhes adicionais sobre as circunst\u00e2ncias da queda. A ocorr\u00eancia aconteceu na localidade de Palhais, no concelho da Sert\u00e3.","og_url":"https:\/\/portaltela.pt\/noticias\/2026\/02\/05\/homem-morre-apos-queda-de-telhado-na-serta\/","og_site_name":"Portal Tela Portugal","article_published_time":"2026-02-05T16:42:00+00:00","author":"Telinha","twitter_card":"summary_large_image","twitter_misc":{"Escrito por":"Telinha"},"schema":{"@context":"https:\/\/schema.org","@graph":[{"@type":"Article","@id":"https:\/\/portaltela.pt\/noticias\/2026\/02\/05\/homem-morre-apos-queda-de-telhado-na-serta\/#article","isPartOf":{"@id":"https:\/\/portaltela.pt\/noticias\/2026\/02\/05\/homem-morre-apos-queda-de-telhado-na-serta\/"},"author":{"name":"Telinha","@id":"https:\/\/portaltela.pt\/#\/schema\/person\/c4278d4a6028830caff9ee44b42d32ed"},"headline":"Homem morre ap\u00f3s queda de telhado na Sert\u00e3","datePublished":"2026-02-05T16:42:00+00:00","mainEntityOfPage":{"@id":"https:\/\/portaltela.pt\/noticias\/2026\/02\/05\/homem-morre-apos-queda-de-telhado-na-serta\/"},"wordCount":98,"image":{"@id":"https:\/\/portaltela.pt\/noticias\/2026\/02\/05\/homem-morre-apos-queda-de-telhado-na-serta\/#primaryimage"},"thumbnailUrl":"https:\/\/portaltela.pt\/s.01k8rhncp4jt1\/2026\/02\/CACHE_780X1200_ANALOG_WATERMARKED_46476633_5424457_02022026055402-1.jpg","keywords":["acidente","acidentes","concelho","GNR","Sert\u00e3"],"articleSection":["Not\u00edcias"],"inLanguage":"pt-PT"},{"@type":"WebPage","@id":"https:\/\/portaltela.pt\/noticias\/2026\/02\/05\/homem-morre-apos-queda-de-telhado-na-serta\/","url":"https:\/\/portaltela.pt\/noticias\/2026\/02\/05\/homem-morre-apos-queda-de-telhado-na-serta\/","name":"Homem morre ap\u00f3s queda de telhado na Sert\u00e3 - Portal Tela Portugal","isPartOf":{"@id":"https:\/\/portaltela.pt\/#website"},"primaryImageOfPage":{"@id":"https:\/\/portaltela.pt\/noticias\/2026\/02\/05\/homem-morre-apos-queda-de-telhado-na-serta\/#primaryimage"},"image":{"@id":"https:\/\/portaltela.pt\/noticias\/2026\/02\/05\/homem-morre-apos-queda-de-telhado-na-serta\/#primaryimage"},"thumbnailUrl":"https:\/\/portaltela.pt\/s.01k8rhncp4jt1\/2026\/02\/CACHE_780X1200_ANALOG_WATERMARKED_46476633_5424457_02022026055402-1.jpg","datePublished":"2026-02-05T16:42:00+00:00","author":{"@id":"https:\/\/portaltela.pt\/#\/schema\/person\/c4278d4a6028830caff9ee44b42d32ed"},"breadcrumb":{"@id":"https:\/\/portaltela.pt\/noticias\/2026\/02\/05\/homem-morre-apos-queda-de-telhado-na-serta\/#breadcrumb"},"inLanguage":"pt-PT","potentialAction":[{"@type":"ReadAction","target":["https:\/\/portaltela.pt\/noticias\/2026\/02\/05\/homem-morre-apos-queda-de-telhado-na-serta\/"]}]},{"@type":"ImageObject","inLanguage":"pt-PT","@id":"https:\/\/portaltela.pt\/noticias\/2026\/02\/05\/homem-morre-apos-queda-de-telhado-na-serta\/#primaryimage","url":"https:\/\/portaltela.pt\/s.01k8rhncp4jt1\/2026\/02\/CACHE_780X1200_ANALOG_WATERMARKED_46476633_5424457_02022026055402-1.jpg","contentUrl":"https:\/\/portaltela.pt\/s.01k8rhncp4jt1\/2026\/02\/CACHE_780X1200_ANALOG_WATERMARKED_46476633_5424457_02022026055402-1.jpg","width":796,"height":448,"caption":"Homem morre ap\u00f3s queda de telhado no concelho da Sert\u00e3"},{"@type":"BreadcrumbList","@id":"https:\/\/portaltela.pt\/noticias\/2026\/02\/05\/homem-morre-apos-queda-de-telhado-na-serta\/#breadcrumb","itemListElement":[{"@type":"ListItem","position":1,"name":"In\u00edcio","item":"https:\/\/portaltela.pt\/"},{"@type":"ListItem","position":2,"name":"Homem morre ap\u00f3s queda de telhado na Sert\u00e3"}]},{"@type":"WebSite","@id":"https:\/\/portaltela.pt\/#website","url":"https:\/\/portaltela.pt\/","name":"Portal Tela Portugal","description":"","potentialAction":[{"@type":"SearchAction","target":{"@type":"EntryPoint","urlTemplate":"https:\/\/portaltela.pt\/?s={search_term_string}"},"query-input":{"@type":"PropertyValueSpecification","valueRequired":true,"valueName":"search_term_string"}}],"inLanguage":"pt-PT"},{"@type":"Person","@id":"https:\/\/portaltela.pt\/#\/schema\/person\/c4278d4a6028830caff9ee44b42d32ed","name":"Telinha","image":{"@type":"ImageObject","inLanguage":"pt-PT","@id":"https:\/\/portaltela.pt\/s.01k8rhncp4jt1\/2025\/11\/talking-bot-125x125.png","url":"https:\/\/portaltela.pt\/s.01k8rhncp4jt1\/2025\/11\/talking-bot-125x125.png","contentUrl":"https:\/\/portaltela.pt\/s.01k8rhncp4jt1\/2025\/11\/talking-bot-125x125.png","caption":"Telinha"},"sameAs":["https:\/\/portaltela.pt\/"],"url":"https:\/\/portaltela.pt\/por\/367410592786\/"}]}},"_links":{"self":[{"href":"https:\/\/portaltela.pt\/api\/wp\/v2\/posts\/200240","targetHints":{"allow":["GET"]}}],"collection":[{"href":"https:\/\/portaltela.pt\/api\/wp\/v2\/posts"}],"about":[{"href":"https:\/\/portaltela.pt\/api\/wp\/v2\/types\/post"}],"author":[{"embeddable":true,"href":"https:\/\/portaltela.pt\/api\/wp\/v2\/users\/2"}],"replies":[{"embeddable":true,"href":"https:\/\/portaltela.pt\/api\/wp\/v2\/comments?post=200240"}],"version-history":[{"count":0,"href":"https:\/\/portaltela.pt\/api\/wp\/v2\/posts\/200240\/revisions"}],"wp:featuredmedia":[{"embeddable":true,"href":"https:\/\/portaltela.pt\/api\/wp\/v2\/media\/200244"}],"wp:attachment":[{"href":"https:\/\/portaltela.pt\/api\/wp\/v2\/media?parent=200240"}],"wp:term":[{"taxonomy":"category","embeddable":true,"href":"https:\/\/portaltela.pt\/api\/wp\/v2\/categories?post=200240"},{"taxonomy":"post_tag","embeddable":true,"href":"https:\/\/portaltela.pt\/api\/wp\/v2\/tags?post=200240"}],"curies":[{"name":"wp","href":"https:\/\/api.w.org\/{rel}","templated":true}]}}