{"id":200236,"date":"2026-02-05T13:36:49","date_gmt":"2026-02-05T16:36:49","guid":{"rendered":"https:\/\/portaltela.pt\/noticias\/2026\/02\/05\/cinco-pessoas-retiradas-de-predio-em-lisboa-apos-queda-de-talude-por-mau-tempo\/"},"modified":"2026-02-05T13:36:49","modified_gmt":"2026-02-05T16:36:49","slug":"cinco-pessoas-retiradas-de-predio-em-lisboa-apos-queda-de-talude-por-mau-tempo","status":"publish","type":"post","link":"https:\/\/portaltela.pt\/noticias\/2026\/02\/05\/cinco-pessoas-retiradas-de-predio-em-lisboa-apos-queda-de-talude-por-mau-tempo\/","title":{"rendered":"Cinco pessoas retiradas de pr\u00e9dio em Lisboa ap\u00f3s queda de talude por mau tempo"},"content":{"rendered":"<p>Cinco pessoas foram retiradas de um pr\u00e9dio na freguesia de S\u00e3o Vicente, em Lisboa, devido \u00e0 queda de um talude motivada pelo mau tempo. A opera\u00e7\u00e3o ocorreu por volta das 10h00 de hoje, com as evacua\u00e7\u00f5es a serem realizadas por precau\u00e7\u00e3o. N\u00e3o h\u00e1 registo de feridos.<\/p>\n<p>A Prote\u00e7\u00e3o Civil de Lisboa confirmou que, desde domingo, j\u00e1 foram registadas 820 ocorr\u00eancias na cidade, destacando inunda\u00e7\u00f5es (402), quedas de \u00e1rvores (195) e epis\u00f3dios dispersos pela \u00e1rea ribeirinha. O respons\u00e1vel destacou que o epis\u00f3dio de hoje insere-se no contexto excecional das ocorr\u00eancias.<\/p>\n<p>O realojamento tempor\u00e1rio das fam\u00edlias est\u00e1 a cargo da C\u00e2mara Municipal de Lisboa, em articula\u00e7\u00e3o com a Santa Casa da Miseric\u00f3rdia. O objetivo \u00e9 assegurar condi\u00e7\u00f5es imediatas at\u00e9 uma avalia\u00e7\u00e3o do abrigo permanente.<\/p>\n<h3>Medidas de evacua\u00e7\u00e3o e vigil\u00e2ncia<\/h3>\n<p>As autoridades trabalham para manter a monitoriza\u00e7\u00e3o do rio Tejo durante mar\u00e9s altas, com cortes pontuais de estacionamento na zona ribeirinha. O objetivo \u00e9 reduzir o risco de galgamentos e manter vias de evacua\u00e7\u00e3o livres.<\/p>\n<p>A Prote\u00e7\u00e3o Civil indicou que o dispositivo est\u00e1 em estado de prontid\u00e3o especial (n\u00edvel 4) e que as equipas municipais respondem \u00e0s ocorr\u00eancias previstas para este fim de semana, com limpezas e checks de escoamento de \u00e1guas pluviais.<\/p>\n<h3>Contexto e perspectivas<\/h3>\n<p>At\u00e9 ao momento, Lisboa mant\u00e9m-se sob vigil\u00e2ncia, sem alerta formal para o munic\u00edpio, mas alinhada com as decis\u00f5es da ANEPC. O munic\u00edpio aconselha evitar desloca\u00e7\u00f5es desnecess\u00e1rias e evitar zonas ribeirinhas, especialmente para estacionamento, durante o per\u00edodo de temporais.<\/p>\n","protected":false},"excerpt":{"rendered":"<ul>\n<li>Cinco pessoas foram retiradas de um edif\u00edcio na freguesia de S\u00e3o Vicente, Lisboa, ap\u00f3s a queda de um talude causada pelo mau tempo, com realojamento tempor\u00e1rio em articula\u00e7\u00e3o com a Santa Casa da Miseric\u00f3rdia de Lisboa.<\/li>\n<li>Entre domingo e as 12h00 de quinta-feira, Lisboa registou 820 ocorr\u00eancias, sendo 402 inunda\u00e7\u00f5es e 195 quedas de \u00e1rvores, sobretudo na zona ribeirinha.<\/li>\n<li>N\u00e3o h\u00e1 feridos reportados; a opera\u00e7\u00e3o ocorreu por precau\u00e7\u00e3o \u00e0s 10h de quinta-feira e envolveu um edificio com v\u00e1rias fra\u00e7\u00f5es.<\/li>\n<li>Mant\u00e9m-se a monitoriza\u00e7\u00e3o do Tejo com cortes e limita\u00e7\u00f5es de estacionamento na zona ribeirinha; \u00e9 aconselhado evitar desloca\u00e7\u00f5es e zonas ribeirinhas.<\/li>\n<li>O munic\u00edpio est\u00e1 em prontid\u00e3o especial (n\u00edvel 4) e prepara medidas para o fim de semana, incluindo gest\u00e3o de escoamento de \u00e1guas e encerramento de jardins municipais.<\/li>\n<\/ul>\n","protected":false},"author":2,"featured_media":200241,"comment_status":"closed","ping_status":"closed","sticky":false,"template":"","format":"standard","meta":{"footnotes":""},"categories":[1],"tags":[5215,2938,2293,981,320,1297],"class_list":["post-200236","post","type-post","status-publish","format-standard","has-post-thumbnail","hentry","category-noticias","tag-catastrofes-naturais","tag-evacuacao","tag-inundacoes","tag-lisboa","tag-protecao-civil","tag-quedas-de-arvores"],"yoast_head":"<!-- This site is optimized with the Yoast SEO plugin v27.2 - https:\/\/yoast.com\/product\/yoast-seo-wordpress\/ -->\n<title>Cinco pessoas retiradas de pr\u00e9dio em Lisboa ap\u00f3s queda de talude por mau tempo - Portal Tela Portugal<\/title>\n<meta name=\"robots\" content=\"index, follow, max-snippet:-1, max-image-preview:large, max-video-preview:-1\" \/>\n<meta property=\"og:locale\" content=\"pt_PT\" \/>\n<meta property=\"og:type\" content=\"article\" \/>\n<meta property=\"og:title\" content=\"Cinco pessoas retiradas de pr\u00e9dio em Lisboa ap\u00f3s queda de talude por mau tempo - Portal Tela Portugal\" \/>\n<meta property=\"og:description\" content=\"Cinco pessoas foram retiradas de um edif\u00edcio na freguesia de S\u00e3o Vicente, Lisboa, ap\u00f3s a queda de um talude causada pelo mau tempo, com realojamento tempor\u00e1rio em articula\u00e7\u00e3o com a Santa Casa da Miseric\u00f3rdia de Lisboa. Entre domingo e as 12h00 de quinta-feira, Lisboa registou 820 ocorr\u00eancias, sendo 402 inunda\u00e7\u00f5es e 195 quedas de \u00e1rvores, sobretudo na zona ribeirinha. N\u00e3o h\u00e1 feridos reportados; a opera\u00e7\u00e3o ocorreu por precau\u00e7\u00e3o \u00e0s 10h de quinta-feira e envolveu um edificio com v\u00e1rias fra\u00e7\u00f5es. Mant\u00e9m-se a monitoriza\u00e7\u00e3o do Tejo com cortes e limita\u00e7\u00f5es de estacionamento na zona ribeirinha; \u00e9 aconselhado evitar desloca\u00e7\u00f5es e zonas ribeirinhas. O munic\u00edpio est\u00e1 em prontid\u00e3o especial (n\u00edvel 4) e prepara medidas para o fim de semana, incluindo gest\u00e3o de escoamento de \u00e1guas e encerramento de jardins municipais.\" \/>\n<meta property=\"og:url\" content=\"https:\/\/portaltela.pt\/noticias\/2026\/02\/05\/cinco-pessoas-retiradas-de-predio-em-lisboa-apos-queda-de-talude-por-mau-tempo\/\" \/>\n<meta property=\"og:site_name\" content=\"Portal Tela Portugal\" \/>\n<meta property=\"article:published_time\" content=\"2026-02-05T16:36:49+00:00\" \/>\n<meta name=\"author\" content=\"Telinha\" \/>\n<meta name=\"twitter:card\" content=\"summary_large_image\" \/>\n<meta name=\"twitter:label1\" content=\"Escrito por\" \/>\n\t<meta name=\"twitter:data1\" content=\"Telinha\" \/>\n\t<meta name=\"twitter:label2\" content=\"Tempo estimado de leitura\" \/>\n\t<meta name=\"twitter:data2\" content=\"1 minuto\" \/>\n<script type=\"application\/ld+json\" class=\"yoast-schema-graph\">{\"@context\":\"https:\/\/schema.org\",\"@graph\":[{\"@type\":\"Article\",\"@id\":\"https:\/\/portaltela.pt\/noticias\/2026\/02\/05\/cinco-pessoas-retiradas-de-predio-em-lisboa-apos-queda-de-talude-por-mau-tempo\/#article\",\"isPartOf\":{\"@id\":\"https:\/\/portaltela.pt\/noticias\/2026\/02\/05\/cinco-pessoas-retiradas-de-predio-em-lisboa-apos-queda-de-talude-por-mau-tempo\/\"},\"author\":{\"name\":\"Telinha\",\"@id\":\"https:\/\/portaltela.pt\/#\/schema\/person\/c4278d4a6028830caff9ee44b42d32ed\"},\"headline\":\"Cinco pessoas retiradas de pr\u00e9dio em Lisboa ap\u00f3s queda de talude por mau tempo\",\"datePublished\":\"2026-02-05T16:36:49+00:00\",\"mainEntityOfPage\":{\"@id\":\"https:\/\/portaltela.pt\/noticias\/2026\/02\/05\/cinco-pessoas-retiradas-de-predio-em-lisboa-apos-queda-de-talude-por-mau-tempo\/\"},\"wordCount\":287,\"image\":{\"@id\":\"https:\/\/portaltela.pt\/noticias\/2026\/02\/05\/cinco-pessoas-retiradas-de-predio-em-lisboa-apos-queda-de-talude-por-mau-tempo\/#primaryimage\"},\"thumbnailUrl\":\"https:\/\/portaltela.pt\/s.01k8rhncp4jt1\/2026\/02\/img_1500x1000uu2022-04-05-20-21-55-1137391-im-638996675600353270.jpg\",\"keywords\":[\"cat\u00e1strofes naturais\",\"evacua\u00e7\u00e3o\",\"inunda\u00e7\u00f5es\",\"Lisboa\",\"prote\u00e7\u00e3o civil\",\"quedas de \u00e1rvores\"],\"articleSection\":[\"Not\u00edcias\"],\"inLanguage\":\"pt-PT\"},{\"@type\":\"WebPage\",\"@id\":\"https:\/\/portaltela.pt\/noticias\/2026\/02\/05\/cinco-pessoas-retiradas-de-predio-em-lisboa-apos-queda-de-talude-por-mau-tempo\/\",\"url\":\"https:\/\/portaltela.pt\/noticias\/2026\/02\/05\/cinco-pessoas-retiradas-de-predio-em-lisboa-apos-queda-de-talude-por-mau-tempo\/\",\"name\":\"Cinco pessoas retiradas de pr\u00e9dio em Lisboa ap\u00f3s queda de talude por mau tempo - Portal Tela Portugal\",\"isPartOf\":{\"@id\":\"https:\/\/portaltela.pt\/#website\"},\"primaryImageOfPage\":{\"@id\":\"https:\/\/portaltela.pt\/noticias\/2026\/02\/05\/cinco-pessoas-retiradas-de-predio-em-lisboa-apos-queda-de-talude-por-mau-tempo\/#primaryimage\"},\"image\":{\"@id\":\"https:\/\/portaltela.pt\/noticias\/2026\/02\/05\/cinco-pessoas-retiradas-de-predio-em-lisboa-apos-queda-de-talude-por-mau-tempo\/#primaryimage\"},\"thumbnailUrl\":\"https:\/\/portaltela.pt\/s.01k8rhncp4jt1\/2026\/02\/img_1500x1000uu2022-04-05-20-21-55-1137391-im-638996675600353270.jpg\",\"datePublished\":\"2026-02-05T16:36:49+00:00\",\"author\":{\"@id\":\"https:\/\/portaltela.pt\/#\/schema\/person\/c4278d4a6028830caff9ee44b42d32ed\"},\"breadcrumb\":{\"@id\":\"https:\/\/portaltela.pt\/noticias\/2026\/02\/05\/cinco-pessoas-retiradas-de-predio-em-lisboa-apos-queda-de-talude-por-mau-tempo\/#breadcrumb\"},\"inLanguage\":\"pt-PT\",\"potentialAction\":[{\"@type\":\"ReadAction\",\"target\":[\"https:\/\/portaltela.pt\/noticias\/2026\/02\/05\/cinco-pessoas-retiradas-de-predio-em-lisboa-apos-queda-de-talude-por-mau-tempo\/\"]}]},{\"@type\":\"ImageObject\",\"inLanguage\":\"pt-PT\",\"@id\":\"https:\/\/portaltela.pt\/noticias\/2026\/02\/05\/cinco-pessoas-retiradas-de-predio-em-lisboa-apos-queda-de-talude-por-mau-tempo\/#primaryimage\",\"url\":\"https:\/\/portaltela.pt\/s.01k8rhncp4jt1\/2026\/02\/img_1500x1000uu2022-04-05-20-21-55-1137391-im-638996675600353270.jpg\",\"contentUrl\":\"https:\/\/portaltela.pt\/s.01k8rhncp4jt1\/2026\/02\/img_1500x1000uu2022-04-05-20-21-55-1137391-im-638996675600353270.jpg\",\"width\":796,\"height\":448,\"caption\":\"Bombeiros\"},{\"@type\":\"BreadcrumbList\",\"@id\":\"https:\/\/portaltela.pt\/noticias\/2026\/02\/05\/cinco-pessoas-retiradas-de-predio-em-lisboa-apos-queda-de-talude-por-mau-tempo\/#breadcrumb\",\"itemListElement\":[{\"@type\":\"ListItem\",\"position\":1,\"name\":\"In\u00edcio\",\"item\":\"https:\/\/portaltela.pt\/\"},{\"@type\":\"ListItem\",\"position\":2,\"name\":\"Cinco pessoas retiradas de pr\u00e9dio em Lisboa ap\u00f3s queda de talude por mau tempo\"}]},{\"@type\":\"WebSite\",\"@id\":\"https:\/\/portaltela.pt\/#website\",\"url\":\"https:\/\/portaltela.pt\/\",\"name\":\"Portal Tela Portugal\",\"description\":\"\",\"potentialAction\":[{\"@type\":\"SearchAction\",\"target\":{\"@type\":\"EntryPoint\",\"urlTemplate\":\"https:\/\/portaltela.pt\/?s={search_term_string}\"},\"query-input\":{\"@type\":\"PropertyValueSpecification\",\"valueRequired\":true,\"valueName\":\"search_term_string\"}}],\"inLanguage\":\"pt-PT\"},{\"@type\":\"Person\",\"@id\":\"https:\/\/portaltela.pt\/#\/schema\/person\/c4278d4a6028830caff9ee44b42d32ed\",\"name\":\"Telinha\",\"image\":{\"@type\":\"ImageObject\",\"inLanguage\":\"pt-PT\",\"@id\":\"https:\/\/portaltela.pt\/s.01k8rhncp4jt1\/2025\/11\/talking-bot-125x125.png\",\"url\":\"https:\/\/portaltela.pt\/s.01k8rhncp4jt1\/2025\/11\/talking-bot-125x125.png\",\"contentUrl\":\"https:\/\/portaltela.pt\/s.01k8rhncp4jt1\/2025\/11\/talking-bot-125x125.png\",\"caption\":\"Telinha\"},\"sameAs\":[\"https:\/\/portaltela.pt\/\"],\"url\":\"https:\/\/portaltela.pt\/por\/367410592786\/\"}]}<\/script>\n<!-- \/ Yoast SEO plugin. -->","yoast_head_json":{"title":"Cinco pessoas retiradas de pr\u00e9dio em Lisboa ap\u00f3s queda de talude por mau tempo - Portal Tela Portugal","robots":{"index":"index","follow":"follow","max-snippet":"max-snippet:-1","max-image-preview":"max-image-preview:large","max-video-preview":"max-video-preview:-1"},"og_locale":"pt_PT","og_type":"article","og_title":"Cinco pessoas retiradas de pr\u00e9dio em Lisboa ap\u00f3s queda de talude por mau tempo - Portal Tela Portugal","og_description":"Cinco pessoas foram retiradas de um edif\u00edcio na freguesia de S\u00e3o Vicente, Lisboa, ap\u00f3s a queda de um talude causada pelo mau tempo, com realojamento tempor\u00e1rio em articula\u00e7\u00e3o com a Santa Casa da Miseric\u00f3rdia de Lisboa. Entre domingo e as 12h00 de quinta-feira, Lisboa registou 820 ocorr\u00eancias, sendo 402 inunda\u00e7\u00f5es e 195 quedas de \u00e1rvores, sobretudo na zona ribeirinha. N\u00e3o h\u00e1 feridos reportados; a opera\u00e7\u00e3o ocorreu por precau\u00e7\u00e3o \u00e0s 10h de quinta-feira e envolveu um edificio com v\u00e1rias fra\u00e7\u00f5es. Mant\u00e9m-se a monitoriza\u00e7\u00e3o do Tejo com cortes e limita\u00e7\u00f5es de estacionamento na zona ribeirinha; \u00e9 aconselhado evitar desloca\u00e7\u00f5es e zonas ribeirinhas. O munic\u00edpio est\u00e1 em prontid\u00e3o especial (n\u00edvel 4) e prepara medidas para o fim de semana, incluindo gest\u00e3o de escoamento de \u00e1guas e encerramento de jardins municipais.","og_url":"https:\/\/portaltela.pt\/noticias\/2026\/02\/05\/cinco-pessoas-retiradas-de-predio-em-lisboa-apos-queda-de-talude-por-mau-tempo\/","og_site_name":"Portal Tela Portugal","article_published_time":"2026-02-05T16:36:49+00:00","author":"Telinha","twitter_card":"summary_large_image","twitter_misc":{"Escrito por":"Telinha","Tempo estimado de leitura":"1 minuto"},"schema":{"@context":"https:\/\/schema.org","@graph":[{"@type":"Article","@id":"https:\/\/portaltela.pt\/noticias\/2026\/02\/05\/cinco-pessoas-retiradas-de-predio-em-lisboa-apos-queda-de-talude-por-mau-tempo\/#article","isPartOf":{"@id":"https:\/\/portaltela.pt\/noticias\/2026\/02\/05\/cinco-pessoas-retiradas-de-predio-em-lisboa-apos-queda-de-talude-por-mau-tempo\/"},"author":{"name":"Telinha","@id":"https:\/\/portaltela.pt\/#\/schema\/person\/c4278d4a6028830caff9ee44b42d32ed"},"headline":"Cinco pessoas retiradas de pr\u00e9dio em Lisboa ap\u00f3s queda de talude por mau tempo","datePublished":"2026-02-05T16:36:49+00:00","mainEntityOfPage":{"@id":"https:\/\/portaltela.pt\/noticias\/2026\/02\/05\/cinco-pessoas-retiradas-de-predio-em-lisboa-apos-queda-de-talude-por-mau-tempo\/"},"wordCount":287,"image":{"@id":"https:\/\/portaltela.pt\/noticias\/2026\/02\/05\/cinco-pessoas-retiradas-de-predio-em-lisboa-apos-queda-de-talude-por-mau-tempo\/#primaryimage"},"thumbnailUrl":"https:\/\/portaltela.pt\/s.01k8rhncp4jt1\/2026\/02\/img_1500x1000uu2022-04-05-20-21-55-1137391-im-638996675600353270.jpg","keywords":["cat\u00e1strofes naturais","evacua\u00e7\u00e3o","inunda\u00e7\u00f5es","Lisboa","prote\u00e7\u00e3o civil","quedas de \u00e1rvores"],"articleSection":["Not\u00edcias"],"inLanguage":"pt-PT"},{"@type":"WebPage","@id":"https:\/\/portaltela.pt\/noticias\/2026\/02\/05\/cinco-pessoas-retiradas-de-predio-em-lisboa-apos-queda-de-talude-por-mau-tempo\/","url":"https:\/\/portaltela.pt\/noticias\/2026\/02\/05\/cinco-pessoas-retiradas-de-predio-em-lisboa-apos-queda-de-talude-por-mau-tempo\/","name":"Cinco pessoas retiradas de pr\u00e9dio em Lisboa ap\u00f3s queda de talude por mau tempo - Portal Tela Portugal","isPartOf":{"@id":"https:\/\/portaltela.pt\/#website"},"primaryImageOfPage":{"@id":"https:\/\/portaltela.pt\/noticias\/2026\/02\/05\/cinco-pessoas-retiradas-de-predio-em-lisboa-apos-queda-de-talude-por-mau-tempo\/#primaryimage"},"image":{"@id":"https:\/\/portaltela.pt\/noticias\/2026\/02\/05\/cinco-pessoas-retiradas-de-predio-em-lisboa-apos-queda-de-talude-por-mau-tempo\/#primaryimage"},"thumbnailUrl":"https:\/\/portaltela.pt\/s.01k8rhncp4jt1\/2026\/02\/img_1500x1000uu2022-04-05-20-21-55-1137391-im-638996675600353270.jpg","datePublished":"2026-02-05T16:36:49+00:00","author":{"@id":"https:\/\/portaltela.pt\/#\/schema\/person\/c4278d4a6028830caff9ee44b42d32ed"},"breadcrumb":{"@id":"https:\/\/portaltela.pt\/noticias\/2026\/02\/05\/cinco-pessoas-retiradas-de-predio-em-lisboa-apos-queda-de-talude-por-mau-tempo\/#breadcrumb"},"inLanguage":"pt-PT","potentialAction":[{"@type":"ReadAction","target":["https:\/\/portaltela.pt\/noticias\/2026\/02\/05\/cinco-pessoas-retiradas-de-predio-em-lisboa-apos-queda-de-talude-por-mau-tempo\/"]}]},{"@type":"ImageObject","inLanguage":"pt-PT","@id":"https:\/\/portaltela.pt\/noticias\/2026\/02\/05\/cinco-pessoas-retiradas-de-predio-em-lisboa-apos-queda-de-talude-por-mau-tempo\/#primaryimage","url":"https:\/\/portaltela.pt\/s.01k8rhncp4jt1\/2026\/02\/img_1500x1000uu2022-04-05-20-21-55-1137391-im-638996675600353270.jpg","contentUrl":"https:\/\/portaltela.pt\/s.01k8rhncp4jt1\/2026\/02\/img_1500x1000uu2022-04-05-20-21-55-1137391-im-638996675600353270.jpg","width":796,"height":448,"caption":"Bombeiros"},{"@type":"BreadcrumbList","@id":"https:\/\/portaltela.pt\/noticias\/2026\/02\/05\/cinco-pessoas-retiradas-de-predio-em-lisboa-apos-queda-de-talude-por-mau-tempo\/#breadcrumb","itemListElement":[{"@type":"ListItem","position":1,"name":"In\u00edcio","item":"https:\/\/portaltela.pt\/"},{"@type":"ListItem","position":2,"name":"Cinco pessoas retiradas de pr\u00e9dio em Lisboa ap\u00f3s queda de talude por mau tempo"}]},{"@type":"WebSite","@id":"https:\/\/portaltela.pt\/#website","url":"https:\/\/portaltela.pt\/","name":"Portal Tela Portugal","description":"","potentialAction":[{"@type":"SearchAction","target":{"@type":"EntryPoint","urlTemplate":"https:\/\/portaltela.pt\/?s={search_term_string}"},"query-input":{"@type":"PropertyValueSpecification","valueRequired":true,"valueName":"search_term_string"}}],"inLanguage":"pt-PT"},{"@type":"Person","@id":"https:\/\/portaltela.pt\/#\/schema\/person\/c4278d4a6028830caff9ee44b42d32ed","name":"Telinha","image":{"@type":"ImageObject","inLanguage":"pt-PT","@id":"https:\/\/portaltela.pt\/s.01k8rhncp4jt1\/2025\/11\/talking-bot-125x125.png","url":"https:\/\/portaltela.pt\/s.01k8rhncp4jt1\/2025\/11\/talking-bot-125x125.png","contentUrl":"https:\/\/portaltela.pt\/s.01k8rhncp4jt1\/2025\/11\/talking-bot-125x125.png","caption":"Telinha"},"sameAs":["https:\/\/portaltela.pt\/"],"url":"https:\/\/portaltela.pt\/por\/367410592786\/"}]}},"_links":{"self":[{"href":"https:\/\/portaltela.pt\/api\/wp\/v2\/posts\/200236","targetHints":{"allow":["GET"]}}],"collection":[{"href":"https:\/\/portaltela.pt\/api\/wp\/v2\/posts"}],"about":[{"href":"https:\/\/portaltela.pt\/api\/wp\/v2\/types\/post"}],"author":[{"embeddable":true,"href":"https:\/\/portaltela.pt\/api\/wp\/v2\/users\/2"}],"replies":[{"embeddable":true,"href":"https:\/\/portaltela.pt\/api\/wp\/v2\/comments?post=200236"}],"version-history":[{"count":0,"href":"https:\/\/portaltela.pt\/api\/wp\/v2\/posts\/200236\/revisions"}],"wp:featuredmedia":[{"embeddable":true,"href":"https:\/\/portaltela.pt\/api\/wp\/v2\/media\/200241"}],"wp:attachment":[{"href":"https:\/\/portaltela.pt\/api\/wp\/v2\/media?parent=200236"}],"wp:term":[{"taxonomy":"category","embeddable":true,"href":"https:\/\/portaltela.pt\/api\/wp\/v2\/categories?post=200236"},{"taxonomy":"post_tag","embeddable":true,"href":"https:\/\/portaltela.pt\/api\/wp\/v2\/tags?post=200236"}],"curies":[{"name":"wp","href":"https:\/\/api.w.org\/{rel}","templated":true}]}}