{"id":200221,"date":"2026-02-05T13:23:22","date_gmt":"2026-02-05T16:23:22","guid":{"rendered":"https:\/\/portaltela.pt\/noticias\/2026\/02\/05\/agricultores-do-oeste-dizem-que-apoios-sao-insuficientes-para-prejuizos\/"},"modified":"2026-02-05T13:23:22","modified_gmt":"2026-02-05T16:23:22","slug":"agricultores-do-oeste-dizem-que-apoios-sao-insuficientes-para-prejuizos","status":"publish","type":"post","link":"https:\/\/portaltela.pt\/noticias\/economia\/2026\/02\/05\/agricultores-do-oeste-dizem-que-apoios-sao-insuficientes-para-prejuizos\/","title":{"rendered":"Agricultores do Oeste dizem que apoios s\u00e3o insuficientes para preju\u00edzos"},"content":{"rendered":"<p>A AIHO\u2014Associa\u00e7\u00e3o Interprofissional de Horticultura do Oeste\u2014alertou esta quinta-feira que os 40 milh\u00f5es de euros anunciados para mitigar os preju\u00edzos do mau tempo na agricultura n\u00e3o s\u00e3o suficientes face \u00e0 dimens\u00e3o do problema. O presidente da associa\u00e7\u00e3o, S\u00e9rgio Ferreira, afirmou \u00e0 Lusa que o montante \u00e9 insuficiente para reconstruir a capacidade produtiva afetada.<\/p>\n<p>Ferreira explicou que o teto m\u00e1ximo eleg\u00edvel de 400 mil euros por pedido e a obriga\u00e7\u00e3o de ter pelo menos 30% de preju\u00edzo por explora\u00e7\u00e3o podem excluir v\u00e1rios agricultores. Segundo o l\u00edder, h\u00e1 situa\u00e7\u00f5es em que os apoios n\u00e3o cobrem a reconstru\u00e7\u00e3o de um hectare de estufas, deixando aos produtores a v\u00eda dos seguros, empr\u00e9stimos ou capital pr\u00f3prio.<\/p>\n<p>Os preju\u00edzos atingem estruturas como estufas eCulturas parcialmente ou totalmente destru\u00eddas pela tempestade. O dirigente recordou ainda que produtores de morangos n\u00e3o dispunham de seguros para assegurar estas infraestruturas, e que v\u00e1rias candidaturas j\u00e1 em an\u00e1lise voltaram a registar estragos.<\/p>\n<h3>Impacto por regi\u00f5es e culturas<\/h3>\n<p>Ap\u00f3s as depress\u00f5es Kristin e Leonardo, os estragos incidem sobretudo sobre hort\u00edcolas, com destaque para couves e tomate, tanto em estufa como ao ar livre. A AIHO teme que a incapacidade de preparar terrenos encharcados para novas culturas agrave as campanhas subsequentes.<\/p>\n<p>A associa\u00e7\u00e3o estima que os preju\u00edzos superem significativamente os valores indicados na semana anterior, entre 5 milh\u00f5es e 10 milh\u00f5es de euros. Paralelamente, o ministro da Agricultura anunciou uma linha de apoio de 40 milh\u00f5es de euros destinada a reposi\u00e7\u00e3o do potencial agr\u00edcola afetado.<\/p>\n<h3>Crit\u00e9rios de acesso aos apoios<\/h3>\n<p>Para aceder ao novo apoio, \u00e9 necess\u00e1rio que o preju\u00edzo na explora\u00e7\u00e3o seja superior a 30%. O Governo abriu apoios a fundo perdido para agricultores dos 68 concelhos onde foi declarada calamidade. O objetivo \u00e9 apoiar a reposi\u00e7\u00e3o do potencial produtivo danificado pelo mau tempo.<\/p>\n<p>As autoridades indicaram ainda que o tempo de calamidade permanece em vigor at\u00e9 domingo, com um conjunto de medidas de apoio que totalizam at\u00e9 2,5 mil milh\u00f5es de euros. As regi\u00f5es Centro, Lisboa e Vale do Tejo e Alentejo s\u00e3o as mais atingidas pelas consequ\u00eancias materiais do temporal.<\/p>\n<h3>Contexto atual<\/h3>\n<p>Onze pessoas morreram em Portugal desde a passagem das depress\u00f5es Kristin e Leonardo. Al\u00e9m das perdas humanas, as consequ\u00eancias incluem destrui\u00e7\u00e3o de casas, empresas e equipamentos, queda de infraestruturas, interrup\u00e7\u00f5es de transportes e cortes de energia, \u00e1gua e comunica\u00e7\u00f5es. A situa\u00e7\u00e3o mant\u00e9m-se sob vigil\u00e2ncia das autoridades competentes.<\/p>\n","protected":false},"excerpt":{"rendered":"<ul>\n<li>A AIHO afirma que os 40 milh\u00f5es de euros anunciados para apoiar os preju\u00edzos na agricultura s\u00e3o insuficientes face \u00e0 escala dos danos.<\/li>\n<li>O teto eleg\u00edvel de 400 mil euros por explora\u00e7\u00e3o e o requisito de 30% de preju\u00edzo por parcela podem deixar v\u00e1rios agricultores de fora.<\/li>\n<li>Os preju\u00edzos afetam estruturas (estufas) e culturas, com alguns produtores de morangos sem seguros para as estufas.<\/li>\n<li>A situa\u00e7\u00e3o pode agravar-se se n\u00e3o for poss\u00edvel entrar nas parcelas encharcadas para preparar novas culturas, como batatas e couves.<\/li>\n<li>O Governo declarou calamidade em 68 concelhos e lan\u00e7ou uma linha de apoio de 40 milh\u00f5es de euros, com condi\u00e7\u00f5es de acesso adicionais para quem perdeu mais de 30% da explora\u00e7\u00e3o.<\/li>\n<\/ul>\n","protected":false},"author":2,"featured_media":200222,"comment_status":"closed","ping_status":"closed","sticky":false,"template":"","format":"standard","meta":{"footnotes":""},"categories":[2,1],"tags":[179,883,4687,1309,3481,981],"class_list":["post-200221","post","type-post","status-publish","format-standard","has-post-thumbnail","hentry","category-economia","category-noticias","tag-agricultura","tag-alentejo","tag-calamidade-publica","tag-centro","tag-horticultura","tag-lisboa"],"yoast_head":"<!-- This site is optimized with the Yoast SEO plugin v27.2 - https:\/\/yoast.com\/product\/yoast-seo-wordpress\/ -->\n<title>Agricultores do Oeste dizem que apoios s\u00e3o insuficientes para preju\u00edzos - Portal Tela Portugal<\/title>\n<meta name=\"robots\" content=\"index, follow, max-snippet:-1, max-image-preview:large, max-video-preview:-1\" \/>\n<meta property=\"og:locale\" content=\"pt_PT\" \/>\n<meta property=\"og:type\" content=\"article\" \/>\n<meta property=\"og:title\" content=\"Agricultores do Oeste dizem que apoios s\u00e3o insuficientes para preju\u00edzos - Portal Tela Portugal\" \/>\n<meta property=\"og:description\" content=\"A AIHO afirma que os 40 milh\u00f5es de euros anunciados para apoiar os preju\u00edzos na agricultura s\u00e3o insuficientes face \u00e0 escala dos danos. O teto eleg\u00edvel de 400 mil euros por explora\u00e7\u00e3o e o requisito de 30% de preju\u00edzo por parcela podem deixar v\u00e1rios agricultores de fora. Os preju\u00edzos afetam estruturas (estufas) e culturas, com alguns produtores de morangos sem seguros para as estufas. A situa\u00e7\u00e3o pode agravar-se se n\u00e3o for poss\u00edvel entrar nas parcelas encharcadas para preparar novas culturas, como batatas e couves. O Governo declarou calamidade em 68 concelhos e lan\u00e7ou uma linha de apoio de 40 milh\u00f5es de euros, com condi\u00e7\u00f5es de acesso adicionais para quem perdeu mais de 30% da explora\u00e7\u00e3o.\" \/>\n<meta property=\"og:url\" content=\"https:\/\/portaltela.pt\/noticias\/2026\/02\/05\/agricultores-do-oeste-dizem-que-apoios-sao-insuficientes-para-prejuizos\/\" \/>\n<meta property=\"og:site_name\" content=\"Portal Tela Portugal\" \/>\n<meta property=\"article:published_time\" content=\"2026-02-05T16:23:22+00:00\" \/>\n<meta name=\"author\" content=\"Telinha\" \/>\n<meta name=\"twitter:card\" content=\"summary_large_image\" \/>\n<meta name=\"twitter:label1\" content=\"Escrito por\" \/>\n\t<meta name=\"twitter:data1\" content=\"Telinha\" \/>\n\t<meta name=\"twitter:label2\" content=\"Tempo estimado de leitura\" \/>\n\t<meta name=\"twitter:data2\" content=\"2 minutos\" \/>\n<script type=\"application\/ld+json\" class=\"yoast-schema-graph\">{\"@context\":\"https:\/\/schema.org\",\"@graph\":[{\"@type\":\"Article\",\"@id\":\"https:\/\/portaltela.pt\/noticias\/2026\/02\/05\/agricultores-do-oeste-dizem-que-apoios-sao-insuficientes-para-prejuizos\/#article\",\"isPartOf\":{\"@id\":\"https:\/\/portaltela.pt\/noticias\/2026\/02\/05\/agricultores-do-oeste-dizem-que-apoios-sao-insuficientes-para-prejuizos\/\"},\"author\":{\"name\":\"Telinha\",\"@id\":\"https:\/\/portaltela.pt\/#\/schema\/person\/c4278d4a6028830caff9ee44b42d32ed\"},\"headline\":\"Agricultores do Oeste dizem que apoios s\u00e3o insuficientes para preju\u00edzos\",\"datePublished\":\"2026-02-05T16:23:22+00:00\",\"mainEntityOfPage\":{\"@id\":\"https:\/\/portaltela.pt\/noticias\/2026\/02\/05\/agricultores-do-oeste-dizem-que-apoios-sao-insuficientes-para-prejuizos\/\"},\"wordCount\":444,\"image\":{\"@id\":\"https:\/\/portaltela.pt\/noticias\/2026\/02\/05\/agricultores-do-oeste-dizem-que-apoios-sao-insuficientes-para-prejuizos\/#primaryimage\"},\"thumbnailUrl\":\"https:\/\/portaltela.pt\/s.01k8rhncp4jt1\/2026\/02\/img_1280x721uu2026-02-04-14-55-20-2264705.jpg\",\"keywords\":[\"agricultura\",\"Alentejo\",\"calamidade p\u00fablica\",\"Centro\",\"horticultura\",\"Lisboa\"],\"articleSection\":[\"Economia\",\"Not\u00edcias\"],\"inLanguage\":\"pt-PT\"},{\"@type\":\"WebPage\",\"@id\":\"https:\/\/portaltela.pt\/noticias\/2026\/02\/05\/agricultores-do-oeste-dizem-que-apoios-sao-insuficientes-para-prejuizos\/\",\"url\":\"https:\/\/portaltela.pt\/noticias\/2026\/02\/05\/agricultores-do-oeste-dizem-que-apoios-sao-insuficientes-para-prejuizos\/\",\"name\":\"Agricultores do Oeste dizem que apoios s\u00e3o insuficientes para preju\u00edzos - Portal Tela Portugal\",\"isPartOf\":{\"@id\":\"https:\/\/portaltela.pt\/#website\"},\"primaryImageOfPage\":{\"@id\":\"https:\/\/portaltela.pt\/noticias\/2026\/02\/05\/agricultores-do-oeste-dizem-que-apoios-sao-insuficientes-para-prejuizos\/#primaryimage\"},\"image\":{\"@id\":\"https:\/\/portaltela.pt\/noticias\/2026\/02\/05\/agricultores-do-oeste-dizem-que-apoios-sao-insuficientes-para-prejuizos\/#primaryimage\"},\"thumbnailUrl\":\"https:\/\/portaltela.pt\/s.01k8rhncp4jt1\/2026\/02\/img_1280x721uu2026-02-04-14-55-20-2264705.jpg\",\"datePublished\":\"2026-02-05T16:23:22+00:00\",\"author\":{\"@id\":\"https:\/\/portaltela.pt\/#\/schema\/person\/c4278d4a6028830caff9ee44b42d32ed\"},\"breadcrumb\":{\"@id\":\"https:\/\/portaltela.pt\/noticias\/2026\/02\/05\/agricultores-do-oeste-dizem-que-apoios-sao-insuficientes-para-prejuizos\/#breadcrumb\"},\"inLanguage\":\"pt-PT\",\"potentialAction\":[{\"@type\":\"ReadAction\",\"target\":[\"https:\/\/portaltela.pt\/noticias\/2026\/02\/05\/agricultores-do-oeste-dizem-que-apoios-sao-insuficientes-para-prejuizos\/\"]}]},{\"@type\":\"ImageObject\",\"inLanguage\":\"pt-PT\",\"@id\":\"https:\/\/portaltela.pt\/noticias\/2026\/02\/05\/agricultores-do-oeste-dizem-que-apoios-sao-insuficientes-para-prejuizos\/#primaryimage\",\"url\":\"https:\/\/portaltela.pt\/s.01k8rhncp4jt1\/2026\/02\/img_1280x721uu2026-02-04-14-55-20-2264705.jpg\",\"contentUrl\":\"https:\/\/portaltela.pt\/s.01k8rhncp4jt1\/2026\/02\/img_1280x721uu2026-02-04-14-55-20-2264705.jpg\",\"width\":796,\"height\":448,\"caption\":\"Rio Sado voltou a galgar as margens e inundou a Av. dos Aviadores, devido \u00e0 passagem da depress\u00e3o Leonardo, em Alc\u00e1cer do Sal\"},{\"@type\":\"BreadcrumbList\",\"@id\":\"https:\/\/portaltela.pt\/noticias\/2026\/02\/05\/agricultores-do-oeste-dizem-que-apoios-sao-insuficientes-para-prejuizos\/#breadcrumb\",\"itemListElement\":[{\"@type\":\"ListItem\",\"position\":1,\"name\":\"In\u00edcio\",\"item\":\"https:\/\/portaltela.pt\/\"},{\"@type\":\"ListItem\",\"position\":2,\"name\":\"Agricultores do Oeste dizem que apoios s\u00e3o insuficientes para preju\u00edzos\"}]},{\"@type\":\"WebSite\",\"@id\":\"https:\/\/portaltela.pt\/#website\",\"url\":\"https:\/\/portaltela.pt\/\",\"name\":\"Portal Tela Portugal\",\"description\":\"\",\"potentialAction\":[{\"@type\":\"SearchAction\",\"target\":{\"@type\":\"EntryPoint\",\"urlTemplate\":\"https:\/\/portaltela.pt\/?s={search_term_string}\"},\"query-input\":{\"@type\":\"PropertyValueSpecification\",\"valueRequired\":true,\"valueName\":\"search_term_string\"}}],\"inLanguage\":\"pt-PT\"},{\"@type\":\"Person\",\"@id\":\"https:\/\/portaltela.pt\/#\/schema\/person\/c4278d4a6028830caff9ee44b42d32ed\",\"name\":\"Telinha\",\"image\":{\"@type\":\"ImageObject\",\"inLanguage\":\"pt-PT\",\"@id\":\"https:\/\/portaltela.pt\/s.01k8rhncp4jt1\/2025\/11\/talking-bot-125x125.png\",\"url\":\"https:\/\/portaltela.pt\/s.01k8rhncp4jt1\/2025\/11\/talking-bot-125x125.png\",\"contentUrl\":\"https:\/\/portaltela.pt\/s.01k8rhncp4jt1\/2025\/11\/talking-bot-125x125.png\",\"caption\":\"Telinha\"},\"sameAs\":[\"https:\/\/portaltela.pt\/\"],\"url\":\"https:\/\/portaltela.pt\/por\/367410592786\/\"}]}<\/script>\n<!-- \/ Yoast SEO plugin. -->","yoast_head_json":{"title":"Agricultores do Oeste dizem que apoios s\u00e3o insuficientes para preju\u00edzos - Portal Tela Portugal","robots":{"index":"index","follow":"follow","max-snippet":"max-snippet:-1","max-image-preview":"max-image-preview:large","max-video-preview":"max-video-preview:-1"},"og_locale":"pt_PT","og_type":"article","og_title":"Agricultores do Oeste dizem que apoios s\u00e3o insuficientes para preju\u00edzos - Portal Tela Portugal","og_description":"A AIHO afirma que os 40 milh\u00f5es de euros anunciados para apoiar os preju\u00edzos na agricultura s\u00e3o insuficientes face \u00e0 escala dos danos. O teto eleg\u00edvel de 400 mil euros por explora\u00e7\u00e3o e o requisito de 30% de preju\u00edzo por parcela podem deixar v\u00e1rios agricultores de fora. Os preju\u00edzos afetam estruturas (estufas) e culturas, com alguns produtores de morangos sem seguros para as estufas. A situa\u00e7\u00e3o pode agravar-se se n\u00e3o for poss\u00edvel entrar nas parcelas encharcadas para preparar novas culturas, como batatas e couves. O Governo declarou calamidade em 68 concelhos e lan\u00e7ou uma linha de apoio de 40 milh\u00f5es de euros, com condi\u00e7\u00f5es de acesso adicionais para quem perdeu mais de 30% da explora\u00e7\u00e3o.","og_url":"https:\/\/portaltela.pt\/noticias\/2026\/02\/05\/agricultores-do-oeste-dizem-que-apoios-sao-insuficientes-para-prejuizos\/","og_site_name":"Portal Tela Portugal","article_published_time":"2026-02-05T16:23:22+00:00","author":"Telinha","twitter_card":"summary_large_image","twitter_misc":{"Escrito por":"Telinha","Tempo estimado de leitura":"2 minutos"},"schema":{"@context":"https:\/\/schema.org","@graph":[{"@type":"Article","@id":"https:\/\/portaltela.pt\/noticias\/2026\/02\/05\/agricultores-do-oeste-dizem-que-apoios-sao-insuficientes-para-prejuizos\/#article","isPartOf":{"@id":"https:\/\/portaltela.pt\/noticias\/2026\/02\/05\/agricultores-do-oeste-dizem-que-apoios-sao-insuficientes-para-prejuizos\/"},"author":{"name":"Telinha","@id":"https:\/\/portaltela.pt\/#\/schema\/person\/c4278d4a6028830caff9ee44b42d32ed"},"headline":"Agricultores do Oeste dizem que apoios s\u00e3o insuficientes para preju\u00edzos","datePublished":"2026-02-05T16:23:22+00:00","mainEntityOfPage":{"@id":"https:\/\/portaltela.pt\/noticias\/2026\/02\/05\/agricultores-do-oeste-dizem-que-apoios-sao-insuficientes-para-prejuizos\/"},"wordCount":444,"image":{"@id":"https:\/\/portaltela.pt\/noticias\/2026\/02\/05\/agricultores-do-oeste-dizem-que-apoios-sao-insuficientes-para-prejuizos\/#primaryimage"},"thumbnailUrl":"https:\/\/portaltela.pt\/s.01k8rhncp4jt1\/2026\/02\/img_1280x721uu2026-02-04-14-55-20-2264705.jpg","keywords":["agricultura","Alentejo","calamidade p\u00fablica","Centro","horticultura","Lisboa"],"articleSection":["Economia","Not\u00edcias"],"inLanguage":"pt-PT"},{"@type":"WebPage","@id":"https:\/\/portaltela.pt\/noticias\/2026\/02\/05\/agricultores-do-oeste-dizem-que-apoios-sao-insuficientes-para-prejuizos\/","url":"https:\/\/portaltela.pt\/noticias\/2026\/02\/05\/agricultores-do-oeste-dizem-que-apoios-sao-insuficientes-para-prejuizos\/","name":"Agricultores do Oeste dizem que apoios s\u00e3o insuficientes para preju\u00edzos - Portal Tela Portugal","isPartOf":{"@id":"https:\/\/portaltela.pt\/#website"},"primaryImageOfPage":{"@id":"https:\/\/portaltela.pt\/noticias\/2026\/02\/05\/agricultores-do-oeste-dizem-que-apoios-sao-insuficientes-para-prejuizos\/#primaryimage"},"image":{"@id":"https:\/\/portaltela.pt\/noticias\/2026\/02\/05\/agricultores-do-oeste-dizem-que-apoios-sao-insuficientes-para-prejuizos\/#primaryimage"},"thumbnailUrl":"https:\/\/portaltela.pt\/s.01k8rhncp4jt1\/2026\/02\/img_1280x721uu2026-02-04-14-55-20-2264705.jpg","datePublished":"2026-02-05T16:23:22+00:00","author":{"@id":"https:\/\/portaltela.pt\/#\/schema\/person\/c4278d4a6028830caff9ee44b42d32ed"},"breadcrumb":{"@id":"https:\/\/portaltela.pt\/noticias\/2026\/02\/05\/agricultores-do-oeste-dizem-que-apoios-sao-insuficientes-para-prejuizos\/#breadcrumb"},"inLanguage":"pt-PT","potentialAction":[{"@type":"ReadAction","target":["https:\/\/portaltela.pt\/noticias\/2026\/02\/05\/agricultores-do-oeste-dizem-que-apoios-sao-insuficientes-para-prejuizos\/"]}]},{"@type":"ImageObject","inLanguage":"pt-PT","@id":"https:\/\/portaltela.pt\/noticias\/2026\/02\/05\/agricultores-do-oeste-dizem-que-apoios-sao-insuficientes-para-prejuizos\/#primaryimage","url":"https:\/\/portaltela.pt\/s.01k8rhncp4jt1\/2026\/02\/img_1280x721uu2026-02-04-14-55-20-2264705.jpg","contentUrl":"https:\/\/portaltela.pt\/s.01k8rhncp4jt1\/2026\/02\/img_1280x721uu2026-02-04-14-55-20-2264705.jpg","width":796,"height":448,"caption":"Rio Sado voltou a galgar as margens e inundou a Av. dos Aviadores, devido \u00e0 passagem da depress\u00e3o Leonardo, em Alc\u00e1cer do Sal"},{"@type":"BreadcrumbList","@id":"https:\/\/portaltela.pt\/noticias\/2026\/02\/05\/agricultores-do-oeste-dizem-que-apoios-sao-insuficientes-para-prejuizos\/#breadcrumb","itemListElement":[{"@type":"ListItem","position":1,"name":"In\u00edcio","item":"https:\/\/portaltela.pt\/"},{"@type":"ListItem","position":2,"name":"Agricultores do Oeste dizem que apoios s\u00e3o insuficientes para preju\u00edzos"}]},{"@type":"WebSite","@id":"https:\/\/portaltela.pt\/#website","url":"https:\/\/portaltela.pt\/","name":"Portal Tela Portugal","description":"","potentialAction":[{"@type":"SearchAction","target":{"@type":"EntryPoint","urlTemplate":"https:\/\/portaltela.pt\/?s={search_term_string}"},"query-input":{"@type":"PropertyValueSpecification","valueRequired":true,"valueName":"search_term_string"}}],"inLanguage":"pt-PT"},{"@type":"Person","@id":"https:\/\/portaltela.pt\/#\/schema\/person\/c4278d4a6028830caff9ee44b42d32ed","name":"Telinha","image":{"@type":"ImageObject","inLanguage":"pt-PT","@id":"https:\/\/portaltela.pt\/s.01k8rhncp4jt1\/2025\/11\/talking-bot-125x125.png","url":"https:\/\/portaltela.pt\/s.01k8rhncp4jt1\/2025\/11\/talking-bot-125x125.png","contentUrl":"https:\/\/portaltela.pt\/s.01k8rhncp4jt1\/2025\/11\/talking-bot-125x125.png","caption":"Telinha"},"sameAs":["https:\/\/portaltela.pt\/"],"url":"https:\/\/portaltela.pt\/por\/367410592786\/"}]}},"_links":{"self":[{"href":"https:\/\/portaltela.pt\/api\/wp\/v2\/posts\/200221","targetHints":{"allow":["GET"]}}],"collection":[{"href":"https:\/\/portaltela.pt\/api\/wp\/v2\/posts"}],"about":[{"href":"https:\/\/portaltela.pt\/api\/wp\/v2\/types\/post"}],"author":[{"embeddable":true,"href":"https:\/\/portaltela.pt\/api\/wp\/v2\/users\/2"}],"replies":[{"embeddable":true,"href":"https:\/\/portaltela.pt\/api\/wp\/v2\/comments?post=200221"}],"version-history":[{"count":0,"href":"https:\/\/portaltela.pt\/api\/wp\/v2\/posts\/200221\/revisions"}],"wp:featuredmedia":[{"embeddable":true,"href":"https:\/\/portaltela.pt\/api\/wp\/v2\/media\/200222"}],"wp:attachment":[{"href":"https:\/\/portaltela.pt\/api\/wp\/v2\/media?parent=200221"}],"wp:term":[{"taxonomy":"category","embeddable":true,"href":"https:\/\/portaltela.pt\/api\/wp\/v2\/categories?post=200221"},{"taxonomy":"post_tag","embeddable":true,"href":"https:\/\/portaltela.pt\/api\/wp\/v2\/tags?post=200221"}],"curies":[{"name":"wp","href":"https:\/\/api.w.org\/{rel}","templated":true}]}}