{"id":200218,"date":"2026-02-05T13:21:08","date_gmt":"2026-02-05T16:21:08","guid":{"rendered":"https:\/\/portaltela.pt\/noticias\/2026\/02\/05\/homem-morre-apos-queda-de-telhado-que-reparava-em-cernache-do-bonjardim\/"},"modified":"2026-02-05T13:21:08","modified_gmt":"2026-02-05T16:21:08","slug":"homem-morre-apos-queda-de-telhado-que-reparava-em-cernache-do-bonjardim","status":"publish","type":"post","link":"https:\/\/portaltela.pt\/noticias\/2026\/02\/05\/homem-morre-apos-queda-de-telhado-que-reparava-em-cernache-do-bonjardim\/","title":{"rendered":"Homem morre ap\u00f3s queda de telhado que reparava em Cernache do Bonjardim"},"content":{"rendered":"<p>Um homem com cerca de 70 anos morreu ao cair de uma escada de alum\u00ednio que utilizava para reparar um telhado, na Aldeia de Palhais, Cernache do Bonjardim, no concelho da Sert\u00e3. O acidente ocorreu na tarde de quarta-feira, por volta das 14h. Foi encontrado no ch\u00e3o, sem sinais vitais.<\/p>\n<p>As autoridades n\u00e3o divulgaram ainda as causas exactas do acidente. Equipa de emerg\u00eancias deslocou-se ao local para prestar apoio, mas o \u00f3bito j\u00e1 estava confirmado \u00e0 chegada.<\/p>\n<p>O incidente ocorreu no mesmo concelho onde, segundo informa\u00e7\u00f5es, a tempestade Kristin atingiu o distrito de Castelo Branco, com o munic\u00edpio da Sert\u00e3 a ser o mais afetado. A avalia\u00e7\u00e3o de danos e consequ\u00eancias segue em curso.<\/p>\n<p>\u2014<\/p>\n","protected":false},"excerpt":{"rendered":"<ul>\n<li>Um homem na casa dos 70 anos morreu ao cair de uma escada em alum\u00ednio enquanto reparava um telhado na Aldeia de Palhais, Cernache do Bonjardim, na Sert\u00e3.<\/li>\n<li>A v\u00edtima foi encontrada no ch\u00e3o, sem sinais vitais.<\/li>\n<li>O alerta foi dado por volta das 14h.<\/li>\n<li>O concelho da Sert\u00e3 foi o mais atingido pela tempestade Kristin no distrito de Castelo Branco.<\/li>\n<\/ul>\n","protected":false},"author":2,"featured_media":200220,"comment_status":"closed","ping_status":"closed","sticky":false,"template":"","format":"standard","meta":{"footnotes":""},"categories":[1],"tags":[5487,971,1112,5215,1935,5481],"class_list":["post-200218","post","type-post","status-publish","format-standard","has-post-thumbnail","hentry","category-noticias","tag-acidente","tag-bombeiros","tag-castelo-branco","tag-catastrofes-naturais","tag-emergencias","tag-serta"],"yoast_head":"<!-- This site is optimized with the Yoast SEO plugin v27.2 - https:\/\/yoast.com\/product\/yoast-seo-wordpress\/ -->\n<title>Homem morre ap\u00f3s queda de telhado que reparava em Cernache do Bonjardim - Portal Tela Portugal<\/title>\n<meta name=\"robots\" content=\"index, follow, max-snippet:-1, max-image-preview:large, max-video-preview:-1\" \/>\n<meta property=\"og:locale\" content=\"pt_PT\" \/>\n<meta property=\"og:type\" content=\"article\" \/>\n<meta property=\"og:title\" content=\"Homem morre ap\u00f3s queda de telhado que reparava em Cernache do Bonjardim - Portal Tela Portugal\" \/>\n<meta property=\"og:description\" content=\"Um homem na casa dos 70 anos morreu ao cair de uma escada em alum\u00ednio enquanto reparava um telhado na Aldeia de Palhais, Cernache do Bonjardim, na Sert\u00e3. A v\u00edtima foi encontrada no ch\u00e3o, sem sinais vitais. O alerta foi dado por volta das 14h. O concelho da Sert\u00e3 foi o mais atingido pela tempestade Kristin no distrito de Castelo Branco.\" \/>\n<meta property=\"og:url\" content=\"https:\/\/portaltela.pt\/noticias\/2026\/02\/05\/homem-morre-apos-queda-de-telhado-que-reparava-em-cernache-do-bonjardim\/\" \/>\n<meta property=\"og:site_name\" content=\"Portal Tela Portugal\" \/>\n<meta property=\"article:published_time\" content=\"2026-02-05T16:21:08+00:00\" \/>\n<meta name=\"author\" content=\"Telinha\" \/>\n<meta name=\"twitter:card\" content=\"summary_large_image\" \/>\n<meta name=\"twitter:label1\" content=\"Escrito por\" \/>\n\t<meta name=\"twitter:data1\" content=\"Telinha\" \/>\n\t<meta name=\"twitter:label2\" content=\"Tempo estimado de leitura\" \/>\n\t<meta name=\"twitter:data2\" content=\"1 minuto\" \/>\n<script type=\"application\/ld+json\" class=\"yoast-schema-graph\">{\"@context\":\"https:\/\/schema.org\",\"@graph\":[{\"@type\":\"Article\",\"@id\":\"https:\/\/portaltela.pt\/noticias\/2026\/02\/05\/homem-morre-apos-queda-de-telhado-que-reparava-em-cernache-do-bonjardim\/#article\",\"isPartOf\":{\"@id\":\"https:\/\/portaltela.pt\/noticias\/2026\/02\/05\/homem-morre-apos-queda-de-telhado-que-reparava-em-cernache-do-bonjardim\/\"},\"author\":{\"name\":\"Telinha\",\"@id\":\"https:\/\/portaltela.pt\/#\/schema\/person\/c4278d4a6028830caff9ee44b42d32ed\"},\"headline\":\"Homem morre ap\u00f3s queda de telhado que reparava em Cernache do Bonjardim\",\"datePublished\":\"2026-02-05T16:21:08+00:00\",\"mainEntityOfPage\":{\"@id\":\"https:\/\/portaltela.pt\/noticias\/2026\/02\/05\/homem-morre-apos-queda-de-telhado-que-reparava-em-cernache-do-bonjardim\/\"},\"wordCount\":133,\"image\":{\"@id\":\"https:\/\/portaltela.pt\/noticias\/2026\/02\/05\/homem-morre-apos-queda-de-telhado-que-reparava-em-cernache-do-bonjardim\/#primaryimage\"},\"thumbnailUrl\":\"https:\/\/portaltela.pt\/s.01k8rhncp4jt1\/2026\/02\/img_920x518uu2026-02-05-16-20-12-2419725.jpg\",\"keywords\":[\"acidente\",\"bombeiros\",\"Castelo Branco\",\"cat\u00e1strofes naturais\",\"emerg\u00eancias\",\"Sert\u00e3\"],\"articleSection\":[\"Not\u00edcias\"],\"inLanguage\":\"pt-PT\"},{\"@type\":\"WebPage\",\"@id\":\"https:\/\/portaltela.pt\/noticias\/2026\/02\/05\/homem-morre-apos-queda-de-telhado-que-reparava-em-cernache-do-bonjardim\/\",\"url\":\"https:\/\/portaltela.pt\/noticias\/2026\/02\/05\/homem-morre-apos-queda-de-telhado-que-reparava-em-cernache-do-bonjardim\/\",\"name\":\"Homem morre ap\u00f3s queda de telhado que reparava em Cernache do Bonjardim - Portal Tela Portugal\",\"isPartOf\":{\"@id\":\"https:\/\/portaltela.pt\/#website\"},\"primaryImageOfPage\":{\"@id\":\"https:\/\/portaltela.pt\/noticias\/2026\/02\/05\/homem-morre-apos-queda-de-telhado-que-reparava-em-cernache-do-bonjardim\/#primaryimage\"},\"image\":{\"@id\":\"https:\/\/portaltela.pt\/noticias\/2026\/02\/05\/homem-morre-apos-queda-de-telhado-que-reparava-em-cernache-do-bonjardim\/#primaryimage\"},\"thumbnailUrl\":\"https:\/\/portaltela.pt\/s.01k8rhncp4jt1\/2026\/02\/img_920x518uu2026-02-05-16-20-12-2419725.jpg\",\"datePublished\":\"2026-02-05T16:21:08+00:00\",\"author\":{\"@id\":\"https:\/\/portaltela.pt\/#\/schema\/person\/c4278d4a6028830caff9ee44b42d32ed\"},\"breadcrumb\":{\"@id\":\"https:\/\/portaltela.pt\/noticias\/2026\/02\/05\/homem-morre-apos-queda-de-telhado-que-reparava-em-cernache-do-bonjardim\/#breadcrumb\"},\"inLanguage\":\"pt-PT\",\"potentialAction\":[{\"@type\":\"ReadAction\",\"target\":[\"https:\/\/portaltela.pt\/noticias\/2026\/02\/05\/homem-morre-apos-queda-de-telhado-que-reparava-em-cernache-do-bonjardim\/\"]}]},{\"@type\":\"ImageObject\",\"inLanguage\":\"pt-PT\",\"@id\":\"https:\/\/portaltela.pt\/noticias\/2026\/02\/05\/homem-morre-apos-queda-de-telhado-que-reparava-em-cernache-do-bonjardim\/#primaryimage\",\"url\":\"https:\/\/portaltela.pt\/s.01k8rhncp4jt1\/2026\/02\/img_920x518uu2026-02-05-16-20-12-2419725.jpg\",\"contentUrl\":\"https:\/\/portaltela.pt\/s.01k8rhncp4jt1\/2026\/02\/img_920x518uu2026-02-05-16-20-12-2419725.jpg\",\"width\":796,\"height\":448,\"caption\":\"Destrui\u00e7\u00e3o causada pela depress\u00e3o Kristin em Castelo Branco\"},{\"@type\":\"BreadcrumbList\",\"@id\":\"https:\/\/portaltela.pt\/noticias\/2026\/02\/05\/homem-morre-apos-queda-de-telhado-que-reparava-em-cernache-do-bonjardim\/#breadcrumb\",\"itemListElement\":[{\"@type\":\"ListItem\",\"position\":1,\"name\":\"In\u00edcio\",\"item\":\"https:\/\/portaltela.pt\/\"},{\"@type\":\"ListItem\",\"position\":2,\"name\":\"Homem morre ap\u00f3s queda de telhado que reparava em Cernache do Bonjardim\"}]},{\"@type\":\"WebSite\",\"@id\":\"https:\/\/portaltela.pt\/#website\",\"url\":\"https:\/\/portaltela.pt\/\",\"name\":\"Portal Tela Portugal\",\"description\":\"\",\"potentialAction\":[{\"@type\":\"SearchAction\",\"target\":{\"@type\":\"EntryPoint\",\"urlTemplate\":\"https:\/\/portaltela.pt\/?s={search_term_string}\"},\"query-input\":{\"@type\":\"PropertyValueSpecification\",\"valueRequired\":true,\"valueName\":\"search_term_string\"}}],\"inLanguage\":\"pt-PT\"},{\"@type\":\"Person\",\"@id\":\"https:\/\/portaltela.pt\/#\/schema\/person\/c4278d4a6028830caff9ee44b42d32ed\",\"name\":\"Telinha\",\"image\":{\"@type\":\"ImageObject\",\"inLanguage\":\"pt-PT\",\"@id\":\"https:\/\/portaltela.pt\/s.01k8rhncp4jt1\/2025\/11\/talking-bot-125x125.png\",\"url\":\"https:\/\/portaltela.pt\/s.01k8rhncp4jt1\/2025\/11\/talking-bot-125x125.png\",\"contentUrl\":\"https:\/\/portaltela.pt\/s.01k8rhncp4jt1\/2025\/11\/talking-bot-125x125.png\",\"caption\":\"Telinha\"},\"sameAs\":[\"https:\/\/portaltela.pt\/\"],\"url\":\"https:\/\/portaltela.pt\/por\/367410592786\/\"}]}<\/script>\n<!-- \/ Yoast SEO plugin. -->","yoast_head_json":{"title":"Homem morre ap\u00f3s queda de telhado que reparava em Cernache do Bonjardim - Portal Tela Portugal","robots":{"index":"index","follow":"follow","max-snippet":"max-snippet:-1","max-image-preview":"max-image-preview:large","max-video-preview":"max-video-preview:-1"},"og_locale":"pt_PT","og_type":"article","og_title":"Homem morre ap\u00f3s queda de telhado que reparava em Cernache do Bonjardim - Portal Tela Portugal","og_description":"Um homem na casa dos 70 anos morreu ao cair de uma escada em alum\u00ednio enquanto reparava um telhado na Aldeia de Palhais, Cernache do Bonjardim, na Sert\u00e3. A v\u00edtima foi encontrada no ch\u00e3o, sem sinais vitais. O alerta foi dado por volta das 14h. O concelho da Sert\u00e3 foi o mais atingido pela tempestade Kristin no distrito de Castelo Branco.","og_url":"https:\/\/portaltela.pt\/noticias\/2026\/02\/05\/homem-morre-apos-queda-de-telhado-que-reparava-em-cernache-do-bonjardim\/","og_site_name":"Portal Tela Portugal","article_published_time":"2026-02-05T16:21:08+00:00","author":"Telinha","twitter_card":"summary_large_image","twitter_misc":{"Escrito por":"Telinha","Tempo estimado de leitura":"1 minuto"},"schema":{"@context":"https:\/\/schema.org","@graph":[{"@type":"Article","@id":"https:\/\/portaltela.pt\/noticias\/2026\/02\/05\/homem-morre-apos-queda-de-telhado-que-reparava-em-cernache-do-bonjardim\/#article","isPartOf":{"@id":"https:\/\/portaltela.pt\/noticias\/2026\/02\/05\/homem-morre-apos-queda-de-telhado-que-reparava-em-cernache-do-bonjardim\/"},"author":{"name":"Telinha","@id":"https:\/\/portaltela.pt\/#\/schema\/person\/c4278d4a6028830caff9ee44b42d32ed"},"headline":"Homem morre ap\u00f3s queda de telhado que reparava em Cernache do Bonjardim","datePublished":"2026-02-05T16:21:08+00:00","mainEntityOfPage":{"@id":"https:\/\/portaltela.pt\/noticias\/2026\/02\/05\/homem-morre-apos-queda-de-telhado-que-reparava-em-cernache-do-bonjardim\/"},"wordCount":133,"image":{"@id":"https:\/\/portaltela.pt\/noticias\/2026\/02\/05\/homem-morre-apos-queda-de-telhado-que-reparava-em-cernache-do-bonjardim\/#primaryimage"},"thumbnailUrl":"https:\/\/portaltela.pt\/s.01k8rhncp4jt1\/2026\/02\/img_920x518uu2026-02-05-16-20-12-2419725.jpg","keywords":["acidente","bombeiros","Castelo Branco","cat\u00e1strofes naturais","emerg\u00eancias","Sert\u00e3"],"articleSection":["Not\u00edcias"],"inLanguage":"pt-PT"},{"@type":"WebPage","@id":"https:\/\/portaltela.pt\/noticias\/2026\/02\/05\/homem-morre-apos-queda-de-telhado-que-reparava-em-cernache-do-bonjardim\/","url":"https:\/\/portaltela.pt\/noticias\/2026\/02\/05\/homem-morre-apos-queda-de-telhado-que-reparava-em-cernache-do-bonjardim\/","name":"Homem morre ap\u00f3s queda de telhado que reparava em Cernache do Bonjardim - Portal Tela Portugal","isPartOf":{"@id":"https:\/\/portaltela.pt\/#website"},"primaryImageOfPage":{"@id":"https:\/\/portaltela.pt\/noticias\/2026\/02\/05\/homem-morre-apos-queda-de-telhado-que-reparava-em-cernache-do-bonjardim\/#primaryimage"},"image":{"@id":"https:\/\/portaltela.pt\/noticias\/2026\/02\/05\/homem-morre-apos-queda-de-telhado-que-reparava-em-cernache-do-bonjardim\/#primaryimage"},"thumbnailUrl":"https:\/\/portaltela.pt\/s.01k8rhncp4jt1\/2026\/02\/img_920x518uu2026-02-05-16-20-12-2419725.jpg","datePublished":"2026-02-05T16:21:08+00:00","author":{"@id":"https:\/\/portaltela.pt\/#\/schema\/person\/c4278d4a6028830caff9ee44b42d32ed"},"breadcrumb":{"@id":"https:\/\/portaltela.pt\/noticias\/2026\/02\/05\/homem-morre-apos-queda-de-telhado-que-reparava-em-cernache-do-bonjardim\/#breadcrumb"},"inLanguage":"pt-PT","potentialAction":[{"@type":"ReadAction","target":["https:\/\/portaltela.pt\/noticias\/2026\/02\/05\/homem-morre-apos-queda-de-telhado-que-reparava-em-cernache-do-bonjardim\/"]}]},{"@type":"ImageObject","inLanguage":"pt-PT","@id":"https:\/\/portaltela.pt\/noticias\/2026\/02\/05\/homem-morre-apos-queda-de-telhado-que-reparava-em-cernache-do-bonjardim\/#primaryimage","url":"https:\/\/portaltela.pt\/s.01k8rhncp4jt1\/2026\/02\/img_920x518uu2026-02-05-16-20-12-2419725.jpg","contentUrl":"https:\/\/portaltela.pt\/s.01k8rhncp4jt1\/2026\/02\/img_920x518uu2026-02-05-16-20-12-2419725.jpg","width":796,"height":448,"caption":"Destrui\u00e7\u00e3o causada pela depress\u00e3o Kristin em Castelo Branco"},{"@type":"BreadcrumbList","@id":"https:\/\/portaltela.pt\/noticias\/2026\/02\/05\/homem-morre-apos-queda-de-telhado-que-reparava-em-cernache-do-bonjardim\/#breadcrumb","itemListElement":[{"@type":"ListItem","position":1,"name":"In\u00edcio","item":"https:\/\/portaltela.pt\/"},{"@type":"ListItem","position":2,"name":"Homem morre ap\u00f3s queda de telhado que reparava em Cernache do Bonjardim"}]},{"@type":"WebSite","@id":"https:\/\/portaltela.pt\/#website","url":"https:\/\/portaltela.pt\/","name":"Portal Tela Portugal","description":"","potentialAction":[{"@type":"SearchAction","target":{"@type":"EntryPoint","urlTemplate":"https:\/\/portaltela.pt\/?s={search_term_string}"},"query-input":{"@type":"PropertyValueSpecification","valueRequired":true,"valueName":"search_term_string"}}],"inLanguage":"pt-PT"},{"@type":"Person","@id":"https:\/\/portaltela.pt\/#\/schema\/person\/c4278d4a6028830caff9ee44b42d32ed","name":"Telinha","image":{"@type":"ImageObject","inLanguage":"pt-PT","@id":"https:\/\/portaltela.pt\/s.01k8rhncp4jt1\/2025\/11\/talking-bot-125x125.png","url":"https:\/\/portaltela.pt\/s.01k8rhncp4jt1\/2025\/11\/talking-bot-125x125.png","contentUrl":"https:\/\/portaltela.pt\/s.01k8rhncp4jt1\/2025\/11\/talking-bot-125x125.png","caption":"Telinha"},"sameAs":["https:\/\/portaltela.pt\/"],"url":"https:\/\/portaltela.pt\/por\/367410592786\/"}]}},"_links":{"self":[{"href":"https:\/\/portaltela.pt\/api\/wp\/v2\/posts\/200218","targetHints":{"allow":["GET"]}}],"collection":[{"href":"https:\/\/portaltela.pt\/api\/wp\/v2\/posts"}],"about":[{"href":"https:\/\/portaltela.pt\/api\/wp\/v2\/types\/post"}],"author":[{"embeddable":true,"href":"https:\/\/portaltela.pt\/api\/wp\/v2\/users\/2"}],"replies":[{"embeddable":true,"href":"https:\/\/portaltela.pt\/api\/wp\/v2\/comments?post=200218"}],"version-history":[{"count":0,"href":"https:\/\/portaltela.pt\/api\/wp\/v2\/posts\/200218\/revisions"}],"wp:featuredmedia":[{"embeddable":true,"href":"https:\/\/portaltela.pt\/api\/wp\/v2\/media\/200220"}],"wp:attachment":[{"href":"https:\/\/portaltela.pt\/api\/wp\/v2\/media?parent=200218"}],"wp:term":[{"taxonomy":"category","embeddable":true,"href":"https:\/\/portaltela.pt\/api\/wp\/v2\/categories?post=200218"},{"taxonomy":"post_tag","embeddable":true,"href":"https:\/\/portaltela.pt\/api\/wp\/v2\/tags?post=200218"}],"curies":[{"name":"wp","href":"https:\/\/api.w.org\/{rel}","templated":true}]}}