{"id":200197,"date":"2026-02-05T13:18:00","date_gmt":"2026-02-05T16:18:00","guid":{"rendered":"https:\/\/portaltela.pt\/noticias\/2026\/02\/05\/rio-cavado-inunda-clube-nautico-de-fao-e-forca-reprogramacao-de-treinos\/"},"modified":"2026-02-05T13:18:00","modified_gmt":"2026-02-05T16:18:00","slug":"rio-cavado-inunda-clube-nautico-de-fao-e-forca-reprogramacao-de-treinos","status":"publish","type":"post","link":"https:\/\/portaltela.pt\/noticias\/2026\/02\/05\/rio-cavado-inunda-clube-nautico-de-fao-e-forca-reprogramacao-de-treinos\/","title":{"rendered":"Rio C\u00e1vado inunda Clube N\u00e1utico de F\u00e3o e for\u00e7a reprograma\u00e7\u00e3o de treinos"},"content":{"rendered":"<p>O rio C\u00e1vado voltou a subir e invadiu as margens em Esposende, submergindo as instala\u00e7\u00f5es do Clube N\u00e1utico de F\u00e3o. A decis\u00e3o de reorganizar treinos e atividades resultou da necessidade de manter o acompanhamento aos atletas, apesar das dificuldades log\u00edsticas.<\/p>\n<p>As equipas passaram a treinar em espa\u00e7os alternativos, fora do munic\u00edpio, para cumprir os programas de treino. O clube indica que a opera\u00e7\u00e3o est\u00e1 a decorrer com solu\u00e7\u00f5es provis\u00f3rias, adaptadas \u00e0s circunst\u00e2ncias, sem deixar de acompanhar os atletas.<\/p>\n<p>Treinos de terra concentram-se no Gin\u00e1sio dos Inspiradores, no Centro Cultural, \u00e0s 17h, e no primeiro andar do Posto N\u00e1utico, \u00e0s 18h30. O estudo acompanhado funciona tamb\u00e9m no Centro Cultural, e no primeiro piso do Posto N\u00e1utico, entre 14h30 e 19h.<\/p>\n<h3>Medidas de adapta\u00e7\u00e3o<\/h3>\n<p>Os treinos de \u00e1gua, entretanto, realizam-se fora do concelho. Est\u00e3o a ocorrer em Ponte da Barca e no Ger\u00eas, mediante disponibilidade de vagas nas carrinhas e nos reboques de embarca\u00e7\u00f5es. A dire\u00e7\u00e3o mant\u00e9m a monitoriza\u00e7\u00e3o da situa\u00e7\u00e3o.<\/p>\n<p>A Administra\u00e7\u00e3o do Clube N\u00e1utico de F\u00e3o garante que a opera\u00e7\u00e3o est\u00e1 est\u00e1vel dentro das limita\u00e7\u00f5es atuais. O objetivo \u00e9 manter o acompanhamento dos atletas enquanto as instala\u00e7\u00f5es permanecem submersas. O cen\u00e1rio resulta da chuva intensa que afetou Esposende e a regi\u00e3o nos \u00faltimos dias.<\/p>\n","protected":false},"excerpt":{"rendered":"<ul>\n<li>O rio C\u00e1vado voltou a transbordar em Esposende, submergindo as instala\u00e7\u00f5es do Clube N\u00e1utico de F\u00e3o e obrigando a reorganizar treinos e atividades.<\/li>\n<li>Treinos de terra passaram a decorrer no Gin\u00e1sio dos Inspiradores, no Centro Cultural, a partir das 17 horas, e no primeiro andar do Posto N\u00e1utico, a partir das 18h30.<\/li>\n<li>O estudo acompanhado funciona numa sala improvisada no Centro Cultural e no primeiro piso do Posto N\u00e1utico, entre as 14h30 e as 19 horas.<\/li>\n<li>Treinos de \u00e1gua decorrem fora do concelho, em Ponte da Barca e no Ger\u00eas, em articula\u00e7\u00e3o com os treinadores, dependendo da disponibilidade de transporte de embarca\u00e7\u00f5es.<\/li>\n<li>A dire\u00e7\u00e3o garante que a opera\u00e7\u00e3o est\u00e1 est\u00e1vel dentro das limita\u00e7\u00f5es atuais e que vai ajustando solu\u00e7\u00f5es enquanto as instala\u00e7\u00f5es continuarem submersas.<\/li>\n<\/ul>\n","protected":false},"author":2,"featured_media":200202,"comment_status":"closed","ping_status":"closed","sticky":false,"template":"","format":"standard","meta":{"footnotes":""},"categories":[1],"tags":[1090,3812,152,1545,1660,4564],"class_list":["post-200197","post","type-post","status-publish","format-standard","has-post-thumbnail","hentry","category-noticias","tag-agua","tag-alagamentos","tag-desporto","tag-esposende","tag-geres","tag-ponte-da-barca"],"yoast_head":"<!-- This site is optimized with the Yoast SEO plugin v27.2 - https:\/\/yoast.com\/product\/yoast-seo-wordpress\/ -->\n<title>Rio C\u00e1vado inunda Clube N\u00e1utico de F\u00e3o e for\u00e7a reprograma\u00e7\u00e3o de treinos - Portal Tela Portugal<\/title>\n<meta name=\"robots\" content=\"index, follow, max-snippet:-1, max-image-preview:large, max-video-preview:-1\" \/>\n<meta property=\"og:locale\" content=\"pt_PT\" \/>\n<meta property=\"og:type\" content=\"article\" \/>\n<meta property=\"og:title\" content=\"Rio C\u00e1vado inunda Clube N\u00e1utico de F\u00e3o e for\u00e7a reprograma\u00e7\u00e3o de treinos - Portal Tela Portugal\" \/>\n<meta property=\"og:description\" content=\"O rio C\u00e1vado voltou a transbordar em Esposende, submergindo as instala\u00e7\u00f5es do Clube N\u00e1utico de F\u00e3o e obrigando a reorganizar treinos e atividades. Treinos de terra passaram a decorrer no Gin\u00e1sio dos Inspiradores, no Centro Cultural, a partir das 17 horas, e no primeiro andar do Posto N\u00e1utico, a partir das 18h30. O estudo acompanhado funciona numa sala improvisada no Centro Cultural e no primeiro piso do Posto N\u00e1utico, entre as 14h30 e as 19 horas. Treinos de \u00e1gua decorrem fora do concelho, em Ponte da Barca e no Ger\u00eas, em articula\u00e7\u00e3o com os treinadores, dependendo da disponibilidade de transporte de embarca\u00e7\u00f5es. A dire\u00e7\u00e3o garante que a opera\u00e7\u00e3o est\u00e1 est\u00e1vel dentro das limita\u00e7\u00f5es atuais e que vai ajustando solu\u00e7\u00f5es enquanto as instala\u00e7\u00f5es continuarem submersas.\" \/>\n<meta property=\"og:url\" content=\"https:\/\/portaltela.pt\/noticias\/2026\/02\/05\/rio-cavado-inunda-clube-nautico-de-fao-e-forca-reprogramacao-de-treinos\/\" \/>\n<meta property=\"og:site_name\" content=\"Portal Tela Portugal\" \/>\n<meta property=\"article:published_time\" content=\"2026-02-05T16:18:00+00:00\" \/>\n<meta name=\"author\" content=\"Telinha\" \/>\n<meta name=\"twitter:card\" content=\"summary_large_image\" \/>\n<meta name=\"twitter:label1\" content=\"Escrito por\" \/>\n\t<meta name=\"twitter:data1\" content=\"Telinha\" \/>\n\t<meta name=\"twitter:label2\" content=\"Tempo estimado de leitura\" \/>\n\t<meta name=\"twitter:data2\" content=\"1 minuto\" \/>\n<script type=\"application\/ld+json\" class=\"yoast-schema-graph\">{\"@context\":\"https:\/\/schema.org\",\"@graph\":[{\"@type\":\"Article\",\"@id\":\"https:\/\/portaltela.pt\/noticias\/2026\/02\/05\/rio-cavado-inunda-clube-nautico-de-fao-e-forca-reprogramacao-de-treinos\/#article\",\"isPartOf\":{\"@id\":\"https:\/\/portaltela.pt\/noticias\/2026\/02\/05\/rio-cavado-inunda-clube-nautico-de-fao-e-forca-reprogramacao-de-treinos\/\"},\"author\":{\"name\":\"Telinha\",\"@id\":\"https:\/\/portaltela.pt\/#\/schema\/person\/c4278d4a6028830caff9ee44b42d32ed\"},\"headline\":\"Rio C\u00e1vado inunda Clube N\u00e1utico de F\u00e3o e for\u00e7a reprograma\u00e7\u00e3o de treinos\",\"datePublished\":\"2026-02-05T16:18:00+00:00\",\"mainEntityOfPage\":{\"@id\":\"https:\/\/portaltela.pt\/noticias\/2026\/02\/05\/rio-cavado-inunda-clube-nautico-de-fao-e-forca-reprogramacao-de-treinos\/\"},\"wordCount\":253,\"image\":{\"@id\":\"https:\/\/portaltela.pt\/noticias\/2026\/02\/05\/rio-cavado-inunda-clube-nautico-de-fao-e-forca-reprogramacao-de-treinos\/#primaryimage\"},\"thumbnailUrl\":\"https:\/\/portaltela.pt\/s.01k8rhncp4jt1\/2026\/02\/image-393.jpg\",\"keywords\":[\"\u00e1gua\",\"alagamentos\",\"desporto\",\"Esposende\",\"Ger\u00eas\",\"Ponte da Barca\"],\"articleSection\":[\"Not\u00edcias\"],\"inLanguage\":\"pt-PT\"},{\"@type\":\"WebPage\",\"@id\":\"https:\/\/portaltela.pt\/noticias\/2026\/02\/05\/rio-cavado-inunda-clube-nautico-de-fao-e-forca-reprogramacao-de-treinos\/\",\"url\":\"https:\/\/portaltela.pt\/noticias\/2026\/02\/05\/rio-cavado-inunda-clube-nautico-de-fao-e-forca-reprogramacao-de-treinos\/\",\"name\":\"Rio C\u00e1vado inunda Clube N\u00e1utico de F\u00e3o e for\u00e7a reprograma\u00e7\u00e3o de treinos - Portal Tela Portugal\",\"isPartOf\":{\"@id\":\"https:\/\/portaltela.pt\/#website\"},\"primaryImageOfPage\":{\"@id\":\"https:\/\/portaltela.pt\/noticias\/2026\/02\/05\/rio-cavado-inunda-clube-nautico-de-fao-e-forca-reprogramacao-de-treinos\/#primaryimage\"},\"image\":{\"@id\":\"https:\/\/portaltela.pt\/noticias\/2026\/02\/05\/rio-cavado-inunda-clube-nautico-de-fao-e-forca-reprogramacao-de-treinos\/#primaryimage\"},\"thumbnailUrl\":\"https:\/\/portaltela.pt\/s.01k8rhncp4jt1\/2026\/02\/image-393.jpg\",\"datePublished\":\"2026-02-05T16:18:00+00:00\",\"author\":{\"@id\":\"https:\/\/portaltela.pt\/#\/schema\/person\/c4278d4a6028830caff9ee44b42d32ed\"},\"breadcrumb\":{\"@id\":\"https:\/\/portaltela.pt\/noticias\/2026\/02\/05\/rio-cavado-inunda-clube-nautico-de-fao-e-forca-reprogramacao-de-treinos\/#breadcrumb\"},\"inLanguage\":\"pt-PT\",\"potentialAction\":[{\"@type\":\"ReadAction\",\"target\":[\"https:\/\/portaltela.pt\/noticias\/2026\/02\/05\/rio-cavado-inunda-clube-nautico-de-fao-e-forca-reprogramacao-de-treinos\/\"]}]},{\"@type\":\"ImageObject\",\"inLanguage\":\"pt-PT\",\"@id\":\"https:\/\/portaltela.pt\/noticias\/2026\/02\/05\/rio-cavado-inunda-clube-nautico-de-fao-e-forca-reprogramacao-de-treinos\/#primaryimage\",\"url\":\"https:\/\/portaltela.pt\/s.01k8rhncp4jt1\/2026\/02\/image-393.jpg\",\"contentUrl\":\"https:\/\/portaltela.pt\/s.01k8rhncp4jt1\/2026\/02\/image-393.jpg\",\"width\":796,\"height\":448,\"caption\":\"O rio deixou submersas as instala\u00e7\u00f5es do Clube N\u00e1utico de F\u00e3o\"},{\"@type\":\"BreadcrumbList\",\"@id\":\"https:\/\/portaltela.pt\/noticias\/2026\/02\/05\/rio-cavado-inunda-clube-nautico-de-fao-e-forca-reprogramacao-de-treinos\/#breadcrumb\",\"itemListElement\":[{\"@type\":\"ListItem\",\"position\":1,\"name\":\"In\u00edcio\",\"item\":\"https:\/\/portaltela.pt\/\"},{\"@type\":\"ListItem\",\"position\":2,\"name\":\"Rio C\u00e1vado inunda Clube N\u00e1utico de F\u00e3o e for\u00e7a reprograma\u00e7\u00e3o de treinos\"}]},{\"@type\":\"WebSite\",\"@id\":\"https:\/\/portaltela.pt\/#website\",\"url\":\"https:\/\/portaltela.pt\/\",\"name\":\"Portal Tela Portugal\",\"description\":\"\",\"potentialAction\":[{\"@type\":\"SearchAction\",\"target\":{\"@type\":\"EntryPoint\",\"urlTemplate\":\"https:\/\/portaltela.pt\/?s={search_term_string}\"},\"query-input\":{\"@type\":\"PropertyValueSpecification\",\"valueRequired\":true,\"valueName\":\"search_term_string\"}}],\"inLanguage\":\"pt-PT\"},{\"@type\":\"Person\",\"@id\":\"https:\/\/portaltela.pt\/#\/schema\/person\/c4278d4a6028830caff9ee44b42d32ed\",\"name\":\"Telinha\",\"image\":{\"@type\":\"ImageObject\",\"inLanguage\":\"pt-PT\",\"@id\":\"https:\/\/portaltela.pt\/s.01k8rhncp4jt1\/2025\/11\/talking-bot-125x125.png\",\"url\":\"https:\/\/portaltela.pt\/s.01k8rhncp4jt1\/2025\/11\/talking-bot-125x125.png\",\"contentUrl\":\"https:\/\/portaltela.pt\/s.01k8rhncp4jt1\/2025\/11\/talking-bot-125x125.png\",\"caption\":\"Telinha\"},\"sameAs\":[\"https:\/\/portaltela.pt\/\"],\"url\":\"https:\/\/portaltela.pt\/por\/367410592786\/\"}]}<\/script>\n<!-- \/ Yoast SEO plugin. -->","yoast_head_json":{"title":"Rio C\u00e1vado inunda Clube N\u00e1utico de F\u00e3o e for\u00e7a reprograma\u00e7\u00e3o de treinos - Portal Tela Portugal","robots":{"index":"index","follow":"follow","max-snippet":"max-snippet:-1","max-image-preview":"max-image-preview:large","max-video-preview":"max-video-preview:-1"},"og_locale":"pt_PT","og_type":"article","og_title":"Rio C\u00e1vado inunda Clube N\u00e1utico de F\u00e3o e for\u00e7a reprograma\u00e7\u00e3o de treinos - Portal Tela Portugal","og_description":"O rio C\u00e1vado voltou a transbordar em Esposende, submergindo as instala\u00e7\u00f5es do Clube N\u00e1utico de F\u00e3o e obrigando a reorganizar treinos e atividades. Treinos de terra passaram a decorrer no Gin\u00e1sio dos Inspiradores, no Centro Cultural, a partir das 17 horas, e no primeiro andar do Posto N\u00e1utico, a partir das 18h30. O estudo acompanhado funciona numa sala improvisada no Centro Cultural e no primeiro piso do Posto N\u00e1utico, entre as 14h30 e as 19 horas. Treinos de \u00e1gua decorrem fora do concelho, em Ponte da Barca e no Ger\u00eas, em articula\u00e7\u00e3o com os treinadores, dependendo da disponibilidade de transporte de embarca\u00e7\u00f5es. A dire\u00e7\u00e3o garante que a opera\u00e7\u00e3o est\u00e1 est\u00e1vel dentro das limita\u00e7\u00f5es atuais e que vai ajustando solu\u00e7\u00f5es enquanto as instala\u00e7\u00f5es continuarem submersas.","og_url":"https:\/\/portaltela.pt\/noticias\/2026\/02\/05\/rio-cavado-inunda-clube-nautico-de-fao-e-forca-reprogramacao-de-treinos\/","og_site_name":"Portal Tela Portugal","article_published_time":"2026-02-05T16:18:00+00:00","author":"Telinha","twitter_card":"summary_large_image","twitter_misc":{"Escrito por":"Telinha","Tempo estimado de leitura":"1 minuto"},"schema":{"@context":"https:\/\/schema.org","@graph":[{"@type":"Article","@id":"https:\/\/portaltela.pt\/noticias\/2026\/02\/05\/rio-cavado-inunda-clube-nautico-de-fao-e-forca-reprogramacao-de-treinos\/#article","isPartOf":{"@id":"https:\/\/portaltela.pt\/noticias\/2026\/02\/05\/rio-cavado-inunda-clube-nautico-de-fao-e-forca-reprogramacao-de-treinos\/"},"author":{"name":"Telinha","@id":"https:\/\/portaltela.pt\/#\/schema\/person\/c4278d4a6028830caff9ee44b42d32ed"},"headline":"Rio C\u00e1vado inunda Clube N\u00e1utico de F\u00e3o e for\u00e7a reprograma\u00e7\u00e3o de treinos","datePublished":"2026-02-05T16:18:00+00:00","mainEntityOfPage":{"@id":"https:\/\/portaltela.pt\/noticias\/2026\/02\/05\/rio-cavado-inunda-clube-nautico-de-fao-e-forca-reprogramacao-de-treinos\/"},"wordCount":253,"image":{"@id":"https:\/\/portaltela.pt\/noticias\/2026\/02\/05\/rio-cavado-inunda-clube-nautico-de-fao-e-forca-reprogramacao-de-treinos\/#primaryimage"},"thumbnailUrl":"https:\/\/portaltela.pt\/s.01k8rhncp4jt1\/2026\/02\/image-393.jpg","keywords":["\u00e1gua","alagamentos","desporto","Esposende","Ger\u00eas","Ponte da Barca"],"articleSection":["Not\u00edcias"],"inLanguage":"pt-PT"},{"@type":"WebPage","@id":"https:\/\/portaltela.pt\/noticias\/2026\/02\/05\/rio-cavado-inunda-clube-nautico-de-fao-e-forca-reprogramacao-de-treinos\/","url":"https:\/\/portaltela.pt\/noticias\/2026\/02\/05\/rio-cavado-inunda-clube-nautico-de-fao-e-forca-reprogramacao-de-treinos\/","name":"Rio C\u00e1vado inunda Clube N\u00e1utico de F\u00e3o e for\u00e7a reprograma\u00e7\u00e3o de treinos - Portal Tela Portugal","isPartOf":{"@id":"https:\/\/portaltela.pt\/#website"},"primaryImageOfPage":{"@id":"https:\/\/portaltela.pt\/noticias\/2026\/02\/05\/rio-cavado-inunda-clube-nautico-de-fao-e-forca-reprogramacao-de-treinos\/#primaryimage"},"image":{"@id":"https:\/\/portaltela.pt\/noticias\/2026\/02\/05\/rio-cavado-inunda-clube-nautico-de-fao-e-forca-reprogramacao-de-treinos\/#primaryimage"},"thumbnailUrl":"https:\/\/portaltela.pt\/s.01k8rhncp4jt1\/2026\/02\/image-393.jpg","datePublished":"2026-02-05T16:18:00+00:00","author":{"@id":"https:\/\/portaltela.pt\/#\/schema\/person\/c4278d4a6028830caff9ee44b42d32ed"},"breadcrumb":{"@id":"https:\/\/portaltela.pt\/noticias\/2026\/02\/05\/rio-cavado-inunda-clube-nautico-de-fao-e-forca-reprogramacao-de-treinos\/#breadcrumb"},"inLanguage":"pt-PT","potentialAction":[{"@type":"ReadAction","target":["https:\/\/portaltela.pt\/noticias\/2026\/02\/05\/rio-cavado-inunda-clube-nautico-de-fao-e-forca-reprogramacao-de-treinos\/"]}]},{"@type":"ImageObject","inLanguage":"pt-PT","@id":"https:\/\/portaltela.pt\/noticias\/2026\/02\/05\/rio-cavado-inunda-clube-nautico-de-fao-e-forca-reprogramacao-de-treinos\/#primaryimage","url":"https:\/\/portaltela.pt\/s.01k8rhncp4jt1\/2026\/02\/image-393.jpg","contentUrl":"https:\/\/portaltela.pt\/s.01k8rhncp4jt1\/2026\/02\/image-393.jpg","width":796,"height":448,"caption":"O rio deixou submersas as instala\u00e7\u00f5es do Clube N\u00e1utico de F\u00e3o"},{"@type":"BreadcrumbList","@id":"https:\/\/portaltela.pt\/noticias\/2026\/02\/05\/rio-cavado-inunda-clube-nautico-de-fao-e-forca-reprogramacao-de-treinos\/#breadcrumb","itemListElement":[{"@type":"ListItem","position":1,"name":"In\u00edcio","item":"https:\/\/portaltela.pt\/"},{"@type":"ListItem","position":2,"name":"Rio C\u00e1vado inunda Clube N\u00e1utico de F\u00e3o e for\u00e7a reprograma\u00e7\u00e3o de treinos"}]},{"@type":"WebSite","@id":"https:\/\/portaltela.pt\/#website","url":"https:\/\/portaltela.pt\/","name":"Portal Tela Portugal","description":"","potentialAction":[{"@type":"SearchAction","target":{"@type":"EntryPoint","urlTemplate":"https:\/\/portaltela.pt\/?s={search_term_string}"},"query-input":{"@type":"PropertyValueSpecification","valueRequired":true,"valueName":"search_term_string"}}],"inLanguage":"pt-PT"},{"@type":"Person","@id":"https:\/\/portaltela.pt\/#\/schema\/person\/c4278d4a6028830caff9ee44b42d32ed","name":"Telinha","image":{"@type":"ImageObject","inLanguage":"pt-PT","@id":"https:\/\/portaltela.pt\/s.01k8rhncp4jt1\/2025\/11\/talking-bot-125x125.png","url":"https:\/\/portaltela.pt\/s.01k8rhncp4jt1\/2025\/11\/talking-bot-125x125.png","contentUrl":"https:\/\/portaltela.pt\/s.01k8rhncp4jt1\/2025\/11\/talking-bot-125x125.png","caption":"Telinha"},"sameAs":["https:\/\/portaltela.pt\/"],"url":"https:\/\/portaltela.pt\/por\/367410592786\/"}]}},"_links":{"self":[{"href":"https:\/\/portaltela.pt\/api\/wp\/v2\/posts\/200197","targetHints":{"allow":["GET"]}}],"collection":[{"href":"https:\/\/portaltela.pt\/api\/wp\/v2\/posts"}],"about":[{"href":"https:\/\/portaltela.pt\/api\/wp\/v2\/types\/post"}],"author":[{"embeddable":true,"href":"https:\/\/portaltela.pt\/api\/wp\/v2\/users\/2"}],"replies":[{"embeddable":true,"href":"https:\/\/portaltela.pt\/api\/wp\/v2\/comments?post=200197"}],"version-history":[{"count":0,"href":"https:\/\/portaltela.pt\/api\/wp\/v2\/posts\/200197\/revisions"}],"wp:featuredmedia":[{"embeddable":true,"href":"https:\/\/portaltela.pt\/api\/wp\/v2\/media\/200202"}],"wp:attachment":[{"href":"https:\/\/portaltela.pt\/api\/wp\/v2\/media?parent=200197"}],"wp:term":[{"taxonomy":"category","embeddable":true,"href":"https:\/\/portaltela.pt\/api\/wp\/v2\/categories?post=200197"},{"taxonomy":"post_tag","embeddable":true,"href":"https:\/\/portaltela.pt\/api\/wp\/v2\/tags?post=200197"}],"curies":[{"name":"wp","href":"https:\/\/api.w.org\/{rel}","templated":true}]}}