{"id":200195,"date":"2026-02-05T13:10:00","date_gmt":"2026-02-05T16:10:00","guid":{"rendered":"https:\/\/portaltela.pt\/noticias\/2026\/02\/05\/capitao-russo-de-cargueiro-portugues-condenado-a-seis-anos-por-morte-em-colisao\/"},"modified":"2026-02-05T13:10:00","modified_gmt":"2026-02-05T16:10:00","slug":"capitao-russo-de-cargueiro-portugues-condenado-a-seis-anos-por-morte-em-colisao","status":"publish","type":"post","link":"https:\/\/portaltela.pt\/noticias\/2026\/02\/05\/capitao-russo-de-cargueiro-portugues-condenado-a-seis-anos-por-morte-em-colisao\/","title":{"rendered":"Capit\u00e3o russo de cargueiro portugu\u00eas condenado a seis anos por morte em colis\u00e3o"},"content":{"rendered":"<p>O capit\u00e3o Vladimir Motin, 59 anos, do cargueiro Solong, foi condenado a seis anos de pris\u00e3o por um tribunal brit\u00e2nico pela morte de um tripulante durante uma colis\u00e3o ao largo da costa de Yorkshire, Inglaterra, ocorrida no dia anterior. A senten\u00e7a foi proferida pelo Tribunal Criminal Central de Londres.<\/p>\n<p>A v\u00edtima foi Mark Angelo Pernia, filipino de 38 anos. O juiz Andrew Baker considerou que a morte era evit\u00e1vel e atribuiu a culpa integral a Motin, destacando uma \u201cflagrante indiferen\u00e7a\u201d ao risco de morte e falhas na gest\u00e3o do inc\u00eandio resultante do acidente.<\/p>\n<p>O Solong, registado em Portugal e operado por uma empresa alem\u00e3, chocou com o petroleiro Stena Immaculate, que estava ancorado. O choque provocou explos\u00f5es e um inc\u00eandio, agravado pelos materiais perigosos carregados pelas duas embarca\u00e7\u00f5es.<\/p>\n<p>A tripula\u00e7\u00e3o do Solong era de 14 marinos, de nacionalidades russa e filipina, e as cargas inclu\u00edam bebidas alco\u00f3licas e subst\u00e2ncias perigosas. Pernia era a \u00fanica v\u00edtima mortal, cujo corpo nunca foi recuperado.<\/p>\n<p>A defesa alegou que Motin avistou o petroleiro a tr\u00eas milhas e que o Solong seguia em piloto autom\u00e1tico. Disse ainda que o capit\u00e3o tentou desativar o dispositivo para mudar de trajet\u00f3ria, tendo pressionado o bot\u00e3o errado. Motin negou ter adormecido e afirmou nunca ter abandonado o posto.<\/p>\n","protected":false},"excerpt":{"rendered":"<ul>\n<li>O capit\u00e3o Vladimir Motin, de 59 anos, foi condenado a seis anos de pris\u00e3o por homic\u00eddio involunt\u00e1rio por morte de um tripulante durante uma colis\u00e3o perto da costa de Yorkshire, no Reino Unido.<\/li>\n<li>A v\u00edtima foi Mark Angelo Pernia, de 38 anos, filipino, cujo corpo nunca foi recuperado.<\/li>\n<li>O acidente ocorreu entre o cargueiro Solong, registado em Portugal e operado por uma empresa alem\u00e3, e o petroleiro Stena Immaculate, que estava ancorado, dando origem a explos\u00f5es e um grande inc\u00eandio.<\/li>\n<li>O juiz Andrew Baker destacou que a morte era evit\u00e1vel e que Motin demonstrou indiferen\u00e7a perante um risco extremamente elevado de morte, al\u00e9m de ter feito declara\u00e7\u00f5es falsas durante o julgamento.<\/li>\n<li>A defesa afirmou que Motin viu o petroleiro a tr\u00eas milhas mar\u00edtimas, que o Solong seguia em piloto autom\u00e1tico e que tentou desativar o autopiloto para desviar, mas acabou por pressionar o bot\u00e3o errado; Motin negou ter adormecido.<\/li>\n<\/ul>\n","protected":false},"author":2,"featured_media":200196,"comment_status":"closed","ping_status":"closed","sticky":false,"template":"","format":"standard","meta":{"footnotes":""},"categories":[1],"tags":[4423,147,4419,1345,1014,3110],"class_list":["post-200195","post","type-post","status-publish","format-standard","has-post-thumbnail","hentry","category-noticias","tag-acidentes-maritimos","tag-crime","tag-embarcacoes","tag-homicidio","tag-portugal","tag-russia"],"yoast_head":"<!-- This site is optimized with the Yoast SEO plugin v27.2 - https:\/\/yoast.com\/product\/yoast-seo-wordpress\/ -->\n<title>Capit\u00e3o russo de cargueiro portugu\u00eas condenado a seis anos por morte em colis\u00e3o - Portal Tela Portugal<\/title>\n<meta name=\"robots\" content=\"index, follow, max-snippet:-1, max-image-preview:large, max-video-preview:-1\" \/>\n<meta property=\"og:locale\" content=\"pt_PT\" \/>\n<meta property=\"og:type\" content=\"article\" \/>\n<meta property=\"og:title\" content=\"Capit\u00e3o russo de cargueiro portugu\u00eas condenado a seis anos por morte em colis\u00e3o - Portal Tela Portugal\" \/>\n<meta property=\"og:description\" content=\"O capit\u00e3o Vladimir Motin, de 59 anos, foi condenado a seis anos de pris\u00e3o por homic\u00eddio involunt\u00e1rio por morte de um tripulante durante uma colis\u00e3o perto da costa de Yorkshire, no Reino Unido. A v\u00edtima foi Mark Angelo Pernia, de 38 anos, filipino, cujo corpo nunca foi recuperado. O acidente ocorreu entre o cargueiro Solong, registado em Portugal e operado por uma empresa alem\u00e3, e o petroleiro Stena Immaculate, que estava ancorado, dando origem a explos\u00f5es e um grande inc\u00eandio. O juiz Andrew Baker destacou que a morte era evit\u00e1vel e que Motin demonstrou indiferen\u00e7a perante um risco extremamente elevado de morte, al\u00e9m de ter feito declara\u00e7\u00f5es falsas durante o julgamento. A defesa afirmou que Motin viu o petroleiro a tr\u00eas milhas mar\u00edtimas, que o Solong seguia em piloto autom\u00e1tico e que tentou desativar o autopiloto para desviar, mas acabou por pressionar o bot\u00e3o errado; Motin negou ter adormecido.\" \/>\n<meta property=\"og:url\" content=\"https:\/\/portaltela.pt\/noticias\/2026\/02\/05\/capitao-russo-de-cargueiro-portugues-condenado-a-seis-anos-por-morte-em-colisao\/\" \/>\n<meta property=\"og:site_name\" content=\"Portal Tela Portugal\" \/>\n<meta property=\"article:published_time\" content=\"2026-02-05T16:10:00+00:00\" \/>\n<meta name=\"author\" content=\"Telinha\" \/>\n<meta name=\"twitter:card\" content=\"summary_large_image\" \/>\n<meta name=\"twitter:label1\" content=\"Escrito por\" \/>\n\t<meta name=\"twitter:data1\" content=\"Telinha\" \/>\n\t<meta name=\"twitter:label2\" content=\"Tempo estimado de leitura\" \/>\n\t<meta name=\"twitter:data2\" content=\"1 minuto\" \/>\n<script type=\"application\/ld+json\" class=\"yoast-schema-graph\">{\"@context\":\"https:\/\/schema.org\",\"@graph\":[{\"@type\":\"Article\",\"@id\":\"https:\/\/portaltela.pt\/noticias\/2026\/02\/05\/capitao-russo-de-cargueiro-portugues-condenado-a-seis-anos-por-morte-em-colisao\/#article\",\"isPartOf\":{\"@id\":\"https:\/\/portaltela.pt\/noticias\/2026\/02\/05\/capitao-russo-de-cargueiro-portugues-condenado-a-seis-anos-por-morte-em-colisao\/\"},\"author\":{\"name\":\"Telinha\",\"@id\":\"https:\/\/portaltela.pt\/#\/schema\/person\/c4278d4a6028830caff9ee44b42d32ed\"},\"headline\":\"Capit\u00e3o russo de cargueiro portugu\u00eas condenado a seis anos por morte em colis\u00e3o\",\"datePublished\":\"2026-02-05T16:10:00+00:00\",\"mainEntityOfPage\":{\"@id\":\"https:\/\/portaltela.pt\/noticias\/2026\/02\/05\/capitao-russo-de-cargueiro-portugues-condenado-a-seis-anos-por-morte-em-colisao\/\"},\"wordCount\":245,\"image\":{\"@id\":\"https:\/\/portaltela.pt\/noticias\/2026\/02\/05\/capitao-russo-de-cargueiro-portugues-condenado-a-seis-anos-por-morte-em-colisao\/#primaryimage\"},\"thumbnailUrl\":\"https:\/\/portaltela.pt\/s.01k8rhncp4jt1\/2026\/02\/image-392.jpg\",\"keywords\":[\"acidentes mar\u00edtimos\",\"crime\",\"embarca\u00e7\u00f5es\",\"homic\u00eddio\",\"Portugal\",\"R\u00fassia\"],\"articleSection\":[\"Not\u00edcias\"],\"inLanguage\":\"pt-PT\"},{\"@type\":\"WebPage\",\"@id\":\"https:\/\/portaltela.pt\/noticias\/2026\/02\/05\/capitao-russo-de-cargueiro-portugues-condenado-a-seis-anos-por-morte-em-colisao\/\",\"url\":\"https:\/\/portaltela.pt\/noticias\/2026\/02\/05\/capitao-russo-de-cargueiro-portugues-condenado-a-seis-anos-por-morte-em-colisao\/\",\"name\":\"Capit\u00e3o russo de cargueiro portugu\u00eas condenado a seis anos por morte em colis\u00e3o - Portal Tela Portugal\",\"isPartOf\":{\"@id\":\"https:\/\/portaltela.pt\/#website\"},\"primaryImageOfPage\":{\"@id\":\"https:\/\/portaltela.pt\/noticias\/2026\/02\/05\/capitao-russo-de-cargueiro-portugues-condenado-a-seis-anos-por-morte-em-colisao\/#primaryimage\"},\"image\":{\"@id\":\"https:\/\/portaltela.pt\/noticias\/2026\/02\/05\/capitao-russo-de-cargueiro-portugues-condenado-a-seis-anos-por-morte-em-colisao\/#primaryimage\"},\"thumbnailUrl\":\"https:\/\/portaltela.pt\/s.01k8rhncp4jt1\/2026\/02\/image-392.jpg\",\"datePublished\":\"2026-02-05T16:10:00+00:00\",\"author\":{\"@id\":\"https:\/\/portaltela.pt\/#\/schema\/person\/c4278d4a6028830caff9ee44b42d32ed\"},\"breadcrumb\":{\"@id\":\"https:\/\/portaltela.pt\/noticias\/2026\/02\/05\/capitao-russo-de-cargueiro-portugues-condenado-a-seis-anos-por-morte-em-colisao\/#breadcrumb\"},\"inLanguage\":\"pt-PT\",\"potentialAction\":[{\"@type\":\"ReadAction\",\"target\":[\"https:\/\/portaltela.pt\/noticias\/2026\/02\/05\/capitao-russo-de-cargueiro-portugues-condenado-a-seis-anos-por-morte-em-colisao\/\"]}]},{\"@type\":\"ImageObject\",\"inLanguage\":\"pt-PT\",\"@id\":\"https:\/\/portaltela.pt\/noticias\/2026\/02\/05\/capitao-russo-de-cargueiro-portugues-condenado-a-seis-anos-por-morte-em-colisao\/#primaryimage\",\"url\":\"https:\/\/portaltela.pt\/s.01k8rhncp4jt1\/2026\/02\/image-392.jpg\",\"contentUrl\":\"https:\/\/portaltela.pt\/s.01k8rhncp4jt1\/2026\/02\/image-392.jpg\",\"width\":796,\"height\":448,\"caption\":\"O cargueiro Solong, registado em Portugal, chocou com o petroleiro Stena Immaculate, que estava ancorado\"},{\"@type\":\"BreadcrumbList\",\"@id\":\"https:\/\/portaltela.pt\/noticias\/2026\/02\/05\/capitao-russo-de-cargueiro-portugues-condenado-a-seis-anos-por-morte-em-colisao\/#breadcrumb\",\"itemListElement\":[{\"@type\":\"ListItem\",\"position\":1,\"name\":\"In\u00edcio\",\"item\":\"https:\/\/portaltela.pt\/\"},{\"@type\":\"ListItem\",\"position\":2,\"name\":\"Capit\u00e3o russo de cargueiro portugu\u00eas condenado a seis anos por morte em colis\u00e3o\"}]},{\"@type\":\"WebSite\",\"@id\":\"https:\/\/portaltela.pt\/#website\",\"url\":\"https:\/\/portaltela.pt\/\",\"name\":\"Portal Tela Portugal\",\"description\":\"\",\"potentialAction\":[{\"@type\":\"SearchAction\",\"target\":{\"@type\":\"EntryPoint\",\"urlTemplate\":\"https:\/\/portaltela.pt\/?s={search_term_string}\"},\"query-input\":{\"@type\":\"PropertyValueSpecification\",\"valueRequired\":true,\"valueName\":\"search_term_string\"}}],\"inLanguage\":\"pt-PT\"},{\"@type\":\"Person\",\"@id\":\"https:\/\/portaltela.pt\/#\/schema\/person\/c4278d4a6028830caff9ee44b42d32ed\",\"name\":\"Telinha\",\"image\":{\"@type\":\"ImageObject\",\"inLanguage\":\"pt-PT\",\"@id\":\"https:\/\/portaltela.pt\/s.01k8rhncp4jt1\/2025\/11\/talking-bot-125x125.png\",\"url\":\"https:\/\/portaltela.pt\/s.01k8rhncp4jt1\/2025\/11\/talking-bot-125x125.png\",\"contentUrl\":\"https:\/\/portaltela.pt\/s.01k8rhncp4jt1\/2025\/11\/talking-bot-125x125.png\",\"caption\":\"Telinha\"},\"sameAs\":[\"https:\/\/portaltela.pt\/\"],\"url\":\"https:\/\/portaltela.pt\/por\/367410592786\/\"}]}<\/script>\n<!-- \/ Yoast SEO plugin. -->","yoast_head_json":{"title":"Capit\u00e3o russo de cargueiro portugu\u00eas condenado a seis anos por morte em colis\u00e3o - Portal Tela Portugal","robots":{"index":"index","follow":"follow","max-snippet":"max-snippet:-1","max-image-preview":"max-image-preview:large","max-video-preview":"max-video-preview:-1"},"og_locale":"pt_PT","og_type":"article","og_title":"Capit\u00e3o russo de cargueiro portugu\u00eas condenado a seis anos por morte em colis\u00e3o - Portal Tela Portugal","og_description":"O capit\u00e3o Vladimir Motin, de 59 anos, foi condenado a seis anos de pris\u00e3o por homic\u00eddio involunt\u00e1rio por morte de um tripulante durante uma colis\u00e3o perto da costa de Yorkshire, no Reino Unido. A v\u00edtima foi Mark Angelo Pernia, de 38 anos, filipino, cujo corpo nunca foi recuperado. O acidente ocorreu entre o cargueiro Solong, registado em Portugal e operado por uma empresa alem\u00e3, e o petroleiro Stena Immaculate, que estava ancorado, dando origem a explos\u00f5es e um grande inc\u00eandio. O juiz Andrew Baker destacou que a morte era evit\u00e1vel e que Motin demonstrou indiferen\u00e7a perante um risco extremamente elevado de morte, al\u00e9m de ter feito declara\u00e7\u00f5es falsas durante o julgamento. A defesa afirmou que Motin viu o petroleiro a tr\u00eas milhas mar\u00edtimas, que o Solong seguia em piloto autom\u00e1tico e que tentou desativar o autopiloto para desviar, mas acabou por pressionar o bot\u00e3o errado; Motin negou ter adormecido.","og_url":"https:\/\/portaltela.pt\/noticias\/2026\/02\/05\/capitao-russo-de-cargueiro-portugues-condenado-a-seis-anos-por-morte-em-colisao\/","og_site_name":"Portal Tela Portugal","article_published_time":"2026-02-05T16:10:00+00:00","author":"Telinha","twitter_card":"summary_large_image","twitter_misc":{"Escrito por":"Telinha","Tempo estimado de leitura":"1 minuto"},"schema":{"@context":"https:\/\/schema.org","@graph":[{"@type":"Article","@id":"https:\/\/portaltela.pt\/noticias\/2026\/02\/05\/capitao-russo-de-cargueiro-portugues-condenado-a-seis-anos-por-morte-em-colisao\/#article","isPartOf":{"@id":"https:\/\/portaltela.pt\/noticias\/2026\/02\/05\/capitao-russo-de-cargueiro-portugues-condenado-a-seis-anos-por-morte-em-colisao\/"},"author":{"name":"Telinha","@id":"https:\/\/portaltela.pt\/#\/schema\/person\/c4278d4a6028830caff9ee44b42d32ed"},"headline":"Capit\u00e3o russo de cargueiro portugu\u00eas condenado a seis anos por morte em colis\u00e3o","datePublished":"2026-02-05T16:10:00+00:00","mainEntityOfPage":{"@id":"https:\/\/portaltela.pt\/noticias\/2026\/02\/05\/capitao-russo-de-cargueiro-portugues-condenado-a-seis-anos-por-morte-em-colisao\/"},"wordCount":245,"image":{"@id":"https:\/\/portaltela.pt\/noticias\/2026\/02\/05\/capitao-russo-de-cargueiro-portugues-condenado-a-seis-anos-por-morte-em-colisao\/#primaryimage"},"thumbnailUrl":"https:\/\/portaltela.pt\/s.01k8rhncp4jt1\/2026\/02\/image-392.jpg","keywords":["acidentes mar\u00edtimos","crime","embarca\u00e7\u00f5es","homic\u00eddio","Portugal","R\u00fassia"],"articleSection":["Not\u00edcias"],"inLanguage":"pt-PT"},{"@type":"WebPage","@id":"https:\/\/portaltela.pt\/noticias\/2026\/02\/05\/capitao-russo-de-cargueiro-portugues-condenado-a-seis-anos-por-morte-em-colisao\/","url":"https:\/\/portaltela.pt\/noticias\/2026\/02\/05\/capitao-russo-de-cargueiro-portugues-condenado-a-seis-anos-por-morte-em-colisao\/","name":"Capit\u00e3o russo de cargueiro portugu\u00eas condenado a seis anos por morte em colis\u00e3o - Portal Tela Portugal","isPartOf":{"@id":"https:\/\/portaltela.pt\/#website"},"primaryImageOfPage":{"@id":"https:\/\/portaltela.pt\/noticias\/2026\/02\/05\/capitao-russo-de-cargueiro-portugues-condenado-a-seis-anos-por-morte-em-colisao\/#primaryimage"},"image":{"@id":"https:\/\/portaltela.pt\/noticias\/2026\/02\/05\/capitao-russo-de-cargueiro-portugues-condenado-a-seis-anos-por-morte-em-colisao\/#primaryimage"},"thumbnailUrl":"https:\/\/portaltela.pt\/s.01k8rhncp4jt1\/2026\/02\/image-392.jpg","datePublished":"2026-02-05T16:10:00+00:00","author":{"@id":"https:\/\/portaltela.pt\/#\/schema\/person\/c4278d4a6028830caff9ee44b42d32ed"},"breadcrumb":{"@id":"https:\/\/portaltela.pt\/noticias\/2026\/02\/05\/capitao-russo-de-cargueiro-portugues-condenado-a-seis-anos-por-morte-em-colisao\/#breadcrumb"},"inLanguage":"pt-PT","potentialAction":[{"@type":"ReadAction","target":["https:\/\/portaltela.pt\/noticias\/2026\/02\/05\/capitao-russo-de-cargueiro-portugues-condenado-a-seis-anos-por-morte-em-colisao\/"]}]},{"@type":"ImageObject","inLanguage":"pt-PT","@id":"https:\/\/portaltela.pt\/noticias\/2026\/02\/05\/capitao-russo-de-cargueiro-portugues-condenado-a-seis-anos-por-morte-em-colisao\/#primaryimage","url":"https:\/\/portaltela.pt\/s.01k8rhncp4jt1\/2026\/02\/image-392.jpg","contentUrl":"https:\/\/portaltela.pt\/s.01k8rhncp4jt1\/2026\/02\/image-392.jpg","width":796,"height":448,"caption":"O cargueiro Solong, registado em Portugal, chocou com o petroleiro Stena Immaculate, que estava ancorado"},{"@type":"BreadcrumbList","@id":"https:\/\/portaltela.pt\/noticias\/2026\/02\/05\/capitao-russo-de-cargueiro-portugues-condenado-a-seis-anos-por-morte-em-colisao\/#breadcrumb","itemListElement":[{"@type":"ListItem","position":1,"name":"In\u00edcio","item":"https:\/\/portaltela.pt\/"},{"@type":"ListItem","position":2,"name":"Capit\u00e3o russo de cargueiro portugu\u00eas condenado a seis anos por morte em colis\u00e3o"}]},{"@type":"WebSite","@id":"https:\/\/portaltela.pt\/#website","url":"https:\/\/portaltela.pt\/","name":"Portal Tela Portugal","description":"","potentialAction":[{"@type":"SearchAction","target":{"@type":"EntryPoint","urlTemplate":"https:\/\/portaltela.pt\/?s={search_term_string}"},"query-input":{"@type":"PropertyValueSpecification","valueRequired":true,"valueName":"search_term_string"}}],"inLanguage":"pt-PT"},{"@type":"Person","@id":"https:\/\/portaltela.pt\/#\/schema\/person\/c4278d4a6028830caff9ee44b42d32ed","name":"Telinha","image":{"@type":"ImageObject","inLanguage":"pt-PT","@id":"https:\/\/portaltela.pt\/s.01k8rhncp4jt1\/2025\/11\/talking-bot-125x125.png","url":"https:\/\/portaltela.pt\/s.01k8rhncp4jt1\/2025\/11\/talking-bot-125x125.png","contentUrl":"https:\/\/portaltela.pt\/s.01k8rhncp4jt1\/2025\/11\/talking-bot-125x125.png","caption":"Telinha"},"sameAs":["https:\/\/portaltela.pt\/"],"url":"https:\/\/portaltela.pt\/por\/367410592786\/"}]}},"_links":{"self":[{"href":"https:\/\/portaltela.pt\/api\/wp\/v2\/posts\/200195","targetHints":{"allow":["GET"]}}],"collection":[{"href":"https:\/\/portaltela.pt\/api\/wp\/v2\/posts"}],"about":[{"href":"https:\/\/portaltela.pt\/api\/wp\/v2\/types\/post"}],"author":[{"embeddable":true,"href":"https:\/\/portaltela.pt\/api\/wp\/v2\/users\/2"}],"replies":[{"embeddable":true,"href":"https:\/\/portaltela.pt\/api\/wp\/v2\/comments?post=200195"}],"version-history":[{"count":0,"href":"https:\/\/portaltela.pt\/api\/wp\/v2\/posts\/200195\/revisions"}],"wp:featuredmedia":[{"embeddable":true,"href":"https:\/\/portaltela.pt\/api\/wp\/v2\/media\/200196"}],"wp:attachment":[{"href":"https:\/\/portaltela.pt\/api\/wp\/v2\/media?parent=200195"}],"wp:term":[{"taxonomy":"category","embeddable":true,"href":"https:\/\/portaltela.pt\/api\/wp\/v2\/categories?post=200195"},{"taxonomy":"post_tag","embeddable":true,"href":"https:\/\/portaltela.pt\/api\/wp\/v2\/tags?post=200195"}],"curies":[{"name":"wp","href":"https:\/\/api.w.org\/{rel}","templated":true}]}}