{"id":200173,"date":"2026-02-05T13:13:14","date_gmt":"2026-02-05T16:13:14","guid":{"rendered":"https:\/\/portaltela.pt\/noticias\/2026\/02\/05\/clube-com-arcas-e-fogoes-torna-se-casa-de-todos-numa-aldeia-atingida-por-kristin\/"},"modified":"2026-02-05T13:13:14","modified_gmt":"2026-02-05T16:13:14","slug":"clube-com-arcas-e-fogoes-torna-se-casa-de-todos-numa-aldeia-atingida-por-kristin","status":"publish","type":"post","link":"https:\/\/portaltela.pt\/noticias\/2026\/02\/05\/clube-com-arcas-e-fogoes-torna-se-casa-de-todos-numa-aldeia-atingida-por-kristin\/","title":{"rendered":"Clube com arcas e fog\u00f5es torna-se casa de todos numa aldeia atingida por Kristin"},"content":{"rendered":"<p>Em Casal do Relvas, Batalha, o clube Sociedade Recreativa Relvense transformou-se na \u201ccasa de todos\u201d para a comunidade afetada pela depress\u00e3o Kristin. O espa\u00e7o abriu portas, cedendo arcas frigor\u00edficas e fog\u00f5es para armazenar e preparar alimentos. Um gerador municipal manteve o espa\u00e7o funcional.<\/p>\n<p>O gerador, colocado pela C\u00e2mara da Batalha, permitiu que o clube recebesse vizinhos que ficaram sem energia. Quem precisava de um lugar para guardar comida ou cozinhar encontrou apoio no espa\u00e7o comunit\u00e1rio, agora ponto de apoio local.<\/p>\n<p>Manuel Jos\u00e9, vice-presidente da sociedade, abriu as portas pela primeira vez na tarde de hoje. Rapidamente surgiram pessoas para tomar caf\u00e9, carregar telem\u00f3veis e recolher alimentos para o almo\u00e7o.<\/p>\n<p>O restaurante de Carlos Costa reabriu na segunda-feira, ainda com fornecimento limitado de energia. Um gerador emprestado ajudou a confecionar refei\u00e7\u00f5es simples, mantendo o servi\u00e7o de take-away para quem n\u00e3o podia cozinhar em casa.<\/p>\n<p>Em conjunto com outros espa\u00e7os de apoio, o Centro Recreativo dos Pinheiros tamb\u00e9m ofereceu recursos \u00e0 comunidade, com lavandaria e apoio log\u00edstico para quem teve de reconstruir estruturas danificadas. As instala\u00e7\u00f5es acolheram quem precisa de servi\u00e7os b\u00e1sicos.<\/p>\n<p>Na quarta-feira, parte da energia foi reposta: o PT passa a alimentar cerca de 90% da aldeia, com exce\u00e7\u00e3o de algumas resid\u00eancias gravemente afetadas pela tempestade. Atrasos na repara\u00e7\u00e3o devem-se principalmente \u00e0 devasta\u00e7\u00e3o das redes de baixa tens\u00e3o.<\/p>\n<p>A depress\u00e3o Kristin deixou cen\u00e1rios devastadores na regi\u00e3o, com \u00e1rvores derrubadas e coberturas danificadas. Ainda assim, a comunidade mant\u00e9m os espa\u00e7os abertos e refor\u00e7a as a\u00e7\u00f5es de ajuda m\u00fatua entre vizinhos.<\/p>\n<p>Para ampliar a prote\u00e7\u00e3o de infraestruturas, o munic\u00edpio coordenou esfor\u00e7os para evitar furto de combust\u00edvel e assegurar o funcionamento cont\u00ednuo de geradores destinados ao abastecimento de \u00e1gua. Distribui-se gas\u00f3leo e manuais de opera\u00e7\u00e3o conforme necess\u00e1rio.<\/p>\n<p>Onze pessoas perderam a vida em Portugal desde o in\u00edcio da sequ\u00eancia de tempestades Kristin e Leonardo. As regi\u00f5es Centro, Lisboa e Vale do Tejo e Alentejo concentram os impactos, com centenas de feridos e desalojados.<\/p>\n<p>O Governo ativou situa\u00e7\u00e3o de calamidade at\u00e9 ao final da semana em 68 concelhos e anunciou um pacote de apoio de at\u00e9 2,5 mil milh\u00f5es de euros para enfrentar os danos.<\/p>\n","protected":false},"excerpt":{"rendered":"<ul>\n<li>Em Casal do Relvas, Batalha, a Sociedade Recreativa Relvense abriu portas para a comunidade, disponibilizando arcas frigor\u00edficas e fog\u00f5es com um gerador municipal para manter o espa\u00e7o ativo.<\/li>\n<li>A finalidade \u00e9 permitir guardar alimentos, preparar refei\u00e7\u00f5es e carregar telem\u00f3veis, num recesso que j\u00e1 dura h\u00e1 cinco dias.<\/li>\n<li>O Centro Recreativo dos Pinheiros tamb\u00e9m serviu de apoio, com uma lavandaria dispon\u00edvel para quem n\u00e3o tem energia el\u00e9ctrica.<\/li>\n<li>A energia foi restabelecida a cerca de 90% da aldeia atrav\u00e9s de um gerador que alimenta o posto de transforma\u00e7\u00e3o; algumas casas permanecem sem energia devido aos estragos.<\/li>\n<li>Onze pessoas morreram em Portugal devido \u00e0s depress\u00f5es Kristin e Leonardo; o Governo declarou calamidade at\u00e9 domingo para 68 concelhos e anunciou medidas de apoio at\u00e9 2,5 mil milh\u00f5es de euros.<\/li>\n<\/ul>\n","protected":false},"author":2,"featured_media":200178,"comment_status":"closed","ping_status":"closed","sticky":false,"template":"","format":"standard","meta":{"footnotes":""},"categories":[1],"tags":[4729,5365,2172,5215,4590,320],"class_list":["post-200173","post","type-post","status-publish","format-standard","has-post-thumbnail","hentry","category-noticias","tag-abastecimento-de-energia","tag-acalamidade-publica","tag-assistencia-social","tag-catastrofes-naturais","tag-desabrigos","tag-protecao-civil"],"yoast_head":"<!-- This site is optimized with the Yoast SEO plugin v27.2 - https:\/\/yoast.com\/product\/yoast-seo-wordpress\/ -->\n<title>Clube com arcas e fog\u00f5es torna-se casa de todos numa aldeia atingida por Kristin - Portal Tela Portugal<\/title>\n<meta name=\"robots\" content=\"index, follow, max-snippet:-1, max-image-preview:large, max-video-preview:-1\" \/>\n<meta property=\"og:locale\" content=\"pt_PT\" \/>\n<meta property=\"og:type\" content=\"article\" \/>\n<meta property=\"og:title\" content=\"Clube com arcas e fog\u00f5es torna-se casa de todos numa aldeia atingida por Kristin - Portal Tela Portugal\" \/>\n<meta property=\"og:description\" content=\"Em Casal do Relvas, Batalha, a Sociedade Recreativa Relvense abriu portas para a comunidade, disponibilizando arcas frigor\u00edficas e fog\u00f5es com um gerador municipal para manter o espa\u00e7o ativo. A finalidade \u00e9 permitir guardar alimentos, preparar refei\u00e7\u00f5es e carregar telem\u00f3veis, num recesso que j\u00e1 dura h\u00e1 cinco dias. O Centro Recreativo dos Pinheiros tamb\u00e9m serviu de apoio, com uma lavandaria dispon\u00edvel para quem n\u00e3o tem energia el\u00e9ctrica. A energia foi restabelecida a cerca de 90% da aldeia atrav\u00e9s de um gerador que alimenta o posto de transforma\u00e7\u00e3o; algumas casas permanecem sem energia devido aos estragos. Onze pessoas morreram em Portugal devido \u00e0s depress\u00f5es Kristin e Leonardo; o Governo declarou calamidade at\u00e9 domingo para 68 concelhos e anunciou medidas de apoio at\u00e9 2,5 mil milh\u00f5es de euros.\" \/>\n<meta property=\"og:url\" content=\"https:\/\/portaltela.pt\/noticias\/2026\/02\/05\/clube-com-arcas-e-fogoes-torna-se-casa-de-todos-numa-aldeia-atingida-por-kristin\/\" \/>\n<meta property=\"og:site_name\" content=\"Portal Tela Portugal\" \/>\n<meta property=\"article:published_time\" content=\"2026-02-05T16:13:14+00:00\" \/>\n<meta name=\"author\" content=\"Telinha\" \/>\n<meta name=\"twitter:card\" content=\"summary_large_image\" \/>\n<meta name=\"twitter:label1\" content=\"Escrito por\" \/>\n\t<meta name=\"twitter:data1\" content=\"Telinha\" \/>\n\t<meta name=\"twitter:label2\" content=\"Tempo estimado de leitura\" \/>\n\t<meta name=\"twitter:data2\" content=\"2 minutos\" \/>\n<script type=\"application\/ld+json\" class=\"yoast-schema-graph\">{\"@context\":\"https:\/\/schema.org\",\"@graph\":[{\"@type\":\"Article\",\"@id\":\"https:\/\/portaltela.pt\/noticias\/2026\/02\/05\/clube-com-arcas-e-fogoes-torna-se-casa-de-todos-numa-aldeia-atingida-por-kristin\/#article\",\"isPartOf\":{\"@id\":\"https:\/\/portaltela.pt\/noticias\/2026\/02\/05\/clube-com-arcas-e-fogoes-torna-se-casa-de-todos-numa-aldeia-atingida-por-kristin\/\"},\"author\":{\"name\":\"Telinha\",\"@id\":\"https:\/\/portaltela.pt\/#\/schema\/person\/c4278d4a6028830caff9ee44b42d32ed\"},\"headline\":\"Clube com arcas e fog\u00f5es torna-se casa de todos numa aldeia atingida por Kristin\",\"datePublished\":\"2026-02-05T16:13:14+00:00\",\"mainEntityOfPage\":{\"@id\":\"https:\/\/portaltela.pt\/noticias\/2026\/02\/05\/clube-com-arcas-e-fogoes-torna-se-casa-de-todos-numa-aldeia-atingida-por-kristin\/\"},\"wordCount\":406,\"image\":{\"@id\":\"https:\/\/portaltela.pt\/noticias\/2026\/02\/05\/clube-com-arcas-e-fogoes-torna-se-casa-de-todos-numa-aldeia-atingida-por-kristin\/#primaryimage\"},\"thumbnailUrl\":\"https:\/\/portaltela.pt\/s.01k8rhncp4jt1\/2026\/02\/img_1500x1000uu2026-02-05-14-33-01-2264967.jpg\",\"keywords\":[\"abastecimento de energia\",\"Acalamidade p\u00fablica\",\"assist\u00eancia social\",\"cat\u00e1strofes naturais\",\"desabrigos\",\"prote\u00e7\u00e3o civil\"],\"articleSection\":[\"Not\u00edcias\"],\"inLanguage\":\"pt-PT\"},{\"@type\":\"WebPage\",\"@id\":\"https:\/\/portaltela.pt\/noticias\/2026\/02\/05\/clube-com-arcas-e-fogoes-torna-se-casa-de-todos-numa-aldeia-atingida-por-kristin\/\",\"url\":\"https:\/\/portaltela.pt\/noticias\/2026\/02\/05\/clube-com-arcas-e-fogoes-torna-se-casa-de-todos-numa-aldeia-atingida-por-kristin\/\",\"name\":\"Clube com arcas e fog\u00f5es torna-se casa de todos numa aldeia atingida por Kristin - Portal Tela Portugal\",\"isPartOf\":{\"@id\":\"https:\/\/portaltela.pt\/#website\"},\"primaryImageOfPage\":{\"@id\":\"https:\/\/portaltela.pt\/noticias\/2026\/02\/05\/clube-com-arcas-e-fogoes-torna-se-casa-de-todos-numa-aldeia-atingida-por-kristin\/#primaryimage\"},\"image\":{\"@id\":\"https:\/\/portaltela.pt\/noticias\/2026\/02\/05\/clube-com-arcas-e-fogoes-torna-se-casa-de-todos-numa-aldeia-atingida-por-kristin\/#primaryimage\"},\"thumbnailUrl\":\"https:\/\/portaltela.pt\/s.01k8rhncp4jt1\/2026\/02\/img_1500x1000uu2026-02-05-14-33-01-2264967.jpg\",\"datePublished\":\"2026-02-05T16:13:14+00:00\",\"author\":{\"@id\":\"https:\/\/portaltela.pt\/#\/schema\/person\/c4278d4a6028830caff9ee44b42d32ed\"},\"breadcrumb\":{\"@id\":\"https:\/\/portaltela.pt\/noticias\/2026\/02\/05\/clube-com-arcas-e-fogoes-torna-se-casa-de-todos-numa-aldeia-atingida-por-kristin\/#breadcrumb\"},\"inLanguage\":\"pt-PT\",\"potentialAction\":[{\"@type\":\"ReadAction\",\"target\":[\"https:\/\/portaltela.pt\/noticias\/2026\/02\/05\/clube-com-arcas-e-fogoes-torna-se-casa-de-todos-numa-aldeia-atingida-por-kristin\/\"]}]},{\"@type\":\"ImageObject\",\"inLanguage\":\"pt-PT\",\"@id\":\"https:\/\/portaltela.pt\/noticias\/2026\/02\/05\/clube-com-arcas-e-fogoes-torna-se-casa-de-todos-numa-aldeia-atingida-por-kristin\/#primaryimage\",\"url\":\"https:\/\/portaltela.pt\/s.01k8rhncp4jt1\/2026\/02\/img_1500x1000uu2026-02-05-14-33-01-2264967.jpg\",\"contentUrl\":\"https:\/\/portaltela.pt\/s.01k8rhncp4jt1\/2026\/02\/img_1500x1000uu2026-02-05-14-33-01-2264967.jpg\",\"width\":1500,\"height\":1000,\"caption\":\"Elementos da prote\u00e7\u00e3o civil passam com um bote pela zona que ficou submersa pela subida da \u00e1gua do Rio Liz devido ao mau tempo, em Leiria\"},{\"@type\":\"BreadcrumbList\",\"@id\":\"https:\/\/portaltela.pt\/noticias\/2026\/02\/05\/clube-com-arcas-e-fogoes-torna-se-casa-de-todos-numa-aldeia-atingida-por-kristin\/#breadcrumb\",\"itemListElement\":[{\"@type\":\"ListItem\",\"position\":1,\"name\":\"In\u00edcio\",\"item\":\"https:\/\/portaltela.pt\/\"},{\"@type\":\"ListItem\",\"position\":2,\"name\":\"Clube com arcas e fog\u00f5es torna-se casa de todos numa aldeia atingida por Kristin\"}]},{\"@type\":\"WebSite\",\"@id\":\"https:\/\/portaltela.pt\/#website\",\"url\":\"https:\/\/portaltela.pt\/\",\"name\":\"Portal Tela Portugal\",\"description\":\"\",\"potentialAction\":[{\"@type\":\"SearchAction\",\"target\":{\"@type\":\"EntryPoint\",\"urlTemplate\":\"https:\/\/portaltela.pt\/?s={search_term_string}\"},\"query-input\":{\"@type\":\"PropertyValueSpecification\",\"valueRequired\":true,\"valueName\":\"search_term_string\"}}],\"inLanguage\":\"pt-PT\"},{\"@type\":\"Person\",\"@id\":\"https:\/\/portaltela.pt\/#\/schema\/person\/c4278d4a6028830caff9ee44b42d32ed\",\"name\":\"Telinha\",\"image\":{\"@type\":\"ImageObject\",\"inLanguage\":\"pt-PT\",\"@id\":\"https:\/\/portaltela.pt\/s.01k8rhncp4jt1\/2025\/11\/talking-bot-125x125.png\",\"url\":\"https:\/\/portaltela.pt\/s.01k8rhncp4jt1\/2025\/11\/talking-bot-125x125.png\",\"contentUrl\":\"https:\/\/portaltela.pt\/s.01k8rhncp4jt1\/2025\/11\/talking-bot-125x125.png\",\"caption\":\"Telinha\"},\"sameAs\":[\"https:\/\/portaltela.pt\/\"],\"url\":\"https:\/\/portaltela.pt\/por\/367410592786\/\"}]}<\/script>\n<!-- \/ Yoast SEO plugin. -->","yoast_head_json":{"title":"Clube com arcas e fog\u00f5es torna-se casa de todos numa aldeia atingida por Kristin - Portal Tela Portugal","robots":{"index":"index","follow":"follow","max-snippet":"max-snippet:-1","max-image-preview":"max-image-preview:large","max-video-preview":"max-video-preview:-1"},"og_locale":"pt_PT","og_type":"article","og_title":"Clube com arcas e fog\u00f5es torna-se casa de todos numa aldeia atingida por Kristin - Portal Tela Portugal","og_description":"Em Casal do Relvas, Batalha, a Sociedade Recreativa Relvense abriu portas para a comunidade, disponibilizando arcas frigor\u00edficas e fog\u00f5es com um gerador municipal para manter o espa\u00e7o ativo. A finalidade \u00e9 permitir guardar alimentos, preparar refei\u00e7\u00f5es e carregar telem\u00f3veis, num recesso que j\u00e1 dura h\u00e1 cinco dias. O Centro Recreativo dos Pinheiros tamb\u00e9m serviu de apoio, com uma lavandaria dispon\u00edvel para quem n\u00e3o tem energia el\u00e9ctrica. A energia foi restabelecida a cerca de 90% da aldeia atrav\u00e9s de um gerador que alimenta o posto de transforma\u00e7\u00e3o; algumas casas permanecem sem energia devido aos estragos. Onze pessoas morreram em Portugal devido \u00e0s depress\u00f5es Kristin e Leonardo; o Governo declarou calamidade at\u00e9 domingo para 68 concelhos e anunciou medidas de apoio at\u00e9 2,5 mil milh\u00f5es de euros.","og_url":"https:\/\/portaltela.pt\/noticias\/2026\/02\/05\/clube-com-arcas-e-fogoes-torna-se-casa-de-todos-numa-aldeia-atingida-por-kristin\/","og_site_name":"Portal Tela Portugal","article_published_time":"2026-02-05T16:13:14+00:00","author":"Telinha","twitter_card":"summary_large_image","twitter_misc":{"Escrito por":"Telinha","Tempo estimado de leitura":"2 minutos"},"schema":{"@context":"https:\/\/schema.org","@graph":[{"@type":"Article","@id":"https:\/\/portaltela.pt\/noticias\/2026\/02\/05\/clube-com-arcas-e-fogoes-torna-se-casa-de-todos-numa-aldeia-atingida-por-kristin\/#article","isPartOf":{"@id":"https:\/\/portaltela.pt\/noticias\/2026\/02\/05\/clube-com-arcas-e-fogoes-torna-se-casa-de-todos-numa-aldeia-atingida-por-kristin\/"},"author":{"name":"Telinha","@id":"https:\/\/portaltela.pt\/#\/schema\/person\/c4278d4a6028830caff9ee44b42d32ed"},"headline":"Clube com arcas e fog\u00f5es torna-se casa de todos numa aldeia atingida por Kristin","datePublished":"2026-02-05T16:13:14+00:00","mainEntityOfPage":{"@id":"https:\/\/portaltela.pt\/noticias\/2026\/02\/05\/clube-com-arcas-e-fogoes-torna-se-casa-de-todos-numa-aldeia-atingida-por-kristin\/"},"wordCount":406,"image":{"@id":"https:\/\/portaltela.pt\/noticias\/2026\/02\/05\/clube-com-arcas-e-fogoes-torna-se-casa-de-todos-numa-aldeia-atingida-por-kristin\/#primaryimage"},"thumbnailUrl":"https:\/\/portaltela.pt\/s.01k8rhncp4jt1\/2026\/02\/img_1500x1000uu2026-02-05-14-33-01-2264967.jpg","keywords":["abastecimento de energia","Acalamidade p\u00fablica","assist\u00eancia social","cat\u00e1strofes naturais","desabrigos","prote\u00e7\u00e3o civil"],"articleSection":["Not\u00edcias"],"inLanguage":"pt-PT"},{"@type":"WebPage","@id":"https:\/\/portaltela.pt\/noticias\/2026\/02\/05\/clube-com-arcas-e-fogoes-torna-se-casa-de-todos-numa-aldeia-atingida-por-kristin\/","url":"https:\/\/portaltela.pt\/noticias\/2026\/02\/05\/clube-com-arcas-e-fogoes-torna-se-casa-de-todos-numa-aldeia-atingida-por-kristin\/","name":"Clube com arcas e fog\u00f5es torna-se casa de todos numa aldeia atingida por Kristin - Portal Tela Portugal","isPartOf":{"@id":"https:\/\/portaltela.pt\/#website"},"primaryImageOfPage":{"@id":"https:\/\/portaltela.pt\/noticias\/2026\/02\/05\/clube-com-arcas-e-fogoes-torna-se-casa-de-todos-numa-aldeia-atingida-por-kristin\/#primaryimage"},"image":{"@id":"https:\/\/portaltela.pt\/noticias\/2026\/02\/05\/clube-com-arcas-e-fogoes-torna-se-casa-de-todos-numa-aldeia-atingida-por-kristin\/#primaryimage"},"thumbnailUrl":"https:\/\/portaltela.pt\/s.01k8rhncp4jt1\/2026\/02\/img_1500x1000uu2026-02-05-14-33-01-2264967.jpg","datePublished":"2026-02-05T16:13:14+00:00","author":{"@id":"https:\/\/portaltela.pt\/#\/schema\/person\/c4278d4a6028830caff9ee44b42d32ed"},"breadcrumb":{"@id":"https:\/\/portaltela.pt\/noticias\/2026\/02\/05\/clube-com-arcas-e-fogoes-torna-se-casa-de-todos-numa-aldeia-atingida-por-kristin\/#breadcrumb"},"inLanguage":"pt-PT","potentialAction":[{"@type":"ReadAction","target":["https:\/\/portaltela.pt\/noticias\/2026\/02\/05\/clube-com-arcas-e-fogoes-torna-se-casa-de-todos-numa-aldeia-atingida-por-kristin\/"]}]},{"@type":"ImageObject","inLanguage":"pt-PT","@id":"https:\/\/portaltela.pt\/noticias\/2026\/02\/05\/clube-com-arcas-e-fogoes-torna-se-casa-de-todos-numa-aldeia-atingida-por-kristin\/#primaryimage","url":"https:\/\/portaltela.pt\/s.01k8rhncp4jt1\/2026\/02\/img_1500x1000uu2026-02-05-14-33-01-2264967.jpg","contentUrl":"https:\/\/portaltela.pt\/s.01k8rhncp4jt1\/2026\/02\/img_1500x1000uu2026-02-05-14-33-01-2264967.jpg","width":1500,"height":1000,"caption":"Elementos da prote\u00e7\u00e3o civil passam com um bote pela zona que ficou submersa pela subida da \u00e1gua do Rio Liz devido ao mau tempo, em Leiria"},{"@type":"BreadcrumbList","@id":"https:\/\/portaltela.pt\/noticias\/2026\/02\/05\/clube-com-arcas-e-fogoes-torna-se-casa-de-todos-numa-aldeia-atingida-por-kristin\/#breadcrumb","itemListElement":[{"@type":"ListItem","position":1,"name":"In\u00edcio","item":"https:\/\/portaltela.pt\/"},{"@type":"ListItem","position":2,"name":"Clube com arcas e fog\u00f5es torna-se casa de todos numa aldeia atingida por Kristin"}]},{"@type":"WebSite","@id":"https:\/\/portaltela.pt\/#website","url":"https:\/\/portaltela.pt\/","name":"Portal Tela Portugal","description":"","potentialAction":[{"@type":"SearchAction","target":{"@type":"EntryPoint","urlTemplate":"https:\/\/portaltela.pt\/?s={search_term_string}"},"query-input":{"@type":"PropertyValueSpecification","valueRequired":true,"valueName":"search_term_string"}}],"inLanguage":"pt-PT"},{"@type":"Person","@id":"https:\/\/portaltela.pt\/#\/schema\/person\/c4278d4a6028830caff9ee44b42d32ed","name":"Telinha","image":{"@type":"ImageObject","inLanguage":"pt-PT","@id":"https:\/\/portaltela.pt\/s.01k8rhncp4jt1\/2025\/11\/talking-bot-125x125.png","url":"https:\/\/portaltela.pt\/s.01k8rhncp4jt1\/2025\/11\/talking-bot-125x125.png","contentUrl":"https:\/\/portaltela.pt\/s.01k8rhncp4jt1\/2025\/11\/talking-bot-125x125.png","caption":"Telinha"},"sameAs":["https:\/\/portaltela.pt\/"],"url":"https:\/\/portaltela.pt\/por\/367410592786\/"}]}},"_links":{"self":[{"href":"https:\/\/portaltela.pt\/api\/wp\/v2\/posts\/200173","targetHints":{"allow":["GET"]}}],"collection":[{"href":"https:\/\/portaltela.pt\/api\/wp\/v2\/posts"}],"about":[{"href":"https:\/\/portaltela.pt\/api\/wp\/v2\/types\/post"}],"author":[{"embeddable":true,"href":"https:\/\/portaltela.pt\/api\/wp\/v2\/users\/2"}],"replies":[{"embeddable":true,"href":"https:\/\/portaltela.pt\/api\/wp\/v2\/comments?post=200173"}],"version-history":[{"count":0,"href":"https:\/\/portaltela.pt\/api\/wp\/v2\/posts\/200173\/revisions"}],"wp:featuredmedia":[{"embeddable":true,"href":"https:\/\/portaltela.pt\/api\/wp\/v2\/media\/200178"}],"wp:attachment":[{"href":"https:\/\/portaltela.pt\/api\/wp\/v2\/media?parent=200173"}],"wp:term":[{"taxonomy":"category","embeddable":true,"href":"https:\/\/portaltela.pt\/api\/wp\/v2\/categories?post=200173"},{"taxonomy":"post_tag","embeddable":true,"href":"https:\/\/portaltela.pt\/api\/wp\/v2\/tags?post=200173"}],"curies":[{"name":"wp","href":"https:\/\/api.w.org\/{rel}","templated":true}]}}