{"id":200119,"date":"2026-02-05T12:35:00","date_gmt":"2026-02-05T15:35:00","guid":{"rendered":"https:\/\/portaltela.pt\/noticias\/2026\/02\/05\/governo-sao-tomense-apresenta-orcamento-realista-para-2026-no-parlamento\/"},"modified":"2026-02-05T12:35:00","modified_gmt":"2026-02-05T15:35:00","slug":"governo-sao-tomense-apresenta-orcamento-realista-para-2026-no-parlamento","status":"publish","type":"post","link":"https:\/\/portaltela.pt\/noticias\/politica\/2026\/02\/05\/governo-sao-tomense-apresenta-orcamento-realista-para-2026-no-parlamento\/","title":{"rendered":"Governo s\u00e3o-tomense apresenta or\u00e7amento realista para 2026 no parlamento"},"content":{"rendered":"<p>O Governo de S\u00e3o Tom\u00e9 e Pr\u00edncipe apresentou no parlamento a proposta de or\u00e7amento para 2026, intitulada \u201cor\u00e7amento realista\u201d. A comunica\u00e7\u00e3o ocorreu durante a sess\u00e3o legislativa, com o objetivo de definir as prioridades financeiras do pr\u00f3ximo ano.<\/p>\n<p>Segundo a linguagem oficial, o documento foca-se numa gest\u00e3o mais previs\u00edvel das contas p\u00fablicas e no equil\u00edbrio entre receitas e despesas. Investimentos p\u00fablicos e metas macroecon\u00f3micas integram o enquadramento apresentado.<\/p>\n<p>Entidades envolvidas incluem o Executivo, atrav\u00e9s do Minist\u00e9rio das Finan\u00e7as, e os deputados que integram o parlamento. O objetivo \u00e9 obter aprova\u00e7\u00e3o para entrar em vigor no pr\u00f3ximo exerc\u00edcio financeiro.<\/p>\n<p>Ainda n\u00e3o h\u00e1, para al\u00e9m do an\u00fancio, detalhes divulgados publicamente sobre valores, \u00e1reas priorit\u00e1rias ou cortes previstos. O conte\u00fado completo permanece acess\u00edvel apenas a subscritores.<\/p>\n<p>A apresenta\u00e7\u00e3o ocorre numa altura de escrut\u00ednio p\u00fablico sobre a pol\u00edtica fiscal e a capacidade de cumprir metas econ\u00f3micas. As informa\u00e7\u00f5es dispon\u00edveis apontam para uma defesa de maior transpar\u00eancia na gest\u00e3o or\u00e7amental.<\/p>\n","protected":false},"excerpt":{"rendered":"<ul>\n<li>O governo s\u00e3o-tomense apresentou no parlamento um or\u00e7amento para 2026, descrito como realista.<\/li>\n<li>A apresenta\u00e7\u00e3o aconteceu no \u00e2mbito dos debates or\u00e7amentais no parlamento.<\/li>\n<li>O conte\u00fado completo da not\u00edcia est\u00e1 acess\u00edvel apenas para subscritores.<\/li>\n<li>N\u00e3o foram partilhados detalhes adicionais no excerto dispon\u00edvel.<\/li>\n<li>O texto confirma o tema, sem indicar valores ou medidas espec\u00edficas.<\/li>\n<\/ul>\n","protected":false},"author":2,"featured_media":200131,"comment_status":"closed","ping_status":"closed","sticky":false,"template":"","format":"standard","meta":{"footnotes":""},"categories":[1,5],"tags":[733,34,1769,2832,229,4486],"class_list":["post-200119","post","type-post","status-publish","format-standard","has-post-thumbnail","hentry","category-noticias","category-politica","tag-financas-publicas","tag-governo","tag-orcamento-territorio","tag-politica","tag-politica-publica","tag-sao-tome-e-principe"],"yoast_head":"<!-- This site is optimized with the Yoast SEO plugin v27.2 - https:\/\/yoast.com\/product\/yoast-seo-wordpress\/ -->\n<title>Governo s\u00e3o-tomense apresenta or\u00e7amento realista para 2026 no parlamento - Portal Tela Portugal<\/title>\n<meta name=\"robots\" content=\"index, follow, max-snippet:-1, max-image-preview:large, max-video-preview:-1\" \/>\n<meta property=\"og:locale\" content=\"pt_PT\" \/>\n<meta property=\"og:type\" content=\"article\" \/>\n<meta property=\"og:title\" content=\"Governo s\u00e3o-tomense apresenta or\u00e7amento realista para 2026 no parlamento - Portal Tela Portugal\" \/>\n<meta property=\"og:description\" content=\"O governo s\u00e3o-tomense apresentou no parlamento um or\u00e7amento para 2026, descrito como realista. A apresenta\u00e7\u00e3o aconteceu no \u00e2mbito dos debates or\u00e7amentais no parlamento. O conte\u00fado completo da not\u00edcia est\u00e1 acess\u00edvel apenas para subscritores. N\u00e3o foram partilhados detalhes adicionais no excerto dispon\u00edvel. O texto confirma o tema, sem indicar valores ou medidas espec\u00edficas.\" \/>\n<meta property=\"og:url\" content=\"https:\/\/portaltela.pt\/noticias\/2026\/02\/05\/governo-sao-tomense-apresenta-orcamento-realista-para-2026-no-parlamento\/\" \/>\n<meta property=\"og:site_name\" content=\"Portal Tela Portugal\" \/>\n<meta property=\"article:published_time\" content=\"2026-02-05T15:35:00+00:00\" \/>\n<meta name=\"author\" content=\"Telinha\" \/>\n<meta name=\"twitter:card\" content=\"summary_large_image\" \/>\n<meta name=\"twitter:label1\" content=\"Escrito por\" \/>\n\t<meta name=\"twitter:data1\" content=\"Telinha\" \/>\n\t<meta name=\"twitter:label2\" content=\"Tempo estimado de leitura\" \/>\n\t<meta name=\"twitter:data2\" content=\"1 minuto\" \/>\n<script type=\"application\/ld+json\" class=\"yoast-schema-graph\">{\"@context\":\"https:\/\/schema.org\",\"@graph\":[{\"@type\":\"Article\",\"@id\":\"https:\/\/portaltela.pt\/noticias\/2026\/02\/05\/governo-sao-tomense-apresenta-orcamento-realista-para-2026-no-parlamento\/#article\",\"isPartOf\":{\"@id\":\"https:\/\/portaltela.pt\/noticias\/2026\/02\/05\/governo-sao-tomense-apresenta-orcamento-realista-para-2026-no-parlamento\/\"},\"author\":{\"name\":\"Telinha\",\"@id\":\"https:\/\/portaltela.pt\/#\/schema\/person\/c4278d4a6028830caff9ee44b42d32ed\"},\"headline\":\"Governo s\u00e3o-tomense apresenta or\u00e7amento realista para 2026 no parlamento\",\"datePublished\":\"2026-02-05T15:35:00+00:00\",\"mainEntityOfPage\":{\"@id\":\"https:\/\/portaltela.pt\/noticias\/2026\/02\/05\/governo-sao-tomense-apresenta-orcamento-realista-para-2026-no-parlamento\/\"},\"wordCount\":197,\"image\":{\"@id\":\"https:\/\/portaltela.pt\/noticias\/2026\/02\/05\/governo-sao-tomense-apresenta-orcamento-realista-para-2026-no-parlamento\/#primaryimage\"},\"thumbnailUrl\":\"https:\/\/portaltela.pt\/s.01k8rhncp4jt1\/2026\/02\/CACHE_780X1200_ANALOG_WATERMARKED_14877323_651969_11042019125420.jpg\",\"keywords\":[\"finan\u00e7as p\u00fablicas\",\"governo\",\"Or\u00e7amento\/Territ\u00f3rio\",\"pol\u00edtica\",\"pol\u00edtica p\u00fablica\",\"S\u00e3o Tom\u00e9 e Pr\u00edncipe\"],\"articleSection\":[\"Not\u00edcias\",\"Pol\u00edtica\"],\"inLanguage\":\"pt-PT\"},{\"@type\":\"WebPage\",\"@id\":\"https:\/\/portaltela.pt\/noticias\/2026\/02\/05\/governo-sao-tomense-apresenta-orcamento-realista-para-2026-no-parlamento\/\",\"url\":\"https:\/\/portaltela.pt\/noticias\/2026\/02\/05\/governo-sao-tomense-apresenta-orcamento-realista-para-2026-no-parlamento\/\",\"name\":\"Governo s\u00e3o-tomense apresenta or\u00e7amento realista para 2026 no parlamento - Portal Tela Portugal\",\"isPartOf\":{\"@id\":\"https:\/\/portaltela.pt\/#website\"},\"primaryImageOfPage\":{\"@id\":\"https:\/\/portaltela.pt\/noticias\/2026\/02\/05\/governo-sao-tomense-apresenta-orcamento-realista-para-2026-no-parlamento\/#primaryimage\"},\"image\":{\"@id\":\"https:\/\/portaltela.pt\/noticias\/2026\/02\/05\/governo-sao-tomense-apresenta-orcamento-realista-para-2026-no-parlamento\/#primaryimage\"},\"thumbnailUrl\":\"https:\/\/portaltela.pt\/s.01k8rhncp4jt1\/2026\/02\/CACHE_780X1200_ANALOG_WATERMARKED_14877323_651969_11042019125420.jpg\",\"datePublished\":\"2026-02-05T15:35:00+00:00\",\"author\":{\"@id\":\"https:\/\/portaltela.pt\/#\/schema\/person\/c4278d4a6028830caff9ee44b42d32ed\"},\"breadcrumb\":{\"@id\":\"https:\/\/portaltela.pt\/noticias\/2026\/02\/05\/governo-sao-tomense-apresenta-orcamento-realista-para-2026-no-parlamento\/#breadcrumb\"},\"inLanguage\":\"pt-PT\",\"potentialAction\":[{\"@type\":\"ReadAction\",\"target\":[\"https:\/\/portaltela.pt\/noticias\/2026\/02\/05\/governo-sao-tomense-apresenta-orcamento-realista-para-2026-no-parlamento\/\"]}]},{\"@type\":\"ImageObject\",\"inLanguage\":\"pt-PT\",\"@id\":\"https:\/\/portaltela.pt\/noticias\/2026\/02\/05\/governo-sao-tomense-apresenta-orcamento-realista-para-2026-no-parlamento\/#primaryimage\",\"url\":\"https:\/\/portaltela.pt\/s.01k8rhncp4jt1\/2026\/02\/CACHE_780X1200_ANALOG_WATERMARKED_14877323_651969_11042019125420.jpg\",\"contentUrl\":\"https:\/\/portaltela.pt\/s.01k8rhncp4jt1\/2026\/02\/CACHE_780X1200_ANALOG_WATERMARKED_14877323_651969_11042019125420.jpg\",\"width\":796,\"height\":448,\"caption\":\"Governo s\u00e3o-tomense apresenta no parlamento or\u00e7amento realista para 2026\"},{\"@type\":\"BreadcrumbList\",\"@id\":\"https:\/\/portaltela.pt\/noticias\/2026\/02\/05\/governo-sao-tomense-apresenta-orcamento-realista-para-2026-no-parlamento\/#breadcrumb\",\"itemListElement\":[{\"@type\":\"ListItem\",\"position\":1,\"name\":\"In\u00edcio\",\"item\":\"https:\/\/portaltela.pt\/\"},{\"@type\":\"ListItem\",\"position\":2,\"name\":\"Governo s\u00e3o-tomense apresenta or\u00e7amento realista para 2026 no parlamento\"}]},{\"@type\":\"WebSite\",\"@id\":\"https:\/\/portaltela.pt\/#website\",\"url\":\"https:\/\/portaltela.pt\/\",\"name\":\"Portal Tela Portugal\",\"description\":\"\",\"potentialAction\":[{\"@type\":\"SearchAction\",\"target\":{\"@type\":\"EntryPoint\",\"urlTemplate\":\"https:\/\/portaltela.pt\/?s={search_term_string}\"},\"query-input\":{\"@type\":\"PropertyValueSpecification\",\"valueRequired\":true,\"valueName\":\"search_term_string\"}}],\"inLanguage\":\"pt-PT\"},{\"@type\":\"Person\",\"@id\":\"https:\/\/portaltela.pt\/#\/schema\/person\/c4278d4a6028830caff9ee44b42d32ed\",\"name\":\"Telinha\",\"image\":{\"@type\":\"ImageObject\",\"inLanguage\":\"pt-PT\",\"@id\":\"https:\/\/portaltela.pt\/s.01k8rhncp4jt1\/2025\/11\/talking-bot-125x125.png\",\"url\":\"https:\/\/portaltela.pt\/s.01k8rhncp4jt1\/2025\/11\/talking-bot-125x125.png\",\"contentUrl\":\"https:\/\/portaltela.pt\/s.01k8rhncp4jt1\/2025\/11\/talking-bot-125x125.png\",\"caption\":\"Telinha\"},\"sameAs\":[\"https:\/\/portaltela.pt\/\"],\"url\":\"https:\/\/portaltela.pt\/por\/367410592786\/\"}]}<\/script>\n<!-- \/ Yoast SEO plugin. -->","yoast_head_json":{"title":"Governo s\u00e3o-tomense apresenta or\u00e7amento realista para 2026 no parlamento - Portal Tela Portugal","robots":{"index":"index","follow":"follow","max-snippet":"max-snippet:-1","max-image-preview":"max-image-preview:large","max-video-preview":"max-video-preview:-1"},"og_locale":"pt_PT","og_type":"article","og_title":"Governo s\u00e3o-tomense apresenta or\u00e7amento realista para 2026 no parlamento - Portal Tela Portugal","og_description":"O governo s\u00e3o-tomense apresentou no parlamento um or\u00e7amento para 2026, descrito como realista. A apresenta\u00e7\u00e3o aconteceu no \u00e2mbito dos debates or\u00e7amentais no parlamento. O conte\u00fado completo da not\u00edcia est\u00e1 acess\u00edvel apenas para subscritores. N\u00e3o foram partilhados detalhes adicionais no excerto dispon\u00edvel. O texto confirma o tema, sem indicar valores ou medidas espec\u00edficas.","og_url":"https:\/\/portaltela.pt\/noticias\/2026\/02\/05\/governo-sao-tomense-apresenta-orcamento-realista-para-2026-no-parlamento\/","og_site_name":"Portal Tela Portugal","article_published_time":"2026-02-05T15:35:00+00:00","author":"Telinha","twitter_card":"summary_large_image","twitter_misc":{"Escrito por":"Telinha","Tempo estimado de leitura":"1 minuto"},"schema":{"@context":"https:\/\/schema.org","@graph":[{"@type":"Article","@id":"https:\/\/portaltela.pt\/noticias\/2026\/02\/05\/governo-sao-tomense-apresenta-orcamento-realista-para-2026-no-parlamento\/#article","isPartOf":{"@id":"https:\/\/portaltela.pt\/noticias\/2026\/02\/05\/governo-sao-tomense-apresenta-orcamento-realista-para-2026-no-parlamento\/"},"author":{"name":"Telinha","@id":"https:\/\/portaltela.pt\/#\/schema\/person\/c4278d4a6028830caff9ee44b42d32ed"},"headline":"Governo s\u00e3o-tomense apresenta or\u00e7amento realista para 2026 no parlamento","datePublished":"2026-02-05T15:35:00+00:00","mainEntityOfPage":{"@id":"https:\/\/portaltela.pt\/noticias\/2026\/02\/05\/governo-sao-tomense-apresenta-orcamento-realista-para-2026-no-parlamento\/"},"wordCount":197,"image":{"@id":"https:\/\/portaltela.pt\/noticias\/2026\/02\/05\/governo-sao-tomense-apresenta-orcamento-realista-para-2026-no-parlamento\/#primaryimage"},"thumbnailUrl":"https:\/\/portaltela.pt\/s.01k8rhncp4jt1\/2026\/02\/CACHE_780X1200_ANALOG_WATERMARKED_14877323_651969_11042019125420.jpg","keywords":["finan\u00e7as p\u00fablicas","governo","Or\u00e7amento\/Territ\u00f3rio","pol\u00edtica","pol\u00edtica p\u00fablica","S\u00e3o Tom\u00e9 e Pr\u00edncipe"],"articleSection":["Not\u00edcias","Pol\u00edtica"],"inLanguage":"pt-PT"},{"@type":"WebPage","@id":"https:\/\/portaltela.pt\/noticias\/2026\/02\/05\/governo-sao-tomense-apresenta-orcamento-realista-para-2026-no-parlamento\/","url":"https:\/\/portaltela.pt\/noticias\/2026\/02\/05\/governo-sao-tomense-apresenta-orcamento-realista-para-2026-no-parlamento\/","name":"Governo s\u00e3o-tomense apresenta or\u00e7amento realista para 2026 no parlamento - Portal Tela Portugal","isPartOf":{"@id":"https:\/\/portaltela.pt\/#website"},"primaryImageOfPage":{"@id":"https:\/\/portaltela.pt\/noticias\/2026\/02\/05\/governo-sao-tomense-apresenta-orcamento-realista-para-2026-no-parlamento\/#primaryimage"},"image":{"@id":"https:\/\/portaltela.pt\/noticias\/2026\/02\/05\/governo-sao-tomense-apresenta-orcamento-realista-para-2026-no-parlamento\/#primaryimage"},"thumbnailUrl":"https:\/\/portaltela.pt\/s.01k8rhncp4jt1\/2026\/02\/CACHE_780X1200_ANALOG_WATERMARKED_14877323_651969_11042019125420.jpg","datePublished":"2026-02-05T15:35:00+00:00","author":{"@id":"https:\/\/portaltela.pt\/#\/schema\/person\/c4278d4a6028830caff9ee44b42d32ed"},"breadcrumb":{"@id":"https:\/\/portaltela.pt\/noticias\/2026\/02\/05\/governo-sao-tomense-apresenta-orcamento-realista-para-2026-no-parlamento\/#breadcrumb"},"inLanguage":"pt-PT","potentialAction":[{"@type":"ReadAction","target":["https:\/\/portaltela.pt\/noticias\/2026\/02\/05\/governo-sao-tomense-apresenta-orcamento-realista-para-2026-no-parlamento\/"]}]},{"@type":"ImageObject","inLanguage":"pt-PT","@id":"https:\/\/portaltela.pt\/noticias\/2026\/02\/05\/governo-sao-tomense-apresenta-orcamento-realista-para-2026-no-parlamento\/#primaryimage","url":"https:\/\/portaltela.pt\/s.01k8rhncp4jt1\/2026\/02\/CACHE_780X1200_ANALOG_WATERMARKED_14877323_651969_11042019125420.jpg","contentUrl":"https:\/\/portaltela.pt\/s.01k8rhncp4jt1\/2026\/02\/CACHE_780X1200_ANALOG_WATERMARKED_14877323_651969_11042019125420.jpg","width":796,"height":448,"caption":"Governo s\u00e3o-tomense apresenta no parlamento or\u00e7amento realista para 2026"},{"@type":"BreadcrumbList","@id":"https:\/\/portaltela.pt\/noticias\/2026\/02\/05\/governo-sao-tomense-apresenta-orcamento-realista-para-2026-no-parlamento\/#breadcrumb","itemListElement":[{"@type":"ListItem","position":1,"name":"In\u00edcio","item":"https:\/\/portaltela.pt\/"},{"@type":"ListItem","position":2,"name":"Governo s\u00e3o-tomense apresenta or\u00e7amento realista para 2026 no parlamento"}]},{"@type":"WebSite","@id":"https:\/\/portaltela.pt\/#website","url":"https:\/\/portaltela.pt\/","name":"Portal Tela Portugal","description":"","potentialAction":[{"@type":"SearchAction","target":{"@type":"EntryPoint","urlTemplate":"https:\/\/portaltela.pt\/?s={search_term_string}"},"query-input":{"@type":"PropertyValueSpecification","valueRequired":true,"valueName":"search_term_string"}}],"inLanguage":"pt-PT"},{"@type":"Person","@id":"https:\/\/portaltela.pt\/#\/schema\/person\/c4278d4a6028830caff9ee44b42d32ed","name":"Telinha","image":{"@type":"ImageObject","inLanguage":"pt-PT","@id":"https:\/\/portaltela.pt\/s.01k8rhncp4jt1\/2025\/11\/talking-bot-125x125.png","url":"https:\/\/portaltela.pt\/s.01k8rhncp4jt1\/2025\/11\/talking-bot-125x125.png","contentUrl":"https:\/\/portaltela.pt\/s.01k8rhncp4jt1\/2025\/11\/talking-bot-125x125.png","caption":"Telinha"},"sameAs":["https:\/\/portaltela.pt\/"],"url":"https:\/\/portaltela.pt\/por\/367410592786\/"}]}},"_links":{"self":[{"href":"https:\/\/portaltela.pt\/api\/wp\/v2\/posts\/200119","targetHints":{"allow":["GET"]}}],"collection":[{"href":"https:\/\/portaltela.pt\/api\/wp\/v2\/posts"}],"about":[{"href":"https:\/\/portaltela.pt\/api\/wp\/v2\/types\/post"}],"author":[{"embeddable":true,"href":"https:\/\/portaltela.pt\/api\/wp\/v2\/users\/2"}],"replies":[{"embeddable":true,"href":"https:\/\/portaltela.pt\/api\/wp\/v2\/comments?post=200119"}],"version-history":[{"count":0,"href":"https:\/\/portaltela.pt\/api\/wp\/v2\/posts\/200119\/revisions"}],"wp:featuredmedia":[{"embeddable":true,"href":"https:\/\/portaltela.pt\/api\/wp\/v2\/media\/200131"}],"wp:attachment":[{"href":"https:\/\/portaltela.pt\/api\/wp\/v2\/media?parent=200119"}],"wp:term":[{"taxonomy":"category","embeddable":true,"href":"https:\/\/portaltela.pt\/api\/wp\/v2\/categories?post=200119"},{"taxonomy":"post_tag","embeddable":true,"href":"https:\/\/portaltela.pt\/api\/wp\/v2\/tags?post=200119"}],"curies":[{"name":"wp","href":"https:\/\/api.w.org\/{rel}","templated":true}]}}