{"id":200115,"date":"2026-02-05T12:32:00","date_gmt":"2026-02-05T15:32:00","guid":{"rendered":"https:\/\/portaltela.pt\/noticias\/2026\/02\/05\/rdcongo-reabilita-ferrovia-e-apresenta-novo-modelo-de-gestao-ligada-ao-lobito\/"},"modified":"2026-02-05T12:32:00","modified_gmt":"2026-02-05T15:32:00","slug":"rdcongo-reabilita-ferrovia-e-apresenta-novo-modelo-de-gestao-ligada-ao-lobito","status":"publish","type":"post","link":"https:\/\/portaltela.pt\/noticias\/2026\/02\/05\/rdcongo-reabilita-ferrovia-e-apresenta-novo-modelo-de-gestao-ligada-ao-lobito\/","title":{"rendered":"RDCongo reabilita ferrovia e apresenta novo modelo de gest\u00e3o ligada ao Lobito"},"content":{"rendered":"<p>A Rep\u00fablica Democr\u00e1tica do Congo vai lan\u00e7ar em abril um concurso para reabilitar a linha f\u00e9rrea que liga as regi\u00f5es mineiras \u00e0 fronteira com Angola, prolongando o Corredor do Lobito, com um novo modelo de gest\u00e3o.<\/p>\n<p>A iniciativa visa melhorar o transporte de minerais e facilitar fluxos comerciais entre RDC, Angola e o litoral. O an\u00fancio foi feito pelo governo em alinhamento com entidades t\u00e9cnicas e potenciais financiadores.<\/p>\n<p>N\u00e3o foram divulgados detalhes sobre custos, prazos ou condi\u00e7\u00f5es de participa\u00e7\u00e3o. A medida insere-se no conjunto de planos de moderniza\u00e7\u00e3o do setor ferrovi\u00e1rio e de integra\u00e7\u00e3o regional.<\/p>\n","protected":false},"excerpt":{"rendered":"<ul>\n<li>A Rep\u00fablica Democr\u00e1tica do Congo vai lan\u00e7ar em abril um concurso para reabilitar a linha f\u00e9rrea que liga as regi\u00f5es mineiras congolesas \u00e0 fronteira com Angola.<\/li>\n<li>A reabilita\u00e7\u00e3o prolongar\u00e1 o Corredor do Lobito.<\/li>\n<li>O projeto prev\u00ea um novo modelo de gest\u00e3o para o corredor.<\/li>\n<li>A iniciativa visa melhorar a liga\u00e7\u00e3o ferrovi\u00e1ria entre as regi\u00f5es mineiras e Angola.<\/li>\n<\/ul>\n","protected":false},"author":2,"featured_media":200130,"comment_status":"closed","ping_status":"closed","sticky":false,"template":"","format":"standard","meta":{"footnotes":""},"categories":[1],"tags":[4837,1615,2213,1934,2064,192],"class_list":["post-200115","post","type-post","status-publish","format-standard","has-post-thumbnail","hentry","category-noticias","tag-angola","tag-infraestrutura","tag-integracao-internacional","tag-lobito","tag-republica-democratica-do-congo","tag-transporte"],"yoast_head":"<!-- This site is optimized with the Yoast SEO plugin v27.2 - https:\/\/yoast.com\/product\/yoast-seo-wordpress\/ -->\n<title>RDCongo reabilita ferrovia e apresenta novo modelo de gest\u00e3o ligada ao Lobito - Portal Tela Portugal<\/title>\n<meta name=\"robots\" content=\"index, follow, max-snippet:-1, max-image-preview:large, max-video-preview:-1\" \/>\n<meta property=\"og:locale\" content=\"pt_PT\" \/>\n<meta property=\"og:type\" content=\"article\" \/>\n<meta property=\"og:title\" content=\"RDCongo reabilita ferrovia e apresenta novo modelo de gest\u00e3o ligada ao Lobito - Portal Tela Portugal\" \/>\n<meta property=\"og:description\" content=\"A Rep\u00fablica Democr\u00e1tica do Congo vai lan\u00e7ar em abril um concurso para reabilitar a linha f\u00e9rrea que liga as regi\u00f5es mineiras congolesas \u00e0 fronteira com Angola. A reabilita\u00e7\u00e3o prolongar\u00e1 o Corredor do Lobito. O projeto prev\u00ea um novo modelo de gest\u00e3o para o corredor. A iniciativa visa melhorar a liga\u00e7\u00e3o ferrovi\u00e1ria entre as regi\u00f5es mineiras e Angola.\" \/>\n<meta property=\"og:url\" content=\"https:\/\/portaltela.pt\/noticias\/2026\/02\/05\/rdcongo-reabilita-ferrovia-e-apresenta-novo-modelo-de-gestao-ligada-ao-lobito\/\" \/>\n<meta property=\"og:site_name\" content=\"Portal Tela Portugal\" \/>\n<meta property=\"article:published_time\" content=\"2026-02-05T15:32:00+00:00\" \/>\n<meta name=\"author\" content=\"Telinha\" \/>\n<meta name=\"twitter:card\" content=\"summary_large_image\" \/>\n<meta name=\"twitter:label1\" content=\"Escrito por\" \/>\n\t<meta name=\"twitter:data1\" content=\"Telinha\" \/>\n\t<meta name=\"twitter:label2\" content=\"Tempo estimado de leitura\" \/>\n\t<meta name=\"twitter:data2\" content=\"1 minuto\" \/>\n<script type=\"application\/ld+json\" class=\"yoast-schema-graph\">{\"@context\":\"https:\/\/schema.org\",\"@graph\":[{\"@type\":\"Article\",\"@id\":\"https:\/\/portaltela.pt\/noticias\/2026\/02\/05\/rdcongo-reabilita-ferrovia-e-apresenta-novo-modelo-de-gestao-ligada-ao-lobito\/#article\",\"isPartOf\":{\"@id\":\"https:\/\/portaltela.pt\/noticias\/2026\/02\/05\/rdcongo-reabilita-ferrovia-e-apresenta-novo-modelo-de-gestao-ligada-ao-lobito\/\"},\"author\":{\"name\":\"Telinha\",\"@id\":\"https:\/\/portaltela.pt\/#\/schema\/person\/c4278d4a6028830caff9ee44b42d32ed\"},\"headline\":\"RDCongo reabilita ferrovia e apresenta novo modelo de gest\u00e3o ligada ao Lobito\",\"datePublished\":\"2026-02-05T15:32:00+00:00\",\"mainEntityOfPage\":{\"@id\":\"https:\/\/portaltela.pt\/noticias\/2026\/02\/05\/rdcongo-reabilita-ferrovia-e-apresenta-novo-modelo-de-gestao-ligada-ao-lobito\/\"},\"wordCount\":121,\"image\":{\"@id\":\"https:\/\/portaltela.pt\/noticias\/2026\/02\/05\/rdcongo-reabilita-ferrovia-e-apresenta-novo-modelo-de-gestao-ligada-ao-lobito\/#primaryimage\"},\"thumbnailUrl\":\"https:\/\/portaltela.pt\/s.01k8rhncp4jt1\/2026\/02\/CACHE_780X1200_ANALOG_WATERMARKED_46495134_6492578_05022026025443.jpg\",\"keywords\":[\"Angola\",\"infraestrutura\",\"integra\u00e7\u00e3o internacional\",\"Lobito\",\"Rep\u00fablica Democr\u00e1tica do Congo\",\"transporte\"],\"articleSection\":[\"Not\u00edcias\"],\"inLanguage\":\"pt-PT\"},{\"@type\":\"WebPage\",\"@id\":\"https:\/\/portaltela.pt\/noticias\/2026\/02\/05\/rdcongo-reabilita-ferrovia-e-apresenta-novo-modelo-de-gestao-ligada-ao-lobito\/\",\"url\":\"https:\/\/portaltela.pt\/noticias\/2026\/02\/05\/rdcongo-reabilita-ferrovia-e-apresenta-novo-modelo-de-gestao-ligada-ao-lobito\/\",\"name\":\"RDCongo reabilita ferrovia e apresenta novo modelo de gest\u00e3o ligada ao Lobito - Portal Tela Portugal\",\"isPartOf\":{\"@id\":\"https:\/\/portaltela.pt\/#website\"},\"primaryImageOfPage\":{\"@id\":\"https:\/\/portaltela.pt\/noticias\/2026\/02\/05\/rdcongo-reabilita-ferrovia-e-apresenta-novo-modelo-de-gestao-ligada-ao-lobito\/#primaryimage\"},\"image\":{\"@id\":\"https:\/\/portaltela.pt\/noticias\/2026\/02\/05\/rdcongo-reabilita-ferrovia-e-apresenta-novo-modelo-de-gestao-ligada-ao-lobito\/#primaryimage\"},\"thumbnailUrl\":\"https:\/\/portaltela.pt\/s.01k8rhncp4jt1\/2026\/02\/CACHE_780X1200_ANALOG_WATERMARKED_46495134_6492578_05022026025443.jpg\",\"datePublished\":\"2026-02-05T15:32:00+00:00\",\"author\":{\"@id\":\"https:\/\/portaltela.pt\/#\/schema\/person\/c4278d4a6028830caff9ee44b42d32ed\"},\"breadcrumb\":{\"@id\":\"https:\/\/portaltela.pt\/noticias\/2026\/02\/05\/rdcongo-reabilita-ferrovia-e-apresenta-novo-modelo-de-gestao-ligada-ao-lobito\/#breadcrumb\"},\"inLanguage\":\"pt-PT\",\"potentialAction\":[{\"@type\":\"ReadAction\",\"target\":[\"https:\/\/portaltela.pt\/noticias\/2026\/02\/05\/rdcongo-reabilita-ferrovia-e-apresenta-novo-modelo-de-gestao-ligada-ao-lobito\/\"]}]},{\"@type\":\"ImageObject\",\"inLanguage\":\"pt-PT\",\"@id\":\"https:\/\/portaltela.pt\/noticias\/2026\/02\/05\/rdcongo-reabilita-ferrovia-e-apresenta-novo-modelo-de-gestao-ligada-ao-lobito\/#primaryimage\",\"url\":\"https:\/\/portaltela.pt\/s.01k8rhncp4jt1\/2026\/02\/CACHE_780X1200_ANALOG_WATERMARKED_46495134_6492578_05022026025443.jpg\",\"contentUrl\":\"https:\/\/portaltela.pt\/s.01k8rhncp4jt1\/2026\/02\/CACHE_780X1200_ANALOG_WATERMARKED_46495134_6492578_05022026025443.jpg\",\"width\":796,\"height\":448,\"caption\":\"RDCongo anuncia reabilita\u00e7\u00e3o e novo modelo de gest\u00e3o de ferrovia que liga ao Corredor do Lobito\"},{\"@type\":\"BreadcrumbList\",\"@id\":\"https:\/\/portaltela.pt\/noticias\/2026\/02\/05\/rdcongo-reabilita-ferrovia-e-apresenta-novo-modelo-de-gestao-ligada-ao-lobito\/#breadcrumb\",\"itemListElement\":[{\"@type\":\"ListItem\",\"position\":1,\"name\":\"In\u00edcio\",\"item\":\"https:\/\/portaltela.pt\/\"},{\"@type\":\"ListItem\",\"position\":2,\"name\":\"RDCongo reabilita ferrovia e apresenta novo modelo de gest\u00e3o ligada ao Lobito\"}]},{\"@type\":\"WebSite\",\"@id\":\"https:\/\/portaltela.pt\/#website\",\"url\":\"https:\/\/portaltela.pt\/\",\"name\":\"Portal Tela Portugal\",\"description\":\"\",\"potentialAction\":[{\"@type\":\"SearchAction\",\"target\":{\"@type\":\"EntryPoint\",\"urlTemplate\":\"https:\/\/portaltela.pt\/?s={search_term_string}\"},\"query-input\":{\"@type\":\"PropertyValueSpecification\",\"valueRequired\":true,\"valueName\":\"search_term_string\"}}],\"inLanguage\":\"pt-PT\"},{\"@type\":\"Person\",\"@id\":\"https:\/\/portaltela.pt\/#\/schema\/person\/c4278d4a6028830caff9ee44b42d32ed\",\"name\":\"Telinha\",\"image\":{\"@type\":\"ImageObject\",\"inLanguage\":\"pt-PT\",\"@id\":\"https:\/\/portaltela.pt\/s.01k8rhncp4jt1\/2025\/11\/talking-bot-125x125.png\",\"url\":\"https:\/\/portaltela.pt\/s.01k8rhncp4jt1\/2025\/11\/talking-bot-125x125.png\",\"contentUrl\":\"https:\/\/portaltela.pt\/s.01k8rhncp4jt1\/2025\/11\/talking-bot-125x125.png\",\"caption\":\"Telinha\"},\"sameAs\":[\"https:\/\/portaltela.pt\/\"],\"url\":\"https:\/\/portaltela.pt\/por\/367410592786\/\"}]}<\/script>\n<!-- \/ Yoast SEO plugin. -->","yoast_head_json":{"title":"RDCongo reabilita ferrovia e apresenta novo modelo de gest\u00e3o ligada ao Lobito - Portal Tela Portugal","robots":{"index":"index","follow":"follow","max-snippet":"max-snippet:-1","max-image-preview":"max-image-preview:large","max-video-preview":"max-video-preview:-1"},"og_locale":"pt_PT","og_type":"article","og_title":"RDCongo reabilita ferrovia e apresenta novo modelo de gest\u00e3o ligada ao Lobito - Portal Tela Portugal","og_description":"A Rep\u00fablica Democr\u00e1tica do Congo vai lan\u00e7ar em abril um concurso para reabilitar a linha f\u00e9rrea que liga as regi\u00f5es mineiras congolesas \u00e0 fronteira com Angola. A reabilita\u00e7\u00e3o prolongar\u00e1 o Corredor do Lobito. O projeto prev\u00ea um novo modelo de gest\u00e3o para o corredor. A iniciativa visa melhorar a liga\u00e7\u00e3o ferrovi\u00e1ria entre as regi\u00f5es mineiras e Angola.","og_url":"https:\/\/portaltela.pt\/noticias\/2026\/02\/05\/rdcongo-reabilita-ferrovia-e-apresenta-novo-modelo-de-gestao-ligada-ao-lobito\/","og_site_name":"Portal Tela Portugal","article_published_time":"2026-02-05T15:32:00+00:00","author":"Telinha","twitter_card":"summary_large_image","twitter_misc":{"Escrito por":"Telinha","Tempo estimado de leitura":"1 minuto"},"schema":{"@context":"https:\/\/schema.org","@graph":[{"@type":"Article","@id":"https:\/\/portaltela.pt\/noticias\/2026\/02\/05\/rdcongo-reabilita-ferrovia-e-apresenta-novo-modelo-de-gestao-ligada-ao-lobito\/#article","isPartOf":{"@id":"https:\/\/portaltela.pt\/noticias\/2026\/02\/05\/rdcongo-reabilita-ferrovia-e-apresenta-novo-modelo-de-gestao-ligada-ao-lobito\/"},"author":{"name":"Telinha","@id":"https:\/\/portaltela.pt\/#\/schema\/person\/c4278d4a6028830caff9ee44b42d32ed"},"headline":"RDCongo reabilita ferrovia e apresenta novo modelo de gest\u00e3o ligada ao Lobito","datePublished":"2026-02-05T15:32:00+00:00","mainEntityOfPage":{"@id":"https:\/\/portaltela.pt\/noticias\/2026\/02\/05\/rdcongo-reabilita-ferrovia-e-apresenta-novo-modelo-de-gestao-ligada-ao-lobito\/"},"wordCount":121,"image":{"@id":"https:\/\/portaltela.pt\/noticias\/2026\/02\/05\/rdcongo-reabilita-ferrovia-e-apresenta-novo-modelo-de-gestao-ligada-ao-lobito\/#primaryimage"},"thumbnailUrl":"https:\/\/portaltela.pt\/s.01k8rhncp4jt1\/2026\/02\/CACHE_780X1200_ANALOG_WATERMARKED_46495134_6492578_05022026025443.jpg","keywords":["Angola","infraestrutura","integra\u00e7\u00e3o internacional","Lobito","Rep\u00fablica Democr\u00e1tica do Congo","transporte"],"articleSection":["Not\u00edcias"],"inLanguage":"pt-PT"},{"@type":"WebPage","@id":"https:\/\/portaltela.pt\/noticias\/2026\/02\/05\/rdcongo-reabilita-ferrovia-e-apresenta-novo-modelo-de-gestao-ligada-ao-lobito\/","url":"https:\/\/portaltela.pt\/noticias\/2026\/02\/05\/rdcongo-reabilita-ferrovia-e-apresenta-novo-modelo-de-gestao-ligada-ao-lobito\/","name":"RDCongo reabilita ferrovia e apresenta novo modelo de gest\u00e3o ligada ao Lobito - Portal Tela Portugal","isPartOf":{"@id":"https:\/\/portaltela.pt\/#website"},"primaryImageOfPage":{"@id":"https:\/\/portaltela.pt\/noticias\/2026\/02\/05\/rdcongo-reabilita-ferrovia-e-apresenta-novo-modelo-de-gestao-ligada-ao-lobito\/#primaryimage"},"image":{"@id":"https:\/\/portaltela.pt\/noticias\/2026\/02\/05\/rdcongo-reabilita-ferrovia-e-apresenta-novo-modelo-de-gestao-ligada-ao-lobito\/#primaryimage"},"thumbnailUrl":"https:\/\/portaltela.pt\/s.01k8rhncp4jt1\/2026\/02\/CACHE_780X1200_ANALOG_WATERMARKED_46495134_6492578_05022026025443.jpg","datePublished":"2026-02-05T15:32:00+00:00","author":{"@id":"https:\/\/portaltela.pt\/#\/schema\/person\/c4278d4a6028830caff9ee44b42d32ed"},"breadcrumb":{"@id":"https:\/\/portaltela.pt\/noticias\/2026\/02\/05\/rdcongo-reabilita-ferrovia-e-apresenta-novo-modelo-de-gestao-ligada-ao-lobito\/#breadcrumb"},"inLanguage":"pt-PT","potentialAction":[{"@type":"ReadAction","target":["https:\/\/portaltela.pt\/noticias\/2026\/02\/05\/rdcongo-reabilita-ferrovia-e-apresenta-novo-modelo-de-gestao-ligada-ao-lobito\/"]}]},{"@type":"ImageObject","inLanguage":"pt-PT","@id":"https:\/\/portaltela.pt\/noticias\/2026\/02\/05\/rdcongo-reabilita-ferrovia-e-apresenta-novo-modelo-de-gestao-ligada-ao-lobito\/#primaryimage","url":"https:\/\/portaltela.pt\/s.01k8rhncp4jt1\/2026\/02\/CACHE_780X1200_ANALOG_WATERMARKED_46495134_6492578_05022026025443.jpg","contentUrl":"https:\/\/portaltela.pt\/s.01k8rhncp4jt1\/2026\/02\/CACHE_780X1200_ANALOG_WATERMARKED_46495134_6492578_05022026025443.jpg","width":796,"height":448,"caption":"RDCongo anuncia reabilita\u00e7\u00e3o e novo modelo de gest\u00e3o de ferrovia que liga ao Corredor do Lobito"},{"@type":"BreadcrumbList","@id":"https:\/\/portaltela.pt\/noticias\/2026\/02\/05\/rdcongo-reabilita-ferrovia-e-apresenta-novo-modelo-de-gestao-ligada-ao-lobito\/#breadcrumb","itemListElement":[{"@type":"ListItem","position":1,"name":"In\u00edcio","item":"https:\/\/portaltela.pt\/"},{"@type":"ListItem","position":2,"name":"RDCongo reabilita ferrovia e apresenta novo modelo de gest\u00e3o ligada ao Lobito"}]},{"@type":"WebSite","@id":"https:\/\/portaltela.pt\/#website","url":"https:\/\/portaltela.pt\/","name":"Portal Tela Portugal","description":"","potentialAction":[{"@type":"SearchAction","target":{"@type":"EntryPoint","urlTemplate":"https:\/\/portaltela.pt\/?s={search_term_string}"},"query-input":{"@type":"PropertyValueSpecification","valueRequired":true,"valueName":"search_term_string"}}],"inLanguage":"pt-PT"},{"@type":"Person","@id":"https:\/\/portaltela.pt\/#\/schema\/person\/c4278d4a6028830caff9ee44b42d32ed","name":"Telinha","image":{"@type":"ImageObject","inLanguage":"pt-PT","@id":"https:\/\/portaltela.pt\/s.01k8rhncp4jt1\/2025\/11\/talking-bot-125x125.png","url":"https:\/\/portaltela.pt\/s.01k8rhncp4jt1\/2025\/11\/talking-bot-125x125.png","contentUrl":"https:\/\/portaltela.pt\/s.01k8rhncp4jt1\/2025\/11\/talking-bot-125x125.png","caption":"Telinha"},"sameAs":["https:\/\/portaltela.pt\/"],"url":"https:\/\/portaltela.pt\/por\/367410592786\/"}]}},"_links":{"self":[{"href":"https:\/\/portaltela.pt\/api\/wp\/v2\/posts\/200115","targetHints":{"allow":["GET"]}}],"collection":[{"href":"https:\/\/portaltela.pt\/api\/wp\/v2\/posts"}],"about":[{"href":"https:\/\/portaltela.pt\/api\/wp\/v2\/types\/post"}],"author":[{"embeddable":true,"href":"https:\/\/portaltela.pt\/api\/wp\/v2\/users\/2"}],"replies":[{"embeddable":true,"href":"https:\/\/portaltela.pt\/api\/wp\/v2\/comments?post=200115"}],"version-history":[{"count":0,"href":"https:\/\/portaltela.pt\/api\/wp\/v2\/posts\/200115\/revisions"}],"wp:featuredmedia":[{"embeddable":true,"href":"https:\/\/portaltela.pt\/api\/wp\/v2\/media\/200130"}],"wp:attachment":[{"href":"https:\/\/portaltela.pt\/api\/wp\/v2\/media?parent=200115"}],"wp:term":[{"taxonomy":"category","embeddable":true,"href":"https:\/\/portaltela.pt\/api\/wp\/v2\/categories?post=200115"},{"taxonomy":"post_tag","embeddable":true,"href":"https:\/\/portaltela.pt\/api\/wp\/v2\/tags?post=200115"}],"curies":[{"name":"wp","href":"https:\/\/api.w.org\/{rel}","templated":true}]}}