{"id":200091,"date":"2026-02-05T12:22:00","date_gmt":"2026-02-05T15:22:00","guid":{"rendered":"https:\/\/portaltela.pt\/noticias\/2026\/02\/05\/homem-morre-ao-cair-do-telhado-que-reparava-em-cernache-do-bonjardim\/"},"modified":"2026-02-05T12:22:00","modified_gmt":"2026-02-05T15:22:00","slug":"homem-morre-ao-cair-do-telhado-que-reparava-em-cernache-do-bonjardim","status":"publish","type":"post","link":"https:\/\/portaltela.pt\/noticias\/2026\/02\/05\/homem-morre-ao-cair-do-telhado-que-reparava-em-cernache-do-bonjardim\/","title":{"rendered":"Homem morre ao cair do telhado que reparava em Cernache do Bonjardim"},"content":{"rendered":"<p>Um homem na casa dos 70 anos morreu ao cair de umas escadas de alum\u00ednio que utilizava para reparar o telhado, na Aldeia de Palhais, Cernache do Bonjardim, no concelho da Sert\u00e3.<\/p>\n<p>A v\u00edtima foi encontrada no ch\u00e3o, sem sinais vitais, segundo a pesquisa policial no local.<\/p>\n<p>O alerta foi dado por volta das 14h00, informado \u00e0s autoridades locais.<\/p>\n<p>As circunst\u00e2ncias indicam que o acidente ocorreu durante o trabalho de manuten\u00e7\u00e3o do telhado, utilizando as escadas para aceder a uma \u00e1rea elevada.<\/p>\n<p>O concelho da Sert\u00e3 foi o mais afetado pela tempestade Kristin no distrito de Castelo Branco.<\/p>\n","protected":false},"excerpt":{"rendered":"<ul>\n<li>Um homem com cerca de 70 anos morreu ao cair de escadas de alum\u00ednio que usava para reparar um telhado na Aldeia de Palhais, Cernache do Bonjardim, no concelho da Sert\u00e3.<\/li>\n<li>A v\u00edtima foi encontrada no ch\u00e3o sem sinais vitais.<\/li>\n<li>O alerta foi recebido por volta das 14h00, na passada quarta-feira.<\/li>\n<li>O concelho da Sert\u00e3 foi o mais atingido pela tempestade Kristin no distrito de Castelo Branco.<\/li>\n<\/ul>\n","protected":false},"author":2,"featured_media":200095,"comment_status":"closed","ping_status":"closed","sticky":false,"template":"","format":"standard","meta":{"footnotes":""},"categories":[1],"tags":[5487,1112,5215,5481,2201],"class_list":["post-200091","post","type-post","status-publish","format-standard","has-post-thumbnail","hentry","category-noticias","tag-acidente","tag-castelo-branco","tag-catastrofes-naturais","tag-serta","tag-trabalho"],"yoast_head":"<!-- This site is optimized with the Yoast SEO plugin v27.2 - https:\/\/yoast.com\/product\/yoast-seo-wordpress\/ -->\n<title>Homem morre ao cair do telhado que reparava em Cernache do Bonjardim - Portal Tela Portugal<\/title>\n<meta name=\"robots\" content=\"index, follow, max-snippet:-1, max-image-preview:large, max-video-preview:-1\" \/>\n<meta property=\"og:locale\" content=\"pt_PT\" \/>\n<meta property=\"og:type\" content=\"article\" \/>\n<meta property=\"og:title\" content=\"Homem morre ao cair do telhado que reparava em Cernache do Bonjardim - Portal Tela Portugal\" \/>\n<meta property=\"og:description\" content=\"Um homem com cerca de 70 anos morreu ao cair de escadas de alum\u00ednio que usava para reparar um telhado na Aldeia de Palhais, Cernache do Bonjardim, no concelho da Sert\u00e3. A v\u00edtima foi encontrada no ch\u00e3o sem sinais vitais. O alerta foi recebido por volta das 14h00, na passada quarta-feira. O concelho da Sert\u00e3 foi o mais atingido pela tempestade Kristin no distrito de Castelo Branco.\" \/>\n<meta property=\"og:url\" content=\"https:\/\/portaltela.pt\/noticias\/2026\/02\/05\/homem-morre-ao-cair-do-telhado-que-reparava-em-cernache-do-bonjardim\/\" \/>\n<meta property=\"og:site_name\" content=\"Portal Tela Portugal\" \/>\n<meta property=\"article:published_time\" content=\"2026-02-05T15:22:00+00:00\" \/>\n<meta name=\"author\" content=\"Telinha\" \/>\n<meta name=\"twitter:card\" content=\"summary_large_image\" \/>\n<meta name=\"twitter:label1\" content=\"Escrito por\" \/>\n\t<meta name=\"twitter:data1\" content=\"Telinha\" \/>\n\t<meta name=\"twitter:label2\" content=\"Tempo estimado de leitura\" \/>\n\t<meta name=\"twitter:data2\" content=\"1 minuto\" \/>\n<script type=\"application\/ld+json\" class=\"yoast-schema-graph\">{\"@context\":\"https:\/\/schema.org\",\"@graph\":[{\"@type\":\"Article\",\"@id\":\"https:\/\/portaltela.pt\/noticias\/2026\/02\/05\/homem-morre-ao-cair-do-telhado-que-reparava-em-cernache-do-bonjardim\/#article\",\"isPartOf\":{\"@id\":\"https:\/\/portaltela.pt\/noticias\/2026\/02\/05\/homem-morre-ao-cair-do-telhado-que-reparava-em-cernache-do-bonjardim\/\"},\"author\":{\"name\":\"Telinha\",\"@id\":\"https:\/\/portaltela.pt\/#\/schema\/person\/c4278d4a6028830caff9ee44b42d32ed\"},\"headline\":\"Homem morre ao cair do telhado que reparava em Cernache do Bonjardim\",\"datePublished\":\"2026-02-05T15:22:00+00:00\",\"mainEntityOfPage\":{\"@id\":\"https:\/\/portaltela.pt\/noticias\/2026\/02\/05\/homem-morre-ao-cair-do-telhado-que-reparava-em-cernache-do-bonjardim\/\"},\"wordCount\":114,\"image\":{\"@id\":\"https:\/\/portaltela.pt\/noticias\/2026\/02\/05\/homem-morre-ao-cair-do-telhado-que-reparava-em-cernache-do-bonjardim\/#primaryimage\"},\"thumbnailUrl\":\"https:\/\/portaltela.pt\/s.01k8rhncp4jt1\/2026\/02\/img_1500x1000uu2026-01-31-13-40-21-2263756-3.jpg\",\"keywords\":[\"acidente\",\"Castelo Branco\",\"cat\u00e1strofes naturais\",\"Sert\u00e3\",\"trabalho\"],\"articleSection\":[\"Not\u00edcias\"],\"inLanguage\":\"pt-PT\"},{\"@type\":\"WebPage\",\"@id\":\"https:\/\/portaltela.pt\/noticias\/2026\/02\/05\/homem-morre-ao-cair-do-telhado-que-reparava-em-cernache-do-bonjardim\/\",\"url\":\"https:\/\/portaltela.pt\/noticias\/2026\/02\/05\/homem-morre-ao-cair-do-telhado-que-reparava-em-cernache-do-bonjardim\/\",\"name\":\"Homem morre ao cair do telhado que reparava em Cernache do Bonjardim - Portal Tela Portugal\",\"isPartOf\":{\"@id\":\"https:\/\/portaltela.pt\/#website\"},\"primaryImageOfPage\":{\"@id\":\"https:\/\/portaltela.pt\/noticias\/2026\/02\/05\/homem-morre-ao-cair-do-telhado-que-reparava-em-cernache-do-bonjardim\/#primaryimage\"},\"image\":{\"@id\":\"https:\/\/portaltela.pt\/noticias\/2026\/02\/05\/homem-morre-ao-cair-do-telhado-que-reparava-em-cernache-do-bonjardim\/#primaryimage\"},\"thumbnailUrl\":\"https:\/\/portaltela.pt\/s.01k8rhncp4jt1\/2026\/02\/img_1500x1000uu2026-01-31-13-40-21-2263756-3.jpg\",\"datePublished\":\"2026-02-05T15:22:00+00:00\",\"author\":{\"@id\":\"https:\/\/portaltela.pt\/#\/schema\/person\/c4278d4a6028830caff9ee44b42d32ed\"},\"breadcrumb\":{\"@id\":\"https:\/\/portaltela.pt\/noticias\/2026\/02\/05\/homem-morre-ao-cair-do-telhado-que-reparava-em-cernache-do-bonjardim\/#breadcrumb\"},\"inLanguage\":\"pt-PT\",\"potentialAction\":[{\"@type\":\"ReadAction\",\"target\":[\"https:\/\/portaltela.pt\/noticias\/2026\/02\/05\/homem-morre-ao-cair-do-telhado-que-reparava-em-cernache-do-bonjardim\/\"]}]},{\"@type\":\"ImageObject\",\"inLanguage\":\"pt-PT\",\"@id\":\"https:\/\/portaltela.pt\/noticias\/2026\/02\/05\/homem-morre-ao-cair-do-telhado-que-reparava-em-cernache-do-bonjardim\/#primaryimage\",\"url\":\"https:\/\/portaltela.pt\/s.01k8rhncp4jt1\/2026\/02\/img_1500x1000uu2026-01-31-13-40-21-2263756-3.jpg\",\"contentUrl\":\"https:\/\/portaltela.pt\/s.01k8rhncp4jt1\/2026\/02\/img_1500x1000uu2026-01-31-13-40-21-2263756-3.jpg\",\"width\":796,\"height\":448,\"caption\":\"Destrui\u00e7\u00e3o causada pela depress\u00e3o Kristin em Castelo Branco\"},{\"@type\":\"BreadcrumbList\",\"@id\":\"https:\/\/portaltela.pt\/noticias\/2026\/02\/05\/homem-morre-ao-cair-do-telhado-que-reparava-em-cernache-do-bonjardim\/#breadcrumb\",\"itemListElement\":[{\"@type\":\"ListItem\",\"position\":1,\"name\":\"In\u00edcio\",\"item\":\"https:\/\/portaltela.pt\/\"},{\"@type\":\"ListItem\",\"position\":2,\"name\":\"Homem morre ao cair do telhado que reparava em Cernache do Bonjardim\"}]},{\"@type\":\"WebSite\",\"@id\":\"https:\/\/portaltela.pt\/#website\",\"url\":\"https:\/\/portaltela.pt\/\",\"name\":\"Portal Tela Portugal\",\"description\":\"\",\"potentialAction\":[{\"@type\":\"SearchAction\",\"target\":{\"@type\":\"EntryPoint\",\"urlTemplate\":\"https:\/\/portaltela.pt\/?s={search_term_string}\"},\"query-input\":{\"@type\":\"PropertyValueSpecification\",\"valueRequired\":true,\"valueName\":\"search_term_string\"}}],\"inLanguage\":\"pt-PT\"},{\"@type\":\"Person\",\"@id\":\"https:\/\/portaltela.pt\/#\/schema\/person\/c4278d4a6028830caff9ee44b42d32ed\",\"name\":\"Telinha\",\"image\":{\"@type\":\"ImageObject\",\"inLanguage\":\"pt-PT\",\"@id\":\"https:\/\/portaltela.pt\/s.01k8rhncp4jt1\/2025\/11\/talking-bot-125x125.png\",\"url\":\"https:\/\/portaltela.pt\/s.01k8rhncp4jt1\/2025\/11\/talking-bot-125x125.png\",\"contentUrl\":\"https:\/\/portaltela.pt\/s.01k8rhncp4jt1\/2025\/11\/talking-bot-125x125.png\",\"caption\":\"Telinha\"},\"sameAs\":[\"https:\/\/portaltela.pt\/\"],\"url\":\"https:\/\/portaltela.pt\/por\/367410592786\/\"}]}<\/script>\n<!-- \/ Yoast SEO plugin. -->","yoast_head_json":{"title":"Homem morre ao cair do telhado que reparava em Cernache do Bonjardim - Portal Tela Portugal","robots":{"index":"index","follow":"follow","max-snippet":"max-snippet:-1","max-image-preview":"max-image-preview:large","max-video-preview":"max-video-preview:-1"},"og_locale":"pt_PT","og_type":"article","og_title":"Homem morre ao cair do telhado que reparava em Cernache do Bonjardim - Portal Tela Portugal","og_description":"Um homem com cerca de 70 anos morreu ao cair de escadas de alum\u00ednio que usava para reparar um telhado na Aldeia de Palhais, Cernache do Bonjardim, no concelho da Sert\u00e3. A v\u00edtima foi encontrada no ch\u00e3o sem sinais vitais. O alerta foi recebido por volta das 14h00, na passada quarta-feira. O concelho da Sert\u00e3 foi o mais atingido pela tempestade Kristin no distrito de Castelo Branco.","og_url":"https:\/\/portaltela.pt\/noticias\/2026\/02\/05\/homem-morre-ao-cair-do-telhado-que-reparava-em-cernache-do-bonjardim\/","og_site_name":"Portal Tela Portugal","article_published_time":"2026-02-05T15:22:00+00:00","author":"Telinha","twitter_card":"summary_large_image","twitter_misc":{"Escrito por":"Telinha","Tempo estimado de leitura":"1 minuto"},"schema":{"@context":"https:\/\/schema.org","@graph":[{"@type":"Article","@id":"https:\/\/portaltela.pt\/noticias\/2026\/02\/05\/homem-morre-ao-cair-do-telhado-que-reparava-em-cernache-do-bonjardim\/#article","isPartOf":{"@id":"https:\/\/portaltela.pt\/noticias\/2026\/02\/05\/homem-morre-ao-cair-do-telhado-que-reparava-em-cernache-do-bonjardim\/"},"author":{"name":"Telinha","@id":"https:\/\/portaltela.pt\/#\/schema\/person\/c4278d4a6028830caff9ee44b42d32ed"},"headline":"Homem morre ao cair do telhado que reparava em Cernache do Bonjardim","datePublished":"2026-02-05T15:22:00+00:00","mainEntityOfPage":{"@id":"https:\/\/portaltela.pt\/noticias\/2026\/02\/05\/homem-morre-ao-cair-do-telhado-que-reparava-em-cernache-do-bonjardim\/"},"wordCount":114,"image":{"@id":"https:\/\/portaltela.pt\/noticias\/2026\/02\/05\/homem-morre-ao-cair-do-telhado-que-reparava-em-cernache-do-bonjardim\/#primaryimage"},"thumbnailUrl":"https:\/\/portaltela.pt\/s.01k8rhncp4jt1\/2026\/02\/img_1500x1000uu2026-01-31-13-40-21-2263756-3.jpg","keywords":["acidente","Castelo Branco","cat\u00e1strofes naturais","Sert\u00e3","trabalho"],"articleSection":["Not\u00edcias"],"inLanguage":"pt-PT"},{"@type":"WebPage","@id":"https:\/\/portaltela.pt\/noticias\/2026\/02\/05\/homem-morre-ao-cair-do-telhado-que-reparava-em-cernache-do-bonjardim\/","url":"https:\/\/portaltela.pt\/noticias\/2026\/02\/05\/homem-morre-ao-cair-do-telhado-que-reparava-em-cernache-do-bonjardim\/","name":"Homem morre ao cair do telhado que reparava em Cernache do Bonjardim - Portal Tela Portugal","isPartOf":{"@id":"https:\/\/portaltela.pt\/#website"},"primaryImageOfPage":{"@id":"https:\/\/portaltela.pt\/noticias\/2026\/02\/05\/homem-morre-ao-cair-do-telhado-que-reparava-em-cernache-do-bonjardim\/#primaryimage"},"image":{"@id":"https:\/\/portaltela.pt\/noticias\/2026\/02\/05\/homem-morre-ao-cair-do-telhado-que-reparava-em-cernache-do-bonjardim\/#primaryimage"},"thumbnailUrl":"https:\/\/portaltela.pt\/s.01k8rhncp4jt1\/2026\/02\/img_1500x1000uu2026-01-31-13-40-21-2263756-3.jpg","datePublished":"2026-02-05T15:22:00+00:00","author":{"@id":"https:\/\/portaltela.pt\/#\/schema\/person\/c4278d4a6028830caff9ee44b42d32ed"},"breadcrumb":{"@id":"https:\/\/portaltela.pt\/noticias\/2026\/02\/05\/homem-morre-ao-cair-do-telhado-que-reparava-em-cernache-do-bonjardim\/#breadcrumb"},"inLanguage":"pt-PT","potentialAction":[{"@type":"ReadAction","target":["https:\/\/portaltela.pt\/noticias\/2026\/02\/05\/homem-morre-ao-cair-do-telhado-que-reparava-em-cernache-do-bonjardim\/"]}]},{"@type":"ImageObject","inLanguage":"pt-PT","@id":"https:\/\/portaltela.pt\/noticias\/2026\/02\/05\/homem-morre-ao-cair-do-telhado-que-reparava-em-cernache-do-bonjardim\/#primaryimage","url":"https:\/\/portaltela.pt\/s.01k8rhncp4jt1\/2026\/02\/img_1500x1000uu2026-01-31-13-40-21-2263756-3.jpg","contentUrl":"https:\/\/portaltela.pt\/s.01k8rhncp4jt1\/2026\/02\/img_1500x1000uu2026-01-31-13-40-21-2263756-3.jpg","width":796,"height":448,"caption":"Destrui\u00e7\u00e3o causada pela depress\u00e3o Kristin em Castelo Branco"},{"@type":"BreadcrumbList","@id":"https:\/\/portaltela.pt\/noticias\/2026\/02\/05\/homem-morre-ao-cair-do-telhado-que-reparava-em-cernache-do-bonjardim\/#breadcrumb","itemListElement":[{"@type":"ListItem","position":1,"name":"In\u00edcio","item":"https:\/\/portaltela.pt\/"},{"@type":"ListItem","position":2,"name":"Homem morre ao cair do telhado que reparava em Cernache do Bonjardim"}]},{"@type":"WebSite","@id":"https:\/\/portaltela.pt\/#website","url":"https:\/\/portaltela.pt\/","name":"Portal Tela Portugal","description":"","potentialAction":[{"@type":"SearchAction","target":{"@type":"EntryPoint","urlTemplate":"https:\/\/portaltela.pt\/?s={search_term_string}"},"query-input":{"@type":"PropertyValueSpecification","valueRequired":true,"valueName":"search_term_string"}}],"inLanguage":"pt-PT"},{"@type":"Person","@id":"https:\/\/portaltela.pt\/#\/schema\/person\/c4278d4a6028830caff9ee44b42d32ed","name":"Telinha","image":{"@type":"ImageObject","inLanguage":"pt-PT","@id":"https:\/\/portaltela.pt\/s.01k8rhncp4jt1\/2025\/11\/talking-bot-125x125.png","url":"https:\/\/portaltela.pt\/s.01k8rhncp4jt1\/2025\/11\/talking-bot-125x125.png","contentUrl":"https:\/\/portaltela.pt\/s.01k8rhncp4jt1\/2025\/11\/talking-bot-125x125.png","caption":"Telinha"},"sameAs":["https:\/\/portaltela.pt\/"],"url":"https:\/\/portaltela.pt\/por\/367410592786\/"}]}},"_links":{"self":[{"href":"https:\/\/portaltela.pt\/api\/wp\/v2\/posts\/200091","targetHints":{"allow":["GET"]}}],"collection":[{"href":"https:\/\/portaltela.pt\/api\/wp\/v2\/posts"}],"about":[{"href":"https:\/\/portaltela.pt\/api\/wp\/v2\/types\/post"}],"author":[{"embeddable":true,"href":"https:\/\/portaltela.pt\/api\/wp\/v2\/users\/2"}],"replies":[{"embeddable":true,"href":"https:\/\/portaltela.pt\/api\/wp\/v2\/comments?post=200091"}],"version-history":[{"count":0,"href":"https:\/\/portaltela.pt\/api\/wp\/v2\/posts\/200091\/revisions"}],"wp:featuredmedia":[{"embeddable":true,"href":"https:\/\/portaltela.pt\/api\/wp\/v2\/media\/200095"}],"wp:attachment":[{"href":"https:\/\/portaltela.pt\/api\/wp\/v2\/media?parent=200091"}],"wp:term":[{"taxonomy":"category","embeddable":true,"href":"https:\/\/portaltela.pt\/api\/wp\/v2\/categories?post=200091"},{"taxonomy":"post_tag","embeddable":true,"href":"https:\/\/portaltela.pt\/api\/wp\/v2\/tags?post=200091"}],"curies":[{"name":"wp","href":"https:\/\/api.w.org\/{rel}","templated":true}]}}