{"id":200090,"date":"2026-02-05T12:18:09","date_gmt":"2026-02-05T15:18:09","guid":{"rendered":"https:\/\/portaltela.pt\/noticias\/2026\/02\/05\/federacao-de-ginastica-cancela-prova-e-deslocacoes-por-mau-tempo\/"},"modified":"2026-02-05T12:18:09","modified_gmt":"2026-02-05T15:18:09","slug":"federacao-de-ginastica-cancela-prova-e-deslocacoes-por-mau-tempo","status":"publish","type":"post","link":"https:\/\/portaltela.pt\/desporto\/2026\/02\/05\/federacao-de-ginastica-cancela-prova-e-deslocacoes-por-mau-tempo\/","title":{"rendered":"Federa\u00e7\u00e3o de Gin\u00e1stica cancela prova e desloca\u00e7\u00f5es por mau tempo"},"content":{"rendered":"<p>A Federa\u00e7\u00e3o de Gin\u00e1stica de Portugal (FGP) interrompeu as competi\u00e7\u00f5es que envolvam desloca\u00e7\u00f5es previstas para este fim de semana. Entre os eventos cancelados est\u00e1 a prova interterritorial em Barrosa, junto a Benavente, devido ao mau tempo ainda presente no pa\u00eds. A decis\u00e3o visa a seguran\u00e7a de atletas, treinadores e staff.<\/p>\n<p>Segundo a FGP, a medida foi tomada para proteger a comunidade g\u00edmnica, independentemente de calend\u00e1rios ou resultados. O cancelamento abrange v\u00e1rias provas que exigem desloca\u00e7\u00e3o entre regi\u00f5es, j\u00e1 que as previs\u00f5es apontam para pior situa\u00e7\u00e3o clim\u00e1tica.<\/p>\n<p>O mau tempo tem causado interrup\u00e7\u00f5es generalizadas em Portugal, com mais de uma dezena de mortes desde a passagem das depress\u00f5es Kristin e Leonardo. Al\u00e9m das fatalidades, h\u00e1 centenas de feridos e milhares de desalojados, bem como danos em infraestruturas.<\/p>\n<p>As regi\u00f5es mais afetadas s\u00e3o o Centro, Lisboa e Vale do Tejo e o Alentejo. O Governo declarou calamidade em 68 concelhos at\u00e9 domingo e aprovou um pacote de apoio de at\u00e9 2,5 mil milh\u00f5es de euros.<\/p>\n<p>Medidas emergenciais incluem o fecho de estradas, interrup\u00e7\u00f5es em transportes, queda de energia, \u00e1gua e comunica\u00e7\u00f5es, bem como danos em casas, empresas e equipamentos. Diversas modalidades desportivas j\u00e1 tinham adotado medidas id\u00eanticas face ao mau tempo.<\/p>\n<p>A situa\u00e7\u00e3o exige vigil\u00e2ncia cont\u00ednua das autoridades, que monitorizam perspetivas clim\u00e1ticas para eventuais novas instru\u00e7\u00f5es. A FGP mant\u00e9m a comunica\u00e7\u00e3o de atualiza\u00e7\u00f5es assim que houver novas informa\u00e7\u00f5es.<\/p>\n","protected":false},"excerpt":{"rendered":"<ul>\n<li>A Federa\u00e7\u00e3o de Gin\u00e1stica de Portugal cancelou as competi\u00e7\u00f5es previstas para este fim de semana que envolvam desloca\u00e7\u00f5es, incluindo a prova interterritorial em Barrosa, perto de Benavente.<\/li>\n<li>A decis\u00e3o visa a seguran\u00e7a da comunidade gimn\u30c3\u30afa face ao mau tempo em Portugal.<\/li>\n<li>Os cancelamentos de gin\u00e1stica juntam-se a medidas semelhantes em outras modalidades devido a quest\u00f5es de seguran\u00e7a e danos em infraestruturas.<\/li>\n<li>O temporal j\u00e1 fez onze mortos no pa\u00eds desde a passagem das depress\u00f5es Kristin e Leonardo, com centenas de feridos e desalojados.<\/li>\n<li>O Governo declarou calamidade at\u00e9 domingo para 68 concelhos e anunciou um pacote de apoio de at\u00e9 2,5 mil milh\u00f5es de euros.<\/li>\n<\/ul>\n","protected":false},"author":2,"featured_media":200094,"comment_status":"closed","ping_status":"closed","sticky":false,"template":"","format":"standard","meta":{"footnotes":""},"categories":[21],"tags":[5520,1446,4687,4191,152,138],"class_list":["post-200090","post","type-post","status-publish","format-standard","has-post-thumbnail","hentry","category-desporto","tag-barrosa","tag-benavente","tag-calamidade-publica","tag-deslocacoes","tag-desporto","tag-ginastica"],"yoast_head":"<!-- This site is optimized with the Yoast SEO plugin v27.2 - https:\/\/yoast.com\/product\/yoast-seo-wordpress\/ -->\n<title>Federa\u00e7\u00e3o de Gin\u00e1stica cancela prova e desloca\u00e7\u00f5es por mau tempo - Portal Tela Portugal<\/title>\n<meta name=\"robots\" content=\"index, follow, max-snippet:-1, max-image-preview:large, max-video-preview:-1\" \/>\n<meta property=\"og:locale\" content=\"pt_PT\" \/>\n<meta property=\"og:type\" content=\"article\" \/>\n<meta property=\"og:title\" content=\"Federa\u00e7\u00e3o de Gin\u00e1stica cancela prova e desloca\u00e7\u00f5es por mau tempo - Portal Tela Portugal\" \/>\n<meta property=\"og:description\" content=\"A Federa\u00e7\u00e3o de Gin\u00e1stica de Portugal cancelou as competi\u00e7\u00f5es previstas para este fim de semana que envolvam desloca\u00e7\u00f5es, incluindo a prova interterritorial em Barrosa, perto de Benavente. A decis\u00e3o visa a seguran\u00e7a da comunidade gimn\u30c3\u30afa face ao mau tempo em Portugal. Os cancelamentos de gin\u00e1stica juntam-se a medidas semelhantes em outras modalidades devido a quest\u00f5es de seguran\u00e7a e danos em infraestruturas. O temporal j\u00e1 fez onze mortos no pa\u00eds desde a passagem das depress\u00f5es Kristin e Leonardo, com centenas de feridos e desalojados. O Governo declarou calamidade at\u00e9 domingo para 68 concelhos e anunciou um pacote de apoio de at\u00e9 2,5 mil milh\u00f5es de euros.\" \/>\n<meta property=\"og:url\" content=\"https:\/\/portaltela.pt\/noticias\/2026\/02\/05\/federacao-de-ginastica-cancela-prova-e-deslocacoes-por-mau-tempo\/\" \/>\n<meta property=\"og:site_name\" content=\"Portal Tela Portugal\" \/>\n<meta property=\"article:published_time\" content=\"2026-02-05T15:18:09+00:00\" \/>\n<meta name=\"author\" content=\"Telinha\" \/>\n<meta name=\"twitter:card\" content=\"summary_large_image\" \/>\n<meta name=\"twitter:label1\" content=\"Escrito por\" \/>\n\t<meta name=\"twitter:data1\" content=\"Telinha\" \/>\n\t<meta name=\"twitter:label2\" content=\"Tempo estimado de leitura\" \/>\n\t<meta name=\"twitter:data2\" content=\"1 minuto\" \/>\n<script type=\"application\/ld+json\" class=\"yoast-schema-graph\">{\"@context\":\"https:\/\/schema.org\",\"@graph\":[{\"@type\":\"Article\",\"@id\":\"https:\/\/portaltela.pt\/noticias\/2026\/02\/05\/federacao-de-ginastica-cancela-prova-e-deslocacoes-por-mau-tempo\/#article\",\"isPartOf\":{\"@id\":\"https:\/\/portaltela.pt\/noticias\/2026\/02\/05\/federacao-de-ginastica-cancela-prova-e-deslocacoes-por-mau-tempo\/\"},\"author\":{\"name\":\"Telinha\",\"@id\":\"https:\/\/portaltela.pt\/#\/schema\/person\/c4278d4a6028830caff9ee44b42d32ed\"},\"headline\":\"Federa\u00e7\u00e3o de Gin\u00e1stica cancela prova e desloca\u00e7\u00f5es por mau tempo\",\"datePublished\":\"2026-02-05T15:18:09+00:00\",\"mainEntityOfPage\":{\"@id\":\"https:\/\/portaltela.pt\/noticias\/2026\/02\/05\/federacao-de-ginastica-cancela-prova-e-deslocacoes-por-mau-tempo\/\"},\"wordCount\":270,\"image\":{\"@id\":\"https:\/\/portaltela.pt\/noticias\/2026\/02\/05\/federacao-de-ginastica-cancela-prova-e-deslocacoes-por-mau-tempo\/#primaryimage\"},\"thumbnailUrl\":\"https:\/\/portaltela.pt\/s.01k8rhncp4jt1\/2026\/02\/img_920x518uu2026-02-02-21-18-24-2419161-2.jpg\",\"keywords\":[\"Barrosa\",\"Benavente\",\"calamidade p\u00fablica\",\"desloca\u00e7\u00f5es\",\"desporto\",\"gin\u00e1stica\"],\"articleSection\":[\"Desporto\"],\"inLanguage\":\"pt-PT\"},{\"@type\":\"WebPage\",\"@id\":\"https:\/\/portaltela.pt\/noticias\/2026\/02\/05\/federacao-de-ginastica-cancela-prova-e-deslocacoes-por-mau-tempo\/\",\"url\":\"https:\/\/portaltela.pt\/noticias\/2026\/02\/05\/federacao-de-ginastica-cancela-prova-e-deslocacoes-por-mau-tempo\/\",\"name\":\"Federa\u00e7\u00e3o de Gin\u00e1stica cancela prova e desloca\u00e7\u00f5es por mau tempo - Portal Tela Portugal\",\"isPartOf\":{\"@id\":\"https:\/\/portaltela.pt\/#website\"},\"primaryImageOfPage\":{\"@id\":\"https:\/\/portaltela.pt\/noticias\/2026\/02\/05\/federacao-de-ginastica-cancela-prova-e-deslocacoes-por-mau-tempo\/#primaryimage\"},\"image\":{\"@id\":\"https:\/\/portaltela.pt\/noticias\/2026\/02\/05\/federacao-de-ginastica-cancela-prova-e-deslocacoes-por-mau-tempo\/#primaryimage\"},\"thumbnailUrl\":\"https:\/\/portaltela.pt\/s.01k8rhncp4jt1\/2026\/02\/img_920x518uu2026-02-02-21-18-24-2419161-2.jpg\",\"datePublished\":\"2026-02-05T15:18:09+00:00\",\"author\":{\"@id\":\"https:\/\/portaltela.pt\/#\/schema\/person\/c4278d4a6028830caff9ee44b42d32ed\"},\"breadcrumb\":{\"@id\":\"https:\/\/portaltela.pt\/noticias\/2026\/02\/05\/federacao-de-ginastica-cancela-prova-e-deslocacoes-por-mau-tempo\/#breadcrumb\"},\"inLanguage\":\"pt-PT\",\"potentialAction\":[{\"@type\":\"ReadAction\",\"target\":[\"https:\/\/portaltela.pt\/noticias\/2026\/02\/05\/federacao-de-ginastica-cancela-prova-e-deslocacoes-por-mau-tempo\/\"]}]},{\"@type\":\"ImageObject\",\"inLanguage\":\"pt-PT\",\"@id\":\"https:\/\/portaltela.pt\/noticias\/2026\/02\/05\/federacao-de-ginastica-cancela-prova-e-deslocacoes-por-mau-tempo\/#primaryimage\",\"url\":\"https:\/\/portaltela.pt\/s.01k8rhncp4jt1\/2026\/02\/img_920x518uu2026-02-02-21-18-24-2419161-2.jpg\",\"contentUrl\":\"https:\/\/portaltela.pt\/s.01k8rhncp4jt1\/2026\/02\/img_920x518uu2026-02-02-21-18-24-2419161-2.jpg\",\"width\":796,\"height\":448,\"caption\":\"Mau tempo\"},{\"@type\":\"BreadcrumbList\",\"@id\":\"https:\/\/portaltela.pt\/noticias\/2026\/02\/05\/federacao-de-ginastica-cancela-prova-e-deslocacoes-por-mau-tempo\/#breadcrumb\",\"itemListElement\":[{\"@type\":\"ListItem\",\"position\":1,\"name\":\"In\u00edcio\",\"item\":\"https:\/\/portaltela.pt\/\"},{\"@type\":\"ListItem\",\"position\":2,\"name\":\"Federa\u00e7\u00e3o de Gin\u00e1stica cancela prova e desloca\u00e7\u00f5es por mau tempo\"}]},{\"@type\":\"WebSite\",\"@id\":\"https:\/\/portaltela.pt\/#website\",\"url\":\"https:\/\/portaltela.pt\/\",\"name\":\"Portal Tela Portugal\",\"description\":\"\",\"potentialAction\":[{\"@type\":\"SearchAction\",\"target\":{\"@type\":\"EntryPoint\",\"urlTemplate\":\"https:\/\/portaltela.pt\/?s={search_term_string}\"},\"query-input\":{\"@type\":\"PropertyValueSpecification\",\"valueRequired\":true,\"valueName\":\"search_term_string\"}}],\"inLanguage\":\"pt-PT\"},{\"@type\":\"Person\",\"@id\":\"https:\/\/portaltela.pt\/#\/schema\/person\/c4278d4a6028830caff9ee44b42d32ed\",\"name\":\"Telinha\",\"image\":{\"@type\":\"ImageObject\",\"inLanguage\":\"pt-PT\",\"@id\":\"https:\/\/portaltela.pt\/s.01k8rhncp4jt1\/2025\/11\/talking-bot-125x125.png\",\"url\":\"https:\/\/portaltela.pt\/s.01k8rhncp4jt1\/2025\/11\/talking-bot-125x125.png\",\"contentUrl\":\"https:\/\/portaltela.pt\/s.01k8rhncp4jt1\/2025\/11\/talking-bot-125x125.png\",\"caption\":\"Telinha\"},\"sameAs\":[\"https:\/\/portaltela.pt\/\"],\"url\":\"https:\/\/portaltela.pt\/por\/367410592786\/\"}]}<\/script>\n<!-- \/ Yoast SEO plugin. -->","yoast_head_json":{"title":"Federa\u00e7\u00e3o de Gin\u00e1stica cancela prova e desloca\u00e7\u00f5es por mau tempo - Portal Tela Portugal","robots":{"index":"index","follow":"follow","max-snippet":"max-snippet:-1","max-image-preview":"max-image-preview:large","max-video-preview":"max-video-preview:-1"},"og_locale":"pt_PT","og_type":"article","og_title":"Federa\u00e7\u00e3o de Gin\u00e1stica cancela prova e desloca\u00e7\u00f5es por mau tempo - Portal Tela Portugal","og_description":"A Federa\u00e7\u00e3o de Gin\u00e1stica de Portugal cancelou as competi\u00e7\u00f5es previstas para este fim de semana que envolvam desloca\u00e7\u00f5es, incluindo a prova interterritorial em Barrosa, perto de Benavente. A decis\u00e3o visa a seguran\u00e7a da comunidade gimn\u30c3\u30afa face ao mau tempo em Portugal. Os cancelamentos de gin\u00e1stica juntam-se a medidas semelhantes em outras modalidades devido a quest\u00f5es de seguran\u00e7a e danos em infraestruturas. O temporal j\u00e1 fez onze mortos no pa\u00eds desde a passagem das depress\u00f5es Kristin e Leonardo, com centenas de feridos e desalojados. O Governo declarou calamidade at\u00e9 domingo para 68 concelhos e anunciou um pacote de apoio de at\u00e9 2,5 mil milh\u00f5es de euros.","og_url":"https:\/\/portaltela.pt\/noticias\/2026\/02\/05\/federacao-de-ginastica-cancela-prova-e-deslocacoes-por-mau-tempo\/","og_site_name":"Portal Tela Portugal","article_published_time":"2026-02-05T15:18:09+00:00","author":"Telinha","twitter_card":"summary_large_image","twitter_misc":{"Escrito por":"Telinha","Tempo estimado de leitura":"1 minuto"},"schema":{"@context":"https:\/\/schema.org","@graph":[{"@type":"Article","@id":"https:\/\/portaltela.pt\/noticias\/2026\/02\/05\/federacao-de-ginastica-cancela-prova-e-deslocacoes-por-mau-tempo\/#article","isPartOf":{"@id":"https:\/\/portaltela.pt\/noticias\/2026\/02\/05\/federacao-de-ginastica-cancela-prova-e-deslocacoes-por-mau-tempo\/"},"author":{"name":"Telinha","@id":"https:\/\/portaltela.pt\/#\/schema\/person\/c4278d4a6028830caff9ee44b42d32ed"},"headline":"Federa\u00e7\u00e3o de Gin\u00e1stica cancela prova e desloca\u00e7\u00f5es por mau tempo","datePublished":"2026-02-05T15:18:09+00:00","mainEntityOfPage":{"@id":"https:\/\/portaltela.pt\/noticias\/2026\/02\/05\/federacao-de-ginastica-cancela-prova-e-deslocacoes-por-mau-tempo\/"},"wordCount":270,"image":{"@id":"https:\/\/portaltela.pt\/noticias\/2026\/02\/05\/federacao-de-ginastica-cancela-prova-e-deslocacoes-por-mau-tempo\/#primaryimage"},"thumbnailUrl":"https:\/\/portaltela.pt\/s.01k8rhncp4jt1\/2026\/02\/img_920x518uu2026-02-02-21-18-24-2419161-2.jpg","keywords":["Barrosa","Benavente","calamidade p\u00fablica","desloca\u00e7\u00f5es","desporto","gin\u00e1stica"],"articleSection":["Desporto"],"inLanguage":"pt-PT"},{"@type":"WebPage","@id":"https:\/\/portaltela.pt\/noticias\/2026\/02\/05\/federacao-de-ginastica-cancela-prova-e-deslocacoes-por-mau-tempo\/","url":"https:\/\/portaltela.pt\/noticias\/2026\/02\/05\/federacao-de-ginastica-cancela-prova-e-deslocacoes-por-mau-tempo\/","name":"Federa\u00e7\u00e3o de Gin\u00e1stica cancela prova e desloca\u00e7\u00f5es por mau tempo - Portal Tela Portugal","isPartOf":{"@id":"https:\/\/portaltela.pt\/#website"},"primaryImageOfPage":{"@id":"https:\/\/portaltela.pt\/noticias\/2026\/02\/05\/federacao-de-ginastica-cancela-prova-e-deslocacoes-por-mau-tempo\/#primaryimage"},"image":{"@id":"https:\/\/portaltela.pt\/noticias\/2026\/02\/05\/federacao-de-ginastica-cancela-prova-e-deslocacoes-por-mau-tempo\/#primaryimage"},"thumbnailUrl":"https:\/\/portaltela.pt\/s.01k8rhncp4jt1\/2026\/02\/img_920x518uu2026-02-02-21-18-24-2419161-2.jpg","datePublished":"2026-02-05T15:18:09+00:00","author":{"@id":"https:\/\/portaltela.pt\/#\/schema\/person\/c4278d4a6028830caff9ee44b42d32ed"},"breadcrumb":{"@id":"https:\/\/portaltela.pt\/noticias\/2026\/02\/05\/federacao-de-ginastica-cancela-prova-e-deslocacoes-por-mau-tempo\/#breadcrumb"},"inLanguage":"pt-PT","potentialAction":[{"@type":"ReadAction","target":["https:\/\/portaltela.pt\/noticias\/2026\/02\/05\/federacao-de-ginastica-cancela-prova-e-deslocacoes-por-mau-tempo\/"]}]},{"@type":"ImageObject","inLanguage":"pt-PT","@id":"https:\/\/portaltela.pt\/noticias\/2026\/02\/05\/federacao-de-ginastica-cancela-prova-e-deslocacoes-por-mau-tempo\/#primaryimage","url":"https:\/\/portaltela.pt\/s.01k8rhncp4jt1\/2026\/02\/img_920x518uu2026-02-02-21-18-24-2419161-2.jpg","contentUrl":"https:\/\/portaltela.pt\/s.01k8rhncp4jt1\/2026\/02\/img_920x518uu2026-02-02-21-18-24-2419161-2.jpg","width":796,"height":448,"caption":"Mau tempo"},{"@type":"BreadcrumbList","@id":"https:\/\/portaltela.pt\/noticias\/2026\/02\/05\/federacao-de-ginastica-cancela-prova-e-deslocacoes-por-mau-tempo\/#breadcrumb","itemListElement":[{"@type":"ListItem","position":1,"name":"In\u00edcio","item":"https:\/\/portaltela.pt\/"},{"@type":"ListItem","position":2,"name":"Federa\u00e7\u00e3o de Gin\u00e1stica cancela prova e desloca\u00e7\u00f5es por mau tempo"}]},{"@type":"WebSite","@id":"https:\/\/portaltela.pt\/#website","url":"https:\/\/portaltela.pt\/","name":"Portal Tela Portugal","description":"","potentialAction":[{"@type":"SearchAction","target":{"@type":"EntryPoint","urlTemplate":"https:\/\/portaltela.pt\/?s={search_term_string}"},"query-input":{"@type":"PropertyValueSpecification","valueRequired":true,"valueName":"search_term_string"}}],"inLanguage":"pt-PT"},{"@type":"Person","@id":"https:\/\/portaltela.pt\/#\/schema\/person\/c4278d4a6028830caff9ee44b42d32ed","name":"Telinha","image":{"@type":"ImageObject","inLanguage":"pt-PT","@id":"https:\/\/portaltela.pt\/s.01k8rhncp4jt1\/2025\/11\/talking-bot-125x125.png","url":"https:\/\/portaltela.pt\/s.01k8rhncp4jt1\/2025\/11\/talking-bot-125x125.png","contentUrl":"https:\/\/portaltela.pt\/s.01k8rhncp4jt1\/2025\/11\/talking-bot-125x125.png","caption":"Telinha"},"sameAs":["https:\/\/portaltela.pt\/"],"url":"https:\/\/portaltela.pt\/por\/367410592786\/"}]}},"_links":{"self":[{"href":"https:\/\/portaltela.pt\/api\/wp\/v2\/posts\/200090","targetHints":{"allow":["GET"]}}],"collection":[{"href":"https:\/\/portaltela.pt\/api\/wp\/v2\/posts"}],"about":[{"href":"https:\/\/portaltela.pt\/api\/wp\/v2\/types\/post"}],"author":[{"embeddable":true,"href":"https:\/\/portaltela.pt\/api\/wp\/v2\/users\/2"}],"replies":[{"embeddable":true,"href":"https:\/\/portaltela.pt\/api\/wp\/v2\/comments?post=200090"}],"version-history":[{"count":0,"href":"https:\/\/portaltela.pt\/api\/wp\/v2\/posts\/200090\/revisions"}],"wp:featuredmedia":[{"embeddable":true,"href":"https:\/\/portaltela.pt\/api\/wp\/v2\/media\/200094"}],"wp:attachment":[{"href":"https:\/\/portaltela.pt\/api\/wp\/v2\/media?parent=200090"}],"wp:term":[{"taxonomy":"category","embeddable":true,"href":"https:\/\/portaltela.pt\/api\/wp\/v2\/categories?post=200090"},{"taxonomy":"post_tag","embeddable":true,"href":"https:\/\/portaltela.pt\/api\/wp\/v2\/tags?post=200090"}],"curies":[{"name":"wp","href":"https:\/\/api.w.org\/{rel}","templated":true}]}}