{"id":200072,"date":"2026-02-05T12:04:00","date_gmt":"2026-02-05T15:04:00","guid":{"rendered":"https:\/\/portaltela.pt\/noticias\/2026\/02\/05\/hospital-regista-mais-de-500-vitimas-de-mutilacao-genital-feminina-em-dez-anos\/"},"modified":"2026-02-05T12:04:00","modified_gmt":"2026-02-05T15:04:00","slug":"hospital-regista-mais-de-500-vitimas-de-mutilacao-genital-feminina-em-dez-anos","status":"publish","type":"post","link":"https:\/\/portaltela.pt\/noticias\/2026\/02\/05\/hospital-regista-mais-de-500-vitimas-de-mutilacao-genital-feminina-em-dez-anos\/","title":{"rendered":"Hospital regista mais de 500 v\u00edtimas de mutila\u00e7\u00e3o genital feminina em dez anos"},"content":{"rendered":"<p>Mais de 500 v\u00edtimas de mutila\u00e7\u00e3o genital feminina foram identificadas num hospital em Portugal ao longo de dez anos. A informa\u00e7\u00e3o foi confirmada pela Unidade Local de Sa\u00fade Amadora-Sintra (ULSASI) a prop\u00f3sito do Dia Internacional da Toler\u00e2ncia Zero \u00e0 MGF.<\/p>\n<p>A maioria das v\u00edtimas s\u00e3o mulheres em idade f\u00e9rtil oriundas de Guin\u00e9-Bissau, Guin\u00e9-Conacri, Senegal, G\u00e2mbia, Nig\u00e9ria, Gana e Congo. Entre setembro de 2015 e dezembro de 2025 nasceram mais de 240 meninas filhas de m\u00e3es submetidas \u00e0 pr\u00e1tica.<\/p>\n<p>Para o Grupo de Trabalho Respons\u00e1vel pela MGF no Hospital Fernando Fonseca (HFF), os n\u00fameros refor\u00e7am a import\u00e2ncia da sensibiliza\u00e7\u00e3o e da capacita\u00e7\u00e3o dos profissionais de sa\u00fade para identificar e sinalizar estas situa\u00e7\u00f5es, prevenindo a pr\u00e1tica nas futuras gera\u00e7\u00f5es.<\/p>\n<h3>Descri\u00e7\u00e3o cl\u00ednica e impactos<\/h3>\n<p>Ana Paula Ferreira, diretora de Obstetr\u00edcia da ULSASI, afirma que apenas nos \u00faltimos dois anos foram identificados 128 casos. Entre as v\u00edtimas est\u00e3o quem vive em Portugal h\u00e1 anos e quem chegou recentemente, principalmente da Guin\u00e9.<\/p>\n<p>As v\u00edtimas podem n\u00e3o ter consci\u00eancia da mutila\u00e7\u00e3o. Em alguns casos, a rela\u00e7\u00e3o com a pr\u00e1tica surge apenas quando confrontadas com situa\u00e7\u00f5es do dia a dia, como diminui\u00e7\u00e3o do prazer sexual. Em graus elevados, h\u00e1 dor durante o ato sexual e maior dificuldade no parto.<\/p>\n<p>Do ponto de vista psicol\u00f3gico, h\u00e1 impacto significativo, j\u00e1 que parte do corpo foi removida sem consentimento. A equipa de sa\u00fade real\u00e7a a necessidade de apoio e informa\u00e7\u00e3o \u00e0s pacientes para compreender a situa\u00e7\u00e3o.<\/p>\n<h3>Trabalho de sensibiliza\u00e7\u00e3o<\/h3>\n<p>A dete\u00e7\u00e3o ocorre maioritariamente na gravidez, durante consultas de vigil\u00e2ncia ou na admiss\u00e3o \u00e0 maternidade, incluindo mulheres que chegam para o parto. O tempo de internamento limita a interven\u00e7\u00e3o a, em m\u00e9dia, tr\u00eas dias.<\/p>\n<p>Ap\u00f3s o parto, a equipa recolhe dados cl\u00ednicos sobre consci\u00eancia da mutila\u00e7\u00e3o, idade em que ocorreu e queixas ao longo da vida, como dor no ato sexual. O objetivo \u00e9 perceber abertura para evitar novas pr\u00e1ticas.<\/p>\n<h3>Continuidade de cuidado e envolvimento<\/h3>\n<p>Depois da alta, as mulheres s\u00e3o referenciadas para acompanhamento nas unidades de sa\u00fade locais, com registo numa plataforma nacional que envolve tamb\u00e9m filhas e beb\u00e9s. A equipa alerta para per\u00edodos de maior risco, como pausas letivas.<\/p>\n<p>A iniciativa envolve ainda a sensibiliza\u00e7\u00e3o de homens, cuidados de sa\u00fade prim\u00e1rios, pediatria e escolas. Profissionais s\u00e3o encorajados a compreender o contexto sociocultural e a cumprir a lei em Portugal, sem julgamentos.<\/p>\n<h3>Contexto legal e prioridades<\/h3>\n<p>A MGF \u00e9 definida pela remo\u00e7\u00e3o parcial ou total dos \u00f3rg\u00e3os genitais externos femininos, ou les\u00f5es nos mesmos, por raz\u00f5es n\u00e3o m\u00e9dicas. \u00c9 reconhecida como crime p\u00fablico e forma de maus-tratos, com viola\u00e7\u00e3o de direitos humanos.<\/p>\n<p>A ULSASI refor\u00e7a a import\u00e2ncia de a\u00e7\u00f5es de forma\u00e7\u00e3o e de coopera\u00e7\u00e3o entre sa\u00fade escolar e cuidados prim\u00e1rios para melhorar a dete\u00e7\u00e3o precoce e a prote\u00e7\u00e3o das meninas.<\/p>\n","protected":false},"excerpt":{"rendered":"<ul>\n<li>Hospital identificou mais de 500 v\u00edtimas de mutila\u00e7\u00e3o genital feminina nos \u00faltimos dez anos, com maior parte de mulheres em idade f\u00e9rtil provenientes de Guin\u00e9-Bissau, Guin\u00e9-Conacri, Senegal, G\u00e2mbia, Nig\u00e9ria, Gana e Congo.<\/li>\n<li>Entre setembro de 2015 e dezembro de 2025 nasceram mais de 240 meninas filhas de m\u00e3es submetidas a esta pr\u00e1tica.<\/li>\n<li>Nos \u00faltimos dois anos foram identificados 128 casos, destacando-se impactos como dor no ato sexual e parto com lacera\u00e7\u00f5es mais graves.<\/li>\n<li>A dete\u00e7\u00e3o ocorre principalmente durante a gravidez e o internamento; a equipa realiza sensibiliza\u00e7\u00e3o durante o parto, com m\u00e9dia de tr\u00eas dias de contacto, e depois encaminha para acompanhamento nas unidades de sa\u00fade.<\/li>\n<li>A sensibiliza\u00e7\u00e3o envolve homens e estende-se aos cuidados de sa\u00fade prim\u00e1rios, pediatria e escolas, com foco na preven\u00e7\u00e3o nas gera\u00e7\u00f5es futuras e na informa\u00e7\u00e3o sobre a lei e os direitos das meninas; a mutila\u00e7\u00e3o \u00e9 crime p\u00fablico.<\/li>\n<\/ul>\n","protected":false},"author":2,"featured_media":200078,"comment_status":"closed","ping_status":"closed","sticky":false,"template":"","format":"standard","meta":{"footnotes":""},"categories":[1],"tags":[5282,2633,3514,4601,1414,4425],"class_list":["post-200072","post","type-post","status-publish","format-standard","has-post-thumbnail","hentry","category-noticias","tag-direitos-da-mulher","tag-direitos-humanos","tag-guine-conacri","tag-guine-bissau","tag-mutilacao-genital-feminina","tag-profissionais-de-saude"],"yoast_head":"<!-- This site is optimized with the Yoast SEO plugin v27.2 - https:\/\/yoast.com\/product\/yoast-seo-wordpress\/ -->\n<title>Hospital regista mais de 500 v\u00edtimas de mutila\u00e7\u00e3o genital feminina em dez anos - Portal Tela Portugal<\/title>\n<meta name=\"robots\" content=\"index, follow, max-snippet:-1, max-image-preview:large, max-video-preview:-1\" \/>\n<meta property=\"og:locale\" content=\"pt_PT\" \/>\n<meta property=\"og:type\" content=\"article\" \/>\n<meta property=\"og:title\" content=\"Hospital regista mais de 500 v\u00edtimas de mutila\u00e7\u00e3o genital feminina em dez anos - Portal Tela Portugal\" \/>\n<meta property=\"og:description\" content=\"Hospital identificou mais de 500 v\u00edtimas de mutila\u00e7\u00e3o genital feminina nos \u00faltimos dez anos, com maior parte de mulheres em idade f\u00e9rtil provenientes de Guin\u00e9-Bissau, Guin\u00e9-Conacri, Senegal, G\u00e2mbia, Nig\u00e9ria, Gana e Congo. Entre setembro de 2015 e dezembro de 2025 nasceram mais de 240 meninas filhas de m\u00e3es submetidas a esta pr\u00e1tica. Nos \u00faltimos dois anos foram identificados 128 casos, destacando-se impactos como dor no ato sexual e parto com lacera\u00e7\u00f5es mais graves. A dete\u00e7\u00e3o ocorre principalmente durante a gravidez e o internamento; a equipa realiza sensibiliza\u00e7\u00e3o durante o parto, com m\u00e9dia de tr\u00eas dias de contacto, e depois encaminha para acompanhamento nas unidades de sa\u00fade. A sensibiliza\u00e7\u00e3o envolve homens e estende-se aos cuidados de sa\u00fade prim\u00e1rios, pediatria e escolas, com foco na preven\u00e7\u00e3o nas gera\u00e7\u00f5es futuras e na informa\u00e7\u00e3o sobre a lei e os direitos das meninas; a mutila\u00e7\u00e3o \u00e9 crime p\u00fablico.\" \/>\n<meta property=\"og:url\" content=\"https:\/\/portaltela.pt\/noticias\/2026\/02\/05\/hospital-regista-mais-de-500-vitimas-de-mutilacao-genital-feminina-em-dez-anos\/\" \/>\n<meta property=\"og:site_name\" content=\"Portal Tela Portugal\" \/>\n<meta property=\"article:published_time\" content=\"2026-02-05T15:04:00+00:00\" \/>\n<meta name=\"author\" content=\"Telinha\" \/>\n<meta name=\"twitter:card\" content=\"summary_large_image\" \/>\n<meta name=\"twitter:label1\" content=\"Escrito por\" \/>\n\t<meta name=\"twitter:data1\" content=\"Telinha\" \/>\n\t<meta name=\"twitter:label2\" content=\"Tempo estimado de leitura\" \/>\n\t<meta name=\"twitter:data2\" content=\"3 minutos\" \/>\n<script type=\"application\/ld+json\" class=\"yoast-schema-graph\">{\"@context\":\"https:\/\/schema.org\",\"@graph\":[{\"@type\":\"Article\",\"@id\":\"https:\/\/portaltela.pt\/noticias\/2026\/02\/05\/hospital-regista-mais-de-500-vitimas-de-mutilacao-genital-feminina-em-dez-anos\/#article\",\"isPartOf\":{\"@id\":\"https:\/\/portaltela.pt\/noticias\/2026\/02\/05\/hospital-regista-mais-de-500-vitimas-de-mutilacao-genital-feminina-em-dez-anos\/\"},\"author\":{\"name\":\"Telinha\",\"@id\":\"https:\/\/portaltela.pt\/#\/schema\/person\/c4278d4a6028830caff9ee44b42d32ed\"},\"headline\":\"Hospital regista mais de 500 v\u00edtimas de mutila\u00e7\u00e3o genital feminina em dez anos\",\"datePublished\":\"2026-02-05T15:04:00+00:00\",\"mainEntityOfPage\":{\"@id\":\"https:\/\/portaltela.pt\/noticias\/2026\/02\/05\/hospital-regista-mais-de-500-vitimas-de-mutilacao-genital-feminina-em-dez-anos\/\"},\"wordCount\":534,\"image\":{\"@id\":\"https:\/\/portaltela.pt\/noticias\/2026\/02\/05\/hospital-regista-mais-de-500-vitimas-de-mutilacao-genital-feminina-em-dez-anos\/#primaryimage\"},\"thumbnailUrl\":\"https:\/\/portaltela.pt\/s.01k8rhncp4jt1\/2026\/02\/image-385.jpg\",\"keywords\":[\"Direitos da Mulher\",\"direitos humanos\",\"Guin\u00e9 Conacri\",\"Guin\u00e9-Bissau\",\"mutila\u00e7\u00e3o genital feminina\",\"profissionais de sa\u00fade\"],\"articleSection\":[\"Not\u00edcias\"],\"inLanguage\":\"pt-PT\"},{\"@type\":\"WebPage\",\"@id\":\"https:\/\/portaltela.pt\/noticias\/2026\/02\/05\/hospital-regista-mais-de-500-vitimas-de-mutilacao-genital-feminina-em-dez-anos\/\",\"url\":\"https:\/\/portaltela.pt\/noticias\/2026\/02\/05\/hospital-regista-mais-de-500-vitimas-de-mutilacao-genital-feminina-em-dez-anos\/\",\"name\":\"Hospital regista mais de 500 v\u00edtimas de mutila\u00e7\u00e3o genital feminina em dez anos - Portal Tela Portugal\",\"isPartOf\":{\"@id\":\"https:\/\/portaltela.pt\/#website\"},\"primaryImageOfPage\":{\"@id\":\"https:\/\/portaltela.pt\/noticias\/2026\/02\/05\/hospital-regista-mais-de-500-vitimas-de-mutilacao-genital-feminina-em-dez-anos\/#primaryimage\"},\"image\":{\"@id\":\"https:\/\/portaltela.pt\/noticias\/2026\/02\/05\/hospital-regista-mais-de-500-vitimas-de-mutilacao-genital-feminina-em-dez-anos\/#primaryimage\"},\"thumbnailUrl\":\"https:\/\/portaltela.pt\/s.01k8rhncp4jt1\/2026\/02\/image-385.jpg\",\"datePublished\":\"2026-02-05T15:04:00+00:00\",\"author\":{\"@id\":\"https:\/\/portaltela.pt\/#\/schema\/person\/c4278d4a6028830caff9ee44b42d32ed\"},\"breadcrumb\":{\"@id\":\"https:\/\/portaltela.pt\/noticias\/2026\/02\/05\/hospital-regista-mais-de-500-vitimas-de-mutilacao-genital-feminina-em-dez-anos\/#breadcrumb\"},\"inLanguage\":\"pt-PT\",\"potentialAction\":[{\"@type\":\"ReadAction\",\"target\":[\"https:\/\/portaltela.pt\/noticias\/2026\/02\/05\/hospital-regista-mais-de-500-vitimas-de-mutilacao-genital-feminina-em-dez-anos\/\"]}]},{\"@type\":\"ImageObject\",\"inLanguage\":\"pt-PT\",\"@id\":\"https:\/\/portaltela.pt\/noticias\/2026\/02\/05\/hospital-regista-mais-de-500-vitimas-de-mutilacao-genital-feminina-em-dez-anos\/#primaryimage\",\"url\":\"https:\/\/portaltela.pt\/s.01k8rhncp4jt1\/2026\/02\/image-385.jpg\",\"contentUrl\":\"https:\/\/portaltela.pt\/s.01k8rhncp4jt1\/2026\/02\/image-385.jpg\",\"width\":796,\"height\":448,\"caption\":\"Foto: Leonel de Castro \/ Arquivo\"},{\"@type\":\"BreadcrumbList\",\"@id\":\"https:\/\/portaltela.pt\/noticias\/2026\/02\/05\/hospital-regista-mais-de-500-vitimas-de-mutilacao-genital-feminina-em-dez-anos\/#breadcrumb\",\"itemListElement\":[{\"@type\":\"ListItem\",\"position\":1,\"name\":\"In\u00edcio\",\"item\":\"https:\/\/portaltela.pt\/\"},{\"@type\":\"ListItem\",\"position\":2,\"name\":\"Hospital regista mais de 500 v\u00edtimas de mutila\u00e7\u00e3o genital feminina em dez anos\"}]},{\"@type\":\"WebSite\",\"@id\":\"https:\/\/portaltela.pt\/#website\",\"url\":\"https:\/\/portaltela.pt\/\",\"name\":\"Portal Tela Portugal\",\"description\":\"\",\"potentialAction\":[{\"@type\":\"SearchAction\",\"target\":{\"@type\":\"EntryPoint\",\"urlTemplate\":\"https:\/\/portaltela.pt\/?s={search_term_string}\"},\"query-input\":{\"@type\":\"PropertyValueSpecification\",\"valueRequired\":true,\"valueName\":\"search_term_string\"}}],\"inLanguage\":\"pt-PT\"},{\"@type\":\"Person\",\"@id\":\"https:\/\/portaltela.pt\/#\/schema\/person\/c4278d4a6028830caff9ee44b42d32ed\",\"name\":\"Telinha\",\"image\":{\"@type\":\"ImageObject\",\"inLanguage\":\"pt-PT\",\"@id\":\"https:\/\/portaltela.pt\/s.01k8rhncp4jt1\/2025\/11\/talking-bot-125x125.png\",\"url\":\"https:\/\/portaltela.pt\/s.01k8rhncp4jt1\/2025\/11\/talking-bot-125x125.png\",\"contentUrl\":\"https:\/\/portaltela.pt\/s.01k8rhncp4jt1\/2025\/11\/talking-bot-125x125.png\",\"caption\":\"Telinha\"},\"sameAs\":[\"https:\/\/portaltela.pt\/\"],\"url\":\"https:\/\/portaltela.pt\/por\/367410592786\/\"}]}<\/script>\n<!-- \/ Yoast SEO plugin. -->","yoast_head_json":{"title":"Hospital regista mais de 500 v\u00edtimas de mutila\u00e7\u00e3o genital feminina em dez anos - Portal Tela Portugal","robots":{"index":"index","follow":"follow","max-snippet":"max-snippet:-1","max-image-preview":"max-image-preview:large","max-video-preview":"max-video-preview:-1"},"og_locale":"pt_PT","og_type":"article","og_title":"Hospital regista mais de 500 v\u00edtimas de mutila\u00e7\u00e3o genital feminina em dez anos - Portal Tela Portugal","og_description":"Hospital identificou mais de 500 v\u00edtimas de mutila\u00e7\u00e3o genital feminina nos \u00faltimos dez anos, com maior parte de mulheres em idade f\u00e9rtil provenientes de Guin\u00e9-Bissau, Guin\u00e9-Conacri, Senegal, G\u00e2mbia, Nig\u00e9ria, Gana e Congo. Entre setembro de 2015 e dezembro de 2025 nasceram mais de 240 meninas filhas de m\u00e3es submetidas a esta pr\u00e1tica. Nos \u00faltimos dois anos foram identificados 128 casos, destacando-se impactos como dor no ato sexual e parto com lacera\u00e7\u00f5es mais graves. A dete\u00e7\u00e3o ocorre principalmente durante a gravidez e o internamento; a equipa realiza sensibiliza\u00e7\u00e3o durante o parto, com m\u00e9dia de tr\u00eas dias de contacto, e depois encaminha para acompanhamento nas unidades de sa\u00fade. A sensibiliza\u00e7\u00e3o envolve homens e estende-se aos cuidados de sa\u00fade prim\u00e1rios, pediatria e escolas, com foco na preven\u00e7\u00e3o nas gera\u00e7\u00f5es futuras e na informa\u00e7\u00e3o sobre a lei e os direitos das meninas; a mutila\u00e7\u00e3o \u00e9 crime p\u00fablico.","og_url":"https:\/\/portaltela.pt\/noticias\/2026\/02\/05\/hospital-regista-mais-de-500-vitimas-de-mutilacao-genital-feminina-em-dez-anos\/","og_site_name":"Portal Tela Portugal","article_published_time":"2026-02-05T15:04:00+00:00","author":"Telinha","twitter_card":"summary_large_image","twitter_misc":{"Escrito por":"Telinha","Tempo estimado de leitura":"3 minutos"},"schema":{"@context":"https:\/\/schema.org","@graph":[{"@type":"Article","@id":"https:\/\/portaltela.pt\/noticias\/2026\/02\/05\/hospital-regista-mais-de-500-vitimas-de-mutilacao-genital-feminina-em-dez-anos\/#article","isPartOf":{"@id":"https:\/\/portaltela.pt\/noticias\/2026\/02\/05\/hospital-regista-mais-de-500-vitimas-de-mutilacao-genital-feminina-em-dez-anos\/"},"author":{"name":"Telinha","@id":"https:\/\/portaltela.pt\/#\/schema\/person\/c4278d4a6028830caff9ee44b42d32ed"},"headline":"Hospital regista mais de 500 v\u00edtimas de mutila\u00e7\u00e3o genital feminina em dez anos","datePublished":"2026-02-05T15:04:00+00:00","mainEntityOfPage":{"@id":"https:\/\/portaltela.pt\/noticias\/2026\/02\/05\/hospital-regista-mais-de-500-vitimas-de-mutilacao-genital-feminina-em-dez-anos\/"},"wordCount":534,"image":{"@id":"https:\/\/portaltela.pt\/noticias\/2026\/02\/05\/hospital-regista-mais-de-500-vitimas-de-mutilacao-genital-feminina-em-dez-anos\/#primaryimage"},"thumbnailUrl":"https:\/\/portaltela.pt\/s.01k8rhncp4jt1\/2026\/02\/image-385.jpg","keywords":["Direitos da Mulher","direitos humanos","Guin\u00e9 Conacri","Guin\u00e9-Bissau","mutila\u00e7\u00e3o genital feminina","profissionais de sa\u00fade"],"articleSection":["Not\u00edcias"],"inLanguage":"pt-PT"},{"@type":"WebPage","@id":"https:\/\/portaltela.pt\/noticias\/2026\/02\/05\/hospital-regista-mais-de-500-vitimas-de-mutilacao-genital-feminina-em-dez-anos\/","url":"https:\/\/portaltela.pt\/noticias\/2026\/02\/05\/hospital-regista-mais-de-500-vitimas-de-mutilacao-genital-feminina-em-dez-anos\/","name":"Hospital regista mais de 500 v\u00edtimas de mutila\u00e7\u00e3o genital feminina em dez anos - Portal Tela Portugal","isPartOf":{"@id":"https:\/\/portaltela.pt\/#website"},"primaryImageOfPage":{"@id":"https:\/\/portaltela.pt\/noticias\/2026\/02\/05\/hospital-regista-mais-de-500-vitimas-de-mutilacao-genital-feminina-em-dez-anos\/#primaryimage"},"image":{"@id":"https:\/\/portaltela.pt\/noticias\/2026\/02\/05\/hospital-regista-mais-de-500-vitimas-de-mutilacao-genital-feminina-em-dez-anos\/#primaryimage"},"thumbnailUrl":"https:\/\/portaltela.pt\/s.01k8rhncp4jt1\/2026\/02\/image-385.jpg","datePublished":"2026-02-05T15:04:00+00:00","author":{"@id":"https:\/\/portaltela.pt\/#\/schema\/person\/c4278d4a6028830caff9ee44b42d32ed"},"breadcrumb":{"@id":"https:\/\/portaltela.pt\/noticias\/2026\/02\/05\/hospital-regista-mais-de-500-vitimas-de-mutilacao-genital-feminina-em-dez-anos\/#breadcrumb"},"inLanguage":"pt-PT","potentialAction":[{"@type":"ReadAction","target":["https:\/\/portaltela.pt\/noticias\/2026\/02\/05\/hospital-regista-mais-de-500-vitimas-de-mutilacao-genital-feminina-em-dez-anos\/"]}]},{"@type":"ImageObject","inLanguage":"pt-PT","@id":"https:\/\/portaltela.pt\/noticias\/2026\/02\/05\/hospital-regista-mais-de-500-vitimas-de-mutilacao-genital-feminina-em-dez-anos\/#primaryimage","url":"https:\/\/portaltela.pt\/s.01k8rhncp4jt1\/2026\/02\/image-385.jpg","contentUrl":"https:\/\/portaltela.pt\/s.01k8rhncp4jt1\/2026\/02\/image-385.jpg","width":796,"height":448,"caption":"Foto: Leonel de Castro \/ Arquivo"},{"@type":"BreadcrumbList","@id":"https:\/\/portaltela.pt\/noticias\/2026\/02\/05\/hospital-regista-mais-de-500-vitimas-de-mutilacao-genital-feminina-em-dez-anos\/#breadcrumb","itemListElement":[{"@type":"ListItem","position":1,"name":"In\u00edcio","item":"https:\/\/portaltela.pt\/"},{"@type":"ListItem","position":2,"name":"Hospital regista mais de 500 v\u00edtimas de mutila\u00e7\u00e3o genital feminina em dez anos"}]},{"@type":"WebSite","@id":"https:\/\/portaltela.pt\/#website","url":"https:\/\/portaltela.pt\/","name":"Portal Tela Portugal","description":"","potentialAction":[{"@type":"SearchAction","target":{"@type":"EntryPoint","urlTemplate":"https:\/\/portaltela.pt\/?s={search_term_string}"},"query-input":{"@type":"PropertyValueSpecification","valueRequired":true,"valueName":"search_term_string"}}],"inLanguage":"pt-PT"},{"@type":"Person","@id":"https:\/\/portaltela.pt\/#\/schema\/person\/c4278d4a6028830caff9ee44b42d32ed","name":"Telinha","image":{"@type":"ImageObject","inLanguage":"pt-PT","@id":"https:\/\/portaltela.pt\/s.01k8rhncp4jt1\/2025\/11\/talking-bot-125x125.png","url":"https:\/\/portaltela.pt\/s.01k8rhncp4jt1\/2025\/11\/talking-bot-125x125.png","contentUrl":"https:\/\/portaltela.pt\/s.01k8rhncp4jt1\/2025\/11\/talking-bot-125x125.png","caption":"Telinha"},"sameAs":["https:\/\/portaltela.pt\/"],"url":"https:\/\/portaltela.pt\/por\/367410592786\/"}]}},"_links":{"self":[{"href":"https:\/\/portaltela.pt\/api\/wp\/v2\/posts\/200072","targetHints":{"allow":["GET"]}}],"collection":[{"href":"https:\/\/portaltela.pt\/api\/wp\/v2\/posts"}],"about":[{"href":"https:\/\/portaltela.pt\/api\/wp\/v2\/types\/post"}],"author":[{"embeddable":true,"href":"https:\/\/portaltela.pt\/api\/wp\/v2\/users\/2"}],"replies":[{"embeddable":true,"href":"https:\/\/portaltela.pt\/api\/wp\/v2\/comments?post=200072"}],"version-history":[{"count":0,"href":"https:\/\/portaltela.pt\/api\/wp\/v2\/posts\/200072\/revisions"}],"wp:featuredmedia":[{"embeddable":true,"href":"https:\/\/portaltela.pt\/api\/wp\/v2\/media\/200078"}],"wp:attachment":[{"href":"https:\/\/portaltela.pt\/api\/wp\/v2\/media?parent=200072"}],"wp:term":[{"taxonomy":"category","embeddable":true,"href":"https:\/\/portaltela.pt\/api\/wp\/v2\/categories?post=200072"},{"taxonomy":"post_tag","embeddable":true,"href":"https:\/\/portaltela.pt\/api\/wp\/v2\/tags?post=200072"}],"curies":[{"name":"wp","href":"https:\/\/api.w.org\/{rel}","templated":true}]}}