{"id":200064,"date":"2026-02-05T12:04:18","date_gmt":"2026-02-05T15:04:18","guid":{"rendered":"https:\/\/portaltela.pt\/noticias\/2026\/02\/05\/casal-de-jovens-detido-em-coimbra-por-alegada-fuga-e-agressao-a-policia\/"},"modified":"2026-02-05T12:04:18","modified_gmt":"2026-02-05T15:04:18","slug":"casal-de-jovens-detido-em-coimbra-por-alegada-fuga-e-agressao-a-policia","status":"publish","type":"post","link":"https:\/\/portaltela.pt\/noticias\/2026\/02\/05\/casal-de-jovens-detido-em-coimbra-por-alegada-fuga-e-agressao-a-policia\/","title":{"rendered":"Casal de jovens detido em Coimbra por alegada fuga e agress\u00e3o a pol\u00edcia"},"content":{"rendered":"<p>Um casal de jovens foi detido na quarta-feira, na Pra\u00e7a do Com\u00e9rcio, em Coimbra, ap\u00f3s alegadamente um deles fugir e outro atirar ao ch\u00e3o um agente durante uma abordagem da PSP.<\/p>\n<p>Durante patrulhamento na Baixa da cidade, a PSP identificou a rapariga de 18 anos e o homem de 22 anos a vender supostamente subst\u00e2ncias estupefacientes, o que motivou a interven\u00e7\u00e3o policial. A jovem fugiu a p\u00e9.<\/p>\n<p>Ap\u00f3s a fuga, o jovem j\u00e1 detido ter\u00e1 atirado ao ch\u00e3o um dos agentes para evitar a captura. Seguiu-se a deten\u00e7\u00e3o da rapariga, e o homem, ao ter as algemas colocadas, agrediu com pontap\u00e9s o outro elemento da patrulha.<\/p>\n<p>Os dois agentes foram alvo de inj\u00farias. Na revista, a PSP apreendeu haxixe e 400 euros em dinheiro que estavam na posse da rapariga.<\/p>\n<p>O casal foi detido \u00e0s 12h30, por suspeita de resist\u00eancia e coa\u00e7\u00e3o sobre funcion\u00e1rio, incluindo inj\u00farias e agress\u00f5es a pol\u00edcias.<\/p>\n","protected":false},"excerpt":{"rendered":"<ul>\n<li>Aconteceu na Pra\u00e7a do Com\u00e9rcio, em Coimbra, durante uma a\u00e7\u00e3o de patrulhamento da PSP na Baixa da cidade.<\/li>\n<li>Um casal, rapariga de 18 anos e homem de 22, era investigado por suposto com\u00e9rcio de subst\u00e2ncias estupefacientes.<\/li>\n<li>A jovem fugiu a p\u00e9 e o homem atirou ao ch\u00e3o um agente para impedir a fuga.<\/li>\n<li>A rapariga foi intercetada e detida; o homem foi detido a seguir, tendo agredido com pontap\u00e9s um dos elementos da patrulha no momento da coloca\u00e7\u00e3o de algemas, recebendo inj\u00farias de ambos os agentes.<\/li>\n<li>Na revista, a PSP apreendeu haxixe e 400 euros; os dois foram detidos \u00e0s 12h30 por resist\u00eancia e coa\u00e7\u00e3o sobre funcion\u00e1rio, inj\u00farias e agress\u00f5es a pol\u00edcias.<\/li>\n<\/ul>\n","protected":false},"author":2,"featured_media":200068,"comment_status":"closed","ping_status":"closed","sticky":false,"template":"","format":"standard","meta":{"footnotes":""},"categories":[1],"tags":[2079,1070,4347,5518,488,5516],"class_list":["post-200064","post","type-post","status-publish","format-standard","has-post-thumbnail","hentry","category-noticias","tag-agressoes","tag-coimbra","tag-drogas","tag-injurias","tag-resistencia-e-coacao","tag-substancias-estupefacientes"],"yoast_head":"<!-- This site is optimized with the Yoast SEO plugin v27.2 - https:\/\/yoast.com\/product\/yoast-seo-wordpress\/ -->\n<title>Casal de jovens detido em Coimbra por alegada fuga e agress\u00e3o a pol\u00edcia - Portal Tela Portugal<\/title>\n<meta name=\"robots\" content=\"index, follow, max-snippet:-1, max-image-preview:large, max-video-preview:-1\" \/>\n<meta property=\"og:locale\" content=\"pt_PT\" \/>\n<meta property=\"og:type\" content=\"article\" \/>\n<meta property=\"og:title\" content=\"Casal de jovens detido em Coimbra por alegada fuga e agress\u00e3o a pol\u00edcia - Portal Tela Portugal\" \/>\n<meta property=\"og:description\" content=\"Aconteceu na Pra\u00e7a do Com\u00e9rcio, em Coimbra, durante uma a\u00e7\u00e3o de patrulhamento da PSP na Baixa da cidade. Um casal, rapariga de 18 anos e homem de 22, era investigado por suposto com\u00e9rcio de subst\u00e2ncias estupefacientes. A jovem fugiu a p\u00e9 e o homem atirou ao ch\u00e3o um agente para impedir a fuga. A rapariga foi intercetada e detida; o homem foi detido a seguir, tendo agredido com pontap\u00e9s um dos elementos da patrulha no momento da coloca\u00e7\u00e3o de algemas, recebendo inj\u00farias de ambos os agentes. Na revista, a PSP apreendeu haxixe e 400 euros; os dois foram detidos \u00e0s 12h30 por resist\u00eancia e coa\u00e7\u00e3o sobre funcion\u00e1rio, inj\u00farias e agress\u00f5es a pol\u00edcias.\" \/>\n<meta property=\"og:url\" content=\"https:\/\/portaltela.pt\/noticias\/2026\/02\/05\/casal-de-jovens-detido-em-coimbra-por-alegada-fuga-e-agressao-a-policia\/\" \/>\n<meta property=\"og:site_name\" content=\"Portal Tela Portugal\" \/>\n<meta property=\"article:published_time\" content=\"2026-02-05T15:04:18+00:00\" \/>\n<meta name=\"author\" content=\"Telinha\" \/>\n<meta name=\"twitter:card\" content=\"summary_large_image\" \/>\n<meta name=\"twitter:label1\" content=\"Escrito por\" \/>\n\t<meta name=\"twitter:data1\" content=\"Telinha\" \/>\n\t<meta name=\"twitter:label2\" content=\"Tempo estimado de leitura\" \/>\n\t<meta name=\"twitter:data2\" content=\"1 minuto\" \/>\n<script type=\"application\/ld+json\" class=\"yoast-schema-graph\">{\"@context\":\"https:\/\/schema.org\",\"@graph\":[{\"@type\":\"Article\",\"@id\":\"https:\/\/portaltela.pt\/noticias\/2026\/02\/05\/casal-de-jovens-detido-em-coimbra-por-alegada-fuga-e-agressao-a-policia\/#article\",\"isPartOf\":{\"@id\":\"https:\/\/portaltela.pt\/noticias\/2026\/02\/05\/casal-de-jovens-detido-em-coimbra-por-alegada-fuga-e-agressao-a-policia\/\"},\"author\":{\"name\":\"Telinha\",\"@id\":\"https:\/\/portaltela.pt\/#\/schema\/person\/c4278d4a6028830caff9ee44b42d32ed\"},\"headline\":\"Casal de jovens detido em Coimbra por alegada fuga e agress\u00e3o a pol\u00edcia\",\"datePublished\":\"2026-02-05T15:04:18+00:00\",\"mainEntityOfPage\":{\"@id\":\"https:\/\/portaltela.pt\/noticias\/2026\/02\/05\/casal-de-jovens-detido-em-coimbra-por-alegada-fuga-e-agressao-a-policia\/\"},\"wordCount\":179,\"image\":{\"@id\":\"https:\/\/portaltela.pt\/noticias\/2026\/02\/05\/casal-de-jovens-detido-em-coimbra-por-alegada-fuga-e-agressao-a-policia\/#primaryimage\"},\"thumbnailUrl\":\"https:\/\/portaltela.pt\/s.01k8rhncp4jt1\/2026\/02\/img_1500x1000uu2023-04-10-17-57-11-1321526.jpg\",\"keywords\":[\"agress\u00f5es\",\"Coimbra\",\"drogas\",\"inj\u00farias\",\"resist\u00eancia e coa\u00e7\u00e3o\",\"subst\u00e2ncias estupefacientes\"],\"articleSection\":[\"Not\u00edcias\"],\"inLanguage\":\"pt-PT\"},{\"@type\":\"WebPage\",\"@id\":\"https:\/\/portaltela.pt\/noticias\/2026\/02\/05\/casal-de-jovens-detido-em-coimbra-por-alegada-fuga-e-agressao-a-policia\/\",\"url\":\"https:\/\/portaltela.pt\/noticias\/2026\/02\/05\/casal-de-jovens-detido-em-coimbra-por-alegada-fuga-e-agressao-a-policia\/\",\"name\":\"Casal de jovens detido em Coimbra por alegada fuga e agress\u00e3o a pol\u00edcia - Portal Tela Portugal\",\"isPartOf\":{\"@id\":\"https:\/\/portaltela.pt\/#website\"},\"primaryImageOfPage\":{\"@id\":\"https:\/\/portaltela.pt\/noticias\/2026\/02\/05\/casal-de-jovens-detido-em-coimbra-por-alegada-fuga-e-agressao-a-policia\/#primaryimage\"},\"image\":{\"@id\":\"https:\/\/portaltela.pt\/noticias\/2026\/02\/05\/casal-de-jovens-detido-em-coimbra-por-alegada-fuga-e-agressao-a-policia\/#primaryimage\"},\"thumbnailUrl\":\"https:\/\/portaltela.pt\/s.01k8rhncp4jt1\/2026\/02\/img_1500x1000uu2023-04-10-17-57-11-1321526.jpg\",\"datePublished\":\"2026-02-05T15:04:18+00:00\",\"author\":{\"@id\":\"https:\/\/portaltela.pt\/#\/schema\/person\/c4278d4a6028830caff9ee44b42d32ed\"},\"breadcrumb\":{\"@id\":\"https:\/\/portaltela.pt\/noticias\/2026\/02\/05\/casal-de-jovens-detido-em-coimbra-por-alegada-fuga-e-agressao-a-policia\/#breadcrumb\"},\"inLanguage\":\"pt-PT\",\"potentialAction\":[{\"@type\":\"ReadAction\",\"target\":[\"https:\/\/portaltela.pt\/noticias\/2026\/02\/05\/casal-de-jovens-detido-em-coimbra-por-alegada-fuga-e-agressao-a-policia\/\"]}]},{\"@type\":\"ImageObject\",\"inLanguage\":\"pt-PT\",\"@id\":\"https:\/\/portaltela.pt\/noticias\/2026\/02\/05\/casal-de-jovens-detido-em-coimbra-por-alegada-fuga-e-agressao-a-policia\/#primaryimage\",\"url\":\"https:\/\/portaltela.pt\/s.01k8rhncp4jt1\/2026\/02\/img_1500x1000uu2023-04-10-17-57-11-1321526.jpg\",\"contentUrl\":\"https:\/\/portaltela.pt\/s.01k8rhncp4jt1\/2026\/02\/img_1500x1000uu2023-04-10-17-57-11-1321526.jpg\",\"width\":796,\"height\":448,\"caption\":\"PSP\"},{\"@type\":\"BreadcrumbList\",\"@id\":\"https:\/\/portaltela.pt\/noticias\/2026\/02\/05\/casal-de-jovens-detido-em-coimbra-por-alegada-fuga-e-agressao-a-policia\/#breadcrumb\",\"itemListElement\":[{\"@type\":\"ListItem\",\"position\":1,\"name\":\"In\u00edcio\",\"item\":\"https:\/\/portaltela.pt\/\"},{\"@type\":\"ListItem\",\"position\":2,\"name\":\"Casal de jovens detido em Coimbra por alegada fuga e agress\u00e3o a pol\u00edcia\"}]},{\"@type\":\"WebSite\",\"@id\":\"https:\/\/portaltela.pt\/#website\",\"url\":\"https:\/\/portaltela.pt\/\",\"name\":\"Portal Tela Portugal\",\"description\":\"\",\"potentialAction\":[{\"@type\":\"SearchAction\",\"target\":{\"@type\":\"EntryPoint\",\"urlTemplate\":\"https:\/\/portaltela.pt\/?s={search_term_string}\"},\"query-input\":{\"@type\":\"PropertyValueSpecification\",\"valueRequired\":true,\"valueName\":\"search_term_string\"}}],\"inLanguage\":\"pt-PT\"},{\"@type\":\"Person\",\"@id\":\"https:\/\/portaltela.pt\/#\/schema\/person\/c4278d4a6028830caff9ee44b42d32ed\",\"name\":\"Telinha\",\"image\":{\"@type\":\"ImageObject\",\"inLanguage\":\"pt-PT\",\"@id\":\"https:\/\/portaltela.pt\/s.01k8rhncp4jt1\/2025\/11\/talking-bot-125x125.png\",\"url\":\"https:\/\/portaltela.pt\/s.01k8rhncp4jt1\/2025\/11\/talking-bot-125x125.png\",\"contentUrl\":\"https:\/\/portaltela.pt\/s.01k8rhncp4jt1\/2025\/11\/talking-bot-125x125.png\",\"caption\":\"Telinha\"},\"sameAs\":[\"https:\/\/portaltela.pt\/\"],\"url\":\"https:\/\/portaltela.pt\/por\/367410592786\/\"}]}<\/script>\n<!-- \/ Yoast SEO plugin. -->","yoast_head_json":{"title":"Casal de jovens detido em Coimbra por alegada fuga e agress\u00e3o a pol\u00edcia - Portal Tela Portugal","robots":{"index":"index","follow":"follow","max-snippet":"max-snippet:-1","max-image-preview":"max-image-preview:large","max-video-preview":"max-video-preview:-1"},"og_locale":"pt_PT","og_type":"article","og_title":"Casal de jovens detido em Coimbra por alegada fuga e agress\u00e3o a pol\u00edcia - Portal Tela Portugal","og_description":"Aconteceu na Pra\u00e7a do Com\u00e9rcio, em Coimbra, durante uma a\u00e7\u00e3o de patrulhamento da PSP na Baixa da cidade. Um casal, rapariga de 18 anos e homem de 22, era investigado por suposto com\u00e9rcio de subst\u00e2ncias estupefacientes. A jovem fugiu a p\u00e9 e o homem atirou ao ch\u00e3o um agente para impedir a fuga. A rapariga foi intercetada e detida; o homem foi detido a seguir, tendo agredido com pontap\u00e9s um dos elementos da patrulha no momento da coloca\u00e7\u00e3o de algemas, recebendo inj\u00farias de ambos os agentes. Na revista, a PSP apreendeu haxixe e 400 euros; os dois foram detidos \u00e0s 12h30 por resist\u00eancia e coa\u00e7\u00e3o sobre funcion\u00e1rio, inj\u00farias e agress\u00f5es a pol\u00edcias.","og_url":"https:\/\/portaltela.pt\/noticias\/2026\/02\/05\/casal-de-jovens-detido-em-coimbra-por-alegada-fuga-e-agressao-a-policia\/","og_site_name":"Portal Tela Portugal","article_published_time":"2026-02-05T15:04:18+00:00","author":"Telinha","twitter_card":"summary_large_image","twitter_misc":{"Escrito por":"Telinha","Tempo estimado de leitura":"1 minuto"},"schema":{"@context":"https:\/\/schema.org","@graph":[{"@type":"Article","@id":"https:\/\/portaltela.pt\/noticias\/2026\/02\/05\/casal-de-jovens-detido-em-coimbra-por-alegada-fuga-e-agressao-a-policia\/#article","isPartOf":{"@id":"https:\/\/portaltela.pt\/noticias\/2026\/02\/05\/casal-de-jovens-detido-em-coimbra-por-alegada-fuga-e-agressao-a-policia\/"},"author":{"name":"Telinha","@id":"https:\/\/portaltela.pt\/#\/schema\/person\/c4278d4a6028830caff9ee44b42d32ed"},"headline":"Casal de jovens detido em Coimbra por alegada fuga e agress\u00e3o a pol\u00edcia","datePublished":"2026-02-05T15:04:18+00:00","mainEntityOfPage":{"@id":"https:\/\/portaltela.pt\/noticias\/2026\/02\/05\/casal-de-jovens-detido-em-coimbra-por-alegada-fuga-e-agressao-a-policia\/"},"wordCount":179,"image":{"@id":"https:\/\/portaltela.pt\/noticias\/2026\/02\/05\/casal-de-jovens-detido-em-coimbra-por-alegada-fuga-e-agressao-a-policia\/#primaryimage"},"thumbnailUrl":"https:\/\/portaltela.pt\/s.01k8rhncp4jt1\/2026\/02\/img_1500x1000uu2023-04-10-17-57-11-1321526.jpg","keywords":["agress\u00f5es","Coimbra","drogas","inj\u00farias","resist\u00eancia e coa\u00e7\u00e3o","subst\u00e2ncias estupefacientes"],"articleSection":["Not\u00edcias"],"inLanguage":"pt-PT"},{"@type":"WebPage","@id":"https:\/\/portaltela.pt\/noticias\/2026\/02\/05\/casal-de-jovens-detido-em-coimbra-por-alegada-fuga-e-agressao-a-policia\/","url":"https:\/\/portaltela.pt\/noticias\/2026\/02\/05\/casal-de-jovens-detido-em-coimbra-por-alegada-fuga-e-agressao-a-policia\/","name":"Casal de jovens detido em Coimbra por alegada fuga e agress\u00e3o a pol\u00edcia - Portal Tela Portugal","isPartOf":{"@id":"https:\/\/portaltela.pt\/#website"},"primaryImageOfPage":{"@id":"https:\/\/portaltela.pt\/noticias\/2026\/02\/05\/casal-de-jovens-detido-em-coimbra-por-alegada-fuga-e-agressao-a-policia\/#primaryimage"},"image":{"@id":"https:\/\/portaltela.pt\/noticias\/2026\/02\/05\/casal-de-jovens-detido-em-coimbra-por-alegada-fuga-e-agressao-a-policia\/#primaryimage"},"thumbnailUrl":"https:\/\/portaltela.pt\/s.01k8rhncp4jt1\/2026\/02\/img_1500x1000uu2023-04-10-17-57-11-1321526.jpg","datePublished":"2026-02-05T15:04:18+00:00","author":{"@id":"https:\/\/portaltela.pt\/#\/schema\/person\/c4278d4a6028830caff9ee44b42d32ed"},"breadcrumb":{"@id":"https:\/\/portaltela.pt\/noticias\/2026\/02\/05\/casal-de-jovens-detido-em-coimbra-por-alegada-fuga-e-agressao-a-policia\/#breadcrumb"},"inLanguage":"pt-PT","potentialAction":[{"@type":"ReadAction","target":["https:\/\/portaltela.pt\/noticias\/2026\/02\/05\/casal-de-jovens-detido-em-coimbra-por-alegada-fuga-e-agressao-a-policia\/"]}]},{"@type":"ImageObject","inLanguage":"pt-PT","@id":"https:\/\/portaltela.pt\/noticias\/2026\/02\/05\/casal-de-jovens-detido-em-coimbra-por-alegada-fuga-e-agressao-a-policia\/#primaryimage","url":"https:\/\/portaltela.pt\/s.01k8rhncp4jt1\/2026\/02\/img_1500x1000uu2023-04-10-17-57-11-1321526.jpg","contentUrl":"https:\/\/portaltela.pt\/s.01k8rhncp4jt1\/2026\/02\/img_1500x1000uu2023-04-10-17-57-11-1321526.jpg","width":796,"height":448,"caption":"PSP"},{"@type":"BreadcrumbList","@id":"https:\/\/portaltela.pt\/noticias\/2026\/02\/05\/casal-de-jovens-detido-em-coimbra-por-alegada-fuga-e-agressao-a-policia\/#breadcrumb","itemListElement":[{"@type":"ListItem","position":1,"name":"In\u00edcio","item":"https:\/\/portaltela.pt\/"},{"@type":"ListItem","position":2,"name":"Casal de jovens detido em Coimbra por alegada fuga e agress\u00e3o a pol\u00edcia"}]},{"@type":"WebSite","@id":"https:\/\/portaltela.pt\/#website","url":"https:\/\/portaltela.pt\/","name":"Portal Tela Portugal","description":"","potentialAction":[{"@type":"SearchAction","target":{"@type":"EntryPoint","urlTemplate":"https:\/\/portaltela.pt\/?s={search_term_string}"},"query-input":{"@type":"PropertyValueSpecification","valueRequired":true,"valueName":"search_term_string"}}],"inLanguage":"pt-PT"},{"@type":"Person","@id":"https:\/\/portaltela.pt\/#\/schema\/person\/c4278d4a6028830caff9ee44b42d32ed","name":"Telinha","image":{"@type":"ImageObject","inLanguage":"pt-PT","@id":"https:\/\/portaltela.pt\/s.01k8rhncp4jt1\/2025\/11\/talking-bot-125x125.png","url":"https:\/\/portaltela.pt\/s.01k8rhncp4jt1\/2025\/11\/talking-bot-125x125.png","contentUrl":"https:\/\/portaltela.pt\/s.01k8rhncp4jt1\/2025\/11\/talking-bot-125x125.png","caption":"Telinha"},"sameAs":["https:\/\/portaltela.pt\/"],"url":"https:\/\/portaltela.pt\/por\/367410592786\/"}]}},"_links":{"self":[{"href":"https:\/\/portaltela.pt\/api\/wp\/v2\/posts\/200064","targetHints":{"allow":["GET"]}}],"collection":[{"href":"https:\/\/portaltela.pt\/api\/wp\/v2\/posts"}],"about":[{"href":"https:\/\/portaltela.pt\/api\/wp\/v2\/types\/post"}],"author":[{"embeddable":true,"href":"https:\/\/portaltela.pt\/api\/wp\/v2\/users\/2"}],"replies":[{"embeddable":true,"href":"https:\/\/portaltela.pt\/api\/wp\/v2\/comments?post=200064"}],"version-history":[{"count":0,"href":"https:\/\/portaltela.pt\/api\/wp\/v2\/posts\/200064\/revisions"}],"wp:featuredmedia":[{"embeddable":true,"href":"https:\/\/portaltela.pt\/api\/wp\/v2\/media\/200068"}],"wp:attachment":[{"href":"https:\/\/portaltela.pt\/api\/wp\/v2\/media?parent=200064"}],"wp:term":[{"taxonomy":"category","embeddable":true,"href":"https:\/\/portaltela.pt\/api\/wp\/v2\/categories?post=200064"},{"taxonomy":"post_tag","embeddable":true,"href":"https:\/\/portaltela.pt\/api\/wp\/v2\/tags?post=200064"}],"curies":[{"name":"wp","href":"https:\/\/api.w.org\/{rel}","templated":true}]}}