{"id":200053,"date":"2026-02-05T12:05:00","date_gmt":"2026-02-05T15:05:00","guid":{"rendered":"https:\/\/portaltela.pt\/noticias\/2026\/02\/05\/bce-mantem-taxas-de-juro-nos-2\/"},"modified":"2026-02-05T12:05:00","modified_gmt":"2026-02-05T15:05:00","slug":"bce-mantem-taxas-de-juro-nos-2","status":"publish","type":"post","link":"https:\/\/portaltela.pt\/noticias\/2026\/02\/05\/bce-mantem-taxas-de-juro-nos-2\/","title":{"rendered":"BCE mant\u00e9m taxas de juro nos 2%"},"content":{"rendered":"<p>O Banco Central Europeu decidiu manter as taxas de juro nos 2% na quinta-feira, deixando a refer\u00eancia inalterada pela quarta reuni\u00e3o consecutiva. A decis\u00e3o, liderada pela presidente Christine Lagarde, surge apesar de a infla\u00e7\u00e3o na zona euro ter descido, estando acima de 2% apenas no m\u00e9dio prazo, segundo o BCE.<\/p>\n<p>O BCE justifica a decis\u00e3o com a avalia\u00e7\u00e3o de que a infla\u00e7\u00e3o dever\u00e1 estabilizar na meta de 2% no m\u00e9dio prazo. O organismo nota ainda que a economia da zona euro permanece resiliente, face a um ambiente externo desafiante, o que sustenta o ritmo de crescimento.<\/p>\n<p>A infla\u00e7\u00e3o hom\u00f3loga caiu para 1,7% em janeiro, com a descida impulsionada pela queda dos pre\u00e7os do petr\u00f3leo. A infla\u00e7\u00e3o subjacente recuou tamb\u00e9m, o que alimenta d\u00favidas sobre a possibilidade de defla\u00e7\u00e3o se instalar num cen\u00e1rio de economia de crescimento mais lento.<\/p>\n<p>Apesar disso, o BCE entende que, ap\u00f3s alguns meses abaixo de 2%, a infla\u00e7\u00e3o dever\u00e1 recuperar nos pr\u00f3ximos tempos. O comunicado aponta como fatores favor\u00e1veis a manuten\u00e7\u00e3o do crescimento o desemprego baixo e os balan\u00e7os privados s\u00f3lidos, al\u00e9m da continuidade da despesa p\u00fablica em defesa e infraestruturas.<\/p>\n<h3>Contexto econ\u00f3mico<\/h3>\n<p>Alguns analistas temem que, com a infla\u00e7\u00e3o sob press\u00e3o descendente, haja risco de queda de pre\u00e7os mais prolongada. O euro tem valorizado face ao d\u00f3lar, o que pode reduzir o custo de bens importados e pressionar ainda mais a infla\u00e7\u00e3o para baixo.<\/p>\n<p>Al\u00e9m disso, o BCE expressa cautela quanto a um poss\u00edvel vosso impacto de uma pol\u00edtica or\u00e7amental expansionista na Alemanha a partir deste ano. O banco ressalta que estes efeitos podem influenciar o desempenho da infla\u00e7\u00e3o no m\u00e9dio prazo.<\/p>\n","protected":false},"excerpt":{"rendered":"<ul>\n<li>O Banco Central Europeu manteve a taxa de juro principal nos 2%, pela quarta reuni\u00e3o consecutiva.<\/li>\n<li>A presidente Christine Lagarde disse que a infla\u00e7\u00e3o deve manter-se em torno da meta de 2% no m\u00e9dio prazo e que a economia da zona euro se tem revelado resiliente.<\/li>\n<li>Em janeiro, a infla\u00e7\u00e3o na zona euro caiu para 1,7%, com contributos da queda do petr\u00f3leo e da infla\u00e7\u00e3o subjacente a reduzir.<\/li>\n<li>Analistas temem que, com o crescimento baixo, a zona euro possa entrar em defla\u00e7\u00e3o se o euro continuar a valorizar-se face ao d\u00f3lar, influenciando os pre\u00e7os importados.<\/li>\n<li>O BCE destaca fatores de apoio ao crescimento, como desemprego baixo, balan\u00e7os privados s\u00f3lidos e despesa p\u00fablica gradual, mas continua atento a riscos inflacionistas decorrentes de uma pol\u00edtica or\u00e7amental alem\u00e3 mais expansionista.<\/li>\n<\/ul>\n","protected":false},"author":2,"featured_media":200054,"comment_status":"closed","ping_status":"closed","sticky":false,"template":"","format":"standard","meta":{"footnotes":""},"categories":[1],"tags":[3774,820,28,2487,1676,5511],"class_list":["post-200053","post","type-post","status-publish","format-standard","has-post-thumbnail","hentry","category-noticias","tag-bce","tag-desemprego","tag-economia","tag-europa","tag-inflacao","tag-politica-monetaria"],"yoast_head":"<!-- This site is optimized with the Yoast SEO plugin v27.2 - https:\/\/yoast.com\/product\/yoast-seo-wordpress\/ -->\n<title>BCE mant\u00e9m taxas de juro nos 2% - Portal Tela Portugal<\/title>\n<meta name=\"robots\" content=\"index, follow, max-snippet:-1, max-image-preview:large, max-video-preview:-1\" \/>\n<meta property=\"og:locale\" content=\"pt_PT\" \/>\n<meta property=\"og:type\" content=\"article\" \/>\n<meta property=\"og:title\" content=\"BCE mant\u00e9m taxas de juro nos 2% - Portal Tela Portugal\" \/>\n<meta property=\"og:description\" content=\"O Banco Central Europeu manteve a taxa de juro principal nos 2%, pela quarta reuni\u00e3o consecutiva. A presidente Christine Lagarde disse que a infla\u00e7\u00e3o deve manter-se em torno da meta de 2% no m\u00e9dio prazo e que a economia da zona euro se tem revelado resiliente. Em janeiro, a infla\u00e7\u00e3o na zona euro caiu para 1,7%, com contributos da queda do petr\u00f3leo e da infla\u00e7\u00e3o subjacente a reduzir. Analistas temem que, com o crescimento baixo, a zona euro possa entrar em defla\u00e7\u00e3o se o euro continuar a valorizar-se face ao d\u00f3lar, influenciando os pre\u00e7os importados. O BCE destaca fatores de apoio ao crescimento, como desemprego baixo, balan\u00e7os privados s\u00f3lidos e despesa p\u00fablica gradual, mas continua atento a riscos inflacionistas decorrentes de uma pol\u00edtica or\u00e7amental alem\u00e3 mais expansionista.\" \/>\n<meta property=\"og:url\" content=\"https:\/\/portaltela.pt\/noticias\/2026\/02\/05\/bce-mantem-taxas-de-juro-nos-2\/\" \/>\n<meta property=\"og:site_name\" content=\"Portal Tela Portugal\" \/>\n<meta property=\"article:published_time\" content=\"2026-02-05T15:05:00+00:00\" \/>\n<meta name=\"author\" content=\"Telinha\" \/>\n<meta name=\"twitter:card\" content=\"summary_large_image\" \/>\n<meta name=\"twitter:label1\" content=\"Escrito por\" \/>\n\t<meta name=\"twitter:data1\" content=\"Telinha\" \/>\n\t<meta name=\"twitter:label2\" content=\"Tempo estimado de leitura\" \/>\n\t<meta name=\"twitter:data2\" content=\"2 minutos\" \/>\n<script type=\"application\/ld+json\" class=\"yoast-schema-graph\">{\"@context\":\"https:\/\/schema.org\",\"@graph\":[{\"@type\":\"Article\",\"@id\":\"https:\/\/portaltela.pt\/noticias\/2026\/02\/05\/bce-mantem-taxas-de-juro-nos-2\/#article\",\"isPartOf\":{\"@id\":\"https:\/\/portaltela.pt\/noticias\/2026\/02\/05\/bce-mantem-taxas-de-juro-nos-2\/\"},\"author\":{\"name\":\"Telinha\",\"@id\":\"https:\/\/portaltela.pt\/#\/schema\/person\/c4278d4a6028830caff9ee44b42d32ed\"},\"headline\":\"BCE mant\u00e9m taxas de juro nos 2%\",\"datePublished\":\"2026-02-05T15:05:00+00:00\",\"mainEntityOfPage\":{\"@id\":\"https:\/\/portaltela.pt\/noticias\/2026\/02\/05\/bce-mantem-taxas-de-juro-nos-2\/\"},\"wordCount\":308,\"image\":{\"@id\":\"https:\/\/portaltela.pt\/noticias\/2026\/02\/05\/bce-mantem-taxas-de-juro-nos-2\/#primaryimage\"},\"thumbnailUrl\":\"https:\/\/portaltela.pt\/s.01k8rhncp4jt1\/2026\/02\/2064758.jpg\",\"keywords\":[\"BCE\",\"desemprego\",\"economia\",\"Europa\",\"infla\u00e7\u00e3o\",\"pol\u00edtica monet\u00e1ria\"],\"articleSection\":[\"Not\u00edcias\"],\"inLanguage\":\"pt-PT\"},{\"@type\":\"WebPage\",\"@id\":\"https:\/\/portaltela.pt\/noticias\/2026\/02\/05\/bce-mantem-taxas-de-juro-nos-2\/\",\"url\":\"https:\/\/portaltela.pt\/noticias\/2026\/02\/05\/bce-mantem-taxas-de-juro-nos-2\/\",\"name\":\"BCE mant\u00e9m taxas de juro nos 2% - Portal Tela Portugal\",\"isPartOf\":{\"@id\":\"https:\/\/portaltela.pt\/#website\"},\"primaryImageOfPage\":{\"@id\":\"https:\/\/portaltela.pt\/noticias\/2026\/02\/05\/bce-mantem-taxas-de-juro-nos-2\/#primaryimage\"},\"image\":{\"@id\":\"https:\/\/portaltela.pt\/noticias\/2026\/02\/05\/bce-mantem-taxas-de-juro-nos-2\/#primaryimage\"},\"thumbnailUrl\":\"https:\/\/portaltela.pt\/s.01k8rhncp4jt1\/2026\/02\/2064758.jpg\",\"datePublished\":\"2026-02-05T15:05:00+00:00\",\"author\":{\"@id\":\"https:\/\/portaltela.pt\/#\/schema\/person\/c4278d4a6028830caff9ee44b42d32ed\"},\"breadcrumb\":{\"@id\":\"https:\/\/portaltela.pt\/noticias\/2026\/02\/05\/bce-mantem-taxas-de-juro-nos-2\/#breadcrumb\"},\"inLanguage\":\"pt-PT\",\"potentialAction\":[{\"@type\":\"ReadAction\",\"target\":[\"https:\/\/portaltela.pt\/noticias\/2026\/02\/05\/bce-mantem-taxas-de-juro-nos-2\/\"]}]},{\"@type\":\"ImageObject\",\"inLanguage\":\"pt-PT\",\"@id\":\"https:\/\/portaltela.pt\/noticias\/2026\/02\/05\/bce-mantem-taxas-de-juro-nos-2\/#primaryimage\",\"url\":\"https:\/\/portaltela.pt\/s.01k8rhncp4jt1\/2026\/02\/2064758.jpg\",\"contentUrl\":\"https:\/\/portaltela.pt\/s.01k8rhncp4jt1\/2026\/02\/2064758.jpg\",\"width\":796,\"height\":448,\"caption\":\"Christine Lagarde, presidente do BCE\"},{\"@type\":\"BreadcrumbList\",\"@id\":\"https:\/\/portaltela.pt\/noticias\/2026\/02\/05\/bce-mantem-taxas-de-juro-nos-2\/#breadcrumb\",\"itemListElement\":[{\"@type\":\"ListItem\",\"position\":1,\"name\":\"In\u00edcio\",\"item\":\"https:\/\/portaltela.pt\/\"},{\"@type\":\"ListItem\",\"position\":2,\"name\":\"BCE mant\u00e9m taxas de juro nos 2%\"}]},{\"@type\":\"WebSite\",\"@id\":\"https:\/\/portaltela.pt\/#website\",\"url\":\"https:\/\/portaltela.pt\/\",\"name\":\"Portal Tela Portugal\",\"description\":\"\",\"potentialAction\":[{\"@type\":\"SearchAction\",\"target\":{\"@type\":\"EntryPoint\",\"urlTemplate\":\"https:\/\/portaltela.pt\/?s={search_term_string}\"},\"query-input\":{\"@type\":\"PropertyValueSpecification\",\"valueRequired\":true,\"valueName\":\"search_term_string\"}}],\"inLanguage\":\"pt-PT\"},{\"@type\":\"Person\",\"@id\":\"https:\/\/portaltela.pt\/#\/schema\/person\/c4278d4a6028830caff9ee44b42d32ed\",\"name\":\"Telinha\",\"image\":{\"@type\":\"ImageObject\",\"inLanguage\":\"pt-PT\",\"@id\":\"https:\/\/portaltela.pt\/s.01k8rhncp4jt1\/2025\/11\/talking-bot-125x125.png\",\"url\":\"https:\/\/portaltela.pt\/s.01k8rhncp4jt1\/2025\/11\/talking-bot-125x125.png\",\"contentUrl\":\"https:\/\/portaltela.pt\/s.01k8rhncp4jt1\/2025\/11\/talking-bot-125x125.png\",\"caption\":\"Telinha\"},\"sameAs\":[\"https:\/\/portaltela.pt\/\"],\"url\":\"https:\/\/portaltela.pt\/por\/367410592786\/\"}]}<\/script>\n<!-- \/ Yoast SEO plugin. -->","yoast_head_json":{"title":"BCE mant\u00e9m taxas de juro nos 2% - Portal Tela Portugal","robots":{"index":"index","follow":"follow","max-snippet":"max-snippet:-1","max-image-preview":"max-image-preview:large","max-video-preview":"max-video-preview:-1"},"og_locale":"pt_PT","og_type":"article","og_title":"BCE mant\u00e9m taxas de juro nos 2% - Portal Tela Portugal","og_description":"O Banco Central Europeu manteve a taxa de juro principal nos 2%, pela quarta reuni\u00e3o consecutiva. A presidente Christine Lagarde disse que a infla\u00e7\u00e3o deve manter-se em torno da meta de 2% no m\u00e9dio prazo e que a economia da zona euro se tem revelado resiliente. Em janeiro, a infla\u00e7\u00e3o na zona euro caiu para 1,7%, com contributos da queda do petr\u00f3leo e da infla\u00e7\u00e3o subjacente a reduzir. Analistas temem que, com o crescimento baixo, a zona euro possa entrar em defla\u00e7\u00e3o se o euro continuar a valorizar-se face ao d\u00f3lar, influenciando os pre\u00e7os importados. O BCE destaca fatores de apoio ao crescimento, como desemprego baixo, balan\u00e7os privados s\u00f3lidos e despesa p\u00fablica gradual, mas continua atento a riscos inflacionistas decorrentes de uma pol\u00edtica or\u00e7amental alem\u00e3 mais expansionista.","og_url":"https:\/\/portaltela.pt\/noticias\/2026\/02\/05\/bce-mantem-taxas-de-juro-nos-2\/","og_site_name":"Portal Tela Portugal","article_published_time":"2026-02-05T15:05:00+00:00","author":"Telinha","twitter_card":"summary_large_image","twitter_misc":{"Escrito por":"Telinha","Tempo estimado de leitura":"2 minutos"},"schema":{"@context":"https:\/\/schema.org","@graph":[{"@type":"Article","@id":"https:\/\/portaltela.pt\/noticias\/2026\/02\/05\/bce-mantem-taxas-de-juro-nos-2\/#article","isPartOf":{"@id":"https:\/\/portaltela.pt\/noticias\/2026\/02\/05\/bce-mantem-taxas-de-juro-nos-2\/"},"author":{"name":"Telinha","@id":"https:\/\/portaltela.pt\/#\/schema\/person\/c4278d4a6028830caff9ee44b42d32ed"},"headline":"BCE mant\u00e9m taxas de juro nos 2%","datePublished":"2026-02-05T15:05:00+00:00","mainEntityOfPage":{"@id":"https:\/\/portaltela.pt\/noticias\/2026\/02\/05\/bce-mantem-taxas-de-juro-nos-2\/"},"wordCount":308,"image":{"@id":"https:\/\/portaltela.pt\/noticias\/2026\/02\/05\/bce-mantem-taxas-de-juro-nos-2\/#primaryimage"},"thumbnailUrl":"https:\/\/portaltela.pt\/s.01k8rhncp4jt1\/2026\/02\/2064758.jpg","keywords":["BCE","desemprego","economia","Europa","infla\u00e7\u00e3o","pol\u00edtica monet\u00e1ria"],"articleSection":["Not\u00edcias"],"inLanguage":"pt-PT"},{"@type":"WebPage","@id":"https:\/\/portaltela.pt\/noticias\/2026\/02\/05\/bce-mantem-taxas-de-juro-nos-2\/","url":"https:\/\/portaltela.pt\/noticias\/2026\/02\/05\/bce-mantem-taxas-de-juro-nos-2\/","name":"BCE mant\u00e9m taxas de juro nos 2% - Portal Tela Portugal","isPartOf":{"@id":"https:\/\/portaltela.pt\/#website"},"primaryImageOfPage":{"@id":"https:\/\/portaltela.pt\/noticias\/2026\/02\/05\/bce-mantem-taxas-de-juro-nos-2\/#primaryimage"},"image":{"@id":"https:\/\/portaltela.pt\/noticias\/2026\/02\/05\/bce-mantem-taxas-de-juro-nos-2\/#primaryimage"},"thumbnailUrl":"https:\/\/portaltela.pt\/s.01k8rhncp4jt1\/2026\/02\/2064758.jpg","datePublished":"2026-02-05T15:05:00+00:00","author":{"@id":"https:\/\/portaltela.pt\/#\/schema\/person\/c4278d4a6028830caff9ee44b42d32ed"},"breadcrumb":{"@id":"https:\/\/portaltela.pt\/noticias\/2026\/02\/05\/bce-mantem-taxas-de-juro-nos-2\/#breadcrumb"},"inLanguage":"pt-PT","potentialAction":[{"@type":"ReadAction","target":["https:\/\/portaltela.pt\/noticias\/2026\/02\/05\/bce-mantem-taxas-de-juro-nos-2\/"]}]},{"@type":"ImageObject","inLanguage":"pt-PT","@id":"https:\/\/portaltela.pt\/noticias\/2026\/02\/05\/bce-mantem-taxas-de-juro-nos-2\/#primaryimage","url":"https:\/\/portaltela.pt\/s.01k8rhncp4jt1\/2026\/02\/2064758.jpg","contentUrl":"https:\/\/portaltela.pt\/s.01k8rhncp4jt1\/2026\/02\/2064758.jpg","width":796,"height":448,"caption":"Christine Lagarde, presidente do BCE"},{"@type":"BreadcrumbList","@id":"https:\/\/portaltela.pt\/noticias\/2026\/02\/05\/bce-mantem-taxas-de-juro-nos-2\/#breadcrumb","itemListElement":[{"@type":"ListItem","position":1,"name":"In\u00edcio","item":"https:\/\/portaltela.pt\/"},{"@type":"ListItem","position":2,"name":"BCE mant\u00e9m taxas de juro nos 2%"}]},{"@type":"WebSite","@id":"https:\/\/portaltela.pt\/#website","url":"https:\/\/portaltela.pt\/","name":"Portal Tela Portugal","description":"","potentialAction":[{"@type":"SearchAction","target":{"@type":"EntryPoint","urlTemplate":"https:\/\/portaltela.pt\/?s={search_term_string}"},"query-input":{"@type":"PropertyValueSpecification","valueRequired":true,"valueName":"search_term_string"}}],"inLanguage":"pt-PT"},{"@type":"Person","@id":"https:\/\/portaltela.pt\/#\/schema\/person\/c4278d4a6028830caff9ee44b42d32ed","name":"Telinha","image":{"@type":"ImageObject","inLanguage":"pt-PT","@id":"https:\/\/portaltela.pt\/s.01k8rhncp4jt1\/2025\/11\/talking-bot-125x125.png","url":"https:\/\/portaltela.pt\/s.01k8rhncp4jt1\/2025\/11\/talking-bot-125x125.png","contentUrl":"https:\/\/portaltela.pt\/s.01k8rhncp4jt1\/2025\/11\/talking-bot-125x125.png","caption":"Telinha"},"sameAs":["https:\/\/portaltela.pt\/"],"url":"https:\/\/portaltela.pt\/por\/367410592786\/"}]}},"_links":{"self":[{"href":"https:\/\/portaltela.pt\/api\/wp\/v2\/posts\/200053","targetHints":{"allow":["GET"]}}],"collection":[{"href":"https:\/\/portaltela.pt\/api\/wp\/v2\/posts"}],"about":[{"href":"https:\/\/portaltela.pt\/api\/wp\/v2\/types\/post"}],"author":[{"embeddable":true,"href":"https:\/\/portaltela.pt\/api\/wp\/v2\/users\/2"}],"replies":[{"embeddable":true,"href":"https:\/\/portaltela.pt\/api\/wp\/v2\/comments?post=200053"}],"version-history":[{"count":0,"href":"https:\/\/portaltela.pt\/api\/wp\/v2\/posts\/200053\/revisions"}],"wp:featuredmedia":[{"embeddable":true,"href":"https:\/\/portaltela.pt\/api\/wp\/v2\/media\/200054"}],"wp:attachment":[{"href":"https:\/\/portaltela.pt\/api\/wp\/v2\/media?parent=200053"}],"wp:term":[{"taxonomy":"category","embeddable":true,"href":"https:\/\/portaltela.pt\/api\/wp\/v2\/categories?post=200053"},{"taxonomy":"post_tag","embeddable":true,"href":"https:\/\/portaltela.pt\/api\/wp\/v2\/tags?post=200053"}],"curies":[{"name":"wp","href":"https:\/\/api.w.org\/{rel}","templated":true}]}}