{"id":200031,"date":"2026-02-05T11:40:00","date_gmt":"2026-02-05T14:40:00","guid":{"rendered":"https:\/\/portaltela.pt\/noticias\/2026\/02\/05\/pieter-mulier-troca-alaia-pela-versace-para-reinterpretar-a-historia-da-marca\/"},"modified":"2026-02-05T11:40:00","modified_gmt":"2026-02-05T14:40:00","slug":"pieter-mulier-troca-alaia-pela-versace-para-reinterpretar-a-historia-da-marca","status":"publish","type":"post","link":"https:\/\/portaltela.pt\/noticias\/2026\/02\/05\/pieter-mulier-troca-alaia-pela-versace-para-reinterpretar-a-historia-da-marca\/","title":{"rendered":"Pieter Mulier troca Ala\u00efa pela Versace para reinterpretar a hist\u00f3ria da marca"},"content":{"rendered":"<p>Pieter Mulier vai deixar a Ala\u00efa para ingressar na Versace, segundo anunciou o grupo Prada, que det\u00e9m a marca italiana. A nomea\u00e7\u00e3o entra em vigor a 1 de julho, com a despedida de Mulier da Ala\u00efa prevista para in\u00edcio de mar\u00e7o, durante a Semana da Moda de Paris. A estreia em Versace pode ocorrer j\u00e1 na pr\u00f3xima edi\u00e7\u00e3o da Semana da Moda de Mil\u00e3o, em setembro.<\/p>\n<p>A decis\u00e3o surge pouco depois de Donatella Versace ter confirmado a mudan\u00e7a na dire\u00e7\u00e3o criativa da casa. A Versace, adquirida pela Prada por 1,25 mil milh\u00f5es de euros, est\u00e1 a planear uma nova fase criativa, mantendo o foco na identidade hist\u00f3rica da marca.<\/p>\n<p>Mulier, natural da B\u00e9lgica, aproxima-se de Raf Simons, com quem colaborou no passado na Dior e na Calvin Klein. O designer j\u00e1 tinha passado pela dire\u00e7\u00e3o criativa da Calvin Klein entre 2016 e 2018, antes de se associar a Raf Simons na Prada.<\/p>\n<p>Aos 46 anos, Mulier chegou \u00e0 Ala\u00efa em 2021, num contexto de pandemia. Implementou uma leitura mais contempor\u00e2nea da casa, com relevo para acess\u00f3rios ic\u00f3nicos e silhuetas com toque arquitet\u00f3nico, contribuindo para revitalizar a marca junto de novos p\u00fablicos.<\/p>\n<p>A Ala\u00efa, pertencente \u00e0 Richemont desde 2007, ter\u00e1 de anunciar o substituto de Mulier. Nomes avan\u00e7a\u00addos nos circuitos da moda incluem Julian Dossena, atual diretor criativo da Rabanne, segundo informa\u00e7\u00f5es de bastidores. A lideran\u00e7a de Mulier na Ala\u00efa ter\u00e1 durado cerca de quatro anos.<\/p>\n","protected":false},"excerpt":{"rendered":"<ul>\n<li>Pieter Mulier vai assumir a dire\u00e7\u00e3o criativa da Versace a partir de 1 de julho, ap\u00f3s a despedida da Ala\u00efa marcada para in\u00edcio de mar\u00e7o em Paris.<\/li>\n<li>A estreia na Versace pode ocorrer j\u00e1 na pr\u00f3xima temporada, em setembro, na Semana da Moda de Mil\u00e3o, segundo a publica\u00e7\u00e3o Business of Fashion e a Women\u2019s Wear Daily.<\/li>\n<li>O grupo Prada anunciou a mudan\u00e7a, com o presidente Lorenzo Bertelli a destacar que Mulier \u00e9 a pessoa certa para o cargo; Donatella Versace deixou de desenhar colec\u00e7\u00f5es para se tornar embaixadora global.<\/li>\n<li>Mulier j\u00e1 trabalhou com Raf Simons, Calvin Klein e Dior, tendo liderado a Ala\u00efa desde 2021, contribuindo para revitalizar a marca durante a pandemia.<\/li>\n<li>A Ala\u00efa, propriedade da Richemont, ainda n\u00e3o divulgou quem o ir\u00e1 substituir; nomes apontados pela imprensa incluem Julian Dossena.<\/li>\n<\/ul>\n","protected":false},"author":2,"featured_media":200036,"comment_status":"closed","ping_status":"closed","sticky":false,"template":"","format":"standard","meta":{"footnotes":""},"categories":[1],"tags":[2473,143,3731,4626,135,5146],"class_list":["post-200031","post","type-post","status-publish","format-standard","has-post-thumbnail","hentry","category-noticias","tag-criacao-artistica","tag-design","tag-eventos","tag-industria-textil","tag-moda","tag-pessoas-internacionais"],"yoast_head":"<!-- This site is optimized with the Yoast SEO plugin v27.2 - https:\/\/yoast.com\/product\/yoast-seo-wordpress\/ -->\n<title>Pieter Mulier troca Ala\u00efa pela Versace para reinterpretar a hist\u00f3ria da marca - Portal Tela Portugal<\/title>\n<meta name=\"robots\" content=\"index, follow, max-snippet:-1, max-image-preview:large, max-video-preview:-1\" \/>\n<meta property=\"og:locale\" content=\"pt_PT\" \/>\n<meta property=\"og:type\" content=\"article\" \/>\n<meta property=\"og:title\" content=\"Pieter Mulier troca Ala\u00efa pela Versace para reinterpretar a hist\u00f3ria da marca - Portal Tela Portugal\" \/>\n<meta property=\"og:description\" content=\"Pieter Mulier vai assumir a dire\u00e7\u00e3o criativa da Versace a partir de 1 de julho, ap\u00f3s a despedida da Ala\u00efa marcada para in\u00edcio de mar\u00e7o em Paris. A estreia na Versace pode ocorrer j\u00e1 na pr\u00f3xima temporada, em setembro, na Semana da Moda de Mil\u00e3o, segundo a publica\u00e7\u00e3o Business of Fashion e a Women\u2019s Wear Daily. O grupo Prada anunciou a mudan\u00e7a, com o presidente Lorenzo Bertelli a destacar que Mulier \u00e9 a pessoa certa para o cargo; Donatella Versace deixou de desenhar colec\u00e7\u00f5es para se tornar embaixadora global. Mulier j\u00e1 trabalhou com Raf Simons, Calvin Klein e Dior, tendo liderado a Ala\u00efa desde 2021, contribuindo para revitalizar a marca durante a pandemia. A Ala\u00efa, propriedade da Richemont, ainda n\u00e3o divulgou quem o ir\u00e1 substituir; nomes apontados pela imprensa incluem Julian Dossena.\" \/>\n<meta property=\"og:url\" content=\"https:\/\/portaltela.pt\/noticias\/2026\/02\/05\/pieter-mulier-troca-alaia-pela-versace-para-reinterpretar-a-historia-da-marca\/\" \/>\n<meta property=\"og:site_name\" content=\"Portal Tela Portugal\" \/>\n<meta property=\"article:published_time\" content=\"2026-02-05T14:40:00+00:00\" \/>\n<meta name=\"author\" content=\"Telinha\" \/>\n<meta name=\"twitter:card\" content=\"summary_large_image\" \/>\n<meta name=\"twitter:label1\" content=\"Escrito por\" \/>\n\t<meta name=\"twitter:data1\" content=\"Telinha\" \/>\n\t<meta name=\"twitter:label2\" content=\"Tempo estimado de leitura\" \/>\n\t<meta name=\"twitter:data2\" content=\"1 minuto\" \/>\n<script type=\"application\/ld+json\" class=\"yoast-schema-graph\">{\"@context\":\"https:\/\/schema.org\",\"@graph\":[{\"@type\":\"Article\",\"@id\":\"https:\/\/portaltela.pt\/noticias\/2026\/02\/05\/pieter-mulier-troca-alaia-pela-versace-para-reinterpretar-a-historia-da-marca\/#article\",\"isPartOf\":{\"@id\":\"https:\/\/portaltela.pt\/noticias\/2026\/02\/05\/pieter-mulier-troca-alaia-pela-versace-para-reinterpretar-a-historia-da-marca\/\"},\"author\":{\"name\":\"Telinha\",\"@id\":\"https:\/\/portaltela.pt\/#\/schema\/person\/c4278d4a6028830caff9ee44b42d32ed\"},\"headline\":\"Pieter Mulier troca Ala\u00efa pela Versace para reinterpretar a hist\u00f3ria da marca\",\"datePublished\":\"2026-02-05T14:40:00+00:00\",\"mainEntityOfPage\":{\"@id\":\"https:\/\/portaltela.pt\/noticias\/2026\/02\/05\/pieter-mulier-troca-alaia-pela-versace-para-reinterpretar-a-historia-da-marca\/\"},\"wordCount\":268,\"image\":{\"@id\":\"https:\/\/portaltela.pt\/noticias\/2026\/02\/05\/pieter-mulier-troca-alaia-pela-versace-para-reinterpretar-a-historia-da-marca\/#primaryimage\"},\"thumbnailUrl\":\"https:\/\/portaltela.pt\/s.01k8rhncp4jt1\/2026\/02\/2064770.jpg\",\"keywords\":[\"Cria\u00e7\u00e3o Art\u00edstica\",\"design\",\"eventos\",\"ind\u00fastria t\u00eaxtil\",\"moda\",\"pessoas internacionais\"],\"articleSection\":[\"Not\u00edcias\"],\"inLanguage\":\"pt-PT\"},{\"@type\":\"WebPage\",\"@id\":\"https:\/\/portaltela.pt\/noticias\/2026\/02\/05\/pieter-mulier-troca-alaia-pela-versace-para-reinterpretar-a-historia-da-marca\/\",\"url\":\"https:\/\/portaltela.pt\/noticias\/2026\/02\/05\/pieter-mulier-troca-alaia-pela-versace-para-reinterpretar-a-historia-da-marca\/\",\"name\":\"Pieter Mulier troca Ala\u00efa pela Versace para reinterpretar a hist\u00f3ria da marca - Portal Tela Portugal\",\"isPartOf\":{\"@id\":\"https:\/\/portaltela.pt\/#website\"},\"primaryImageOfPage\":{\"@id\":\"https:\/\/portaltela.pt\/noticias\/2026\/02\/05\/pieter-mulier-troca-alaia-pela-versace-para-reinterpretar-a-historia-da-marca\/#primaryimage\"},\"image\":{\"@id\":\"https:\/\/portaltela.pt\/noticias\/2026\/02\/05\/pieter-mulier-troca-alaia-pela-versace-para-reinterpretar-a-historia-da-marca\/#primaryimage\"},\"thumbnailUrl\":\"https:\/\/portaltela.pt\/s.01k8rhncp4jt1\/2026\/02\/2064770.jpg\",\"datePublished\":\"2026-02-05T14:40:00+00:00\",\"author\":{\"@id\":\"https:\/\/portaltela.pt\/#\/schema\/person\/c4278d4a6028830caff9ee44b42d32ed\"},\"breadcrumb\":{\"@id\":\"https:\/\/portaltela.pt\/noticias\/2026\/02\/05\/pieter-mulier-troca-alaia-pela-versace-para-reinterpretar-a-historia-da-marca\/#breadcrumb\"},\"inLanguage\":\"pt-PT\",\"potentialAction\":[{\"@type\":\"ReadAction\",\"target\":[\"https:\/\/portaltela.pt\/noticias\/2026\/02\/05\/pieter-mulier-troca-alaia-pela-versace-para-reinterpretar-a-historia-da-marca\/\"]}]},{\"@type\":\"ImageObject\",\"inLanguage\":\"pt-PT\",\"@id\":\"https:\/\/portaltela.pt\/noticias\/2026\/02\/05\/pieter-mulier-troca-alaia-pela-versace-para-reinterpretar-a-historia-da-marca\/#primaryimage\",\"url\":\"https:\/\/portaltela.pt\/s.01k8rhncp4jt1\/2026\/02\/2064770.jpg\",\"contentUrl\":\"https:\/\/portaltela.pt\/s.01k8rhncp4jt1\/2026\/02\/2064770.jpg\",\"width\":796,\"height\":448,\"caption\":\"Pieter Mulier despediu-se da Ala\u00efa na passada sexta-feira\"},{\"@type\":\"BreadcrumbList\",\"@id\":\"https:\/\/portaltela.pt\/noticias\/2026\/02\/05\/pieter-mulier-troca-alaia-pela-versace-para-reinterpretar-a-historia-da-marca\/#breadcrumb\",\"itemListElement\":[{\"@type\":\"ListItem\",\"position\":1,\"name\":\"In\u00edcio\",\"item\":\"https:\/\/portaltela.pt\/\"},{\"@type\":\"ListItem\",\"position\":2,\"name\":\"Pieter Mulier troca Ala\u00efa pela Versace para reinterpretar a hist\u00f3ria da marca\"}]},{\"@type\":\"WebSite\",\"@id\":\"https:\/\/portaltela.pt\/#website\",\"url\":\"https:\/\/portaltela.pt\/\",\"name\":\"Portal Tela Portugal\",\"description\":\"\",\"potentialAction\":[{\"@type\":\"SearchAction\",\"target\":{\"@type\":\"EntryPoint\",\"urlTemplate\":\"https:\/\/portaltela.pt\/?s={search_term_string}\"},\"query-input\":{\"@type\":\"PropertyValueSpecification\",\"valueRequired\":true,\"valueName\":\"search_term_string\"}}],\"inLanguage\":\"pt-PT\"},{\"@type\":\"Person\",\"@id\":\"https:\/\/portaltela.pt\/#\/schema\/person\/c4278d4a6028830caff9ee44b42d32ed\",\"name\":\"Telinha\",\"image\":{\"@type\":\"ImageObject\",\"inLanguage\":\"pt-PT\",\"@id\":\"https:\/\/portaltela.pt\/s.01k8rhncp4jt1\/2025\/11\/talking-bot-125x125.png\",\"url\":\"https:\/\/portaltela.pt\/s.01k8rhncp4jt1\/2025\/11\/talking-bot-125x125.png\",\"contentUrl\":\"https:\/\/portaltela.pt\/s.01k8rhncp4jt1\/2025\/11\/talking-bot-125x125.png\",\"caption\":\"Telinha\"},\"sameAs\":[\"https:\/\/portaltela.pt\/\"],\"url\":\"https:\/\/portaltela.pt\/por\/367410592786\/\"}]}<\/script>\n<!-- \/ Yoast SEO plugin. -->","yoast_head_json":{"title":"Pieter Mulier troca Ala\u00efa pela Versace para reinterpretar a hist\u00f3ria da marca - Portal Tela Portugal","robots":{"index":"index","follow":"follow","max-snippet":"max-snippet:-1","max-image-preview":"max-image-preview:large","max-video-preview":"max-video-preview:-1"},"og_locale":"pt_PT","og_type":"article","og_title":"Pieter Mulier troca Ala\u00efa pela Versace para reinterpretar a hist\u00f3ria da marca - Portal Tela Portugal","og_description":"Pieter Mulier vai assumir a dire\u00e7\u00e3o criativa da Versace a partir de 1 de julho, ap\u00f3s a despedida da Ala\u00efa marcada para in\u00edcio de mar\u00e7o em Paris. A estreia na Versace pode ocorrer j\u00e1 na pr\u00f3xima temporada, em setembro, na Semana da Moda de Mil\u00e3o, segundo a publica\u00e7\u00e3o Business of Fashion e a Women\u2019s Wear Daily. O grupo Prada anunciou a mudan\u00e7a, com o presidente Lorenzo Bertelli a destacar que Mulier \u00e9 a pessoa certa para o cargo; Donatella Versace deixou de desenhar colec\u00e7\u00f5es para se tornar embaixadora global. Mulier j\u00e1 trabalhou com Raf Simons, Calvin Klein e Dior, tendo liderado a Ala\u00efa desde 2021, contribuindo para revitalizar a marca durante a pandemia. A Ala\u00efa, propriedade da Richemont, ainda n\u00e3o divulgou quem o ir\u00e1 substituir; nomes apontados pela imprensa incluem Julian Dossena.","og_url":"https:\/\/portaltela.pt\/noticias\/2026\/02\/05\/pieter-mulier-troca-alaia-pela-versace-para-reinterpretar-a-historia-da-marca\/","og_site_name":"Portal Tela Portugal","article_published_time":"2026-02-05T14:40:00+00:00","author":"Telinha","twitter_card":"summary_large_image","twitter_misc":{"Escrito por":"Telinha","Tempo estimado de leitura":"1 minuto"},"schema":{"@context":"https:\/\/schema.org","@graph":[{"@type":"Article","@id":"https:\/\/portaltela.pt\/noticias\/2026\/02\/05\/pieter-mulier-troca-alaia-pela-versace-para-reinterpretar-a-historia-da-marca\/#article","isPartOf":{"@id":"https:\/\/portaltela.pt\/noticias\/2026\/02\/05\/pieter-mulier-troca-alaia-pela-versace-para-reinterpretar-a-historia-da-marca\/"},"author":{"name":"Telinha","@id":"https:\/\/portaltela.pt\/#\/schema\/person\/c4278d4a6028830caff9ee44b42d32ed"},"headline":"Pieter Mulier troca Ala\u00efa pela Versace para reinterpretar a hist\u00f3ria da marca","datePublished":"2026-02-05T14:40:00+00:00","mainEntityOfPage":{"@id":"https:\/\/portaltela.pt\/noticias\/2026\/02\/05\/pieter-mulier-troca-alaia-pela-versace-para-reinterpretar-a-historia-da-marca\/"},"wordCount":268,"image":{"@id":"https:\/\/portaltela.pt\/noticias\/2026\/02\/05\/pieter-mulier-troca-alaia-pela-versace-para-reinterpretar-a-historia-da-marca\/#primaryimage"},"thumbnailUrl":"https:\/\/portaltela.pt\/s.01k8rhncp4jt1\/2026\/02\/2064770.jpg","keywords":["Cria\u00e7\u00e3o Art\u00edstica","design","eventos","ind\u00fastria t\u00eaxtil","moda","pessoas internacionais"],"articleSection":["Not\u00edcias"],"inLanguage":"pt-PT"},{"@type":"WebPage","@id":"https:\/\/portaltela.pt\/noticias\/2026\/02\/05\/pieter-mulier-troca-alaia-pela-versace-para-reinterpretar-a-historia-da-marca\/","url":"https:\/\/portaltela.pt\/noticias\/2026\/02\/05\/pieter-mulier-troca-alaia-pela-versace-para-reinterpretar-a-historia-da-marca\/","name":"Pieter Mulier troca Ala\u00efa pela Versace para reinterpretar a hist\u00f3ria da marca - Portal Tela Portugal","isPartOf":{"@id":"https:\/\/portaltela.pt\/#website"},"primaryImageOfPage":{"@id":"https:\/\/portaltela.pt\/noticias\/2026\/02\/05\/pieter-mulier-troca-alaia-pela-versace-para-reinterpretar-a-historia-da-marca\/#primaryimage"},"image":{"@id":"https:\/\/portaltela.pt\/noticias\/2026\/02\/05\/pieter-mulier-troca-alaia-pela-versace-para-reinterpretar-a-historia-da-marca\/#primaryimage"},"thumbnailUrl":"https:\/\/portaltela.pt\/s.01k8rhncp4jt1\/2026\/02\/2064770.jpg","datePublished":"2026-02-05T14:40:00+00:00","author":{"@id":"https:\/\/portaltela.pt\/#\/schema\/person\/c4278d4a6028830caff9ee44b42d32ed"},"breadcrumb":{"@id":"https:\/\/portaltela.pt\/noticias\/2026\/02\/05\/pieter-mulier-troca-alaia-pela-versace-para-reinterpretar-a-historia-da-marca\/#breadcrumb"},"inLanguage":"pt-PT","potentialAction":[{"@type":"ReadAction","target":["https:\/\/portaltela.pt\/noticias\/2026\/02\/05\/pieter-mulier-troca-alaia-pela-versace-para-reinterpretar-a-historia-da-marca\/"]}]},{"@type":"ImageObject","inLanguage":"pt-PT","@id":"https:\/\/portaltela.pt\/noticias\/2026\/02\/05\/pieter-mulier-troca-alaia-pela-versace-para-reinterpretar-a-historia-da-marca\/#primaryimage","url":"https:\/\/portaltela.pt\/s.01k8rhncp4jt1\/2026\/02\/2064770.jpg","contentUrl":"https:\/\/portaltela.pt\/s.01k8rhncp4jt1\/2026\/02\/2064770.jpg","width":796,"height":448,"caption":"Pieter Mulier despediu-se da Ala\u00efa na passada sexta-feira"},{"@type":"BreadcrumbList","@id":"https:\/\/portaltela.pt\/noticias\/2026\/02\/05\/pieter-mulier-troca-alaia-pela-versace-para-reinterpretar-a-historia-da-marca\/#breadcrumb","itemListElement":[{"@type":"ListItem","position":1,"name":"In\u00edcio","item":"https:\/\/portaltela.pt\/"},{"@type":"ListItem","position":2,"name":"Pieter Mulier troca Ala\u00efa pela Versace para reinterpretar a hist\u00f3ria da marca"}]},{"@type":"WebSite","@id":"https:\/\/portaltela.pt\/#website","url":"https:\/\/portaltela.pt\/","name":"Portal Tela Portugal","description":"","potentialAction":[{"@type":"SearchAction","target":{"@type":"EntryPoint","urlTemplate":"https:\/\/portaltela.pt\/?s={search_term_string}"},"query-input":{"@type":"PropertyValueSpecification","valueRequired":true,"valueName":"search_term_string"}}],"inLanguage":"pt-PT"},{"@type":"Person","@id":"https:\/\/portaltela.pt\/#\/schema\/person\/c4278d4a6028830caff9ee44b42d32ed","name":"Telinha","image":{"@type":"ImageObject","inLanguage":"pt-PT","@id":"https:\/\/portaltela.pt\/s.01k8rhncp4jt1\/2025\/11\/talking-bot-125x125.png","url":"https:\/\/portaltela.pt\/s.01k8rhncp4jt1\/2025\/11\/talking-bot-125x125.png","contentUrl":"https:\/\/portaltela.pt\/s.01k8rhncp4jt1\/2025\/11\/talking-bot-125x125.png","caption":"Telinha"},"sameAs":["https:\/\/portaltela.pt\/"],"url":"https:\/\/portaltela.pt\/por\/367410592786\/"}]}},"_links":{"self":[{"href":"https:\/\/portaltela.pt\/api\/wp\/v2\/posts\/200031","targetHints":{"allow":["GET"]}}],"collection":[{"href":"https:\/\/portaltela.pt\/api\/wp\/v2\/posts"}],"about":[{"href":"https:\/\/portaltela.pt\/api\/wp\/v2\/types\/post"}],"author":[{"embeddable":true,"href":"https:\/\/portaltela.pt\/api\/wp\/v2\/users\/2"}],"replies":[{"embeddable":true,"href":"https:\/\/portaltela.pt\/api\/wp\/v2\/comments?post=200031"}],"version-history":[{"count":0,"href":"https:\/\/portaltela.pt\/api\/wp\/v2\/posts\/200031\/revisions"}],"wp:featuredmedia":[{"embeddable":true,"href":"https:\/\/portaltela.pt\/api\/wp\/v2\/media\/200036"}],"wp:attachment":[{"href":"https:\/\/portaltela.pt\/api\/wp\/v2\/media?parent=200031"}],"wp:term":[{"taxonomy":"category","embeddable":true,"href":"https:\/\/portaltela.pt\/api\/wp\/v2\/categories?post=200031"},{"taxonomy":"post_tag","embeddable":true,"href":"https:\/\/portaltela.pt\/api\/wp\/v2\/tags?post=200031"}],"curies":[{"name":"wp","href":"https:\/\/api.w.org\/{rel}","templated":true}]}}