{"id":200009,"date":"2026-02-05T11:37:00","date_gmt":"2026-02-05T14:37:00","guid":{"rendered":"https:\/\/portaltela.pt\/noticias\/2026\/02\/05\/familia-horacio-simoes-lanca-reserva-tinto-2022\/"},"modified":"2026-02-05T11:37:00","modified_gmt":"2026-02-05T14:37:00","slug":"familia-horacio-simoes-lanca-reserva-tinto-2022","status":"publish","type":"post","link":"https:\/\/portaltela.pt\/noticias\/2026\/02\/05\/familia-horacio-simoes-lanca-reserva-tinto-2022\/","title":{"rendered":"Fam\u00edlia Hor\u00e1cio Sim\u00f5es lan\u00e7a Reserva Tinto 2022"},"content":{"rendered":"<p>O Fam\u00edlia Hor\u00e1cio Sim\u00f5es Reserva Tinto 2022 \u00e9 uma sele\u00e7\u00e3o da vin\u00edcola Fam\u00edlia Hor\u00e1cio Sim\u00f5es, apresentada como Castel\u00e3o, ainda que o r\u00f3tulo n\u00e3o o indique de forma expl\u00edcita. Trata-se de um vinho tinto da safra 2022.<\/p>\n<p>As notas de prova apontam que o vinho n\u00e3o \u00e9 de cor aberta nem de grande densidade, mas destaca-se pela eleg\u00e2ncia. O aroma \u00e9 rico, frutado e fresco, com uma presen\u00e7a de fruta que se mant\u00e9m no paladar.<\/p>\n<p>A bebida \u00e9 descrita como acess\u00edvel e de abordagem f\u00e1cil, tornando-a adequada a diversas combina\u00e7\u00f5es com comida. A aprecia\u00e7\u00e3o sugerida inclui a possibilidade de servir com varia\u00e7\u00f5es de pratos sem exigir escolhas complexas.<\/p>\n<p>Entre os atributos destacados est\u00e1 o equil\u00edbrio entre perfume e sabor, que facilita a experi\u00eancia de consumo sem fadiga, mesmo em combina\u00e7\u00f5es simples. O texto de refer\u00eancia real\u00e7a ainda o custo como um fator positivo.<\/p>\n","protected":false},"excerpt":{"rendered":"<ul>\n<li>O Fam\u00edlia Hor\u00e1cio Sim\u00f5es Reserva Tinto 2022 \u00e9 um Castel\u00e3o n\u00e3o declarado no r\u00f3tulo.<\/li>\n<li>O vinho n\u00e3o \u00e9 de cor aberta nem de grande pot\u00eancia ou densidade; destaca-se pela eleg\u00e2ncia.<\/li>\n<li>O aroma e o sabor s\u00e3o muito frutados e frescos.<\/li>\n<li>Tem uma abordagem f\u00e1cil e amig\u00e1vel, ideal para acompanhar diversas comidas.<\/li>\n<li>O pre\u00e7o \u00e9 acess\u00edvel.<\/li>\n<\/ul>\n","protected":false},"author":2,"featured_media":200013,"comment_status":"closed","ping_status":"closed","sticky":false,"template":"","format":"standard","meta":{"footnotes":""},"categories":[1],"tags":[3672,219,1014,779,3508],"class_list":["post-200009","post","type-post","status-publish","format-standard","has-post-thumbnail","hentry","category-noticias","tag-castelao","tag-gastronomia","tag-portugal","tag-vinhos","tag-vitivinicultura"],"yoast_head":"<!-- This site is optimized with the Yoast SEO plugin v27.2 - https:\/\/yoast.com\/product\/yoast-seo-wordpress\/ -->\n<title>Fam\u00edlia Hor\u00e1cio Sim\u00f5es lan\u00e7a Reserva Tinto 2022 - Portal Tela Portugal<\/title>\n<meta name=\"robots\" content=\"index, follow, max-snippet:-1, max-image-preview:large, max-video-preview:-1\" \/>\n<meta property=\"og:locale\" content=\"pt_PT\" \/>\n<meta property=\"og:type\" content=\"article\" \/>\n<meta property=\"og:title\" content=\"Fam\u00edlia Hor\u00e1cio Sim\u00f5es lan\u00e7a Reserva Tinto 2022 - Portal Tela Portugal\" \/>\n<meta property=\"og:description\" content=\"O Fam\u00edlia Hor\u00e1cio Sim\u00f5es Reserva Tinto 2022 \u00e9 um Castel\u00e3o n\u00e3o declarado no r\u00f3tulo. O vinho n\u00e3o \u00e9 de cor aberta nem de grande pot\u00eancia ou densidade; destaca-se pela eleg\u00e2ncia. O aroma e o sabor s\u00e3o muito frutados e frescos. Tem uma abordagem f\u00e1cil e amig\u00e1vel, ideal para acompanhar diversas comidas. O pre\u00e7o \u00e9 acess\u00edvel.\" \/>\n<meta property=\"og:url\" content=\"https:\/\/portaltela.pt\/noticias\/2026\/02\/05\/familia-horacio-simoes-lanca-reserva-tinto-2022\/\" \/>\n<meta property=\"og:site_name\" content=\"Portal Tela Portugal\" \/>\n<meta property=\"article:published_time\" content=\"2026-02-05T14:37:00+00:00\" \/>\n<meta name=\"author\" content=\"Telinha\" \/>\n<meta name=\"twitter:card\" content=\"summary_large_image\" \/>\n<meta name=\"twitter:label1\" content=\"Escrito por\" \/>\n\t<meta name=\"twitter:data1\" content=\"Telinha\" \/>\n\t<meta name=\"twitter:label2\" content=\"Tempo estimado de leitura\" \/>\n\t<meta name=\"twitter:data2\" content=\"1 minuto\" \/>\n<script type=\"application\/ld+json\" class=\"yoast-schema-graph\">{\"@context\":\"https:\/\/schema.org\",\"@graph\":[{\"@type\":\"Article\",\"@id\":\"https:\/\/portaltela.pt\/noticias\/2026\/02\/05\/familia-horacio-simoes-lanca-reserva-tinto-2022\/#article\",\"isPartOf\":{\"@id\":\"https:\/\/portaltela.pt\/noticias\/2026\/02\/05\/familia-horacio-simoes-lanca-reserva-tinto-2022\/\"},\"author\":{\"name\":\"Telinha\",\"@id\":\"https:\/\/portaltela.pt\/#\/schema\/person\/c4278d4a6028830caff9ee44b42d32ed\"},\"headline\":\"Fam\u00edlia Hor\u00e1cio Sim\u00f5es lan\u00e7a Reserva Tinto 2022\",\"datePublished\":\"2026-02-05T14:37:00+00:00\",\"mainEntityOfPage\":{\"@id\":\"https:\/\/portaltela.pt\/noticias\/2026\/02\/05\/familia-horacio-simoes-lanca-reserva-tinto-2022\/\"},\"wordCount\":172,\"image\":{\"@id\":\"https:\/\/portaltela.pt\/noticias\/2026\/02\/05\/familia-horacio-simoes-lanca-reserva-tinto-2022\/#primaryimage\"},\"thumbnailUrl\":\"https:\/\/portaltela.pt\/s.01k8rhncp4jt1\/2026\/02\/2064708.jpg\",\"keywords\":[\"Castel\u00e3o\",\"gastronomia\",\"Portugal\",\"vinhos\",\"vitivinicultura\"],\"articleSection\":[\"Not\u00edcias\"],\"inLanguage\":\"pt-PT\"},{\"@type\":\"WebPage\",\"@id\":\"https:\/\/portaltela.pt\/noticias\/2026\/02\/05\/familia-horacio-simoes-lanca-reserva-tinto-2022\/\",\"url\":\"https:\/\/portaltela.pt\/noticias\/2026\/02\/05\/familia-horacio-simoes-lanca-reserva-tinto-2022\/\",\"name\":\"Fam\u00edlia Hor\u00e1cio Sim\u00f5es lan\u00e7a Reserva Tinto 2022 - Portal Tela Portugal\",\"isPartOf\":{\"@id\":\"https:\/\/portaltela.pt\/#website\"},\"primaryImageOfPage\":{\"@id\":\"https:\/\/portaltela.pt\/noticias\/2026\/02\/05\/familia-horacio-simoes-lanca-reserva-tinto-2022\/#primaryimage\"},\"image\":{\"@id\":\"https:\/\/portaltela.pt\/noticias\/2026\/02\/05\/familia-horacio-simoes-lanca-reserva-tinto-2022\/#primaryimage\"},\"thumbnailUrl\":\"https:\/\/portaltela.pt\/s.01k8rhncp4jt1\/2026\/02\/2064708.jpg\",\"datePublished\":\"2026-02-05T14:37:00+00:00\",\"author\":{\"@id\":\"https:\/\/portaltela.pt\/#\/schema\/person\/c4278d4a6028830caff9ee44b42d32ed\"},\"breadcrumb\":{\"@id\":\"https:\/\/portaltela.pt\/noticias\/2026\/02\/05\/familia-horacio-simoes-lanca-reserva-tinto-2022\/#breadcrumb\"},\"inLanguage\":\"pt-PT\",\"potentialAction\":[{\"@type\":\"ReadAction\",\"target\":[\"https:\/\/portaltela.pt\/noticias\/2026\/02\/05\/familia-horacio-simoes-lanca-reserva-tinto-2022\/\"]}]},{\"@type\":\"ImageObject\",\"inLanguage\":\"pt-PT\",\"@id\":\"https:\/\/portaltela.pt\/noticias\/2026\/02\/05\/familia-horacio-simoes-lanca-reserva-tinto-2022\/#primaryimage\",\"url\":\"https:\/\/portaltela.pt\/s.01k8rhncp4jt1\/2026\/02\/2064708.jpg\",\"contentUrl\":\"https:\/\/portaltela.pt\/s.01k8rhncp4jt1\/2026\/02\/2064708.jpg\",\"width\":796,\"height\":448,\"caption\":\"Photo\"},{\"@type\":\"BreadcrumbList\",\"@id\":\"https:\/\/portaltela.pt\/noticias\/2026\/02\/05\/familia-horacio-simoes-lanca-reserva-tinto-2022\/#breadcrumb\",\"itemListElement\":[{\"@type\":\"ListItem\",\"position\":1,\"name\":\"In\u00edcio\",\"item\":\"https:\/\/portaltela.pt\/\"},{\"@type\":\"ListItem\",\"position\":2,\"name\":\"Fam\u00edlia Hor\u00e1cio Sim\u00f5es lan\u00e7a Reserva Tinto 2022\"}]},{\"@type\":\"WebSite\",\"@id\":\"https:\/\/portaltela.pt\/#website\",\"url\":\"https:\/\/portaltela.pt\/\",\"name\":\"Portal Tela Portugal\",\"description\":\"\",\"potentialAction\":[{\"@type\":\"SearchAction\",\"target\":{\"@type\":\"EntryPoint\",\"urlTemplate\":\"https:\/\/portaltela.pt\/?s={search_term_string}\"},\"query-input\":{\"@type\":\"PropertyValueSpecification\",\"valueRequired\":true,\"valueName\":\"search_term_string\"}}],\"inLanguage\":\"pt-PT\"},{\"@type\":\"Person\",\"@id\":\"https:\/\/portaltela.pt\/#\/schema\/person\/c4278d4a6028830caff9ee44b42d32ed\",\"name\":\"Telinha\",\"image\":{\"@type\":\"ImageObject\",\"inLanguage\":\"pt-PT\",\"@id\":\"https:\/\/portaltela.pt\/s.01k8rhncp4jt1\/2025\/11\/talking-bot-125x125.png\",\"url\":\"https:\/\/portaltela.pt\/s.01k8rhncp4jt1\/2025\/11\/talking-bot-125x125.png\",\"contentUrl\":\"https:\/\/portaltela.pt\/s.01k8rhncp4jt1\/2025\/11\/talking-bot-125x125.png\",\"caption\":\"Telinha\"},\"sameAs\":[\"https:\/\/portaltela.pt\/\"],\"url\":\"https:\/\/portaltela.pt\/por\/367410592786\/\"}]}<\/script>\n<!-- \/ Yoast SEO plugin. -->","yoast_head_json":{"title":"Fam\u00edlia Hor\u00e1cio Sim\u00f5es lan\u00e7a Reserva Tinto 2022 - Portal Tela Portugal","robots":{"index":"index","follow":"follow","max-snippet":"max-snippet:-1","max-image-preview":"max-image-preview:large","max-video-preview":"max-video-preview:-1"},"og_locale":"pt_PT","og_type":"article","og_title":"Fam\u00edlia Hor\u00e1cio Sim\u00f5es lan\u00e7a Reserva Tinto 2022 - Portal Tela Portugal","og_description":"O Fam\u00edlia Hor\u00e1cio Sim\u00f5es Reserva Tinto 2022 \u00e9 um Castel\u00e3o n\u00e3o declarado no r\u00f3tulo. O vinho n\u00e3o \u00e9 de cor aberta nem de grande pot\u00eancia ou densidade; destaca-se pela eleg\u00e2ncia. O aroma e o sabor s\u00e3o muito frutados e frescos. Tem uma abordagem f\u00e1cil e amig\u00e1vel, ideal para acompanhar diversas comidas. O pre\u00e7o \u00e9 acess\u00edvel.","og_url":"https:\/\/portaltela.pt\/noticias\/2026\/02\/05\/familia-horacio-simoes-lanca-reserva-tinto-2022\/","og_site_name":"Portal Tela Portugal","article_published_time":"2026-02-05T14:37:00+00:00","author":"Telinha","twitter_card":"summary_large_image","twitter_misc":{"Escrito por":"Telinha","Tempo estimado de leitura":"1 minuto"},"schema":{"@context":"https:\/\/schema.org","@graph":[{"@type":"Article","@id":"https:\/\/portaltela.pt\/noticias\/2026\/02\/05\/familia-horacio-simoes-lanca-reserva-tinto-2022\/#article","isPartOf":{"@id":"https:\/\/portaltela.pt\/noticias\/2026\/02\/05\/familia-horacio-simoes-lanca-reserva-tinto-2022\/"},"author":{"name":"Telinha","@id":"https:\/\/portaltela.pt\/#\/schema\/person\/c4278d4a6028830caff9ee44b42d32ed"},"headline":"Fam\u00edlia Hor\u00e1cio Sim\u00f5es lan\u00e7a Reserva Tinto 2022","datePublished":"2026-02-05T14:37:00+00:00","mainEntityOfPage":{"@id":"https:\/\/portaltela.pt\/noticias\/2026\/02\/05\/familia-horacio-simoes-lanca-reserva-tinto-2022\/"},"wordCount":172,"image":{"@id":"https:\/\/portaltela.pt\/noticias\/2026\/02\/05\/familia-horacio-simoes-lanca-reserva-tinto-2022\/#primaryimage"},"thumbnailUrl":"https:\/\/portaltela.pt\/s.01k8rhncp4jt1\/2026\/02\/2064708.jpg","keywords":["Castel\u00e3o","gastronomia","Portugal","vinhos","vitivinicultura"],"articleSection":["Not\u00edcias"],"inLanguage":"pt-PT"},{"@type":"WebPage","@id":"https:\/\/portaltela.pt\/noticias\/2026\/02\/05\/familia-horacio-simoes-lanca-reserva-tinto-2022\/","url":"https:\/\/portaltela.pt\/noticias\/2026\/02\/05\/familia-horacio-simoes-lanca-reserva-tinto-2022\/","name":"Fam\u00edlia Hor\u00e1cio Sim\u00f5es lan\u00e7a Reserva Tinto 2022 - Portal Tela Portugal","isPartOf":{"@id":"https:\/\/portaltela.pt\/#website"},"primaryImageOfPage":{"@id":"https:\/\/portaltela.pt\/noticias\/2026\/02\/05\/familia-horacio-simoes-lanca-reserva-tinto-2022\/#primaryimage"},"image":{"@id":"https:\/\/portaltela.pt\/noticias\/2026\/02\/05\/familia-horacio-simoes-lanca-reserva-tinto-2022\/#primaryimage"},"thumbnailUrl":"https:\/\/portaltela.pt\/s.01k8rhncp4jt1\/2026\/02\/2064708.jpg","datePublished":"2026-02-05T14:37:00+00:00","author":{"@id":"https:\/\/portaltela.pt\/#\/schema\/person\/c4278d4a6028830caff9ee44b42d32ed"},"breadcrumb":{"@id":"https:\/\/portaltela.pt\/noticias\/2026\/02\/05\/familia-horacio-simoes-lanca-reserva-tinto-2022\/#breadcrumb"},"inLanguage":"pt-PT","potentialAction":[{"@type":"ReadAction","target":["https:\/\/portaltela.pt\/noticias\/2026\/02\/05\/familia-horacio-simoes-lanca-reserva-tinto-2022\/"]}]},{"@type":"ImageObject","inLanguage":"pt-PT","@id":"https:\/\/portaltela.pt\/noticias\/2026\/02\/05\/familia-horacio-simoes-lanca-reserva-tinto-2022\/#primaryimage","url":"https:\/\/portaltela.pt\/s.01k8rhncp4jt1\/2026\/02\/2064708.jpg","contentUrl":"https:\/\/portaltela.pt\/s.01k8rhncp4jt1\/2026\/02\/2064708.jpg","width":796,"height":448,"caption":"Photo"},{"@type":"BreadcrumbList","@id":"https:\/\/portaltela.pt\/noticias\/2026\/02\/05\/familia-horacio-simoes-lanca-reserva-tinto-2022\/#breadcrumb","itemListElement":[{"@type":"ListItem","position":1,"name":"In\u00edcio","item":"https:\/\/portaltela.pt\/"},{"@type":"ListItem","position":2,"name":"Fam\u00edlia Hor\u00e1cio Sim\u00f5es lan\u00e7a Reserva Tinto 2022"}]},{"@type":"WebSite","@id":"https:\/\/portaltela.pt\/#website","url":"https:\/\/portaltela.pt\/","name":"Portal Tela Portugal","description":"","potentialAction":[{"@type":"SearchAction","target":{"@type":"EntryPoint","urlTemplate":"https:\/\/portaltela.pt\/?s={search_term_string}"},"query-input":{"@type":"PropertyValueSpecification","valueRequired":true,"valueName":"search_term_string"}}],"inLanguage":"pt-PT"},{"@type":"Person","@id":"https:\/\/portaltela.pt\/#\/schema\/person\/c4278d4a6028830caff9ee44b42d32ed","name":"Telinha","image":{"@type":"ImageObject","inLanguage":"pt-PT","@id":"https:\/\/portaltela.pt\/s.01k8rhncp4jt1\/2025\/11\/talking-bot-125x125.png","url":"https:\/\/portaltela.pt\/s.01k8rhncp4jt1\/2025\/11\/talking-bot-125x125.png","contentUrl":"https:\/\/portaltela.pt\/s.01k8rhncp4jt1\/2025\/11\/talking-bot-125x125.png","caption":"Telinha"},"sameAs":["https:\/\/portaltela.pt\/"],"url":"https:\/\/portaltela.pt\/por\/367410592786\/"}]}},"_links":{"self":[{"href":"https:\/\/portaltela.pt\/api\/wp\/v2\/posts\/200009","targetHints":{"allow":["GET"]}}],"collection":[{"href":"https:\/\/portaltela.pt\/api\/wp\/v2\/posts"}],"about":[{"href":"https:\/\/portaltela.pt\/api\/wp\/v2\/types\/post"}],"author":[{"embeddable":true,"href":"https:\/\/portaltela.pt\/api\/wp\/v2\/users\/2"}],"replies":[{"embeddable":true,"href":"https:\/\/portaltela.pt\/api\/wp\/v2\/comments?post=200009"}],"version-history":[{"count":0,"href":"https:\/\/portaltela.pt\/api\/wp\/v2\/posts\/200009\/revisions"}],"wp:featuredmedia":[{"embeddable":true,"href":"https:\/\/portaltela.pt\/api\/wp\/v2\/media\/200013"}],"wp:attachment":[{"href":"https:\/\/portaltela.pt\/api\/wp\/v2\/media?parent=200009"}],"wp:term":[{"taxonomy":"category","embeddable":true,"href":"https:\/\/portaltela.pt\/api\/wp\/v2\/categories?post=200009"},{"taxonomy":"post_tag","embeddable":true,"href":"https:\/\/portaltela.pt\/api\/wp\/v2\/tags?post=200009"}],"curies":[{"name":"wp","href":"https:\/\/api.w.org\/{rel}","templated":true}]}}