{"id":199995,"date":"2026-02-05T11:35:00","date_gmt":"2026-02-05T14:35:00","guid":{"rendered":"https:\/\/portaltela.pt\/noticias\/2026\/02\/05\/presidente-destituida-do-parlamento-sao-tomense-recorre-ao-tc\/"},"modified":"2026-02-05T11:35:00","modified_gmt":"2026-02-05T14:35:00","slug":"presidente-destituida-do-parlamento-sao-tomense-recorre-ao-tc","status":"publish","type":"post","link":"https:\/\/portaltela.pt\/noticias\/politica\/2026\/02\/05\/presidente-destituida-do-parlamento-sao-tomense-recorre-ao-tc\/","title":{"rendered":"Presidente destitu\u00edda do parlamento s\u00e3o-tomense recorre ao TC"},"content":{"rendered":"<p>A presidente destitu\u00edda do parlamento s\u00e3o-tomense anunciou hoje que vai recorrer ao Tribunal Constitucional. A decis\u00e3o surge ap\u00f3s a destitui\u00e7\u00e3o envolvendo a maioria dos deputados, num contexto ainda sem resolu\u00e7\u00e3o final.<\/p>\n<p>Segundo a l\u00edder afastada, 29 deputados conduziram o processo de destitui\u00e7\u00e3o na segunda-feira, promovendo a remo\u00e7\u00e3o do cargo de forma que considera nula, alegando um golpe parlamentar. A revela\u00e7\u00e3o veio no decorrer de declara\u00e7\u00f5es \u00e0 imprensa e dever\u00e1 ser fundamentada em recurso ao TC.<\/p>\n<p>O caso mant\u00e9m-se em aberto, com a possibilidade de o Tribunal Constitucional definir a legalidade do processo e determinar eventuais pr\u00f3ximos passos institucionais. O epis\u00f3dio coloca novamente o foco na estabilidade institucional de S\u00e3o Tom\u00e9 e Pr\u00edncipe. Fonte: Lusa<\/p>\n","protected":false},"excerpt":{"rendered":"<ul>\n<li>A presidente destitu\u00edda do parlamento s\u00e3o-tomense anunciou que vai recorrer ao Tribunal Constitucional.<\/li>\n<li>Diz que, na segunda-feira, 29 deputados a expulsaram do cargo atrav\u00e9s de um golpe parlamentar.<\/li>\n<li>Considera o ato nulo e pretende contest\u00e1-lo juridicamente.<\/li>\n<li>A not\u00edcia n\u00e3o detalha outras consequ\u00eancias imediatas da destitui\u00e7\u00e3o.<\/li>\n<\/ul>\n","protected":false},"author":2,"featured_media":0,"comment_status":"closed","ping_status":"closed","sticky":false,"template":"","format":"standard","meta":{"footnotes":""},"categories":[1,5],"tags":[4057,1144,803,2832,4716],"class_list":["post-199995","post","type-post","status-publish","format-standard","hentry","category-noticias","category-politica","tag-constituicao","tag-instituicoes","tag-justica","tag-politica","tag-tribunais-administrativos-e-fiscais"],"yoast_head":"<!-- This site is optimized with the Yoast SEO plugin v27.2 - https:\/\/yoast.com\/product\/yoast-seo-wordpress\/ -->\n<title>Presidente destitu\u00edda do parlamento s\u00e3o-tomense recorre ao TC - Portal Tela Portugal<\/title>\n<meta name=\"robots\" content=\"index, follow, max-snippet:-1, max-image-preview:large, max-video-preview:-1\" \/>\n<meta property=\"og:locale\" content=\"pt_PT\" \/>\n<meta property=\"og:type\" content=\"article\" \/>\n<meta property=\"og:title\" content=\"Presidente destitu\u00edda do parlamento s\u00e3o-tomense recorre ao TC - Portal Tela Portugal\" \/>\n<meta property=\"og:description\" content=\"A presidente destitu\u00edda do parlamento s\u00e3o-tomense anunciou que vai recorrer ao Tribunal Constitucional. Diz que, na segunda-feira, 29 deputados a expulsaram do cargo atrav\u00e9s de um golpe parlamentar. Considera o ato nulo e pretende contest\u00e1-lo juridicamente. A not\u00edcia n\u00e3o detalha outras consequ\u00eancias imediatas da destitui\u00e7\u00e3o.\" \/>\n<meta property=\"og:url\" content=\"https:\/\/portaltela.pt\/noticias\/2026\/02\/05\/presidente-destituida-do-parlamento-sao-tomense-recorre-ao-tc\/\" \/>\n<meta property=\"og:site_name\" content=\"Portal Tela Portugal\" \/>\n<meta property=\"article:published_time\" content=\"2026-02-05T14:35:00+00:00\" \/>\n<meta name=\"author\" content=\"Telinha\" \/>\n<meta name=\"twitter:card\" content=\"summary_large_image\" \/>\n<meta name=\"twitter:label1\" content=\"Escrito por\" \/>\n\t<meta name=\"twitter:data1\" content=\"Telinha\" \/>\n\t<meta name=\"twitter:label2\" content=\"Tempo estimado de leitura\" \/>\n\t<meta name=\"twitter:data2\" content=\"1 minuto\" \/>\n<script type=\"application\/ld+json\" class=\"yoast-schema-graph\">{\"@context\":\"https:\/\/schema.org\",\"@graph\":[{\"@type\":\"Article\",\"@id\":\"https:\/\/portaltela.pt\/noticias\/2026\/02\/05\/presidente-destituida-do-parlamento-sao-tomense-recorre-ao-tc\/#article\",\"isPartOf\":{\"@id\":\"https:\/\/portaltela.pt\/noticias\/2026\/02\/05\/presidente-destituida-do-parlamento-sao-tomense-recorre-ao-tc\/\"},\"author\":{\"name\":\"Telinha\",\"@id\":\"https:\/\/portaltela.pt\/#\/schema\/person\/c4278d4a6028830caff9ee44b42d32ed\"},\"headline\":\"Presidente destitu\u00edda do parlamento s\u00e3o-tomense recorre ao TC\",\"datePublished\":\"2026-02-05T14:35:00+00:00\",\"mainEntityOfPage\":{\"@id\":\"https:\/\/portaltela.pt\/noticias\/2026\/02\/05\/presidente-destituida-do-parlamento-sao-tomense-recorre-ao-tc\/\"},\"wordCount\":138,\"keywords\":[\"constitui\u00e7\u00e3o\",\"institui\u00e7\u00f5es\",\"justi\u00e7a\",\"pol\u00edtica\",\"Tribunais Administrativos e Fiscais\"],\"articleSection\":[\"Not\u00edcias\",\"Pol\u00edtica\"],\"inLanguage\":\"pt-PT\"},{\"@type\":\"WebPage\",\"@id\":\"https:\/\/portaltela.pt\/noticias\/2026\/02\/05\/presidente-destituida-do-parlamento-sao-tomense-recorre-ao-tc\/\",\"url\":\"https:\/\/portaltela.pt\/noticias\/2026\/02\/05\/presidente-destituida-do-parlamento-sao-tomense-recorre-ao-tc\/\",\"name\":\"Presidente destitu\u00edda do parlamento s\u00e3o-tomense recorre ao TC - Portal Tela Portugal\",\"isPartOf\":{\"@id\":\"https:\/\/portaltela.pt\/#website\"},\"datePublished\":\"2026-02-05T14:35:00+00:00\",\"author\":{\"@id\":\"https:\/\/portaltela.pt\/#\/schema\/person\/c4278d4a6028830caff9ee44b42d32ed\"},\"breadcrumb\":{\"@id\":\"https:\/\/portaltela.pt\/noticias\/2026\/02\/05\/presidente-destituida-do-parlamento-sao-tomense-recorre-ao-tc\/#breadcrumb\"},\"inLanguage\":\"pt-PT\",\"potentialAction\":[{\"@type\":\"ReadAction\",\"target\":[\"https:\/\/portaltela.pt\/noticias\/2026\/02\/05\/presidente-destituida-do-parlamento-sao-tomense-recorre-ao-tc\/\"]}]},{\"@type\":\"BreadcrumbList\",\"@id\":\"https:\/\/portaltela.pt\/noticias\/2026\/02\/05\/presidente-destituida-do-parlamento-sao-tomense-recorre-ao-tc\/#breadcrumb\",\"itemListElement\":[{\"@type\":\"ListItem\",\"position\":1,\"name\":\"In\u00edcio\",\"item\":\"https:\/\/portaltela.pt\/\"},{\"@type\":\"ListItem\",\"position\":2,\"name\":\"Presidente destitu\u00edda do parlamento s\u00e3o-tomense recorre ao TC\"}]},{\"@type\":\"WebSite\",\"@id\":\"https:\/\/portaltela.pt\/#website\",\"url\":\"https:\/\/portaltela.pt\/\",\"name\":\"Portal Tela Portugal\",\"description\":\"\",\"potentialAction\":[{\"@type\":\"SearchAction\",\"target\":{\"@type\":\"EntryPoint\",\"urlTemplate\":\"https:\/\/portaltela.pt\/?s={search_term_string}\"},\"query-input\":{\"@type\":\"PropertyValueSpecification\",\"valueRequired\":true,\"valueName\":\"search_term_string\"}}],\"inLanguage\":\"pt-PT\"},{\"@type\":\"Person\",\"@id\":\"https:\/\/portaltela.pt\/#\/schema\/person\/c4278d4a6028830caff9ee44b42d32ed\",\"name\":\"Telinha\",\"image\":{\"@type\":\"ImageObject\",\"inLanguage\":\"pt-PT\",\"@id\":\"https:\/\/portaltela.pt\/s.01k8rhncp4jt1\/2025\/11\/talking-bot-125x125.png\",\"url\":\"https:\/\/portaltela.pt\/s.01k8rhncp4jt1\/2025\/11\/talking-bot-125x125.png\",\"contentUrl\":\"https:\/\/portaltela.pt\/s.01k8rhncp4jt1\/2025\/11\/talking-bot-125x125.png\",\"caption\":\"Telinha\"},\"sameAs\":[\"https:\/\/portaltela.pt\/\"],\"url\":\"https:\/\/portaltela.pt\/por\/367410592786\/\"}]}<\/script>\n<!-- \/ Yoast SEO plugin. -->","yoast_head_json":{"title":"Presidente destitu\u00edda do parlamento s\u00e3o-tomense recorre ao TC - Portal Tela Portugal","robots":{"index":"index","follow":"follow","max-snippet":"max-snippet:-1","max-image-preview":"max-image-preview:large","max-video-preview":"max-video-preview:-1"},"og_locale":"pt_PT","og_type":"article","og_title":"Presidente destitu\u00edda do parlamento s\u00e3o-tomense recorre ao TC - Portal Tela Portugal","og_description":"A presidente destitu\u00edda do parlamento s\u00e3o-tomense anunciou que vai recorrer ao Tribunal Constitucional. Diz que, na segunda-feira, 29 deputados a expulsaram do cargo atrav\u00e9s de um golpe parlamentar. Considera o ato nulo e pretende contest\u00e1-lo juridicamente. A not\u00edcia n\u00e3o detalha outras consequ\u00eancias imediatas da destitui\u00e7\u00e3o.","og_url":"https:\/\/portaltela.pt\/noticias\/2026\/02\/05\/presidente-destituida-do-parlamento-sao-tomense-recorre-ao-tc\/","og_site_name":"Portal Tela Portugal","article_published_time":"2026-02-05T14:35:00+00:00","author":"Telinha","twitter_card":"summary_large_image","twitter_misc":{"Escrito por":"Telinha","Tempo estimado de leitura":"1 minuto"},"schema":{"@context":"https:\/\/schema.org","@graph":[{"@type":"Article","@id":"https:\/\/portaltela.pt\/noticias\/2026\/02\/05\/presidente-destituida-do-parlamento-sao-tomense-recorre-ao-tc\/#article","isPartOf":{"@id":"https:\/\/portaltela.pt\/noticias\/2026\/02\/05\/presidente-destituida-do-parlamento-sao-tomense-recorre-ao-tc\/"},"author":{"name":"Telinha","@id":"https:\/\/portaltela.pt\/#\/schema\/person\/c4278d4a6028830caff9ee44b42d32ed"},"headline":"Presidente destitu\u00edda do parlamento s\u00e3o-tomense recorre ao TC","datePublished":"2026-02-05T14:35:00+00:00","mainEntityOfPage":{"@id":"https:\/\/portaltela.pt\/noticias\/2026\/02\/05\/presidente-destituida-do-parlamento-sao-tomense-recorre-ao-tc\/"},"wordCount":138,"keywords":["constitui\u00e7\u00e3o","institui\u00e7\u00f5es","justi\u00e7a","pol\u00edtica","Tribunais Administrativos e Fiscais"],"articleSection":["Not\u00edcias","Pol\u00edtica"],"inLanguage":"pt-PT"},{"@type":"WebPage","@id":"https:\/\/portaltela.pt\/noticias\/2026\/02\/05\/presidente-destituida-do-parlamento-sao-tomense-recorre-ao-tc\/","url":"https:\/\/portaltela.pt\/noticias\/2026\/02\/05\/presidente-destituida-do-parlamento-sao-tomense-recorre-ao-tc\/","name":"Presidente destitu\u00edda do parlamento s\u00e3o-tomense recorre ao TC - Portal Tela Portugal","isPartOf":{"@id":"https:\/\/portaltela.pt\/#website"},"datePublished":"2026-02-05T14:35:00+00:00","author":{"@id":"https:\/\/portaltela.pt\/#\/schema\/person\/c4278d4a6028830caff9ee44b42d32ed"},"breadcrumb":{"@id":"https:\/\/portaltela.pt\/noticias\/2026\/02\/05\/presidente-destituida-do-parlamento-sao-tomense-recorre-ao-tc\/#breadcrumb"},"inLanguage":"pt-PT","potentialAction":[{"@type":"ReadAction","target":["https:\/\/portaltela.pt\/noticias\/2026\/02\/05\/presidente-destituida-do-parlamento-sao-tomense-recorre-ao-tc\/"]}]},{"@type":"BreadcrumbList","@id":"https:\/\/portaltela.pt\/noticias\/2026\/02\/05\/presidente-destituida-do-parlamento-sao-tomense-recorre-ao-tc\/#breadcrumb","itemListElement":[{"@type":"ListItem","position":1,"name":"In\u00edcio","item":"https:\/\/portaltela.pt\/"},{"@type":"ListItem","position":2,"name":"Presidente destitu\u00edda do parlamento s\u00e3o-tomense recorre ao TC"}]},{"@type":"WebSite","@id":"https:\/\/portaltela.pt\/#website","url":"https:\/\/portaltela.pt\/","name":"Portal Tela Portugal","description":"","potentialAction":[{"@type":"SearchAction","target":{"@type":"EntryPoint","urlTemplate":"https:\/\/portaltela.pt\/?s={search_term_string}"},"query-input":{"@type":"PropertyValueSpecification","valueRequired":true,"valueName":"search_term_string"}}],"inLanguage":"pt-PT"},{"@type":"Person","@id":"https:\/\/portaltela.pt\/#\/schema\/person\/c4278d4a6028830caff9ee44b42d32ed","name":"Telinha","image":{"@type":"ImageObject","inLanguage":"pt-PT","@id":"https:\/\/portaltela.pt\/s.01k8rhncp4jt1\/2025\/11\/talking-bot-125x125.png","url":"https:\/\/portaltela.pt\/s.01k8rhncp4jt1\/2025\/11\/talking-bot-125x125.png","contentUrl":"https:\/\/portaltela.pt\/s.01k8rhncp4jt1\/2025\/11\/talking-bot-125x125.png","caption":"Telinha"},"sameAs":["https:\/\/portaltela.pt\/"],"url":"https:\/\/portaltela.pt\/por\/367410592786\/"}]}},"_links":{"self":[{"href":"https:\/\/portaltela.pt\/api\/wp\/v2\/posts\/199995","targetHints":{"allow":["GET"]}}],"collection":[{"href":"https:\/\/portaltela.pt\/api\/wp\/v2\/posts"}],"about":[{"href":"https:\/\/portaltela.pt\/api\/wp\/v2\/types\/post"}],"author":[{"embeddable":true,"href":"https:\/\/portaltela.pt\/api\/wp\/v2\/users\/2"}],"replies":[{"embeddable":true,"href":"https:\/\/portaltela.pt\/api\/wp\/v2\/comments?post=199995"}],"version-history":[{"count":0,"href":"https:\/\/portaltela.pt\/api\/wp\/v2\/posts\/199995\/revisions"}],"wp:attachment":[{"href":"https:\/\/portaltela.pt\/api\/wp\/v2\/media?parent=199995"}],"wp:term":[{"taxonomy":"category","embeddable":true,"href":"https:\/\/portaltela.pt\/api\/wp\/v2\/categories?post=199995"},{"taxonomy":"post_tag","embeddable":true,"href":"https:\/\/portaltela.pt\/api\/wp\/v2\/tags?post=199995"}],"curies":[{"name":"wp","href":"https:\/\/api.w.org\/{rel}","templated":true}]}}