{"id":199992,"date":"2026-02-05T11:27:00","date_gmt":"2026-02-05T14:27:00","guid":{"rendered":"https:\/\/portaltela.pt\/noticias\/2026\/02\/05\/patricia-sampaio-recebeu-em-belem-comenda-da-ordem-de-merito\/"},"modified":"2026-02-05T11:27:00","modified_gmt":"2026-02-05T14:27:00","slug":"patricia-sampaio-recebeu-em-belem-comenda-da-ordem-de-merito","status":"publish","type":"post","link":"https:\/\/portaltela.pt\/desporto\/2026\/02\/05\/patricia-sampaio-recebeu-em-belem-comenda-da-ordem-de-merito\/","title":{"rendered":"Patr\u00edcia Sampaio recebeu em Bel\u00e9m comenda da Ordem de M\u00e9rito"},"content":{"rendered":"<p>A judoca Patr\u00edcia Sampaio recebeu em Bel\u00e9m as ins\u00edgnias de Comendadora da Ordem de M\u00e9rito, entregues pelo presidente da Rep\u00fablica, Marcelo Rebelo de Sousa, pela medalha de bronze alcan\u00e7ada em Paris 2024. A cerim\u00f3nia realizou-se no Pal\u00e1cio de Bel\u00e9m e integrou a agenda da Cerim\u00f3nia Ol\u00edmpica 2025.<\/p>\n<p>Sampaio, de 26 anos, \u00e9 considerada a melhor judoca portuguesa da atualidade e soma a quarta medalha ol\u00edmpica para o pa\u00eds na modalidade, todas elas bronze. Nos Jogos de Paris, j\u00e1 tinham sido medalhados Nuno Delgado, Telma Monteiro e Jorge Fonseca.<\/p>\n<p>Na mesma cerim\u00f3nia de novembro, Marcelo Rebelo de Sousa condecorou ainda atletas de outras modalidades, entre eles Carlos Lopes, com Gr\u00e3-Cruz da Ordem do M\u00e9rito, e Pedro Pichardo, I\u00fari Leit\u00e3o, Gustavo Gon\u00e7alves, Jo\u00e3o Ribeiro, Messias Baptista e Pedro Casinha, com graus de oficiais ou grandes oficiais.<\/p>\n<p>Tamb\u00e9m foi distinguido Rui Oliveira, ciclista medalhado em Paris 2024, com o grau de Grande-Oficial da Ordem do M\u00e9rito, segundo a mesma cerim\u00f3nia no Pal\u00e1cio de Bel\u00e9m. A lista incluiu ainda atletas paral\u00edmpicos premiados na mesma ocasi\u00e3o.<\/p>\n<p>Entre os condecorados paral\u00edmpicos, destacaram-se Cristina Gon\u00e7alves (boccia), Miguel Monteiro (atletismo), Carolina Duarte (atletismo) e Sandro Baessa (atletismo), todos medalhados em Paris 2024.<\/p>\n","protected":false},"excerpt":{"rendered":"<ul>\n<li>Patr\u00edcia Sampaio recebeu em Bel\u00e9m as ins\u00edgnias de Comendadora da Ordem de M\u00e9rito pela medalha de bronze conquistada nos Jogos Ol\u00edmpicos Paris 2024.<\/li>\n<li>A homenagem foi entregue pelo Presidente da Rep\u00fablica, Marcelo Rebelo de Sousa, no Pal\u00e1cio de Bel\u00e9m.<\/li>\n<li>A cerim\u00f3nia ocorreu no \u00e2mbito da Cerim\u00f3nia Ol\u00edmpica de 2025, seguindo outras distin\u00e7\u00f5es a atletas realizadas em novembro.<\/li>\n<li>A judoca, de 26 anos, soma a quarta medalha ol\u00edmpica para a modalidade, todas de bronze, depois de Nuno Delgado, Telma Monteiro e Jorge Fonseca.<\/li>\n<li>Al\u00e9m de Sampaio, foram distinguidos, em novembro, outros atletas ol\u00edmpicos e paral\u00edmpicos com v\u00e1rias ins\u00edgnias da Ordem do M\u00e9rito.<\/li>\n<\/ul>\n","protected":false},"author":2,"featured_media":199993,"comment_status":"closed","ping_status":"closed","sticky":false,"template":"","format":"standard","meta":{"footnotes":""},"categories":[21],"tags":[252,152,3163,4889,1014],"class_list":["post-199992","post","type-post","status-publish","format-standard","has-post-thumbnail","hentry","category-desporto","tag-atletas","tag-desporto","tag-paris","tag-patricia","tag-portugal"],"yoast_head":"<!-- This site is optimized with the Yoast SEO plugin v27.2 - https:\/\/yoast.com\/product\/yoast-seo-wordpress\/ -->\n<title>Patr\u00edcia Sampaio recebeu em Bel\u00e9m comenda da Ordem de M\u00e9rito - Portal Tela Portugal<\/title>\n<meta name=\"robots\" content=\"index, follow, max-snippet:-1, max-image-preview:large, max-video-preview:-1\" \/>\n<meta property=\"og:locale\" content=\"pt_PT\" \/>\n<meta property=\"og:type\" content=\"article\" \/>\n<meta property=\"og:title\" content=\"Patr\u00edcia Sampaio recebeu em Bel\u00e9m comenda da Ordem de M\u00e9rito - Portal Tela Portugal\" \/>\n<meta property=\"og:description\" content=\"Patr\u00edcia Sampaio recebeu em Bel\u00e9m as ins\u00edgnias de Comendadora da Ordem de M\u00e9rito pela medalha de bronze conquistada nos Jogos Ol\u00edmpicos Paris 2024. A homenagem foi entregue pelo Presidente da Rep\u00fablica, Marcelo Rebelo de Sousa, no Pal\u00e1cio de Bel\u00e9m. A cerim\u00f3nia ocorreu no \u00e2mbito da Cerim\u00f3nia Ol\u00edmpica de 2025, seguindo outras distin\u00e7\u00f5es a atletas realizadas em novembro. A judoca, de 26 anos, soma a quarta medalha ol\u00edmpica para a modalidade, todas de bronze, depois de Nuno Delgado, Telma Monteiro e Jorge Fonseca. Al\u00e9m de Sampaio, foram distinguidos, em novembro, outros atletas ol\u00edmpicos e paral\u00edmpicos com v\u00e1rias ins\u00edgnias da Ordem do M\u00e9rito.\" \/>\n<meta property=\"og:url\" content=\"https:\/\/portaltela.pt\/noticias\/2026\/02\/05\/patricia-sampaio-recebeu-em-belem-comenda-da-ordem-de-merito\/\" \/>\n<meta property=\"og:site_name\" content=\"Portal Tela Portugal\" \/>\n<meta property=\"article:published_time\" content=\"2026-02-05T14:27:00+00:00\" \/>\n<meta name=\"author\" content=\"Telinha\" \/>\n<meta name=\"twitter:card\" content=\"summary_large_image\" \/>\n<meta name=\"twitter:label1\" content=\"Escrito por\" \/>\n\t<meta name=\"twitter:data1\" content=\"Telinha\" \/>\n\t<meta name=\"twitter:label2\" content=\"Tempo estimado de leitura\" \/>\n\t<meta name=\"twitter:data2\" content=\"1 minuto\" \/>\n<script type=\"application\/ld+json\" class=\"yoast-schema-graph\">{\"@context\":\"https:\/\/schema.org\",\"@graph\":[{\"@type\":\"Article\",\"@id\":\"https:\/\/portaltela.pt\/noticias\/2026\/02\/05\/patricia-sampaio-recebeu-em-belem-comenda-da-ordem-de-merito\/#article\",\"isPartOf\":{\"@id\":\"https:\/\/portaltela.pt\/noticias\/2026\/02\/05\/patricia-sampaio-recebeu-em-belem-comenda-da-ordem-de-merito\/\"},\"author\":{\"name\":\"Telinha\",\"@id\":\"https:\/\/portaltela.pt\/#\/schema\/person\/c4278d4a6028830caff9ee44b42d32ed\"},\"headline\":\"Patr\u00edcia Sampaio recebeu em Bel\u00e9m comenda da Ordem de M\u00e9rito\",\"datePublished\":\"2026-02-05T14:27:00+00:00\",\"mainEntityOfPage\":{\"@id\":\"https:\/\/portaltela.pt\/noticias\/2026\/02\/05\/patricia-sampaio-recebeu-em-belem-comenda-da-ordem-de-merito\/\"},\"wordCount\":230,\"image\":{\"@id\":\"https:\/\/portaltela.pt\/noticias\/2026\/02\/05\/patricia-sampaio-recebeu-em-belem-comenda-da-ordem-de-merito\/#primaryimage\"},\"thumbnailUrl\":\"https:\/\/portaltela.pt\/s.01k8rhncp4jt1\/2026\/02\/image-378.jpg\",\"keywords\":[\"atletas\",\"desporto\",\"Paris\",\"patr\u00edcia\",\"Portugal\"],\"articleSection\":[\"Desporto\"],\"inLanguage\":\"pt-PT\"},{\"@type\":\"WebPage\",\"@id\":\"https:\/\/portaltela.pt\/noticias\/2026\/02\/05\/patricia-sampaio-recebeu-em-belem-comenda-da-ordem-de-merito\/\",\"url\":\"https:\/\/portaltela.pt\/noticias\/2026\/02\/05\/patricia-sampaio-recebeu-em-belem-comenda-da-ordem-de-merito\/\",\"name\":\"Patr\u00edcia Sampaio recebeu em Bel\u00e9m comenda da Ordem de M\u00e9rito - Portal Tela Portugal\",\"isPartOf\":{\"@id\":\"https:\/\/portaltela.pt\/#website\"},\"primaryImageOfPage\":{\"@id\":\"https:\/\/portaltela.pt\/noticias\/2026\/02\/05\/patricia-sampaio-recebeu-em-belem-comenda-da-ordem-de-merito\/#primaryimage\"},\"image\":{\"@id\":\"https:\/\/portaltela.pt\/noticias\/2026\/02\/05\/patricia-sampaio-recebeu-em-belem-comenda-da-ordem-de-merito\/#primaryimage\"},\"thumbnailUrl\":\"https:\/\/portaltela.pt\/s.01k8rhncp4jt1\/2026\/02\/image-378.jpg\",\"datePublished\":\"2026-02-05T14:27:00+00:00\",\"author\":{\"@id\":\"https:\/\/portaltela.pt\/#\/schema\/person\/c4278d4a6028830caff9ee44b42d32ed\"},\"breadcrumb\":{\"@id\":\"https:\/\/portaltela.pt\/noticias\/2026\/02\/05\/patricia-sampaio-recebeu-em-belem-comenda-da-ordem-de-merito\/#breadcrumb\"},\"inLanguage\":\"pt-PT\",\"potentialAction\":[{\"@type\":\"ReadAction\",\"target\":[\"https:\/\/portaltela.pt\/noticias\/2026\/02\/05\/patricia-sampaio-recebeu-em-belem-comenda-da-ordem-de-merito\/\"]}]},{\"@type\":\"ImageObject\",\"inLanguage\":\"pt-PT\",\"@id\":\"https:\/\/portaltela.pt\/noticias\/2026\/02\/05\/patricia-sampaio-recebeu-em-belem-comenda-da-ordem-de-merito\/#primaryimage\",\"url\":\"https:\/\/portaltela.pt\/s.01k8rhncp4jt1\/2026\/02\/image-378.jpg\",\"contentUrl\":\"https:\/\/portaltela.pt\/s.01k8rhncp4jt1\/2026\/02\/image-378.jpg\",\"width\":796,\"height\":448,\"caption\":\"Patr\u00edcia Sampaio distinguida\"},{\"@type\":\"BreadcrumbList\",\"@id\":\"https:\/\/portaltela.pt\/noticias\/2026\/02\/05\/patricia-sampaio-recebeu-em-belem-comenda-da-ordem-de-merito\/#breadcrumb\",\"itemListElement\":[{\"@type\":\"ListItem\",\"position\":1,\"name\":\"In\u00edcio\",\"item\":\"https:\/\/portaltela.pt\/\"},{\"@type\":\"ListItem\",\"position\":2,\"name\":\"Patr\u00edcia Sampaio recebeu em Bel\u00e9m comenda da Ordem de M\u00e9rito\"}]},{\"@type\":\"WebSite\",\"@id\":\"https:\/\/portaltela.pt\/#website\",\"url\":\"https:\/\/portaltela.pt\/\",\"name\":\"Portal Tela Portugal\",\"description\":\"\",\"potentialAction\":[{\"@type\":\"SearchAction\",\"target\":{\"@type\":\"EntryPoint\",\"urlTemplate\":\"https:\/\/portaltela.pt\/?s={search_term_string}\"},\"query-input\":{\"@type\":\"PropertyValueSpecification\",\"valueRequired\":true,\"valueName\":\"search_term_string\"}}],\"inLanguage\":\"pt-PT\"},{\"@type\":\"Person\",\"@id\":\"https:\/\/portaltela.pt\/#\/schema\/person\/c4278d4a6028830caff9ee44b42d32ed\",\"name\":\"Telinha\",\"image\":{\"@type\":\"ImageObject\",\"inLanguage\":\"pt-PT\",\"@id\":\"https:\/\/portaltela.pt\/s.01k8rhncp4jt1\/2025\/11\/talking-bot-125x125.png\",\"url\":\"https:\/\/portaltela.pt\/s.01k8rhncp4jt1\/2025\/11\/talking-bot-125x125.png\",\"contentUrl\":\"https:\/\/portaltela.pt\/s.01k8rhncp4jt1\/2025\/11\/talking-bot-125x125.png\",\"caption\":\"Telinha\"},\"sameAs\":[\"https:\/\/portaltela.pt\/\"],\"url\":\"https:\/\/portaltela.pt\/por\/367410592786\/\"}]}<\/script>\n<!-- \/ Yoast SEO plugin. -->","yoast_head_json":{"title":"Patr\u00edcia Sampaio recebeu em Bel\u00e9m comenda da Ordem de M\u00e9rito - Portal Tela Portugal","robots":{"index":"index","follow":"follow","max-snippet":"max-snippet:-1","max-image-preview":"max-image-preview:large","max-video-preview":"max-video-preview:-1"},"og_locale":"pt_PT","og_type":"article","og_title":"Patr\u00edcia Sampaio recebeu em Bel\u00e9m comenda da Ordem de M\u00e9rito - Portal Tela Portugal","og_description":"Patr\u00edcia Sampaio recebeu em Bel\u00e9m as ins\u00edgnias de Comendadora da Ordem de M\u00e9rito pela medalha de bronze conquistada nos Jogos Ol\u00edmpicos Paris 2024. A homenagem foi entregue pelo Presidente da Rep\u00fablica, Marcelo Rebelo de Sousa, no Pal\u00e1cio de Bel\u00e9m. A cerim\u00f3nia ocorreu no \u00e2mbito da Cerim\u00f3nia Ol\u00edmpica de 2025, seguindo outras distin\u00e7\u00f5es a atletas realizadas em novembro. A judoca, de 26 anos, soma a quarta medalha ol\u00edmpica para a modalidade, todas de bronze, depois de Nuno Delgado, Telma Monteiro e Jorge Fonseca. Al\u00e9m de Sampaio, foram distinguidos, em novembro, outros atletas ol\u00edmpicos e paral\u00edmpicos com v\u00e1rias ins\u00edgnias da Ordem do M\u00e9rito.","og_url":"https:\/\/portaltela.pt\/noticias\/2026\/02\/05\/patricia-sampaio-recebeu-em-belem-comenda-da-ordem-de-merito\/","og_site_name":"Portal Tela Portugal","article_published_time":"2026-02-05T14:27:00+00:00","author":"Telinha","twitter_card":"summary_large_image","twitter_misc":{"Escrito por":"Telinha","Tempo estimado de leitura":"1 minuto"},"schema":{"@context":"https:\/\/schema.org","@graph":[{"@type":"Article","@id":"https:\/\/portaltela.pt\/noticias\/2026\/02\/05\/patricia-sampaio-recebeu-em-belem-comenda-da-ordem-de-merito\/#article","isPartOf":{"@id":"https:\/\/portaltela.pt\/noticias\/2026\/02\/05\/patricia-sampaio-recebeu-em-belem-comenda-da-ordem-de-merito\/"},"author":{"name":"Telinha","@id":"https:\/\/portaltela.pt\/#\/schema\/person\/c4278d4a6028830caff9ee44b42d32ed"},"headline":"Patr\u00edcia Sampaio recebeu em Bel\u00e9m comenda da Ordem de M\u00e9rito","datePublished":"2026-02-05T14:27:00+00:00","mainEntityOfPage":{"@id":"https:\/\/portaltela.pt\/noticias\/2026\/02\/05\/patricia-sampaio-recebeu-em-belem-comenda-da-ordem-de-merito\/"},"wordCount":230,"image":{"@id":"https:\/\/portaltela.pt\/noticias\/2026\/02\/05\/patricia-sampaio-recebeu-em-belem-comenda-da-ordem-de-merito\/#primaryimage"},"thumbnailUrl":"https:\/\/portaltela.pt\/s.01k8rhncp4jt1\/2026\/02\/image-378.jpg","keywords":["atletas","desporto","Paris","patr\u00edcia","Portugal"],"articleSection":["Desporto"],"inLanguage":"pt-PT"},{"@type":"WebPage","@id":"https:\/\/portaltela.pt\/noticias\/2026\/02\/05\/patricia-sampaio-recebeu-em-belem-comenda-da-ordem-de-merito\/","url":"https:\/\/portaltela.pt\/noticias\/2026\/02\/05\/patricia-sampaio-recebeu-em-belem-comenda-da-ordem-de-merito\/","name":"Patr\u00edcia Sampaio recebeu em Bel\u00e9m comenda da Ordem de M\u00e9rito - Portal Tela Portugal","isPartOf":{"@id":"https:\/\/portaltela.pt\/#website"},"primaryImageOfPage":{"@id":"https:\/\/portaltela.pt\/noticias\/2026\/02\/05\/patricia-sampaio-recebeu-em-belem-comenda-da-ordem-de-merito\/#primaryimage"},"image":{"@id":"https:\/\/portaltela.pt\/noticias\/2026\/02\/05\/patricia-sampaio-recebeu-em-belem-comenda-da-ordem-de-merito\/#primaryimage"},"thumbnailUrl":"https:\/\/portaltela.pt\/s.01k8rhncp4jt1\/2026\/02\/image-378.jpg","datePublished":"2026-02-05T14:27:00+00:00","author":{"@id":"https:\/\/portaltela.pt\/#\/schema\/person\/c4278d4a6028830caff9ee44b42d32ed"},"breadcrumb":{"@id":"https:\/\/portaltela.pt\/noticias\/2026\/02\/05\/patricia-sampaio-recebeu-em-belem-comenda-da-ordem-de-merito\/#breadcrumb"},"inLanguage":"pt-PT","potentialAction":[{"@type":"ReadAction","target":["https:\/\/portaltela.pt\/noticias\/2026\/02\/05\/patricia-sampaio-recebeu-em-belem-comenda-da-ordem-de-merito\/"]}]},{"@type":"ImageObject","inLanguage":"pt-PT","@id":"https:\/\/portaltela.pt\/noticias\/2026\/02\/05\/patricia-sampaio-recebeu-em-belem-comenda-da-ordem-de-merito\/#primaryimage","url":"https:\/\/portaltela.pt\/s.01k8rhncp4jt1\/2026\/02\/image-378.jpg","contentUrl":"https:\/\/portaltela.pt\/s.01k8rhncp4jt1\/2026\/02\/image-378.jpg","width":796,"height":448,"caption":"Patr\u00edcia Sampaio distinguida"},{"@type":"BreadcrumbList","@id":"https:\/\/portaltela.pt\/noticias\/2026\/02\/05\/patricia-sampaio-recebeu-em-belem-comenda-da-ordem-de-merito\/#breadcrumb","itemListElement":[{"@type":"ListItem","position":1,"name":"In\u00edcio","item":"https:\/\/portaltela.pt\/"},{"@type":"ListItem","position":2,"name":"Patr\u00edcia Sampaio recebeu em Bel\u00e9m comenda da Ordem de M\u00e9rito"}]},{"@type":"WebSite","@id":"https:\/\/portaltela.pt\/#website","url":"https:\/\/portaltela.pt\/","name":"Portal Tela Portugal","description":"","potentialAction":[{"@type":"SearchAction","target":{"@type":"EntryPoint","urlTemplate":"https:\/\/portaltela.pt\/?s={search_term_string}"},"query-input":{"@type":"PropertyValueSpecification","valueRequired":true,"valueName":"search_term_string"}}],"inLanguage":"pt-PT"},{"@type":"Person","@id":"https:\/\/portaltela.pt\/#\/schema\/person\/c4278d4a6028830caff9ee44b42d32ed","name":"Telinha","image":{"@type":"ImageObject","inLanguage":"pt-PT","@id":"https:\/\/portaltela.pt\/s.01k8rhncp4jt1\/2025\/11\/talking-bot-125x125.png","url":"https:\/\/portaltela.pt\/s.01k8rhncp4jt1\/2025\/11\/talking-bot-125x125.png","contentUrl":"https:\/\/portaltela.pt\/s.01k8rhncp4jt1\/2025\/11\/talking-bot-125x125.png","caption":"Telinha"},"sameAs":["https:\/\/portaltela.pt\/"],"url":"https:\/\/portaltela.pt\/por\/367410592786\/"}]}},"_links":{"self":[{"href":"https:\/\/portaltela.pt\/api\/wp\/v2\/posts\/199992","targetHints":{"allow":["GET"]}}],"collection":[{"href":"https:\/\/portaltela.pt\/api\/wp\/v2\/posts"}],"about":[{"href":"https:\/\/portaltela.pt\/api\/wp\/v2\/types\/post"}],"author":[{"embeddable":true,"href":"https:\/\/portaltela.pt\/api\/wp\/v2\/users\/2"}],"replies":[{"embeddable":true,"href":"https:\/\/portaltela.pt\/api\/wp\/v2\/comments?post=199992"}],"version-history":[{"count":0,"href":"https:\/\/portaltela.pt\/api\/wp\/v2\/posts\/199992\/revisions"}],"wp:featuredmedia":[{"embeddable":true,"href":"https:\/\/portaltela.pt\/api\/wp\/v2\/media\/199993"}],"wp:attachment":[{"href":"https:\/\/portaltela.pt\/api\/wp\/v2\/media?parent=199992"}],"wp:term":[{"taxonomy":"category","embeddable":true,"href":"https:\/\/portaltela.pt\/api\/wp\/v2\/categories?post=199992"},{"taxonomy":"post_tag","embeddable":true,"href":"https:\/\/portaltela.pt\/api\/wp\/v2\/tags?post=199992"}],"curies":[{"name":"wp","href":"https:\/\/api.w.org\/{rel}","templated":true}]}}