{"id":199951,"date":"2026-02-05T11:05:00","date_gmt":"2026-02-05T14:05:00","guid":{"rendered":"https:\/\/portaltela.pt\/noticias\/2026\/02\/05\/porto-aumenta-videovigilancia-com-50-camaras-em-ramalde\/"},"modified":"2026-02-05T11:05:00","modified_gmt":"2026-02-05T14:05:00","slug":"porto-aumenta-videovigilancia-com-50-camaras-em-ramalde","status":"publish","type":"post","link":"https:\/\/portaltela.pt\/noticias\/2026\/02\/05\/porto-aumenta-videovigilancia-com-50-camaras-em-ramalde\/","title":{"rendered":"Porto aumenta videovigil\u00e2ncia com 50 c\u00e2maras em Ramalde"},"content":{"rendered":"<p>O Porto vai avan\u00e7ar com a instala\u00e7\u00e3o de mais 50 c\u00e2maras de videovigil\u00e2ncia na freguesia de Ramalde. O an\u00fancio foi feito pelo presidente da C\u00e2mara Municipal do Porto, ap\u00f3s uma reuni\u00e3o com a presidente da Junta, Patr\u00edcia Rapazote, o comandante da Pol\u00edcia Municipal e a PSP.<\/p>\n<p>Segundo o autarca, a cidade j\u00e1 conta com 117 c\u00e2maras instaladas e o refor\u00e7o visa responder a uma perce\u00e7\u00e3o de aumento da inseguran\u00e7a em Ramalde, uma freguesia com cerca de 40 mil habitantes. Dados oficiais n\u00e3o confirmam esse acr\u00e9scimo de criminalidade.<\/p>\n<p>Patr\u00edcia Rapazote informou ter enviado of\u00edcios ao Minist\u00e9rio da Administra\u00e7\u00e3o Interna, ao Comando Metropolitano da PSP e \u00e0 c\u00e2mara para pedir mais agentes na esquadra do Viso, bem como refor\u00e7ar a seguran\u00e7a nas tr\u00eas esta\u00e7\u00f5es da Metro do Porto em Ramalde.<\/p>\n<p>O grupo municipal tamb\u00e9m avan\u00e7a com a melhoria da ilumina\u00e7\u00e3o p\u00fablica na freguesia, paralelamente \u00e0 conclus\u00e3o da fase III do projeto de videovigil\u00e2ncia. Datas adicionais devem ser anunciadas oportunamente pela autarquia.<\/p>\n<p>Pedro Duarte tem reiterado que a prioridade \u00e9 a seguran\u00e7a na cidade, destacando a necessidade de acompanhar a evolu\u00e7\u00e3o da criminalidade de forma detalhada. O munic\u00edpio prev\u00ea ainda consultar uma institui\u00e7\u00e3o de ensino superior para um estudo mais rigoroso dos dados.<\/p>\n<p>At\u00e9 ao momento, o \u00faltimo relat\u00f3rio oficial dispon\u00edvel indica que a criminalidade na cidade permanece abaixo dos n\u00edveis de uma d\u00e9cada atr\u00e1s, informa\u00e7\u00e3o que motivou, segundo o presidente, uma an\u00e1lise mais detalhada da chamada \u201cpequena criminalidade\u201d.<\/p>\n","protected":false},"excerpt":{"rendered":"<ul>\n<li>O Porto vai instalar mais 50 c\u00e2maras de videovigil\u00e2ncia em Ramalde, passando a somar 167 c\u00e2maras na cidade.<\/li>\n<li>Ainda n\u00e3o h\u00e1 data definida para o in\u00edcio da instala\u00e7\u00e3o dos novos equipamentos.<\/li>\n<li>A decis\u00e3o foi anunciada pelo presidente da C\u00e2mara ap\u00f3s uma reuni\u00e3o com a presidente da Junta de Ramalde e representantes da Pol\u00edcia Municipal e da PSP, com a perce\u00e7\u00e3o de aumento da inseguran\u00e7a na freguesia.<\/li>\n<li>A Junta pediu mais agentes para a esquadra do Viso e refor\u00e7o de seguran\u00e7a nas tr\u00eas esta\u00e7\u00f5es de Ramalde, al\u00e9m de melhoria da ilumina\u00e7\u00e3o e da fase III do sistema de videovigil\u00e2ncia.<\/li>\n<li>O autarca afirma que os dados oficiais n\u00e3o refletem um aumento da criminalidade violenta, defende foco na \u201cpequena criminalidade\u201d e pretende envolver uma universidade para obter dados mais detalhados.<\/li>\n<\/ul>\n","protected":false},"author":2,"featured_media":199959,"comment_status":"closed","ping_status":"closed","sticky":false,"template":"","format":"standard","meta":{"footnotes":""},"categories":[1],"tags":[735,2874,982,3455,250,2234],"class_list":["post-199951","post","type-post","status-publish","format-standard","has-post-thumbnail","hentry","category-noticias","tag-iluminacao-publica","tag-policia-municipal","tag-porto","tag-ramalde","tag-seguranca-publica","tag-videovigilancia"],"yoast_head":"<!-- This site is optimized with the Yoast SEO plugin v27.2 - https:\/\/yoast.com\/product\/yoast-seo-wordpress\/ -->\n<title>Porto aumenta videovigil\u00e2ncia com 50 c\u00e2maras em Ramalde - Portal Tela Portugal<\/title>\n<meta name=\"robots\" content=\"index, follow, max-snippet:-1, max-image-preview:large, max-video-preview:-1\" \/>\n<meta property=\"og:locale\" content=\"pt_PT\" \/>\n<meta property=\"og:type\" content=\"article\" \/>\n<meta property=\"og:title\" content=\"Porto aumenta videovigil\u00e2ncia com 50 c\u00e2maras em Ramalde - Portal Tela Portugal\" \/>\n<meta property=\"og:description\" content=\"O Porto vai instalar mais 50 c\u00e2maras de videovigil\u00e2ncia em Ramalde, passando a somar 167 c\u00e2maras na cidade. Ainda n\u00e3o h\u00e1 data definida para o in\u00edcio da instala\u00e7\u00e3o dos novos equipamentos. A decis\u00e3o foi anunciada pelo presidente da C\u00e2mara ap\u00f3s uma reuni\u00e3o com a presidente da Junta de Ramalde e representantes da Pol\u00edcia Municipal e da PSP, com a perce\u00e7\u00e3o de aumento da inseguran\u00e7a na freguesia. A Junta pediu mais agentes para a esquadra do Viso e refor\u00e7o de seguran\u00e7a nas tr\u00eas esta\u00e7\u00f5es de Ramalde, al\u00e9m de melhoria da ilumina\u00e7\u00e3o e da fase III do sistema de videovigil\u00e2ncia. O autarca afirma que os dados oficiais n\u00e3o refletem um aumento da criminalidade violenta, defende foco na \u201cpequena criminalidade\u201d e pretende envolver uma universidade para obter dados mais detalhados.\" \/>\n<meta property=\"og:url\" content=\"https:\/\/portaltela.pt\/noticias\/2026\/02\/05\/porto-aumenta-videovigilancia-com-50-camaras-em-ramalde\/\" \/>\n<meta property=\"og:site_name\" content=\"Portal Tela Portugal\" \/>\n<meta property=\"article:published_time\" content=\"2026-02-05T14:05:00+00:00\" \/>\n<meta name=\"author\" content=\"Telinha\" \/>\n<meta name=\"twitter:card\" content=\"summary_large_image\" \/>\n<meta name=\"twitter:label1\" content=\"Escrito por\" \/>\n\t<meta name=\"twitter:data1\" content=\"Telinha\" \/>\n\t<meta name=\"twitter:label2\" content=\"Tempo estimado de leitura\" \/>\n\t<meta name=\"twitter:data2\" content=\"1 minuto\" \/>\n<script type=\"application\/ld+json\" class=\"yoast-schema-graph\">{\"@context\":\"https:\/\/schema.org\",\"@graph\":[{\"@type\":\"Article\",\"@id\":\"https:\/\/portaltela.pt\/noticias\/2026\/02\/05\/porto-aumenta-videovigilancia-com-50-camaras-em-ramalde\/#article\",\"isPartOf\":{\"@id\":\"https:\/\/portaltela.pt\/noticias\/2026\/02\/05\/porto-aumenta-videovigilancia-com-50-camaras-em-ramalde\/\"},\"author\":{\"name\":\"Telinha\",\"@id\":\"https:\/\/portaltela.pt\/#\/schema\/person\/c4278d4a6028830caff9ee44b42d32ed\"},\"headline\":\"Porto aumenta videovigil\u00e2ncia com 50 c\u00e2maras em Ramalde\",\"datePublished\":\"2026-02-05T14:05:00+00:00\",\"mainEntityOfPage\":{\"@id\":\"https:\/\/portaltela.pt\/noticias\/2026\/02\/05\/porto-aumenta-videovigilancia-com-50-camaras-em-ramalde\/\"},\"wordCount\":281,\"image\":{\"@id\":\"https:\/\/portaltela.pt\/noticias\/2026\/02\/05\/porto-aumenta-videovigilancia-com-50-camaras-em-ramalde\/#primaryimage\"},\"thumbnailUrl\":\"https:\/\/portaltela.pt\/s.01k8rhncp4jt1\/2026\/02\/2064757.jpg\",\"keywords\":[\"ilumina\u00e7\u00e3o p\u00fablica\",\"pol\u00edcia municipal\",\"Porto\",\"Ramalde\",\"seguran\u00e7a p\u00fablica\",\"videovigil\u00e2ncia\"],\"articleSection\":[\"Not\u00edcias\"],\"inLanguage\":\"pt-PT\"},{\"@type\":\"WebPage\",\"@id\":\"https:\/\/portaltela.pt\/noticias\/2026\/02\/05\/porto-aumenta-videovigilancia-com-50-camaras-em-ramalde\/\",\"url\":\"https:\/\/portaltela.pt\/noticias\/2026\/02\/05\/porto-aumenta-videovigilancia-com-50-camaras-em-ramalde\/\",\"name\":\"Porto aumenta videovigil\u00e2ncia com 50 c\u00e2maras em Ramalde - Portal Tela Portugal\",\"isPartOf\":{\"@id\":\"https:\/\/portaltela.pt\/#website\"},\"primaryImageOfPage\":{\"@id\":\"https:\/\/portaltela.pt\/noticias\/2026\/02\/05\/porto-aumenta-videovigilancia-com-50-camaras-em-ramalde\/#primaryimage\"},\"image\":{\"@id\":\"https:\/\/portaltela.pt\/noticias\/2026\/02\/05\/porto-aumenta-videovigilancia-com-50-camaras-em-ramalde\/#primaryimage\"},\"thumbnailUrl\":\"https:\/\/portaltela.pt\/s.01k8rhncp4jt1\/2026\/02\/2064757.jpg\",\"datePublished\":\"2026-02-05T14:05:00+00:00\",\"author\":{\"@id\":\"https:\/\/portaltela.pt\/#\/schema\/person\/c4278d4a6028830caff9ee44b42d32ed\"},\"breadcrumb\":{\"@id\":\"https:\/\/portaltela.pt\/noticias\/2026\/02\/05\/porto-aumenta-videovigilancia-com-50-camaras-em-ramalde\/#breadcrumb\"},\"inLanguage\":\"pt-PT\",\"potentialAction\":[{\"@type\":\"ReadAction\",\"target\":[\"https:\/\/portaltela.pt\/noticias\/2026\/02\/05\/porto-aumenta-videovigilancia-com-50-camaras-em-ramalde\/\"]}]},{\"@type\":\"ImageObject\",\"inLanguage\":\"pt-PT\",\"@id\":\"https:\/\/portaltela.pt\/noticias\/2026\/02\/05\/porto-aumenta-videovigilancia-com-50-camaras-em-ramalde\/#primaryimage\",\"url\":\"https:\/\/portaltela.pt\/s.01k8rhncp4jt1\/2026\/02\/2064757.jpg\",\"contentUrl\":\"https:\/\/portaltela.pt\/s.01k8rhncp4jt1\/2026\/02\/2064757.jpg\",\"width\":796,\"height\":448,\"caption\":\"No Porto j\u00e1 foram instaladas 117 c\u00e2maras de videovigil\u00e2ncia. Em Ramalde, ser\u00e3o instaladas mais 50\"},{\"@type\":\"BreadcrumbList\",\"@id\":\"https:\/\/portaltela.pt\/noticias\/2026\/02\/05\/porto-aumenta-videovigilancia-com-50-camaras-em-ramalde\/#breadcrumb\",\"itemListElement\":[{\"@type\":\"ListItem\",\"position\":1,\"name\":\"In\u00edcio\",\"item\":\"https:\/\/portaltela.pt\/\"},{\"@type\":\"ListItem\",\"position\":2,\"name\":\"Porto aumenta videovigil\u00e2ncia com 50 c\u00e2maras em Ramalde\"}]},{\"@type\":\"WebSite\",\"@id\":\"https:\/\/portaltela.pt\/#website\",\"url\":\"https:\/\/portaltela.pt\/\",\"name\":\"Portal Tela Portugal\",\"description\":\"\",\"potentialAction\":[{\"@type\":\"SearchAction\",\"target\":{\"@type\":\"EntryPoint\",\"urlTemplate\":\"https:\/\/portaltela.pt\/?s={search_term_string}\"},\"query-input\":{\"@type\":\"PropertyValueSpecification\",\"valueRequired\":true,\"valueName\":\"search_term_string\"}}],\"inLanguage\":\"pt-PT\"},{\"@type\":\"Person\",\"@id\":\"https:\/\/portaltela.pt\/#\/schema\/person\/c4278d4a6028830caff9ee44b42d32ed\",\"name\":\"Telinha\",\"image\":{\"@type\":\"ImageObject\",\"inLanguage\":\"pt-PT\",\"@id\":\"https:\/\/portaltela.pt\/s.01k8rhncp4jt1\/2025\/11\/talking-bot-125x125.png\",\"url\":\"https:\/\/portaltela.pt\/s.01k8rhncp4jt1\/2025\/11\/talking-bot-125x125.png\",\"contentUrl\":\"https:\/\/portaltela.pt\/s.01k8rhncp4jt1\/2025\/11\/talking-bot-125x125.png\",\"caption\":\"Telinha\"},\"sameAs\":[\"https:\/\/portaltela.pt\/\"],\"url\":\"https:\/\/portaltela.pt\/por\/367410592786\/\"}]}<\/script>\n<!-- \/ Yoast SEO plugin. -->","yoast_head_json":{"title":"Porto aumenta videovigil\u00e2ncia com 50 c\u00e2maras em Ramalde - Portal Tela Portugal","robots":{"index":"index","follow":"follow","max-snippet":"max-snippet:-1","max-image-preview":"max-image-preview:large","max-video-preview":"max-video-preview:-1"},"og_locale":"pt_PT","og_type":"article","og_title":"Porto aumenta videovigil\u00e2ncia com 50 c\u00e2maras em Ramalde - Portal Tela Portugal","og_description":"O Porto vai instalar mais 50 c\u00e2maras de videovigil\u00e2ncia em Ramalde, passando a somar 167 c\u00e2maras na cidade. Ainda n\u00e3o h\u00e1 data definida para o in\u00edcio da instala\u00e7\u00e3o dos novos equipamentos. A decis\u00e3o foi anunciada pelo presidente da C\u00e2mara ap\u00f3s uma reuni\u00e3o com a presidente da Junta de Ramalde e representantes da Pol\u00edcia Municipal e da PSP, com a perce\u00e7\u00e3o de aumento da inseguran\u00e7a na freguesia. A Junta pediu mais agentes para a esquadra do Viso e refor\u00e7o de seguran\u00e7a nas tr\u00eas esta\u00e7\u00f5es de Ramalde, al\u00e9m de melhoria da ilumina\u00e7\u00e3o e da fase III do sistema de videovigil\u00e2ncia. O autarca afirma que os dados oficiais n\u00e3o refletem um aumento da criminalidade violenta, defende foco na \u201cpequena criminalidade\u201d e pretende envolver uma universidade para obter dados mais detalhados.","og_url":"https:\/\/portaltela.pt\/noticias\/2026\/02\/05\/porto-aumenta-videovigilancia-com-50-camaras-em-ramalde\/","og_site_name":"Portal Tela Portugal","article_published_time":"2026-02-05T14:05:00+00:00","author":"Telinha","twitter_card":"summary_large_image","twitter_misc":{"Escrito por":"Telinha","Tempo estimado de leitura":"1 minuto"},"schema":{"@context":"https:\/\/schema.org","@graph":[{"@type":"Article","@id":"https:\/\/portaltela.pt\/noticias\/2026\/02\/05\/porto-aumenta-videovigilancia-com-50-camaras-em-ramalde\/#article","isPartOf":{"@id":"https:\/\/portaltela.pt\/noticias\/2026\/02\/05\/porto-aumenta-videovigilancia-com-50-camaras-em-ramalde\/"},"author":{"name":"Telinha","@id":"https:\/\/portaltela.pt\/#\/schema\/person\/c4278d4a6028830caff9ee44b42d32ed"},"headline":"Porto aumenta videovigil\u00e2ncia com 50 c\u00e2maras em Ramalde","datePublished":"2026-02-05T14:05:00+00:00","mainEntityOfPage":{"@id":"https:\/\/portaltela.pt\/noticias\/2026\/02\/05\/porto-aumenta-videovigilancia-com-50-camaras-em-ramalde\/"},"wordCount":281,"image":{"@id":"https:\/\/portaltela.pt\/noticias\/2026\/02\/05\/porto-aumenta-videovigilancia-com-50-camaras-em-ramalde\/#primaryimage"},"thumbnailUrl":"https:\/\/portaltela.pt\/s.01k8rhncp4jt1\/2026\/02\/2064757.jpg","keywords":["ilumina\u00e7\u00e3o p\u00fablica","pol\u00edcia municipal","Porto","Ramalde","seguran\u00e7a p\u00fablica","videovigil\u00e2ncia"],"articleSection":["Not\u00edcias"],"inLanguage":"pt-PT"},{"@type":"WebPage","@id":"https:\/\/portaltela.pt\/noticias\/2026\/02\/05\/porto-aumenta-videovigilancia-com-50-camaras-em-ramalde\/","url":"https:\/\/portaltela.pt\/noticias\/2026\/02\/05\/porto-aumenta-videovigilancia-com-50-camaras-em-ramalde\/","name":"Porto aumenta videovigil\u00e2ncia com 50 c\u00e2maras em Ramalde - Portal Tela Portugal","isPartOf":{"@id":"https:\/\/portaltela.pt\/#website"},"primaryImageOfPage":{"@id":"https:\/\/portaltela.pt\/noticias\/2026\/02\/05\/porto-aumenta-videovigilancia-com-50-camaras-em-ramalde\/#primaryimage"},"image":{"@id":"https:\/\/portaltela.pt\/noticias\/2026\/02\/05\/porto-aumenta-videovigilancia-com-50-camaras-em-ramalde\/#primaryimage"},"thumbnailUrl":"https:\/\/portaltela.pt\/s.01k8rhncp4jt1\/2026\/02\/2064757.jpg","datePublished":"2026-02-05T14:05:00+00:00","author":{"@id":"https:\/\/portaltela.pt\/#\/schema\/person\/c4278d4a6028830caff9ee44b42d32ed"},"breadcrumb":{"@id":"https:\/\/portaltela.pt\/noticias\/2026\/02\/05\/porto-aumenta-videovigilancia-com-50-camaras-em-ramalde\/#breadcrumb"},"inLanguage":"pt-PT","potentialAction":[{"@type":"ReadAction","target":["https:\/\/portaltela.pt\/noticias\/2026\/02\/05\/porto-aumenta-videovigilancia-com-50-camaras-em-ramalde\/"]}]},{"@type":"ImageObject","inLanguage":"pt-PT","@id":"https:\/\/portaltela.pt\/noticias\/2026\/02\/05\/porto-aumenta-videovigilancia-com-50-camaras-em-ramalde\/#primaryimage","url":"https:\/\/portaltela.pt\/s.01k8rhncp4jt1\/2026\/02\/2064757.jpg","contentUrl":"https:\/\/portaltela.pt\/s.01k8rhncp4jt1\/2026\/02\/2064757.jpg","width":796,"height":448,"caption":"No Porto j\u00e1 foram instaladas 117 c\u00e2maras de videovigil\u00e2ncia. Em Ramalde, ser\u00e3o instaladas mais 50"},{"@type":"BreadcrumbList","@id":"https:\/\/portaltela.pt\/noticias\/2026\/02\/05\/porto-aumenta-videovigilancia-com-50-camaras-em-ramalde\/#breadcrumb","itemListElement":[{"@type":"ListItem","position":1,"name":"In\u00edcio","item":"https:\/\/portaltela.pt\/"},{"@type":"ListItem","position":2,"name":"Porto aumenta videovigil\u00e2ncia com 50 c\u00e2maras em Ramalde"}]},{"@type":"WebSite","@id":"https:\/\/portaltela.pt\/#website","url":"https:\/\/portaltela.pt\/","name":"Portal Tela Portugal","description":"","potentialAction":[{"@type":"SearchAction","target":{"@type":"EntryPoint","urlTemplate":"https:\/\/portaltela.pt\/?s={search_term_string}"},"query-input":{"@type":"PropertyValueSpecification","valueRequired":true,"valueName":"search_term_string"}}],"inLanguage":"pt-PT"},{"@type":"Person","@id":"https:\/\/portaltela.pt\/#\/schema\/person\/c4278d4a6028830caff9ee44b42d32ed","name":"Telinha","image":{"@type":"ImageObject","inLanguage":"pt-PT","@id":"https:\/\/portaltela.pt\/s.01k8rhncp4jt1\/2025\/11\/talking-bot-125x125.png","url":"https:\/\/portaltela.pt\/s.01k8rhncp4jt1\/2025\/11\/talking-bot-125x125.png","contentUrl":"https:\/\/portaltela.pt\/s.01k8rhncp4jt1\/2025\/11\/talking-bot-125x125.png","caption":"Telinha"},"sameAs":["https:\/\/portaltela.pt\/"],"url":"https:\/\/portaltela.pt\/por\/367410592786\/"}]}},"_links":{"self":[{"href":"https:\/\/portaltela.pt\/api\/wp\/v2\/posts\/199951","targetHints":{"allow":["GET"]}}],"collection":[{"href":"https:\/\/portaltela.pt\/api\/wp\/v2\/posts"}],"about":[{"href":"https:\/\/portaltela.pt\/api\/wp\/v2\/types\/post"}],"author":[{"embeddable":true,"href":"https:\/\/portaltela.pt\/api\/wp\/v2\/users\/2"}],"replies":[{"embeddable":true,"href":"https:\/\/portaltela.pt\/api\/wp\/v2\/comments?post=199951"}],"version-history":[{"count":0,"href":"https:\/\/portaltela.pt\/api\/wp\/v2\/posts\/199951\/revisions"}],"wp:featuredmedia":[{"embeddable":true,"href":"https:\/\/portaltela.pt\/api\/wp\/v2\/media\/199959"}],"wp:attachment":[{"href":"https:\/\/portaltela.pt\/api\/wp\/v2\/media?parent=199951"}],"wp:term":[{"taxonomy":"category","embeddable":true,"href":"https:\/\/portaltela.pt\/api\/wp\/v2\/categories?post=199951"},{"taxonomy":"post_tag","embeddable":true,"href":"https:\/\/portaltela.pt\/api\/wp\/v2\/tags?post=199951"}],"curies":[{"name":"wp","href":"https:\/\/api.w.org\/{rel}","templated":true}]}}