{"id":199931,"date":"2026-02-05T10:58:00","date_gmt":"2026-02-05T13:58:00","guid":{"rendered":"https:\/\/portaltela.pt\/noticias\/2026\/02\/05\/camara-de-alcacer-do-sal-adia-eleicoes-presidenciais-por-falta-de-condicoes\/"},"modified":"2026-02-05T10:58:00","modified_gmt":"2026-02-05T13:58:00","slug":"camara-de-alcacer-do-sal-adia-eleicoes-presidenciais-por-falta-de-condicoes","status":"publish","type":"post","link":"https:\/\/portaltela.pt\/noticias\/2026\/02\/05\/camara-de-alcacer-do-sal-adia-eleicoes-presidenciais-por-falta-de-condicoes\/","title":{"rendered":"C\u00e2mara de Alc\u00e1cer do Sal adia elei\u00e7\u00f5es presidenciais por falta de condi\u00e7\u00f5es"},"content":{"rendered":"<p>A presidente da C\u00e2mara de Alc\u00e1cer do Sal, Clarisse Campos, decidiu adiar as elei\u00e7\u00f5es presidenciais previstas para este domingo no concelho, alegando a situa\u00e7\u00e3o de calamidade. A decis\u00e3o j\u00e1 foi comunicada \u00e0 Comiss\u00e3o Nacional de Elei\u00e7\u00f5es (CNE) e ao Governo. A autarca explicou que n\u00e3o existem condi\u00e7\u00f5es para realizar o ato eleitoral no territ\u00f3rio afetado.<\/p>\n<p>Segundo Clarisse Campos, v\u00e1rias localidades est\u00e3o isoladas e a zona baixa da cidade encontra-se inundada, o que inviabiliza o funcionamento das mesas de voto. A decis\u00e3o de n\u00e3o realizar as elei\u00e7\u00f5es surge na sequ\u00eancia da visita do Presidente da Rep\u00fablica, que acompanhou as zonas afetadas.<\/p>\n<p>A C\u00e2mara de Alc\u00e1cer do Sal, distrito de Set\u00fabal, informou \u00e0 CNE a impossibilidade de decorrer o ato eleitoral neste domingo, mantendo a decis\u00e3o j\u00e1 comunicada. A autarca destacou que, na cidade, a situa\u00e7\u00e3o \u00e9 particularmente grave face \u00e0 semana passada.<\/p>\n<h3>Situa\u00e7\u00e3o em Alc\u00e1cer do Sal<\/h3>\n<p>O Presidente da Rep\u00fablica referiu que algumas situa\u00e7\u00f5es locais podem exigir adiamento de elei\u00e7\u00f5es, dependendo da avalia\u00e7\u00e3o de cada munic\u00edpio. Contudo, esclareceu que a decis\u00e3o final cabe aos respons\u00e1veis locais, e que, em caso de calamidade, pode haver datas alternativas.<\/p>\n<p>Clarisse Campos reiterou que a decis\u00e3o estava quase tomada e que, no contexto da calamidade, \u00e9 impens\u00e1vel realizar o ato eleitoral. Acrescentou que, caso haja nova data, dever\u00e1 obedecer ao prazo legal para a realiza\u00e7\u00e3o do pr\u00f3ximo ato eleitoral, ainda sem decis\u00e3o oficial sobre a data.<\/p>\n<h3>Perspetivas e pr\u00f3ximos passos<\/h3>\n<p>A CNE indicou que alguns locais de voto foram ajustados em diversas autarquias para assegurar o funcionamento das mesas. O organismo lembrou aos eleitores para confirmarem o local de voto atrav\u00e9s do n\u00famero 3838 ou do portal de recenseamento, e disse que continuam a preparar medidas para assegurar a vota\u00e7\u00e3o na data prevista, mesmo com a possibilidade de instabilidade clim\u00e1tica.<\/p>\n","protected":false},"excerpt":{"rendered":"<ul>\n<li>A presidente da C\u00e2mara de Alc\u00e1cer do Sal, Clarisse Campos, adiou as elei\u00e7\u00f5es presidenciais previstas para domingo devido \u00e0 calamidade no concelho.<\/li>\n<li>A decis\u00e3o foi comunicada \u00e0 Comiss\u00e3o Nacional de Elei\u00e7\u00f5es (CNE) e refere que n\u00e3o h\u00e1 condi\u00e7\u00f5es para realizar o ato eleitoral, com v\u00e1rias localidades isoladas e a cidade inundada.<\/li>\n<li>Alc\u00e1cer do Sal integra a \u00e1rea de calamidade decretada pelo Governo at\u00e9 domingo; a autarca afirmou que, nesta circunst\u00e2ncia, \u00e9 impens\u00e1vel realizar as elei\u00e7\u00f5es.<\/li>\n<li>O Presidente da Rep\u00fablica, que visitou as zonas inundadas, indicou que alguns munic\u00edpios podem decidir adiar as elei\u00e7\u00f5es, mas a decis\u00e3o final \u00e9 da autarquia local.<\/li>\n<li>A CNE continua a assegurar que, no \u00e2mbito nacional, foram ajustados locais de voto onde necess\u00e1rio e recomenda aos eleitores que confirmem o local de voto via 3838 ou site oficial.<\/li>\n<\/ul>\n","protected":false},"author":2,"featured_media":199934,"comment_status":"closed","ping_status":"closed","sticky":false,"template":"","format":"standard","meta":{"footnotes":""},"categories":[1],"tags":[3812,4687,4966,68,5292,994],"class_list":["post-199931","post","type-post","status-publish","format-standard","has-post-thumbnail","hentry","category-noticias","tag-alagamentos","tag-calamidade-publica","tag-calamidades","tag-eleicoes","tag-isolamento","tag-setubal"],"yoast_head":"<!-- This site is optimized with the Yoast SEO plugin v27.2 - https:\/\/yoast.com\/product\/yoast-seo-wordpress\/ -->\n<title>C\u00e2mara de Alc\u00e1cer do Sal adia elei\u00e7\u00f5es presidenciais por falta de condi\u00e7\u00f5es - Portal Tela Portugal<\/title>\n<meta name=\"robots\" content=\"index, follow, max-snippet:-1, max-image-preview:large, max-video-preview:-1\" \/>\n<meta property=\"og:locale\" content=\"pt_PT\" \/>\n<meta property=\"og:type\" content=\"article\" \/>\n<meta property=\"og:title\" content=\"C\u00e2mara de Alc\u00e1cer do Sal adia elei\u00e7\u00f5es presidenciais por falta de condi\u00e7\u00f5es - Portal Tela Portugal\" \/>\n<meta property=\"og:description\" content=\"A presidente da C\u00e2mara de Alc\u00e1cer do Sal, Clarisse Campos, adiou as elei\u00e7\u00f5es presidenciais previstas para domingo devido \u00e0 calamidade no concelho. A decis\u00e3o foi comunicada \u00e0 Comiss\u00e3o Nacional de Elei\u00e7\u00f5es (CNE) e refere que n\u00e3o h\u00e1 condi\u00e7\u00f5es para realizar o ato eleitoral, com v\u00e1rias localidades isoladas e a cidade inundada. Alc\u00e1cer do Sal integra a \u00e1rea de calamidade decretada pelo Governo at\u00e9 domingo; a autarca afirmou que, nesta circunst\u00e2ncia, \u00e9 impens\u00e1vel realizar as elei\u00e7\u00f5es. O Presidente da Rep\u00fablica, que visitou as zonas inundadas, indicou que alguns munic\u00edpios podem decidir adiar as elei\u00e7\u00f5es, mas a decis\u00e3o final \u00e9 da autarquia local. A CNE continua a assegurar que, no \u00e2mbito nacional, foram ajustados locais de voto onde necess\u00e1rio e recomenda aos eleitores que confirmem o local de voto via 3838 ou site oficial.\" \/>\n<meta property=\"og:url\" content=\"https:\/\/portaltela.pt\/noticias\/2026\/02\/05\/camara-de-alcacer-do-sal-adia-eleicoes-presidenciais-por-falta-de-condicoes\/\" \/>\n<meta property=\"og:site_name\" content=\"Portal Tela Portugal\" \/>\n<meta property=\"article:published_time\" content=\"2026-02-05T13:58:00+00:00\" \/>\n<meta name=\"author\" content=\"Telinha\" \/>\n<meta name=\"twitter:card\" content=\"summary_large_image\" \/>\n<meta name=\"twitter:label1\" content=\"Escrito por\" \/>\n\t<meta name=\"twitter:data1\" content=\"Telinha\" \/>\n\t<meta name=\"twitter:label2\" content=\"Tempo estimado de leitura\" \/>\n\t<meta name=\"twitter:data2\" content=\"2 minutos\" \/>\n<script type=\"application\/ld+json\" class=\"yoast-schema-graph\">{\"@context\":\"https:\/\/schema.org\",\"@graph\":[{\"@type\":\"Article\",\"@id\":\"https:\/\/portaltela.pt\/noticias\/2026\/02\/05\/camara-de-alcacer-do-sal-adia-eleicoes-presidenciais-por-falta-de-condicoes\/#article\",\"isPartOf\":{\"@id\":\"https:\/\/portaltela.pt\/noticias\/2026\/02\/05\/camara-de-alcacer-do-sal-adia-eleicoes-presidenciais-por-falta-de-condicoes\/\"},\"author\":{\"name\":\"Telinha\",\"@id\":\"https:\/\/portaltela.pt\/#\/schema\/person\/c4278d4a6028830caff9ee44b42d32ed\"},\"headline\":\"C\u00e2mara de Alc\u00e1cer do Sal adia elei\u00e7\u00f5es presidenciais por falta de condi\u00e7\u00f5es\",\"datePublished\":\"2026-02-05T13:58:00+00:00\",\"mainEntityOfPage\":{\"@id\":\"https:\/\/portaltela.pt\/noticias\/2026\/02\/05\/camara-de-alcacer-do-sal-adia-eleicoes-presidenciais-por-falta-de-condicoes\/\"},\"wordCount\":347,\"image\":{\"@id\":\"https:\/\/portaltela.pt\/noticias\/2026\/02\/05\/camara-de-alcacer-do-sal-adia-eleicoes-presidenciais-por-falta-de-condicoes\/#primaryimage\"},\"thumbnailUrl\":\"https:\/\/portaltela.pt\/s.01k8rhncp4jt1\/2026\/02\/image-375.jpg\",\"keywords\":[\"alagamentos\",\"calamidade p\u00fablica\",\"calamidades\",\"elei\u00e7\u00f5es\",\"isolamento\",\"Set\u00fabal\"],\"articleSection\":[\"Not\u00edcias\"],\"inLanguage\":\"pt-PT\"},{\"@type\":\"WebPage\",\"@id\":\"https:\/\/portaltela.pt\/noticias\/2026\/02\/05\/camara-de-alcacer-do-sal-adia-eleicoes-presidenciais-por-falta-de-condicoes\/\",\"url\":\"https:\/\/portaltela.pt\/noticias\/2026\/02\/05\/camara-de-alcacer-do-sal-adia-eleicoes-presidenciais-por-falta-de-condicoes\/\",\"name\":\"C\u00e2mara de Alc\u00e1cer do Sal adia elei\u00e7\u00f5es presidenciais por falta de condi\u00e7\u00f5es - Portal Tela Portugal\",\"isPartOf\":{\"@id\":\"https:\/\/portaltela.pt\/#website\"},\"primaryImageOfPage\":{\"@id\":\"https:\/\/portaltela.pt\/noticias\/2026\/02\/05\/camara-de-alcacer-do-sal-adia-eleicoes-presidenciais-por-falta-de-condicoes\/#primaryimage\"},\"image\":{\"@id\":\"https:\/\/portaltela.pt\/noticias\/2026\/02\/05\/camara-de-alcacer-do-sal-adia-eleicoes-presidenciais-por-falta-de-condicoes\/#primaryimage\"},\"thumbnailUrl\":\"https:\/\/portaltela.pt\/s.01k8rhncp4jt1\/2026\/02\/image-375.jpg\",\"datePublished\":\"2026-02-05T13:58:00+00:00\",\"author\":{\"@id\":\"https:\/\/portaltela.pt\/#\/schema\/person\/c4278d4a6028830caff9ee44b42d32ed\"},\"breadcrumb\":{\"@id\":\"https:\/\/portaltela.pt\/noticias\/2026\/02\/05\/camara-de-alcacer-do-sal-adia-eleicoes-presidenciais-por-falta-de-condicoes\/#breadcrumb\"},\"inLanguage\":\"pt-PT\",\"potentialAction\":[{\"@type\":\"ReadAction\",\"target\":[\"https:\/\/portaltela.pt\/noticias\/2026\/02\/05\/camara-de-alcacer-do-sal-adia-eleicoes-presidenciais-por-falta-de-condicoes\/\"]}]},{\"@type\":\"ImageObject\",\"inLanguage\":\"pt-PT\",\"@id\":\"https:\/\/portaltela.pt\/noticias\/2026\/02\/05\/camara-de-alcacer-do-sal-adia-eleicoes-presidenciais-por-falta-de-condicoes\/#primaryimage\",\"url\":\"https:\/\/portaltela.pt\/s.01k8rhncp4jt1\/2026\/02\/image-375.jpg\",\"contentUrl\":\"https:\/\/portaltela.pt\/s.01k8rhncp4jt1\/2026\/02\/image-375.jpg\",\"width\":796,\"height\":448,\"caption\":\"Alc\u00e1cer do Sal\"},{\"@type\":\"BreadcrumbList\",\"@id\":\"https:\/\/portaltela.pt\/noticias\/2026\/02\/05\/camara-de-alcacer-do-sal-adia-eleicoes-presidenciais-por-falta-de-condicoes\/#breadcrumb\",\"itemListElement\":[{\"@type\":\"ListItem\",\"position\":1,\"name\":\"In\u00edcio\",\"item\":\"https:\/\/portaltela.pt\/\"},{\"@type\":\"ListItem\",\"position\":2,\"name\":\"C\u00e2mara de Alc\u00e1cer do Sal adia elei\u00e7\u00f5es presidenciais por falta de condi\u00e7\u00f5es\"}]},{\"@type\":\"WebSite\",\"@id\":\"https:\/\/portaltela.pt\/#website\",\"url\":\"https:\/\/portaltela.pt\/\",\"name\":\"Portal Tela Portugal\",\"description\":\"\",\"potentialAction\":[{\"@type\":\"SearchAction\",\"target\":{\"@type\":\"EntryPoint\",\"urlTemplate\":\"https:\/\/portaltela.pt\/?s={search_term_string}\"},\"query-input\":{\"@type\":\"PropertyValueSpecification\",\"valueRequired\":true,\"valueName\":\"search_term_string\"}}],\"inLanguage\":\"pt-PT\"},{\"@type\":\"Person\",\"@id\":\"https:\/\/portaltela.pt\/#\/schema\/person\/c4278d4a6028830caff9ee44b42d32ed\",\"name\":\"Telinha\",\"image\":{\"@type\":\"ImageObject\",\"inLanguage\":\"pt-PT\",\"@id\":\"https:\/\/portaltela.pt\/s.01k8rhncp4jt1\/2025\/11\/talking-bot-125x125.png\",\"url\":\"https:\/\/portaltela.pt\/s.01k8rhncp4jt1\/2025\/11\/talking-bot-125x125.png\",\"contentUrl\":\"https:\/\/portaltela.pt\/s.01k8rhncp4jt1\/2025\/11\/talking-bot-125x125.png\",\"caption\":\"Telinha\"},\"sameAs\":[\"https:\/\/portaltela.pt\/\"],\"url\":\"https:\/\/portaltela.pt\/por\/367410592786\/\"}]}<\/script>\n<!-- \/ Yoast SEO plugin. -->","yoast_head_json":{"title":"C\u00e2mara de Alc\u00e1cer do Sal adia elei\u00e7\u00f5es presidenciais por falta de condi\u00e7\u00f5es - Portal Tela Portugal","robots":{"index":"index","follow":"follow","max-snippet":"max-snippet:-1","max-image-preview":"max-image-preview:large","max-video-preview":"max-video-preview:-1"},"og_locale":"pt_PT","og_type":"article","og_title":"C\u00e2mara de Alc\u00e1cer do Sal adia elei\u00e7\u00f5es presidenciais por falta de condi\u00e7\u00f5es - Portal Tela Portugal","og_description":"A presidente da C\u00e2mara de Alc\u00e1cer do Sal, Clarisse Campos, adiou as elei\u00e7\u00f5es presidenciais previstas para domingo devido \u00e0 calamidade no concelho. A decis\u00e3o foi comunicada \u00e0 Comiss\u00e3o Nacional de Elei\u00e7\u00f5es (CNE) e refere que n\u00e3o h\u00e1 condi\u00e7\u00f5es para realizar o ato eleitoral, com v\u00e1rias localidades isoladas e a cidade inundada. Alc\u00e1cer do Sal integra a \u00e1rea de calamidade decretada pelo Governo at\u00e9 domingo; a autarca afirmou que, nesta circunst\u00e2ncia, \u00e9 impens\u00e1vel realizar as elei\u00e7\u00f5es. O Presidente da Rep\u00fablica, que visitou as zonas inundadas, indicou que alguns munic\u00edpios podem decidir adiar as elei\u00e7\u00f5es, mas a decis\u00e3o final \u00e9 da autarquia local. A CNE continua a assegurar que, no \u00e2mbito nacional, foram ajustados locais de voto onde necess\u00e1rio e recomenda aos eleitores que confirmem o local de voto via 3838 ou site oficial.","og_url":"https:\/\/portaltela.pt\/noticias\/2026\/02\/05\/camara-de-alcacer-do-sal-adia-eleicoes-presidenciais-por-falta-de-condicoes\/","og_site_name":"Portal Tela Portugal","article_published_time":"2026-02-05T13:58:00+00:00","author":"Telinha","twitter_card":"summary_large_image","twitter_misc":{"Escrito por":"Telinha","Tempo estimado de leitura":"2 minutos"},"schema":{"@context":"https:\/\/schema.org","@graph":[{"@type":"Article","@id":"https:\/\/portaltela.pt\/noticias\/2026\/02\/05\/camara-de-alcacer-do-sal-adia-eleicoes-presidenciais-por-falta-de-condicoes\/#article","isPartOf":{"@id":"https:\/\/portaltela.pt\/noticias\/2026\/02\/05\/camara-de-alcacer-do-sal-adia-eleicoes-presidenciais-por-falta-de-condicoes\/"},"author":{"name":"Telinha","@id":"https:\/\/portaltela.pt\/#\/schema\/person\/c4278d4a6028830caff9ee44b42d32ed"},"headline":"C\u00e2mara de Alc\u00e1cer do Sal adia elei\u00e7\u00f5es presidenciais por falta de condi\u00e7\u00f5es","datePublished":"2026-02-05T13:58:00+00:00","mainEntityOfPage":{"@id":"https:\/\/portaltela.pt\/noticias\/2026\/02\/05\/camara-de-alcacer-do-sal-adia-eleicoes-presidenciais-por-falta-de-condicoes\/"},"wordCount":347,"image":{"@id":"https:\/\/portaltela.pt\/noticias\/2026\/02\/05\/camara-de-alcacer-do-sal-adia-eleicoes-presidenciais-por-falta-de-condicoes\/#primaryimage"},"thumbnailUrl":"https:\/\/portaltela.pt\/s.01k8rhncp4jt1\/2026\/02\/image-375.jpg","keywords":["alagamentos","calamidade p\u00fablica","calamidades","elei\u00e7\u00f5es","isolamento","Set\u00fabal"],"articleSection":["Not\u00edcias"],"inLanguage":"pt-PT"},{"@type":"WebPage","@id":"https:\/\/portaltela.pt\/noticias\/2026\/02\/05\/camara-de-alcacer-do-sal-adia-eleicoes-presidenciais-por-falta-de-condicoes\/","url":"https:\/\/portaltela.pt\/noticias\/2026\/02\/05\/camara-de-alcacer-do-sal-adia-eleicoes-presidenciais-por-falta-de-condicoes\/","name":"C\u00e2mara de Alc\u00e1cer do Sal adia elei\u00e7\u00f5es presidenciais por falta de condi\u00e7\u00f5es - Portal Tela Portugal","isPartOf":{"@id":"https:\/\/portaltela.pt\/#website"},"primaryImageOfPage":{"@id":"https:\/\/portaltela.pt\/noticias\/2026\/02\/05\/camara-de-alcacer-do-sal-adia-eleicoes-presidenciais-por-falta-de-condicoes\/#primaryimage"},"image":{"@id":"https:\/\/portaltela.pt\/noticias\/2026\/02\/05\/camara-de-alcacer-do-sal-adia-eleicoes-presidenciais-por-falta-de-condicoes\/#primaryimage"},"thumbnailUrl":"https:\/\/portaltela.pt\/s.01k8rhncp4jt1\/2026\/02\/image-375.jpg","datePublished":"2026-02-05T13:58:00+00:00","author":{"@id":"https:\/\/portaltela.pt\/#\/schema\/person\/c4278d4a6028830caff9ee44b42d32ed"},"breadcrumb":{"@id":"https:\/\/portaltela.pt\/noticias\/2026\/02\/05\/camara-de-alcacer-do-sal-adia-eleicoes-presidenciais-por-falta-de-condicoes\/#breadcrumb"},"inLanguage":"pt-PT","potentialAction":[{"@type":"ReadAction","target":["https:\/\/portaltela.pt\/noticias\/2026\/02\/05\/camara-de-alcacer-do-sal-adia-eleicoes-presidenciais-por-falta-de-condicoes\/"]}]},{"@type":"ImageObject","inLanguage":"pt-PT","@id":"https:\/\/portaltela.pt\/noticias\/2026\/02\/05\/camara-de-alcacer-do-sal-adia-eleicoes-presidenciais-por-falta-de-condicoes\/#primaryimage","url":"https:\/\/portaltela.pt\/s.01k8rhncp4jt1\/2026\/02\/image-375.jpg","contentUrl":"https:\/\/portaltela.pt\/s.01k8rhncp4jt1\/2026\/02\/image-375.jpg","width":796,"height":448,"caption":"Alc\u00e1cer do Sal"},{"@type":"BreadcrumbList","@id":"https:\/\/portaltela.pt\/noticias\/2026\/02\/05\/camara-de-alcacer-do-sal-adia-eleicoes-presidenciais-por-falta-de-condicoes\/#breadcrumb","itemListElement":[{"@type":"ListItem","position":1,"name":"In\u00edcio","item":"https:\/\/portaltela.pt\/"},{"@type":"ListItem","position":2,"name":"C\u00e2mara de Alc\u00e1cer do Sal adia elei\u00e7\u00f5es presidenciais por falta de condi\u00e7\u00f5es"}]},{"@type":"WebSite","@id":"https:\/\/portaltela.pt\/#website","url":"https:\/\/portaltela.pt\/","name":"Portal Tela Portugal","description":"","potentialAction":[{"@type":"SearchAction","target":{"@type":"EntryPoint","urlTemplate":"https:\/\/portaltela.pt\/?s={search_term_string}"},"query-input":{"@type":"PropertyValueSpecification","valueRequired":true,"valueName":"search_term_string"}}],"inLanguage":"pt-PT"},{"@type":"Person","@id":"https:\/\/portaltela.pt\/#\/schema\/person\/c4278d4a6028830caff9ee44b42d32ed","name":"Telinha","image":{"@type":"ImageObject","inLanguage":"pt-PT","@id":"https:\/\/portaltela.pt\/s.01k8rhncp4jt1\/2025\/11\/talking-bot-125x125.png","url":"https:\/\/portaltela.pt\/s.01k8rhncp4jt1\/2025\/11\/talking-bot-125x125.png","contentUrl":"https:\/\/portaltela.pt\/s.01k8rhncp4jt1\/2025\/11\/talking-bot-125x125.png","caption":"Telinha"},"sameAs":["https:\/\/portaltela.pt\/"],"url":"https:\/\/portaltela.pt\/por\/367410592786\/"}]}},"_links":{"self":[{"href":"https:\/\/portaltela.pt\/api\/wp\/v2\/posts\/199931","targetHints":{"allow":["GET"]}}],"collection":[{"href":"https:\/\/portaltela.pt\/api\/wp\/v2\/posts"}],"about":[{"href":"https:\/\/portaltela.pt\/api\/wp\/v2\/types\/post"}],"author":[{"embeddable":true,"href":"https:\/\/portaltela.pt\/api\/wp\/v2\/users\/2"}],"replies":[{"embeddable":true,"href":"https:\/\/portaltela.pt\/api\/wp\/v2\/comments?post=199931"}],"version-history":[{"count":0,"href":"https:\/\/portaltela.pt\/api\/wp\/v2\/posts\/199931\/revisions"}],"wp:featuredmedia":[{"embeddable":true,"href":"https:\/\/portaltela.pt\/api\/wp\/v2\/media\/199934"}],"wp:attachment":[{"href":"https:\/\/portaltela.pt\/api\/wp\/v2\/media?parent=199931"}],"wp:term":[{"taxonomy":"category","embeddable":true,"href":"https:\/\/portaltela.pt\/api\/wp\/v2\/categories?post=199931"},{"taxonomy":"post_tag","embeddable":true,"href":"https:\/\/portaltela.pt\/api\/wp\/v2\/tags?post=199931"}],"curies":[{"name":"wp","href":"https:\/\/api.w.org\/{rel}","templated":true}]}}