{"id":199927,"date":"2026-02-05T10:58:00","date_gmt":"2026-02-05T13:58:00","guid":{"rendered":"https:\/\/portaltela.pt\/noticias\/2026\/02\/05\/sao-tome-e-principe-prepara-novo-sistema-de-recenseamento-eleitoral\/"},"modified":"2026-02-05T10:58:00","modified_gmt":"2026-02-05T13:58:00","slug":"sao-tome-e-principe-prepara-novo-sistema-de-recenseamento-eleitoral","status":"publish","type":"post","link":"https:\/\/portaltela.pt\/noticias\/politica\/2026\/02\/05\/sao-tome-e-principe-prepara-novo-sistema-de-recenseamento-eleitoral\/","title":{"rendered":"S\u00e3o Tom\u00e9 e Pr\u00edncipe prepara novo sistema de recenseamento eleitoral"},"content":{"rendered":"<p>As pr\u00f3ximas elei\u00e7\u00f5es em S\u00e3o Tom\u00e9 e Pr\u00edncipe poder\u00e3o ser as primeiras com um sistema de recenseamento autom\u00e1tico e permanente, de acordo com a coordenadora do projeto de reforma do sistema eleitoral no pa\u00eds. A mudan\u00e7a visa modernizar o registo de eleitores e evitar excluir algu\u00e9m do processo.<\/p>\n<p>A respons\u00e1vel destacou que o objetivo \u00e9 n\u00e3o deixar nenhum eleitor de fora, com atualiza\u00e7\u00e3o cont\u00ednua dos registos. O sistema pretende facilitar o recenseamento e a participa\u00e7\u00e3o c\u00edvica em futuras vota\u00e7\u00f5es.<\/p>\n<p>O an\u00fancio insere-se no \u00e2mbito da revis\u00e3o do sistema eleitoral em curso, que visa assegurar maior efici\u00eancia, transpar\u00eancia e inclus\u00e3o no processo de recenseamento. As informa\u00e7\u00f5es s\u00e3o apresentadas pela coordena\u00e7\u00e3o do projeto.<\/p>\n","protected":false},"excerpt":{"rendered":"<ul>\n<li>S\u00e3o Tom\u00e9 e Pr\u00edncipe prepara-se para um sistema de recenseamento eleitoral autom\u00e1tico e permanente.<\/li>\n<li>O objetivo \u00e9 n\u00e3o deixar nenhum eleitor de fora nas pr\u00f3ximas elei\u00e7\u00f5es.<\/li>\n<li>A informa\u00e7\u00e3o \u00e9 dada pela coordenadora do projeto de reforma do sistema eleitoral.<\/li>\n<li>O an\u00fancio sugere que o sistema pode entrar em vigor para as pr\u00f3ximas elei\u00e7\u00f5es.<\/li>\n<li>O conte\u00fado completo da not\u00edcia depende de subscri\u00e7\u00e3o para acesso integral.<\/li>\n<\/ul>\n","protected":false},"author":2,"featured_media":199928,"comment_status":"closed","ping_status":"closed","sticky":false,"template":"","format":"standard","meta":{"footnotes":""},"categories":[1,5],"tags":[2795,68,1249,2832,4486,332],"class_list":["post-199927","post","type-post","status-publish","format-standard","has-post-thumbnail","hentry","category-noticias","category-politica","tag-democracia","tag-eleicoes","tag-participacao","tag-politica","tag-sao-tome-e-principe","tag-transparencia"],"yoast_head":"<!-- This site is optimized with the Yoast SEO plugin v27.2 - https:\/\/yoast.com\/product\/yoast-seo-wordpress\/ -->\n<title>S\u00e3o Tom\u00e9 e Pr\u00edncipe prepara novo sistema de recenseamento eleitoral - Portal Tela Portugal<\/title>\n<meta name=\"robots\" content=\"index, follow, max-snippet:-1, max-image-preview:large, max-video-preview:-1\" \/>\n<meta property=\"og:locale\" content=\"pt_PT\" \/>\n<meta property=\"og:type\" content=\"article\" \/>\n<meta property=\"og:title\" content=\"S\u00e3o Tom\u00e9 e Pr\u00edncipe prepara novo sistema de recenseamento eleitoral - Portal Tela Portugal\" \/>\n<meta property=\"og:description\" content=\"S\u00e3o Tom\u00e9 e Pr\u00edncipe prepara-se para um sistema de recenseamento eleitoral autom\u00e1tico e permanente. O objetivo \u00e9 n\u00e3o deixar nenhum eleitor de fora nas pr\u00f3ximas elei\u00e7\u00f5es. A informa\u00e7\u00e3o \u00e9 dada pela coordenadora do projeto de reforma do sistema eleitoral. O an\u00fancio sugere que o sistema pode entrar em vigor para as pr\u00f3ximas elei\u00e7\u00f5es. O conte\u00fado completo da not\u00edcia depende de subscri\u00e7\u00e3o para acesso integral.\" \/>\n<meta property=\"og:url\" content=\"https:\/\/portaltela.pt\/noticias\/2026\/02\/05\/sao-tome-e-principe-prepara-novo-sistema-de-recenseamento-eleitoral\/\" \/>\n<meta property=\"og:site_name\" content=\"Portal Tela Portugal\" \/>\n<meta property=\"article:published_time\" content=\"2026-02-05T13:58:00+00:00\" \/>\n<meta name=\"author\" content=\"Telinha\" \/>\n<meta name=\"twitter:card\" content=\"summary_large_image\" \/>\n<meta name=\"twitter:label1\" content=\"Escrito por\" \/>\n\t<meta name=\"twitter:data1\" content=\"Telinha\" \/>\n\t<meta name=\"twitter:label2\" content=\"Tempo estimado de leitura\" \/>\n\t<meta name=\"twitter:data2\" content=\"1 minuto\" \/>\n<script type=\"application\/ld+json\" class=\"yoast-schema-graph\">{\"@context\":\"https:\/\/schema.org\",\"@graph\":[{\"@type\":\"Article\",\"@id\":\"https:\/\/portaltela.pt\/noticias\/2026\/02\/05\/sao-tome-e-principe-prepara-novo-sistema-de-recenseamento-eleitoral\/#article\",\"isPartOf\":{\"@id\":\"https:\/\/portaltela.pt\/noticias\/2026\/02\/05\/sao-tome-e-principe-prepara-novo-sistema-de-recenseamento-eleitoral\/\"},\"author\":{\"name\":\"Telinha\",\"@id\":\"https:\/\/portaltela.pt\/#\/schema\/person\/c4278d4a6028830caff9ee44b42d32ed\"},\"headline\":\"S\u00e3o Tom\u00e9 e Pr\u00edncipe prepara novo sistema de recenseamento eleitoral\",\"datePublished\":\"2026-02-05T13:58:00+00:00\",\"mainEntityOfPage\":{\"@id\":\"https:\/\/portaltela.pt\/noticias\/2026\/02\/05\/sao-tome-e-principe-prepara-novo-sistema-de-recenseamento-eleitoral\/\"},\"wordCount\":146,\"image\":{\"@id\":\"https:\/\/portaltela.pt\/noticias\/2026\/02\/05\/sao-tome-e-principe-prepara-novo-sistema-de-recenseamento-eleitoral\/#primaryimage\"},\"thumbnailUrl\":\"https:\/\/portaltela.pt\/s.01k8rhncp4jt1\/2026\/02\/CACHE_780X1200_ANALOG_WATERMARKED_34264637_2078435_05092021074125.jpg\",\"keywords\":[\"democracia\",\"elei\u00e7\u00f5es\",\"participa\u00e7\u00e3o\",\"pol\u00edtica\",\"S\u00e3o Tom\u00e9 e Pr\u00edncipe\",\"transpar\u00eancia\"],\"articleSection\":[\"Not\u00edcias\",\"Pol\u00edtica\"],\"inLanguage\":\"pt-PT\"},{\"@type\":\"WebPage\",\"@id\":\"https:\/\/portaltela.pt\/noticias\/2026\/02\/05\/sao-tome-e-principe-prepara-novo-sistema-de-recenseamento-eleitoral\/\",\"url\":\"https:\/\/portaltela.pt\/noticias\/2026\/02\/05\/sao-tome-e-principe-prepara-novo-sistema-de-recenseamento-eleitoral\/\",\"name\":\"S\u00e3o Tom\u00e9 e Pr\u00edncipe prepara novo sistema de recenseamento eleitoral - Portal Tela Portugal\",\"isPartOf\":{\"@id\":\"https:\/\/portaltela.pt\/#website\"},\"primaryImageOfPage\":{\"@id\":\"https:\/\/portaltela.pt\/noticias\/2026\/02\/05\/sao-tome-e-principe-prepara-novo-sistema-de-recenseamento-eleitoral\/#primaryimage\"},\"image\":{\"@id\":\"https:\/\/portaltela.pt\/noticias\/2026\/02\/05\/sao-tome-e-principe-prepara-novo-sistema-de-recenseamento-eleitoral\/#primaryimage\"},\"thumbnailUrl\":\"https:\/\/portaltela.pt\/s.01k8rhncp4jt1\/2026\/02\/CACHE_780X1200_ANALOG_WATERMARKED_34264637_2078435_05092021074125.jpg\",\"datePublished\":\"2026-02-05T13:58:00+00:00\",\"author\":{\"@id\":\"https:\/\/portaltela.pt\/#\/schema\/person\/c4278d4a6028830caff9ee44b42d32ed\"},\"breadcrumb\":{\"@id\":\"https:\/\/portaltela.pt\/noticias\/2026\/02\/05\/sao-tome-e-principe-prepara-novo-sistema-de-recenseamento-eleitoral\/#breadcrumb\"},\"inLanguage\":\"pt-PT\",\"potentialAction\":[{\"@type\":\"ReadAction\",\"target\":[\"https:\/\/portaltela.pt\/noticias\/2026\/02\/05\/sao-tome-e-principe-prepara-novo-sistema-de-recenseamento-eleitoral\/\"]}]},{\"@type\":\"ImageObject\",\"inLanguage\":\"pt-PT\",\"@id\":\"https:\/\/portaltela.pt\/noticias\/2026\/02\/05\/sao-tome-e-principe-prepara-novo-sistema-de-recenseamento-eleitoral\/#primaryimage\",\"url\":\"https:\/\/portaltela.pt\/s.01k8rhncp4jt1\/2026\/02\/CACHE_780X1200_ANALOG_WATERMARKED_34264637_2078435_05092021074125.jpg\",\"contentUrl\":\"https:\/\/portaltela.pt\/s.01k8rhncp4jt1\/2026\/02\/CACHE_780X1200_ANALOG_WATERMARKED_34264637_2078435_05092021074125.jpg\",\"width\":796,\"height\":448,\"caption\":\"S\u00e3o Tom\u00e9 e Pr\u00edncipe pronto para um novo sistema de recenseamento eleitoral\"},{\"@type\":\"BreadcrumbList\",\"@id\":\"https:\/\/portaltela.pt\/noticias\/2026\/02\/05\/sao-tome-e-principe-prepara-novo-sistema-de-recenseamento-eleitoral\/#breadcrumb\",\"itemListElement\":[{\"@type\":\"ListItem\",\"position\":1,\"name\":\"In\u00edcio\",\"item\":\"https:\/\/portaltela.pt\/\"},{\"@type\":\"ListItem\",\"position\":2,\"name\":\"S\u00e3o Tom\u00e9 e Pr\u00edncipe prepara novo sistema de recenseamento eleitoral\"}]},{\"@type\":\"WebSite\",\"@id\":\"https:\/\/portaltela.pt\/#website\",\"url\":\"https:\/\/portaltela.pt\/\",\"name\":\"Portal Tela Portugal\",\"description\":\"\",\"potentialAction\":[{\"@type\":\"SearchAction\",\"target\":{\"@type\":\"EntryPoint\",\"urlTemplate\":\"https:\/\/portaltela.pt\/?s={search_term_string}\"},\"query-input\":{\"@type\":\"PropertyValueSpecification\",\"valueRequired\":true,\"valueName\":\"search_term_string\"}}],\"inLanguage\":\"pt-PT\"},{\"@type\":\"Person\",\"@id\":\"https:\/\/portaltela.pt\/#\/schema\/person\/c4278d4a6028830caff9ee44b42d32ed\",\"name\":\"Telinha\",\"image\":{\"@type\":\"ImageObject\",\"inLanguage\":\"pt-PT\",\"@id\":\"https:\/\/portaltela.pt\/s.01k8rhncp4jt1\/2025\/11\/talking-bot-125x125.png\",\"url\":\"https:\/\/portaltela.pt\/s.01k8rhncp4jt1\/2025\/11\/talking-bot-125x125.png\",\"contentUrl\":\"https:\/\/portaltela.pt\/s.01k8rhncp4jt1\/2025\/11\/talking-bot-125x125.png\",\"caption\":\"Telinha\"},\"sameAs\":[\"https:\/\/portaltela.pt\/\"],\"url\":\"https:\/\/portaltela.pt\/por\/367410592786\/\"}]}<\/script>\n<!-- \/ Yoast SEO plugin. -->","yoast_head_json":{"title":"S\u00e3o Tom\u00e9 e Pr\u00edncipe prepara novo sistema de recenseamento eleitoral - Portal Tela Portugal","robots":{"index":"index","follow":"follow","max-snippet":"max-snippet:-1","max-image-preview":"max-image-preview:large","max-video-preview":"max-video-preview:-1"},"og_locale":"pt_PT","og_type":"article","og_title":"S\u00e3o Tom\u00e9 e Pr\u00edncipe prepara novo sistema de recenseamento eleitoral - Portal Tela Portugal","og_description":"S\u00e3o Tom\u00e9 e Pr\u00edncipe prepara-se para um sistema de recenseamento eleitoral autom\u00e1tico e permanente. O objetivo \u00e9 n\u00e3o deixar nenhum eleitor de fora nas pr\u00f3ximas elei\u00e7\u00f5es. A informa\u00e7\u00e3o \u00e9 dada pela coordenadora do projeto de reforma do sistema eleitoral. O an\u00fancio sugere que o sistema pode entrar em vigor para as pr\u00f3ximas elei\u00e7\u00f5es. O conte\u00fado completo da not\u00edcia depende de subscri\u00e7\u00e3o para acesso integral.","og_url":"https:\/\/portaltela.pt\/noticias\/2026\/02\/05\/sao-tome-e-principe-prepara-novo-sistema-de-recenseamento-eleitoral\/","og_site_name":"Portal Tela Portugal","article_published_time":"2026-02-05T13:58:00+00:00","author":"Telinha","twitter_card":"summary_large_image","twitter_misc":{"Escrito por":"Telinha","Tempo estimado de leitura":"1 minuto"},"schema":{"@context":"https:\/\/schema.org","@graph":[{"@type":"Article","@id":"https:\/\/portaltela.pt\/noticias\/2026\/02\/05\/sao-tome-e-principe-prepara-novo-sistema-de-recenseamento-eleitoral\/#article","isPartOf":{"@id":"https:\/\/portaltela.pt\/noticias\/2026\/02\/05\/sao-tome-e-principe-prepara-novo-sistema-de-recenseamento-eleitoral\/"},"author":{"name":"Telinha","@id":"https:\/\/portaltela.pt\/#\/schema\/person\/c4278d4a6028830caff9ee44b42d32ed"},"headline":"S\u00e3o Tom\u00e9 e Pr\u00edncipe prepara novo sistema de recenseamento eleitoral","datePublished":"2026-02-05T13:58:00+00:00","mainEntityOfPage":{"@id":"https:\/\/portaltela.pt\/noticias\/2026\/02\/05\/sao-tome-e-principe-prepara-novo-sistema-de-recenseamento-eleitoral\/"},"wordCount":146,"image":{"@id":"https:\/\/portaltela.pt\/noticias\/2026\/02\/05\/sao-tome-e-principe-prepara-novo-sistema-de-recenseamento-eleitoral\/#primaryimage"},"thumbnailUrl":"https:\/\/portaltela.pt\/s.01k8rhncp4jt1\/2026\/02\/CACHE_780X1200_ANALOG_WATERMARKED_34264637_2078435_05092021074125.jpg","keywords":["democracia","elei\u00e7\u00f5es","participa\u00e7\u00e3o","pol\u00edtica","S\u00e3o Tom\u00e9 e Pr\u00edncipe","transpar\u00eancia"],"articleSection":["Not\u00edcias","Pol\u00edtica"],"inLanguage":"pt-PT"},{"@type":"WebPage","@id":"https:\/\/portaltela.pt\/noticias\/2026\/02\/05\/sao-tome-e-principe-prepara-novo-sistema-de-recenseamento-eleitoral\/","url":"https:\/\/portaltela.pt\/noticias\/2026\/02\/05\/sao-tome-e-principe-prepara-novo-sistema-de-recenseamento-eleitoral\/","name":"S\u00e3o Tom\u00e9 e Pr\u00edncipe prepara novo sistema de recenseamento eleitoral - Portal Tela Portugal","isPartOf":{"@id":"https:\/\/portaltela.pt\/#website"},"primaryImageOfPage":{"@id":"https:\/\/portaltela.pt\/noticias\/2026\/02\/05\/sao-tome-e-principe-prepara-novo-sistema-de-recenseamento-eleitoral\/#primaryimage"},"image":{"@id":"https:\/\/portaltela.pt\/noticias\/2026\/02\/05\/sao-tome-e-principe-prepara-novo-sistema-de-recenseamento-eleitoral\/#primaryimage"},"thumbnailUrl":"https:\/\/portaltela.pt\/s.01k8rhncp4jt1\/2026\/02\/CACHE_780X1200_ANALOG_WATERMARKED_34264637_2078435_05092021074125.jpg","datePublished":"2026-02-05T13:58:00+00:00","author":{"@id":"https:\/\/portaltela.pt\/#\/schema\/person\/c4278d4a6028830caff9ee44b42d32ed"},"breadcrumb":{"@id":"https:\/\/portaltela.pt\/noticias\/2026\/02\/05\/sao-tome-e-principe-prepara-novo-sistema-de-recenseamento-eleitoral\/#breadcrumb"},"inLanguage":"pt-PT","potentialAction":[{"@type":"ReadAction","target":["https:\/\/portaltela.pt\/noticias\/2026\/02\/05\/sao-tome-e-principe-prepara-novo-sistema-de-recenseamento-eleitoral\/"]}]},{"@type":"ImageObject","inLanguage":"pt-PT","@id":"https:\/\/portaltela.pt\/noticias\/2026\/02\/05\/sao-tome-e-principe-prepara-novo-sistema-de-recenseamento-eleitoral\/#primaryimage","url":"https:\/\/portaltela.pt\/s.01k8rhncp4jt1\/2026\/02\/CACHE_780X1200_ANALOG_WATERMARKED_34264637_2078435_05092021074125.jpg","contentUrl":"https:\/\/portaltela.pt\/s.01k8rhncp4jt1\/2026\/02\/CACHE_780X1200_ANALOG_WATERMARKED_34264637_2078435_05092021074125.jpg","width":796,"height":448,"caption":"S\u00e3o Tom\u00e9 e Pr\u00edncipe pronto para um novo sistema de recenseamento eleitoral"},{"@type":"BreadcrumbList","@id":"https:\/\/portaltela.pt\/noticias\/2026\/02\/05\/sao-tome-e-principe-prepara-novo-sistema-de-recenseamento-eleitoral\/#breadcrumb","itemListElement":[{"@type":"ListItem","position":1,"name":"In\u00edcio","item":"https:\/\/portaltela.pt\/"},{"@type":"ListItem","position":2,"name":"S\u00e3o Tom\u00e9 e Pr\u00edncipe prepara novo sistema de recenseamento eleitoral"}]},{"@type":"WebSite","@id":"https:\/\/portaltela.pt\/#website","url":"https:\/\/portaltela.pt\/","name":"Portal Tela Portugal","description":"","potentialAction":[{"@type":"SearchAction","target":{"@type":"EntryPoint","urlTemplate":"https:\/\/portaltela.pt\/?s={search_term_string}"},"query-input":{"@type":"PropertyValueSpecification","valueRequired":true,"valueName":"search_term_string"}}],"inLanguage":"pt-PT"},{"@type":"Person","@id":"https:\/\/portaltela.pt\/#\/schema\/person\/c4278d4a6028830caff9ee44b42d32ed","name":"Telinha","image":{"@type":"ImageObject","inLanguage":"pt-PT","@id":"https:\/\/portaltela.pt\/s.01k8rhncp4jt1\/2025\/11\/talking-bot-125x125.png","url":"https:\/\/portaltela.pt\/s.01k8rhncp4jt1\/2025\/11\/talking-bot-125x125.png","contentUrl":"https:\/\/portaltela.pt\/s.01k8rhncp4jt1\/2025\/11\/talking-bot-125x125.png","caption":"Telinha"},"sameAs":["https:\/\/portaltela.pt\/"],"url":"https:\/\/portaltela.pt\/por\/367410592786\/"}]}},"_links":{"self":[{"href":"https:\/\/portaltela.pt\/api\/wp\/v2\/posts\/199927","targetHints":{"allow":["GET"]}}],"collection":[{"href":"https:\/\/portaltela.pt\/api\/wp\/v2\/posts"}],"about":[{"href":"https:\/\/portaltela.pt\/api\/wp\/v2\/types\/post"}],"author":[{"embeddable":true,"href":"https:\/\/portaltela.pt\/api\/wp\/v2\/users\/2"}],"replies":[{"embeddable":true,"href":"https:\/\/portaltela.pt\/api\/wp\/v2\/comments?post=199927"}],"version-history":[{"count":0,"href":"https:\/\/portaltela.pt\/api\/wp\/v2\/posts\/199927\/revisions"}],"wp:featuredmedia":[{"embeddable":true,"href":"https:\/\/portaltela.pt\/api\/wp\/v2\/media\/199928"}],"wp:attachment":[{"href":"https:\/\/portaltela.pt\/api\/wp\/v2\/media?parent=199927"}],"wp:term":[{"taxonomy":"category","embeddable":true,"href":"https:\/\/portaltela.pt\/api\/wp\/v2\/categories?post=199927"},{"taxonomy":"post_tag","embeddable":true,"href":"https:\/\/portaltela.pt\/api\/wp\/v2\/tags?post=199927"}],"curies":[{"name":"wp","href":"https:\/\/api.w.org\/{rel}","templated":true}]}}