{"id":199897,"date":"2026-02-05T10:40:05","date_gmt":"2026-02-05T13:40:05","guid":{"rendered":"https:\/\/portaltela.pt\/noticias\/2026\/02\/05\/escolas-de-alpiarca-encerram-as-15h30-devido-ao-mau-tempo\/"},"modified":"2026-02-05T10:40:05","modified_gmt":"2026-02-05T13:40:05","slug":"escolas-de-alpiarca-encerram-as-15h30-devido-ao-mau-tempo","status":"publish","type":"post","link":"https:\/\/portaltela.pt\/noticias\/2026\/02\/05\/escolas-de-alpiarca-encerram-as-15h30-devido-ao-mau-tempo\/","title":{"rendered":"Escolas de Alpiar\u00e7a encerram \u00e0s 15h30 devido ao mau tempo"},"content":{"rendered":"<p>O Munic\u00edpio de Alpiar\u00e7a decidiu encerrar todas as escolas do concelho devido \u00e0 instabilidade meteorol\u00f3gica que tem afetado a Pen\u00ednsula Ib\u00e9rica, com foco na zona da Lez\u00edria, onde h\u00e1 probabilidade de cheias com dimens\u00f5es excepcionais. A decis\u00e3o visa a seguran\u00e7a da comunidade escolar.<\/p>\n<p>As autoridades alertam para o potencial condicionamento de vias rodovi\u00e1rias que normalmente n\u00e3o s\u00e3o afetadas, com poss\u00edvel impacto em trechos da EN 118 entre Alpiar\u00e7a e Almeirim, caso o cen\u00e1rio se agrave.<\/p>\n<p>A decis\u00e3o foi tomada ap\u00f3s avalia\u00e7\u00e3o da Autoridade Municipal de Prote\u00e7\u00e3o Civil, em articula\u00e7\u00e3o com o Comando Regional, e entra em vigor amanh\u00e3. A medida vigora para todos os estabelecimentos de ensino do concelho.<\/p>\n<p>Os encarregados de educa\u00e7\u00e3o devem dirigir-se aos respetivos estabelecimentos para recolher os alunos \u00e0s 15h30, conforme orienta\u00e7\u00e3o das autoridades, de forma a garantir a seguran\u00e7a de todos.<\/p>\n","protected":false},"excerpt":{"rendered":"<ul>\n<li>A C\u00e2mara Municipal de Alpiar\u00e7a encerrou todas as escolas do concelho devido \u00e0 instabilidade meteorol\u00f3gica que afeta a Pen\u00ednsula Ib\u00e9rica, em particular a Lez\u00edria.<\/li>\n<li>A decis\u00e3o visa prevenir riscos relacionados com cheias de dimens\u00f5es anormais na regi\u00e3o.<\/li>\n<li>A avalia\u00e7\u00e3o foi realizada pela Autoridade Municipal de Prote\u00e7\u00e3o Civil (AMPC), em articula\u00e7\u00e3o com o Comando Regional, levando \u00e0 suspens\u00e3o de atividades letivas a partir de amanh\u00e3.<\/li>\n<li>O encerramento ocorre esta quinta-feira \u00e0s 15h30, com pedido aos encarregados de educa\u00e7\u00e3o para irem buscar os alunos nesse hor\u00e1rio.<\/li>\n<li>As autoridades alertam que a situa\u00e7\u00e3o pode condicionar vias rodovi\u00e1rias que normalmente n\u00e3o s\u00e3o afetadas, incluindo poss\u00edvel impacto na EN 118 entre Alpiar\u00e7a e Almeirim.<\/li>\n<\/ul>\n","protected":false},"author":2,"featured_media":199909,"comment_status":"closed","ping_status":"closed","sticky":false,"template":"","format":"standard","meta":{"footnotes":""},"categories":[1],"tags":[1457,5388,3931,101,3623,320],"class_list":["post-199897","post","type-post","status-publish","format-standard","has-post-thumbnail","hentry","category-noticias","tag-almeirim","tag-alpiarca","tag-chuva-forte","tag-escolas","tag-leziria-do-tejo","tag-protecao-civil"],"yoast_head":"<!-- This site is optimized with the Yoast SEO plugin v27.2 - https:\/\/yoast.com\/product\/yoast-seo-wordpress\/ -->\n<title>Escolas de Alpiar\u00e7a encerram \u00e0s 15h30 devido ao mau tempo - Portal Tela Portugal<\/title>\n<meta name=\"robots\" content=\"index, follow, max-snippet:-1, max-image-preview:large, max-video-preview:-1\" \/>\n<meta property=\"og:locale\" content=\"pt_PT\" \/>\n<meta property=\"og:type\" content=\"article\" \/>\n<meta property=\"og:title\" content=\"Escolas de Alpiar\u00e7a encerram \u00e0s 15h30 devido ao mau tempo - Portal Tela Portugal\" \/>\n<meta property=\"og:description\" content=\"A C\u00e2mara Municipal de Alpiar\u00e7a encerrou todas as escolas do concelho devido \u00e0 instabilidade meteorol\u00f3gica que afeta a Pen\u00ednsula Ib\u00e9rica, em particular a Lez\u00edria. A decis\u00e3o visa prevenir riscos relacionados com cheias de dimens\u00f5es anormais na regi\u00e3o. A avalia\u00e7\u00e3o foi realizada pela Autoridade Municipal de Prote\u00e7\u00e3o Civil (AMPC), em articula\u00e7\u00e3o com o Comando Regional, levando \u00e0 suspens\u00e3o de atividades letivas a partir de amanh\u00e3. O encerramento ocorre esta quinta-feira \u00e0s 15h30, com pedido aos encarregados de educa\u00e7\u00e3o para irem buscar os alunos nesse hor\u00e1rio. As autoridades alertam que a situa\u00e7\u00e3o pode condicionar vias rodovi\u00e1rias que normalmente n\u00e3o s\u00e3o afetadas, incluindo poss\u00edvel impacto na EN 118 entre Alpiar\u00e7a e Almeirim.\" \/>\n<meta property=\"og:url\" content=\"https:\/\/portaltela.pt\/noticias\/2026\/02\/05\/escolas-de-alpiarca-encerram-as-15h30-devido-ao-mau-tempo\/\" \/>\n<meta property=\"og:site_name\" content=\"Portal Tela Portugal\" \/>\n<meta property=\"article:published_time\" content=\"2026-02-05T13:40:05+00:00\" \/>\n<meta name=\"author\" content=\"Telinha\" \/>\n<meta name=\"twitter:card\" content=\"summary_large_image\" \/>\n<meta name=\"twitter:label1\" content=\"Escrito por\" \/>\n\t<meta name=\"twitter:data1\" content=\"Telinha\" \/>\n\t<meta name=\"twitter:label2\" content=\"Tempo estimado de leitura\" \/>\n\t<meta name=\"twitter:data2\" content=\"1 minuto\" \/>\n<script type=\"application\/ld+json\" class=\"yoast-schema-graph\">{\"@context\":\"https:\/\/schema.org\",\"@graph\":[{\"@type\":\"Article\",\"@id\":\"https:\/\/portaltela.pt\/noticias\/2026\/02\/05\/escolas-de-alpiarca-encerram-as-15h30-devido-ao-mau-tempo\/#article\",\"isPartOf\":{\"@id\":\"https:\/\/portaltela.pt\/noticias\/2026\/02\/05\/escolas-de-alpiarca-encerram-as-15h30-devido-ao-mau-tempo\/\"},\"author\":{\"name\":\"Telinha\",\"@id\":\"https:\/\/portaltela.pt\/#\/schema\/person\/c4278d4a6028830caff9ee44b42d32ed\"},\"headline\":\"Escolas de Alpiar\u00e7a encerram \u00e0s 15h30 devido ao mau tempo\",\"datePublished\":\"2026-02-05T13:40:05+00:00\",\"mainEntityOfPage\":{\"@id\":\"https:\/\/portaltela.pt\/noticias\/2026\/02\/05\/escolas-de-alpiarca-encerram-as-15h30-devido-ao-mau-tempo\/\"},\"wordCount\":168,\"image\":{\"@id\":\"https:\/\/portaltela.pt\/noticias\/2026\/02\/05\/escolas-de-alpiarca-encerram-as-15h30-devido-ao-mau-tempo\/#primaryimage\"},\"thumbnailUrl\":\"https:\/\/portaltela.pt\/s.01k8rhncp4jt1\/2026\/02\/Escola-Jose-Relvas.jpg\",\"keywords\":[\"Almeirim\",\"Alpiar\u00e7a\",\"chuva forte\",\"escolas\",\"Lez\u00edria do Tejo\",\"prote\u00e7\u00e3o civil\"],\"articleSection\":[\"Not\u00edcias\"],\"inLanguage\":\"pt-PT\"},{\"@type\":\"WebPage\",\"@id\":\"https:\/\/portaltela.pt\/noticias\/2026\/02\/05\/escolas-de-alpiarca-encerram-as-15h30-devido-ao-mau-tempo\/\",\"url\":\"https:\/\/portaltela.pt\/noticias\/2026\/02\/05\/escolas-de-alpiarca-encerram-as-15h30-devido-ao-mau-tempo\/\",\"name\":\"Escolas de Alpiar\u00e7a encerram \u00e0s 15h30 devido ao mau tempo - Portal Tela Portugal\",\"isPartOf\":{\"@id\":\"https:\/\/portaltela.pt\/#website\"},\"primaryImageOfPage\":{\"@id\":\"https:\/\/portaltela.pt\/noticias\/2026\/02\/05\/escolas-de-alpiarca-encerram-as-15h30-devido-ao-mau-tempo\/#primaryimage\"},\"image\":{\"@id\":\"https:\/\/portaltela.pt\/noticias\/2026\/02\/05\/escolas-de-alpiarca-encerram-as-15h30-devido-ao-mau-tempo\/#primaryimage\"},\"thumbnailUrl\":\"https:\/\/portaltela.pt\/s.01k8rhncp4jt1\/2026\/02\/Escola-Jose-Relvas.jpg\",\"datePublished\":\"2026-02-05T13:40:05+00:00\",\"author\":{\"@id\":\"https:\/\/portaltela.pt\/#\/schema\/person\/c4278d4a6028830caff9ee44b42d32ed\"},\"breadcrumb\":{\"@id\":\"https:\/\/portaltela.pt\/noticias\/2026\/02\/05\/escolas-de-alpiarca-encerram-as-15h30-devido-ao-mau-tempo\/#breadcrumb\"},\"inLanguage\":\"pt-PT\",\"potentialAction\":[{\"@type\":\"ReadAction\",\"target\":[\"https:\/\/portaltela.pt\/noticias\/2026\/02\/05\/escolas-de-alpiarca-encerram-as-15h30-devido-ao-mau-tempo\/\"]}]},{\"@type\":\"ImageObject\",\"inLanguage\":\"pt-PT\",\"@id\":\"https:\/\/portaltela.pt\/noticias\/2026\/02\/05\/escolas-de-alpiarca-encerram-as-15h30-devido-ao-mau-tempo\/#primaryimage\",\"url\":\"https:\/\/portaltela.pt\/s.01k8rhncp4jt1\/2026\/02\/Escola-Jose-Relvas.jpg\",\"contentUrl\":\"https:\/\/portaltela.pt\/s.01k8rhncp4jt1\/2026\/02\/Escola-Jose-Relvas.jpg\",\"width\":796,\"height\":448,\"caption\":\"Professora da Escola Jos\u00e9 Relvas acusada de alegados atos de racismo e agress\u00f5es\"},{\"@type\":\"BreadcrumbList\",\"@id\":\"https:\/\/portaltela.pt\/noticias\/2026\/02\/05\/escolas-de-alpiarca-encerram-as-15h30-devido-ao-mau-tempo\/#breadcrumb\",\"itemListElement\":[{\"@type\":\"ListItem\",\"position\":1,\"name\":\"In\u00edcio\",\"item\":\"https:\/\/portaltela.pt\/\"},{\"@type\":\"ListItem\",\"position\":2,\"name\":\"Escolas de Alpiar\u00e7a encerram \u00e0s 15h30 devido ao mau tempo\"}]},{\"@type\":\"WebSite\",\"@id\":\"https:\/\/portaltela.pt\/#website\",\"url\":\"https:\/\/portaltela.pt\/\",\"name\":\"Portal Tela Portugal\",\"description\":\"\",\"potentialAction\":[{\"@type\":\"SearchAction\",\"target\":{\"@type\":\"EntryPoint\",\"urlTemplate\":\"https:\/\/portaltela.pt\/?s={search_term_string}\"},\"query-input\":{\"@type\":\"PropertyValueSpecification\",\"valueRequired\":true,\"valueName\":\"search_term_string\"}}],\"inLanguage\":\"pt-PT\"},{\"@type\":\"Person\",\"@id\":\"https:\/\/portaltela.pt\/#\/schema\/person\/c4278d4a6028830caff9ee44b42d32ed\",\"name\":\"Telinha\",\"image\":{\"@type\":\"ImageObject\",\"inLanguage\":\"pt-PT\",\"@id\":\"https:\/\/portaltela.pt\/s.01k8rhncp4jt1\/2025\/11\/talking-bot-125x125.png\",\"url\":\"https:\/\/portaltela.pt\/s.01k8rhncp4jt1\/2025\/11\/talking-bot-125x125.png\",\"contentUrl\":\"https:\/\/portaltela.pt\/s.01k8rhncp4jt1\/2025\/11\/talking-bot-125x125.png\",\"caption\":\"Telinha\"},\"sameAs\":[\"https:\/\/portaltela.pt\/\"],\"url\":\"https:\/\/portaltela.pt\/por\/367410592786\/\"}]}<\/script>\n<!-- \/ Yoast SEO plugin. -->","yoast_head_json":{"title":"Escolas de Alpiar\u00e7a encerram \u00e0s 15h30 devido ao mau tempo - Portal Tela Portugal","robots":{"index":"index","follow":"follow","max-snippet":"max-snippet:-1","max-image-preview":"max-image-preview:large","max-video-preview":"max-video-preview:-1"},"og_locale":"pt_PT","og_type":"article","og_title":"Escolas de Alpiar\u00e7a encerram \u00e0s 15h30 devido ao mau tempo - Portal Tela Portugal","og_description":"A C\u00e2mara Municipal de Alpiar\u00e7a encerrou todas as escolas do concelho devido \u00e0 instabilidade meteorol\u00f3gica que afeta a Pen\u00ednsula Ib\u00e9rica, em particular a Lez\u00edria. A decis\u00e3o visa prevenir riscos relacionados com cheias de dimens\u00f5es anormais na regi\u00e3o. A avalia\u00e7\u00e3o foi realizada pela Autoridade Municipal de Prote\u00e7\u00e3o Civil (AMPC), em articula\u00e7\u00e3o com o Comando Regional, levando \u00e0 suspens\u00e3o de atividades letivas a partir de amanh\u00e3. O encerramento ocorre esta quinta-feira \u00e0s 15h30, com pedido aos encarregados de educa\u00e7\u00e3o para irem buscar os alunos nesse hor\u00e1rio. As autoridades alertam que a situa\u00e7\u00e3o pode condicionar vias rodovi\u00e1rias que normalmente n\u00e3o s\u00e3o afetadas, incluindo poss\u00edvel impacto na EN 118 entre Alpiar\u00e7a e Almeirim.","og_url":"https:\/\/portaltela.pt\/noticias\/2026\/02\/05\/escolas-de-alpiarca-encerram-as-15h30-devido-ao-mau-tempo\/","og_site_name":"Portal Tela Portugal","article_published_time":"2026-02-05T13:40:05+00:00","author":"Telinha","twitter_card":"summary_large_image","twitter_misc":{"Escrito por":"Telinha","Tempo estimado de leitura":"1 minuto"},"schema":{"@context":"https:\/\/schema.org","@graph":[{"@type":"Article","@id":"https:\/\/portaltela.pt\/noticias\/2026\/02\/05\/escolas-de-alpiarca-encerram-as-15h30-devido-ao-mau-tempo\/#article","isPartOf":{"@id":"https:\/\/portaltela.pt\/noticias\/2026\/02\/05\/escolas-de-alpiarca-encerram-as-15h30-devido-ao-mau-tempo\/"},"author":{"name":"Telinha","@id":"https:\/\/portaltela.pt\/#\/schema\/person\/c4278d4a6028830caff9ee44b42d32ed"},"headline":"Escolas de Alpiar\u00e7a encerram \u00e0s 15h30 devido ao mau tempo","datePublished":"2026-02-05T13:40:05+00:00","mainEntityOfPage":{"@id":"https:\/\/portaltela.pt\/noticias\/2026\/02\/05\/escolas-de-alpiarca-encerram-as-15h30-devido-ao-mau-tempo\/"},"wordCount":168,"image":{"@id":"https:\/\/portaltela.pt\/noticias\/2026\/02\/05\/escolas-de-alpiarca-encerram-as-15h30-devido-ao-mau-tempo\/#primaryimage"},"thumbnailUrl":"https:\/\/portaltela.pt\/s.01k8rhncp4jt1\/2026\/02\/Escola-Jose-Relvas.jpg","keywords":["Almeirim","Alpiar\u00e7a","chuva forte","escolas","Lez\u00edria do Tejo","prote\u00e7\u00e3o civil"],"articleSection":["Not\u00edcias"],"inLanguage":"pt-PT"},{"@type":"WebPage","@id":"https:\/\/portaltela.pt\/noticias\/2026\/02\/05\/escolas-de-alpiarca-encerram-as-15h30-devido-ao-mau-tempo\/","url":"https:\/\/portaltela.pt\/noticias\/2026\/02\/05\/escolas-de-alpiarca-encerram-as-15h30-devido-ao-mau-tempo\/","name":"Escolas de Alpiar\u00e7a encerram \u00e0s 15h30 devido ao mau tempo - Portal Tela Portugal","isPartOf":{"@id":"https:\/\/portaltela.pt\/#website"},"primaryImageOfPage":{"@id":"https:\/\/portaltela.pt\/noticias\/2026\/02\/05\/escolas-de-alpiarca-encerram-as-15h30-devido-ao-mau-tempo\/#primaryimage"},"image":{"@id":"https:\/\/portaltela.pt\/noticias\/2026\/02\/05\/escolas-de-alpiarca-encerram-as-15h30-devido-ao-mau-tempo\/#primaryimage"},"thumbnailUrl":"https:\/\/portaltela.pt\/s.01k8rhncp4jt1\/2026\/02\/Escola-Jose-Relvas.jpg","datePublished":"2026-02-05T13:40:05+00:00","author":{"@id":"https:\/\/portaltela.pt\/#\/schema\/person\/c4278d4a6028830caff9ee44b42d32ed"},"breadcrumb":{"@id":"https:\/\/portaltela.pt\/noticias\/2026\/02\/05\/escolas-de-alpiarca-encerram-as-15h30-devido-ao-mau-tempo\/#breadcrumb"},"inLanguage":"pt-PT","potentialAction":[{"@type":"ReadAction","target":["https:\/\/portaltela.pt\/noticias\/2026\/02\/05\/escolas-de-alpiarca-encerram-as-15h30-devido-ao-mau-tempo\/"]}]},{"@type":"ImageObject","inLanguage":"pt-PT","@id":"https:\/\/portaltela.pt\/noticias\/2026\/02\/05\/escolas-de-alpiarca-encerram-as-15h30-devido-ao-mau-tempo\/#primaryimage","url":"https:\/\/portaltela.pt\/s.01k8rhncp4jt1\/2026\/02\/Escola-Jose-Relvas.jpg","contentUrl":"https:\/\/portaltela.pt\/s.01k8rhncp4jt1\/2026\/02\/Escola-Jose-Relvas.jpg","width":796,"height":448,"caption":"Professora da Escola Jos\u00e9 Relvas acusada de alegados atos de racismo e agress\u00f5es"},{"@type":"BreadcrumbList","@id":"https:\/\/portaltela.pt\/noticias\/2026\/02\/05\/escolas-de-alpiarca-encerram-as-15h30-devido-ao-mau-tempo\/#breadcrumb","itemListElement":[{"@type":"ListItem","position":1,"name":"In\u00edcio","item":"https:\/\/portaltela.pt\/"},{"@type":"ListItem","position":2,"name":"Escolas de Alpiar\u00e7a encerram \u00e0s 15h30 devido ao mau tempo"}]},{"@type":"WebSite","@id":"https:\/\/portaltela.pt\/#website","url":"https:\/\/portaltela.pt\/","name":"Portal Tela Portugal","description":"","potentialAction":[{"@type":"SearchAction","target":{"@type":"EntryPoint","urlTemplate":"https:\/\/portaltela.pt\/?s={search_term_string}"},"query-input":{"@type":"PropertyValueSpecification","valueRequired":true,"valueName":"search_term_string"}}],"inLanguage":"pt-PT"},{"@type":"Person","@id":"https:\/\/portaltela.pt\/#\/schema\/person\/c4278d4a6028830caff9ee44b42d32ed","name":"Telinha","image":{"@type":"ImageObject","inLanguage":"pt-PT","@id":"https:\/\/portaltela.pt\/s.01k8rhncp4jt1\/2025\/11\/talking-bot-125x125.png","url":"https:\/\/portaltela.pt\/s.01k8rhncp4jt1\/2025\/11\/talking-bot-125x125.png","contentUrl":"https:\/\/portaltela.pt\/s.01k8rhncp4jt1\/2025\/11\/talking-bot-125x125.png","caption":"Telinha"},"sameAs":["https:\/\/portaltela.pt\/"],"url":"https:\/\/portaltela.pt\/por\/367410592786\/"}]}},"_links":{"self":[{"href":"https:\/\/portaltela.pt\/api\/wp\/v2\/posts\/199897","targetHints":{"allow":["GET"]}}],"collection":[{"href":"https:\/\/portaltela.pt\/api\/wp\/v2\/posts"}],"about":[{"href":"https:\/\/portaltela.pt\/api\/wp\/v2\/types\/post"}],"author":[{"embeddable":true,"href":"https:\/\/portaltela.pt\/api\/wp\/v2\/users\/2"}],"replies":[{"embeddable":true,"href":"https:\/\/portaltela.pt\/api\/wp\/v2\/comments?post=199897"}],"version-history":[{"count":0,"href":"https:\/\/portaltela.pt\/api\/wp\/v2\/posts\/199897\/revisions"}],"wp:featuredmedia":[{"embeddable":true,"href":"https:\/\/portaltela.pt\/api\/wp\/v2\/media\/199909"}],"wp:attachment":[{"href":"https:\/\/portaltela.pt\/api\/wp\/v2\/media?parent=199897"}],"wp:term":[{"taxonomy":"category","embeddable":true,"href":"https:\/\/portaltela.pt\/api\/wp\/v2\/categories?post=199897"},{"taxonomy":"post_tag","embeddable":true,"href":"https:\/\/portaltela.pt\/api\/wp\/v2\/tags?post=199897"}],"curies":[{"name":"wp","href":"https:\/\/api.w.org\/{rel}","templated":true}]}}