{"id":199879,"date":"2026-02-05T10:14:00","date_gmt":"2026-02-05T13:14:00","guid":{"rendered":"https:\/\/portaltela.pt\/noticias\/2026\/02\/05\/incendio-florestal-de-grande-dimensao-em-santana\/"},"modified":"2026-02-05T10:14:00","modified_gmt":"2026-02-05T13:14:00","slug":"incendio-florestal-de-grande-dimensao-em-santana","status":"publish","type":"post","link":"https:\/\/portaltela.pt\/noticias\/2026\/02\/05\/incendio-florestal-de-grande-dimensao-em-santana\/","title":{"rendered":"Inc\u00eandio florestal de grande dimens\u00e3o em Santana"},"content":{"rendered":"<p>Um inc\u00eandio florestal de grande dimens\u00e3o deflagrou esta manh\u00e3 na Ilha, no s\u00edtio do Vimieiro, pr\u00f3ximo da ribeira de S\u00e3o Jorge, em Santana. O fogo foi reclamado pelas autoridades locais ainda de manh\u00e3 e permanece ativo.<\/p>\n<p>No local est\u00e3o mobilizados tr\u00eas corpos de bombeiros: Volunt\u00e1rios de Santana, Bombeiros Municipais e Sapadores de Santa Cruz, com apoio de um helic\u00f3ptero do Servi\u00e7o Regional de Prote\u00e7\u00e3o e Combate de Inc\u00eandios. Participa ainda a Pol\u00edcia Florestal e a PSP.<\/p>\n<p>No total, 27 operacionais trabalham na frente de fogo, apoiados por seis viaturas e pelo meio a\u00e9reo. As causas do inc\u00eandio ainda n\u00e3o foram divulgadas, mantendo-se o epis\u00f3dio sob investiga\u00e7\u00e3o.<\/p>\n","protected":false},"excerpt":{"rendered":"<ul>\n<li>Um inc\u00eandio florestal deflagrou esta manh\u00e3 no Vimieiro, na Ilha, pr\u00f3ximo da ribeira de S\u00e3o Jorge, em Santana.<\/li>\n<li>No combate est\u00e3o 27 operacionais no terreno e seis viaturas.<\/li>\n<li>O fogo est\u00e1 a ser combatido por tr\u00eas corpora\u00e7\u00f5es: Bombeiros Volunt\u00e1rios de Santana, Bombeiros Municipais e Bombeiros Sapadores de Santa Cruz.<\/li>\n<li>Conta ainda com o apoio do helic\u00f3ptero do Servi\u00e7o Regional de Prote\u00e7\u00e3o Civil.<\/li>\n<li>No local encontram-se, tamb\u00e9m, elementos da Pol\u00edcia Florestal e da Pol\u00edcia de Seguran\u00e7a P\u00fablica (PSP).<\/li>\n<\/ul>\n","protected":false},"author":2,"featured_media":199884,"comment_status":"closed","ping_status":"closed","sticky":false,"template":"","format":"standard","meta":{"footnotes":""},"categories":[1],"tags":[971,1438,2617,859,3418,2096],"class_list":["post-199879","post","type-post","status-publish","format-standard","has-post-thumbnail","hentry","category-noticias","tag-bombeiros","tag-incendio","tag-incendios","tag-madeira","tag-policia-de-seguranca-publica","tag-santana"],"yoast_head":"<!-- This site is optimized with the Yoast SEO plugin v27.2 - https:\/\/yoast.com\/product\/yoast-seo-wordpress\/ -->\n<title>Inc\u00eandio florestal de grande dimens\u00e3o em Santana - Portal Tela Portugal<\/title>\n<meta name=\"robots\" content=\"index, follow, max-snippet:-1, max-image-preview:large, max-video-preview:-1\" \/>\n<meta property=\"og:locale\" content=\"pt_PT\" \/>\n<meta property=\"og:type\" content=\"article\" \/>\n<meta property=\"og:title\" content=\"Inc\u00eandio florestal de grande dimens\u00e3o em Santana - Portal Tela Portugal\" \/>\n<meta property=\"og:description\" content=\"Um inc\u00eandio florestal deflagrou esta manh\u00e3 no Vimieiro, na Ilha, pr\u00f3ximo da ribeira de S\u00e3o Jorge, em Santana. No combate est\u00e3o 27 operacionais no terreno e seis viaturas. O fogo est\u00e1 a ser combatido por tr\u00eas corpora\u00e7\u00f5es: Bombeiros Volunt\u00e1rios de Santana, Bombeiros Municipais e Bombeiros Sapadores de Santa Cruz. Conta ainda com o apoio do helic\u00f3ptero do Servi\u00e7o Regional de Prote\u00e7\u00e3o Civil. No local encontram-se, tamb\u00e9m, elementos da Pol\u00edcia Florestal e da Pol\u00edcia de Seguran\u00e7a P\u00fablica (PSP).\" \/>\n<meta property=\"og:url\" content=\"https:\/\/portaltela.pt\/noticias\/2026\/02\/05\/incendio-florestal-de-grande-dimensao-em-santana\/\" \/>\n<meta property=\"og:site_name\" content=\"Portal Tela Portugal\" \/>\n<meta property=\"article:published_time\" content=\"2026-02-05T13:14:00+00:00\" \/>\n<meta name=\"author\" content=\"Telinha\" \/>\n<meta name=\"twitter:card\" content=\"summary_large_image\" \/>\n<meta name=\"twitter:label1\" content=\"Escrito por\" \/>\n\t<meta name=\"twitter:data1\" content=\"Telinha\" \/>\n\t<meta name=\"twitter:label2\" content=\"Tempo estimado de leitura\" \/>\n\t<meta name=\"twitter:data2\" content=\"1 minuto\" \/>\n<script type=\"application\/ld+json\" class=\"yoast-schema-graph\">{\"@context\":\"https:\/\/schema.org\",\"@graph\":[{\"@type\":\"Article\",\"@id\":\"https:\/\/portaltela.pt\/noticias\/2026\/02\/05\/incendio-florestal-de-grande-dimensao-em-santana\/#article\",\"isPartOf\":{\"@id\":\"https:\/\/portaltela.pt\/noticias\/2026\/02\/05\/incendio-florestal-de-grande-dimensao-em-santana\/\"},\"author\":{\"name\":\"Telinha\",\"@id\":\"https:\/\/portaltela.pt\/#\/schema\/person\/c4278d4a6028830caff9ee44b42d32ed\"},\"headline\":\"Inc\u00eandio florestal de grande dimens\u00e3o em Santana\",\"datePublished\":\"2026-02-05T13:14:00+00:00\",\"mainEntityOfPage\":{\"@id\":\"https:\/\/portaltela.pt\/noticias\/2026\/02\/05\/incendio-florestal-de-grande-dimensao-em-santana\/\"},\"wordCount\":132,\"image\":{\"@id\":\"https:\/\/portaltela.pt\/noticias\/2026\/02\/05\/incendio-florestal-de-grande-dimensao-em-santana\/#primaryimage\"},\"thumbnailUrl\":\"https:\/\/portaltela.pt\/s.01k8rhncp4jt1\/2026\/02\/unnamed-file-1614.jpg\",\"keywords\":[\"bombeiros\",\"inc\u00eandio\",\"inc\u00eandios\",\"Madeira\",\"Pol\u00edcia de Seguran\u00e7a P\u00fablica\",\"Santana\"],\"articleSection\":[\"Not\u00edcias\"],\"inLanguage\":\"pt-PT\"},{\"@type\":\"WebPage\",\"@id\":\"https:\/\/portaltela.pt\/noticias\/2026\/02\/05\/incendio-florestal-de-grande-dimensao-em-santana\/\",\"url\":\"https:\/\/portaltela.pt\/noticias\/2026\/02\/05\/incendio-florestal-de-grande-dimensao-em-santana\/\",\"name\":\"Inc\u00eandio florestal de grande dimens\u00e3o em Santana - Portal Tela Portugal\",\"isPartOf\":{\"@id\":\"https:\/\/portaltela.pt\/#website\"},\"primaryImageOfPage\":{\"@id\":\"https:\/\/portaltela.pt\/noticias\/2026\/02\/05\/incendio-florestal-de-grande-dimensao-em-santana\/#primaryimage\"},\"image\":{\"@id\":\"https:\/\/portaltela.pt\/noticias\/2026\/02\/05\/incendio-florestal-de-grande-dimensao-em-santana\/#primaryimage\"},\"thumbnailUrl\":\"https:\/\/portaltela.pt\/s.01k8rhncp4jt1\/2026\/02\/unnamed-file-1614.jpg\",\"datePublished\":\"2026-02-05T13:14:00+00:00\",\"author\":{\"@id\":\"https:\/\/portaltela.pt\/#\/schema\/person\/c4278d4a6028830caff9ee44b42d32ed\"},\"breadcrumb\":{\"@id\":\"https:\/\/portaltela.pt\/noticias\/2026\/02\/05\/incendio-florestal-de-grande-dimensao-em-santana\/#breadcrumb\"},\"inLanguage\":\"pt-PT\",\"potentialAction\":[{\"@type\":\"ReadAction\",\"target\":[\"https:\/\/portaltela.pt\/noticias\/2026\/02\/05\/incendio-florestal-de-grande-dimensao-em-santana\/\"]}]},{\"@type\":\"ImageObject\",\"inLanguage\":\"pt-PT\",\"@id\":\"https:\/\/portaltela.pt\/noticias\/2026\/02\/05\/incendio-florestal-de-grande-dimensao-em-santana\/#primaryimage\",\"url\":\"https:\/\/portaltela.pt\/s.01k8rhncp4jt1\/2026\/02\/unnamed-file-1614.jpg\",\"contentUrl\":\"https:\/\/portaltela.pt\/s.01k8rhncp4jt1\/2026\/02\/unnamed-file-1614.jpg\",\"width\":796,\"height\":448,\"caption\":\"Inc\u00eandio florestal com alguma dimens\u00e3o em Santana\"},{\"@type\":\"BreadcrumbList\",\"@id\":\"https:\/\/portaltela.pt\/noticias\/2026\/02\/05\/incendio-florestal-de-grande-dimensao-em-santana\/#breadcrumb\",\"itemListElement\":[{\"@type\":\"ListItem\",\"position\":1,\"name\":\"In\u00edcio\",\"item\":\"https:\/\/portaltela.pt\/\"},{\"@type\":\"ListItem\",\"position\":2,\"name\":\"Inc\u00eandio florestal de grande dimens\u00e3o em Santana\"}]},{\"@type\":\"WebSite\",\"@id\":\"https:\/\/portaltela.pt\/#website\",\"url\":\"https:\/\/portaltela.pt\/\",\"name\":\"Portal Tela Portugal\",\"description\":\"\",\"potentialAction\":[{\"@type\":\"SearchAction\",\"target\":{\"@type\":\"EntryPoint\",\"urlTemplate\":\"https:\/\/portaltela.pt\/?s={search_term_string}\"},\"query-input\":{\"@type\":\"PropertyValueSpecification\",\"valueRequired\":true,\"valueName\":\"search_term_string\"}}],\"inLanguage\":\"pt-PT\"},{\"@type\":\"Person\",\"@id\":\"https:\/\/portaltela.pt\/#\/schema\/person\/c4278d4a6028830caff9ee44b42d32ed\",\"name\":\"Telinha\",\"image\":{\"@type\":\"ImageObject\",\"inLanguage\":\"pt-PT\",\"@id\":\"https:\/\/portaltela.pt\/s.01k8rhncp4jt1\/2025\/11\/talking-bot-125x125.png\",\"url\":\"https:\/\/portaltela.pt\/s.01k8rhncp4jt1\/2025\/11\/talking-bot-125x125.png\",\"contentUrl\":\"https:\/\/portaltela.pt\/s.01k8rhncp4jt1\/2025\/11\/talking-bot-125x125.png\",\"caption\":\"Telinha\"},\"sameAs\":[\"https:\/\/portaltela.pt\/\"],\"url\":\"https:\/\/portaltela.pt\/por\/367410592786\/\"}]}<\/script>\n<!-- \/ Yoast SEO plugin. -->","yoast_head_json":{"title":"Inc\u00eandio florestal de grande dimens\u00e3o em Santana - Portal Tela Portugal","robots":{"index":"index","follow":"follow","max-snippet":"max-snippet:-1","max-image-preview":"max-image-preview:large","max-video-preview":"max-video-preview:-1"},"og_locale":"pt_PT","og_type":"article","og_title":"Inc\u00eandio florestal de grande dimens\u00e3o em Santana - Portal Tela Portugal","og_description":"Um inc\u00eandio florestal deflagrou esta manh\u00e3 no Vimieiro, na Ilha, pr\u00f3ximo da ribeira de S\u00e3o Jorge, em Santana. No combate est\u00e3o 27 operacionais no terreno e seis viaturas. O fogo est\u00e1 a ser combatido por tr\u00eas corpora\u00e7\u00f5es: Bombeiros Volunt\u00e1rios de Santana, Bombeiros Municipais e Bombeiros Sapadores de Santa Cruz. Conta ainda com o apoio do helic\u00f3ptero do Servi\u00e7o Regional de Prote\u00e7\u00e3o Civil. No local encontram-se, tamb\u00e9m, elementos da Pol\u00edcia Florestal e da Pol\u00edcia de Seguran\u00e7a P\u00fablica (PSP).","og_url":"https:\/\/portaltela.pt\/noticias\/2026\/02\/05\/incendio-florestal-de-grande-dimensao-em-santana\/","og_site_name":"Portal Tela Portugal","article_published_time":"2026-02-05T13:14:00+00:00","author":"Telinha","twitter_card":"summary_large_image","twitter_misc":{"Escrito por":"Telinha","Tempo estimado de leitura":"1 minuto"},"schema":{"@context":"https:\/\/schema.org","@graph":[{"@type":"Article","@id":"https:\/\/portaltela.pt\/noticias\/2026\/02\/05\/incendio-florestal-de-grande-dimensao-em-santana\/#article","isPartOf":{"@id":"https:\/\/portaltela.pt\/noticias\/2026\/02\/05\/incendio-florestal-de-grande-dimensao-em-santana\/"},"author":{"name":"Telinha","@id":"https:\/\/portaltela.pt\/#\/schema\/person\/c4278d4a6028830caff9ee44b42d32ed"},"headline":"Inc\u00eandio florestal de grande dimens\u00e3o em Santana","datePublished":"2026-02-05T13:14:00+00:00","mainEntityOfPage":{"@id":"https:\/\/portaltela.pt\/noticias\/2026\/02\/05\/incendio-florestal-de-grande-dimensao-em-santana\/"},"wordCount":132,"image":{"@id":"https:\/\/portaltela.pt\/noticias\/2026\/02\/05\/incendio-florestal-de-grande-dimensao-em-santana\/#primaryimage"},"thumbnailUrl":"https:\/\/portaltela.pt\/s.01k8rhncp4jt1\/2026\/02\/unnamed-file-1614.jpg","keywords":["bombeiros","inc\u00eandio","inc\u00eandios","Madeira","Pol\u00edcia de Seguran\u00e7a P\u00fablica","Santana"],"articleSection":["Not\u00edcias"],"inLanguage":"pt-PT"},{"@type":"WebPage","@id":"https:\/\/portaltela.pt\/noticias\/2026\/02\/05\/incendio-florestal-de-grande-dimensao-em-santana\/","url":"https:\/\/portaltela.pt\/noticias\/2026\/02\/05\/incendio-florestal-de-grande-dimensao-em-santana\/","name":"Inc\u00eandio florestal de grande dimens\u00e3o em Santana - Portal Tela Portugal","isPartOf":{"@id":"https:\/\/portaltela.pt\/#website"},"primaryImageOfPage":{"@id":"https:\/\/portaltela.pt\/noticias\/2026\/02\/05\/incendio-florestal-de-grande-dimensao-em-santana\/#primaryimage"},"image":{"@id":"https:\/\/portaltela.pt\/noticias\/2026\/02\/05\/incendio-florestal-de-grande-dimensao-em-santana\/#primaryimage"},"thumbnailUrl":"https:\/\/portaltela.pt\/s.01k8rhncp4jt1\/2026\/02\/unnamed-file-1614.jpg","datePublished":"2026-02-05T13:14:00+00:00","author":{"@id":"https:\/\/portaltela.pt\/#\/schema\/person\/c4278d4a6028830caff9ee44b42d32ed"},"breadcrumb":{"@id":"https:\/\/portaltela.pt\/noticias\/2026\/02\/05\/incendio-florestal-de-grande-dimensao-em-santana\/#breadcrumb"},"inLanguage":"pt-PT","potentialAction":[{"@type":"ReadAction","target":["https:\/\/portaltela.pt\/noticias\/2026\/02\/05\/incendio-florestal-de-grande-dimensao-em-santana\/"]}]},{"@type":"ImageObject","inLanguage":"pt-PT","@id":"https:\/\/portaltela.pt\/noticias\/2026\/02\/05\/incendio-florestal-de-grande-dimensao-em-santana\/#primaryimage","url":"https:\/\/portaltela.pt\/s.01k8rhncp4jt1\/2026\/02\/unnamed-file-1614.jpg","contentUrl":"https:\/\/portaltela.pt\/s.01k8rhncp4jt1\/2026\/02\/unnamed-file-1614.jpg","width":796,"height":448,"caption":"Inc\u00eandio florestal com alguma dimens\u00e3o em Santana"},{"@type":"BreadcrumbList","@id":"https:\/\/portaltela.pt\/noticias\/2026\/02\/05\/incendio-florestal-de-grande-dimensao-em-santana\/#breadcrumb","itemListElement":[{"@type":"ListItem","position":1,"name":"In\u00edcio","item":"https:\/\/portaltela.pt\/"},{"@type":"ListItem","position":2,"name":"Inc\u00eandio florestal de grande dimens\u00e3o em Santana"}]},{"@type":"WebSite","@id":"https:\/\/portaltela.pt\/#website","url":"https:\/\/portaltela.pt\/","name":"Portal Tela Portugal","description":"","potentialAction":[{"@type":"SearchAction","target":{"@type":"EntryPoint","urlTemplate":"https:\/\/portaltela.pt\/?s={search_term_string}"},"query-input":{"@type":"PropertyValueSpecification","valueRequired":true,"valueName":"search_term_string"}}],"inLanguage":"pt-PT"},{"@type":"Person","@id":"https:\/\/portaltela.pt\/#\/schema\/person\/c4278d4a6028830caff9ee44b42d32ed","name":"Telinha","image":{"@type":"ImageObject","inLanguage":"pt-PT","@id":"https:\/\/portaltela.pt\/s.01k8rhncp4jt1\/2025\/11\/talking-bot-125x125.png","url":"https:\/\/portaltela.pt\/s.01k8rhncp4jt1\/2025\/11\/talking-bot-125x125.png","contentUrl":"https:\/\/portaltela.pt\/s.01k8rhncp4jt1\/2025\/11\/talking-bot-125x125.png","caption":"Telinha"},"sameAs":["https:\/\/portaltela.pt\/"],"url":"https:\/\/portaltela.pt\/por\/367410592786\/"}]}},"_links":{"self":[{"href":"https:\/\/portaltela.pt\/api\/wp\/v2\/posts\/199879","targetHints":{"allow":["GET"]}}],"collection":[{"href":"https:\/\/portaltela.pt\/api\/wp\/v2\/posts"}],"about":[{"href":"https:\/\/portaltela.pt\/api\/wp\/v2\/types\/post"}],"author":[{"embeddable":true,"href":"https:\/\/portaltela.pt\/api\/wp\/v2\/users\/2"}],"replies":[{"embeddable":true,"href":"https:\/\/portaltela.pt\/api\/wp\/v2\/comments?post=199879"}],"version-history":[{"count":0,"href":"https:\/\/portaltela.pt\/api\/wp\/v2\/posts\/199879\/revisions"}],"wp:featuredmedia":[{"embeddable":true,"href":"https:\/\/portaltela.pt\/api\/wp\/v2\/media\/199884"}],"wp:attachment":[{"href":"https:\/\/portaltela.pt\/api\/wp\/v2\/media?parent=199879"}],"wp:term":[{"taxonomy":"category","embeddable":true,"href":"https:\/\/portaltela.pt\/api\/wp\/v2\/categories?post=199879"},{"taxonomy":"post_tag","embeddable":true,"href":"https:\/\/portaltela.pt\/api\/wp\/v2\/tags?post=199879"}],"curies":[{"name":"wp","href":"https:\/\/api.w.org\/{rel}","templated":true}]}}