{"id":199836,"date":"2026-02-05T10:28:56","date_gmt":"2026-02-05T13:28:56","guid":{"rendered":"https:\/\/portaltela.pt\/noticias\/2026\/02\/05\/patricia-sampaio-recebe-comenda-da-ordem-de-merito-em-belem\/"},"modified":"2026-02-05T10:28:56","modified_gmt":"2026-02-05T13:28:56","slug":"patricia-sampaio-recebe-comenda-da-ordem-de-merito-em-belem","status":"publish","type":"post","link":"https:\/\/portaltela.pt\/desporto\/2026\/02\/05\/patricia-sampaio-recebe-comenda-da-ordem-de-merito-em-belem\/","title":{"rendered":"Patr\u00edcia Sampaio recebe comenda da Ordem de M\u00e9rito em Bel\u00e9m"},"content":{"rendered":"<p>Patr\u00edcia Sampaio recebeu, em Bel\u00e9m, as ins\u00edgnias de Comendadora da Ordem de M\u00e9rito das m\u00e3os do Presidente da Rep\u00fablica, Marcelo Rebelo de Sousa. A homenagem reconhece a medalha de bronze alcan\u00e7ada nos Jogos Ol\u00edmpicos Paris 2024.<\/p>\n<p>A cerim\u00f3nia decorreu no Pal\u00e1cio de Bel\u00e9m e integrou uma s\u00e9rie de distin\u00e7\u00f5es a atletas, anunciadas no \u00e2mbito da Cerim\u00f3nia Ol\u00edmpica 2025. A entrega seguiu outros galard\u00f5es j\u00e1 atribu\u00eddos pela Presid\u00eancia em novembro.<\/p>\n<p>A jovem judoca portuguesa, de 26 anos, soma j\u00e1 a quarta medalha ol\u00edmpica para o judo, todas elas de bronze, depois de Delgado, Monteiro e Fonseca. A cerim\u00f3nia incluiu ainda condecora\u00e7\u00f5es a outros atletas portugueses.<\/p>\n<h3>Outros condecorados<\/h3>\n<p>Nuno Delgado recebeu a Rede de Comendador da Ordem Infante D. Henrique; Telma Monteiro e Jorge Fonseca foram agraciados com a Ordem do M\u00e9rito. O paral\u00edmpico Djibrilo Iafa tamb\u00e9m foi condecorado no mesmo conjunto de pr\u00e9mios.<\/p>\n","protected":false},"excerpt":{"rendered":"<ul>\n<li>Patr\u00edcia Sampaio recebeu, no Pal\u00e1cio de Bel\u00e9m, as ins\u00edgnias de Comendadora da Ordem de M\u00e9rito das m\u00e3os do Presidente da Rep\u00fablica, Marcelo Rebelo de Sousa, pela medalha de bronze nos Jogos Ol\u00edmpicos Paris 2024.<\/li>\n<li>A cerim\u00f3nia ocorreu no \u00e2mbito da Cerim\u00f3nia Ol\u00edmpica de 2025, seguindo outras distin\u00e7\u00f5es j\u00e1 realizadas pela Presid\u00eancia da Rep\u00fablica.<\/li>\n<li>Com a medalha, Patr\u00edcia soma a quarta medalha ol\u00edmpica para a modalidade, juntando-se a Nuno Delgado, Telma Monteiro e Jorge Fonseca, todos bronze.<\/li>\n<li>Na mesma cerim\u00f3nia, o ciclista Rui Oliveira recebeu o grau de Grande-Oficial da Ordem do M\u00e9rito.<\/li>\n<li>Foram ainda distinguidos atletas paral\u00edmpicos Cristina Gon\u00e7alves, Miguel Monteiro, Carolina Duarte e Sandro Baessa, tamb\u00e9m medalhados em Paris 2024.<\/li>\n<\/ul>\n","protected":false},"author":2,"featured_media":199846,"comment_status":"closed","ping_status":"closed","sticky":false,"template":"","format":"standard","meta":{"footnotes":""},"categories":[21],"tags":[4263,1862,120,5509,3163,40],"class_list":["post-199836","post","type-post","status-publish","format-standard","has-post-thumbnail","hentry","category-desporto","tag-condecoracoes-honorificas","tag-judo","tag-medalhas","tag-ordem-infante-d-henrique","tag-paris","tag-pessoas"],"yoast_head":"<!-- This site is optimized with the Yoast SEO plugin v27.2 - https:\/\/yoast.com\/product\/yoast-seo-wordpress\/ -->\n<title>Patr\u00edcia Sampaio recebe comenda da Ordem de M\u00e9rito em Bel\u00e9m - Portal Tela Portugal<\/title>\n<meta name=\"robots\" content=\"index, follow, max-snippet:-1, max-image-preview:large, max-video-preview:-1\" \/>\n<meta property=\"og:locale\" content=\"pt_PT\" \/>\n<meta property=\"og:type\" content=\"article\" \/>\n<meta property=\"og:title\" content=\"Patr\u00edcia Sampaio recebe comenda da Ordem de M\u00e9rito em Bel\u00e9m - Portal Tela Portugal\" \/>\n<meta property=\"og:description\" content=\"Patr\u00edcia Sampaio recebeu, no Pal\u00e1cio de Bel\u00e9m, as ins\u00edgnias de Comendadora da Ordem de M\u00e9rito das m\u00e3os do Presidente da Rep\u00fablica, Marcelo Rebelo de Sousa, pela medalha de bronze nos Jogos Ol\u00edmpicos Paris 2024. A cerim\u00f3nia ocorreu no \u00e2mbito da Cerim\u00f3nia Ol\u00edmpica de 2025, seguindo outras distin\u00e7\u00f5es j\u00e1 realizadas pela Presid\u00eancia da Rep\u00fablica. Com a medalha, Patr\u00edcia soma a quarta medalha ol\u00edmpica para a modalidade, juntando-se a Nuno Delgado, Telma Monteiro e Jorge Fonseca, todos bronze. Na mesma cerim\u00f3nia, o ciclista Rui Oliveira recebeu o grau de Grande-Oficial da Ordem do M\u00e9rito. Foram ainda distinguidos atletas paral\u00edmpicos Cristina Gon\u00e7alves, Miguel Monteiro, Carolina Duarte e Sandro Baessa, tamb\u00e9m medalhados em Paris 2024.\" \/>\n<meta property=\"og:url\" content=\"https:\/\/portaltela.pt\/noticias\/2026\/02\/05\/patricia-sampaio-recebe-comenda-da-ordem-de-merito-em-belem\/\" \/>\n<meta property=\"og:site_name\" content=\"Portal Tela Portugal\" \/>\n<meta property=\"article:published_time\" content=\"2026-02-05T13:28:56+00:00\" \/>\n<meta name=\"author\" content=\"Telinha\" \/>\n<meta name=\"twitter:card\" content=\"summary_large_image\" \/>\n<meta name=\"twitter:label1\" content=\"Escrito por\" \/>\n\t<meta name=\"twitter:data1\" content=\"Telinha\" \/>\n\t<meta name=\"twitter:label2\" content=\"Tempo estimado de leitura\" \/>\n\t<meta name=\"twitter:data2\" content=\"1 minuto\" \/>\n<script type=\"application\/ld+json\" class=\"yoast-schema-graph\">{\"@context\":\"https:\/\/schema.org\",\"@graph\":[{\"@type\":\"Article\",\"@id\":\"https:\/\/portaltela.pt\/noticias\/2026\/02\/05\/patricia-sampaio-recebe-comenda-da-ordem-de-merito-em-belem\/#article\",\"isPartOf\":{\"@id\":\"https:\/\/portaltela.pt\/noticias\/2026\/02\/05\/patricia-sampaio-recebe-comenda-da-ordem-de-merito-em-belem\/\"},\"author\":{\"name\":\"Telinha\",\"@id\":\"https:\/\/portaltela.pt\/#\/schema\/person\/c4278d4a6028830caff9ee44b42d32ed\"},\"headline\":\"Patr\u00edcia Sampaio recebe comenda da Ordem de M\u00e9rito em Bel\u00e9m\",\"datePublished\":\"2026-02-05T13:28:56+00:00\",\"mainEntityOfPage\":{\"@id\":\"https:\/\/portaltela.pt\/noticias\/2026\/02\/05\/patricia-sampaio-recebe-comenda-da-ordem-de-merito-em-belem\/\"},\"wordCount\":177,\"image\":{\"@id\":\"https:\/\/portaltela.pt\/noticias\/2026\/02\/05\/patricia-sampaio-recebe-comenda-da-ordem-de-merito-em-belem\/#primaryimage\"},\"thumbnailUrl\":\"https:\/\/portaltela.pt\/s.01k8rhncp4jt1\/2026\/02\/img_920x518uu2026-02-05-13-25-39-2419694.jpg\",\"keywords\":[\"condecora\u00e7\u00f5es honor\u00edficas\",\"judo\",\"medalhas\",\"Ordem Infante D. Henrique\",\"Paris\",\"pessoas\"],\"articleSection\":[\"Desporto\"],\"inLanguage\":\"pt-PT\"},{\"@type\":\"WebPage\",\"@id\":\"https:\/\/portaltela.pt\/noticias\/2026\/02\/05\/patricia-sampaio-recebe-comenda-da-ordem-de-merito-em-belem\/\",\"url\":\"https:\/\/portaltela.pt\/noticias\/2026\/02\/05\/patricia-sampaio-recebe-comenda-da-ordem-de-merito-em-belem\/\",\"name\":\"Patr\u00edcia Sampaio recebe comenda da Ordem de M\u00e9rito em Bel\u00e9m - Portal Tela Portugal\",\"isPartOf\":{\"@id\":\"https:\/\/portaltela.pt\/#website\"},\"primaryImageOfPage\":{\"@id\":\"https:\/\/portaltela.pt\/noticias\/2026\/02\/05\/patricia-sampaio-recebe-comenda-da-ordem-de-merito-em-belem\/#primaryimage\"},\"image\":{\"@id\":\"https:\/\/portaltela.pt\/noticias\/2026\/02\/05\/patricia-sampaio-recebe-comenda-da-ordem-de-merito-em-belem\/#primaryimage\"},\"thumbnailUrl\":\"https:\/\/portaltela.pt\/s.01k8rhncp4jt1\/2026\/02\/img_920x518uu2026-02-05-13-25-39-2419694.jpg\",\"datePublished\":\"2026-02-05T13:28:56+00:00\",\"author\":{\"@id\":\"https:\/\/portaltela.pt\/#\/schema\/person\/c4278d4a6028830caff9ee44b42d32ed\"},\"breadcrumb\":{\"@id\":\"https:\/\/portaltela.pt\/noticias\/2026\/02\/05\/patricia-sampaio-recebe-comenda-da-ordem-de-merito-em-belem\/#breadcrumb\"},\"inLanguage\":\"pt-PT\",\"potentialAction\":[{\"@type\":\"ReadAction\",\"target\":[\"https:\/\/portaltela.pt\/noticias\/2026\/02\/05\/patricia-sampaio-recebe-comenda-da-ordem-de-merito-em-belem\/\"]}]},{\"@type\":\"ImageObject\",\"inLanguage\":\"pt-PT\",\"@id\":\"https:\/\/portaltela.pt\/noticias\/2026\/02\/05\/patricia-sampaio-recebe-comenda-da-ordem-de-merito-em-belem\/#primaryimage\",\"url\":\"https:\/\/portaltela.pt\/s.01k8rhncp4jt1\/2026\/02\/img_920x518uu2026-02-05-13-25-39-2419694.jpg\",\"contentUrl\":\"https:\/\/portaltela.pt\/s.01k8rhncp4jt1\/2026\/02\/img_920x518uu2026-02-05-13-25-39-2419694.jpg\",\"width\":796,\"height\":448,\"caption\":\"Patr\u00edcia Sampaio com o Presidente da Rep\u00fablica, Marcelo Rebelo de Sousa\"},{\"@type\":\"BreadcrumbList\",\"@id\":\"https:\/\/portaltela.pt\/noticias\/2026\/02\/05\/patricia-sampaio-recebe-comenda-da-ordem-de-merito-em-belem\/#breadcrumb\",\"itemListElement\":[{\"@type\":\"ListItem\",\"position\":1,\"name\":\"In\u00edcio\",\"item\":\"https:\/\/portaltela.pt\/\"},{\"@type\":\"ListItem\",\"position\":2,\"name\":\"Patr\u00edcia Sampaio recebe comenda da Ordem de M\u00e9rito em Bel\u00e9m\"}]},{\"@type\":\"WebSite\",\"@id\":\"https:\/\/portaltela.pt\/#website\",\"url\":\"https:\/\/portaltela.pt\/\",\"name\":\"Portal Tela Portugal\",\"description\":\"\",\"potentialAction\":[{\"@type\":\"SearchAction\",\"target\":{\"@type\":\"EntryPoint\",\"urlTemplate\":\"https:\/\/portaltela.pt\/?s={search_term_string}\"},\"query-input\":{\"@type\":\"PropertyValueSpecification\",\"valueRequired\":true,\"valueName\":\"search_term_string\"}}],\"inLanguage\":\"pt-PT\"},{\"@type\":\"Person\",\"@id\":\"https:\/\/portaltela.pt\/#\/schema\/person\/c4278d4a6028830caff9ee44b42d32ed\",\"name\":\"Telinha\",\"image\":{\"@type\":\"ImageObject\",\"inLanguage\":\"pt-PT\",\"@id\":\"https:\/\/portaltela.pt\/s.01k8rhncp4jt1\/2025\/11\/talking-bot-125x125.png\",\"url\":\"https:\/\/portaltela.pt\/s.01k8rhncp4jt1\/2025\/11\/talking-bot-125x125.png\",\"contentUrl\":\"https:\/\/portaltela.pt\/s.01k8rhncp4jt1\/2025\/11\/talking-bot-125x125.png\",\"caption\":\"Telinha\"},\"sameAs\":[\"https:\/\/portaltela.pt\/\"],\"url\":\"https:\/\/portaltela.pt\/por\/367410592786\/\"}]}<\/script>\n<!-- \/ Yoast SEO plugin. -->","yoast_head_json":{"title":"Patr\u00edcia Sampaio recebe comenda da Ordem de M\u00e9rito em Bel\u00e9m - Portal Tela Portugal","robots":{"index":"index","follow":"follow","max-snippet":"max-snippet:-1","max-image-preview":"max-image-preview:large","max-video-preview":"max-video-preview:-1"},"og_locale":"pt_PT","og_type":"article","og_title":"Patr\u00edcia Sampaio recebe comenda da Ordem de M\u00e9rito em Bel\u00e9m - Portal Tela Portugal","og_description":"Patr\u00edcia Sampaio recebeu, no Pal\u00e1cio de Bel\u00e9m, as ins\u00edgnias de Comendadora da Ordem de M\u00e9rito das m\u00e3os do Presidente da Rep\u00fablica, Marcelo Rebelo de Sousa, pela medalha de bronze nos Jogos Ol\u00edmpicos Paris 2024. A cerim\u00f3nia ocorreu no \u00e2mbito da Cerim\u00f3nia Ol\u00edmpica de 2025, seguindo outras distin\u00e7\u00f5es j\u00e1 realizadas pela Presid\u00eancia da Rep\u00fablica. Com a medalha, Patr\u00edcia soma a quarta medalha ol\u00edmpica para a modalidade, juntando-se a Nuno Delgado, Telma Monteiro e Jorge Fonseca, todos bronze. Na mesma cerim\u00f3nia, o ciclista Rui Oliveira recebeu o grau de Grande-Oficial da Ordem do M\u00e9rito. Foram ainda distinguidos atletas paral\u00edmpicos Cristina Gon\u00e7alves, Miguel Monteiro, Carolina Duarte e Sandro Baessa, tamb\u00e9m medalhados em Paris 2024.","og_url":"https:\/\/portaltela.pt\/noticias\/2026\/02\/05\/patricia-sampaio-recebe-comenda-da-ordem-de-merito-em-belem\/","og_site_name":"Portal Tela Portugal","article_published_time":"2026-02-05T13:28:56+00:00","author":"Telinha","twitter_card":"summary_large_image","twitter_misc":{"Escrito por":"Telinha","Tempo estimado de leitura":"1 minuto"},"schema":{"@context":"https:\/\/schema.org","@graph":[{"@type":"Article","@id":"https:\/\/portaltela.pt\/noticias\/2026\/02\/05\/patricia-sampaio-recebe-comenda-da-ordem-de-merito-em-belem\/#article","isPartOf":{"@id":"https:\/\/portaltela.pt\/noticias\/2026\/02\/05\/patricia-sampaio-recebe-comenda-da-ordem-de-merito-em-belem\/"},"author":{"name":"Telinha","@id":"https:\/\/portaltela.pt\/#\/schema\/person\/c4278d4a6028830caff9ee44b42d32ed"},"headline":"Patr\u00edcia Sampaio recebe comenda da Ordem de M\u00e9rito em Bel\u00e9m","datePublished":"2026-02-05T13:28:56+00:00","mainEntityOfPage":{"@id":"https:\/\/portaltela.pt\/noticias\/2026\/02\/05\/patricia-sampaio-recebe-comenda-da-ordem-de-merito-em-belem\/"},"wordCount":177,"image":{"@id":"https:\/\/portaltela.pt\/noticias\/2026\/02\/05\/patricia-sampaio-recebe-comenda-da-ordem-de-merito-em-belem\/#primaryimage"},"thumbnailUrl":"https:\/\/portaltela.pt\/s.01k8rhncp4jt1\/2026\/02\/img_920x518uu2026-02-05-13-25-39-2419694.jpg","keywords":["condecora\u00e7\u00f5es honor\u00edficas","judo","medalhas","Ordem Infante D. Henrique","Paris","pessoas"],"articleSection":["Desporto"],"inLanguage":"pt-PT"},{"@type":"WebPage","@id":"https:\/\/portaltela.pt\/noticias\/2026\/02\/05\/patricia-sampaio-recebe-comenda-da-ordem-de-merito-em-belem\/","url":"https:\/\/portaltela.pt\/noticias\/2026\/02\/05\/patricia-sampaio-recebe-comenda-da-ordem-de-merito-em-belem\/","name":"Patr\u00edcia Sampaio recebe comenda da Ordem de M\u00e9rito em Bel\u00e9m - Portal Tela Portugal","isPartOf":{"@id":"https:\/\/portaltela.pt\/#website"},"primaryImageOfPage":{"@id":"https:\/\/portaltela.pt\/noticias\/2026\/02\/05\/patricia-sampaio-recebe-comenda-da-ordem-de-merito-em-belem\/#primaryimage"},"image":{"@id":"https:\/\/portaltela.pt\/noticias\/2026\/02\/05\/patricia-sampaio-recebe-comenda-da-ordem-de-merito-em-belem\/#primaryimage"},"thumbnailUrl":"https:\/\/portaltela.pt\/s.01k8rhncp4jt1\/2026\/02\/img_920x518uu2026-02-05-13-25-39-2419694.jpg","datePublished":"2026-02-05T13:28:56+00:00","author":{"@id":"https:\/\/portaltela.pt\/#\/schema\/person\/c4278d4a6028830caff9ee44b42d32ed"},"breadcrumb":{"@id":"https:\/\/portaltela.pt\/noticias\/2026\/02\/05\/patricia-sampaio-recebe-comenda-da-ordem-de-merito-em-belem\/#breadcrumb"},"inLanguage":"pt-PT","potentialAction":[{"@type":"ReadAction","target":["https:\/\/portaltela.pt\/noticias\/2026\/02\/05\/patricia-sampaio-recebe-comenda-da-ordem-de-merito-em-belem\/"]}]},{"@type":"ImageObject","inLanguage":"pt-PT","@id":"https:\/\/portaltela.pt\/noticias\/2026\/02\/05\/patricia-sampaio-recebe-comenda-da-ordem-de-merito-em-belem\/#primaryimage","url":"https:\/\/portaltela.pt\/s.01k8rhncp4jt1\/2026\/02\/img_920x518uu2026-02-05-13-25-39-2419694.jpg","contentUrl":"https:\/\/portaltela.pt\/s.01k8rhncp4jt1\/2026\/02\/img_920x518uu2026-02-05-13-25-39-2419694.jpg","width":796,"height":448,"caption":"Patr\u00edcia Sampaio com o Presidente da Rep\u00fablica, Marcelo Rebelo de Sousa"},{"@type":"BreadcrumbList","@id":"https:\/\/portaltela.pt\/noticias\/2026\/02\/05\/patricia-sampaio-recebe-comenda-da-ordem-de-merito-em-belem\/#breadcrumb","itemListElement":[{"@type":"ListItem","position":1,"name":"In\u00edcio","item":"https:\/\/portaltela.pt\/"},{"@type":"ListItem","position":2,"name":"Patr\u00edcia Sampaio recebe comenda da Ordem de M\u00e9rito em Bel\u00e9m"}]},{"@type":"WebSite","@id":"https:\/\/portaltela.pt\/#website","url":"https:\/\/portaltela.pt\/","name":"Portal Tela Portugal","description":"","potentialAction":[{"@type":"SearchAction","target":{"@type":"EntryPoint","urlTemplate":"https:\/\/portaltela.pt\/?s={search_term_string}"},"query-input":{"@type":"PropertyValueSpecification","valueRequired":true,"valueName":"search_term_string"}}],"inLanguage":"pt-PT"},{"@type":"Person","@id":"https:\/\/portaltela.pt\/#\/schema\/person\/c4278d4a6028830caff9ee44b42d32ed","name":"Telinha","image":{"@type":"ImageObject","inLanguage":"pt-PT","@id":"https:\/\/portaltela.pt\/s.01k8rhncp4jt1\/2025\/11\/talking-bot-125x125.png","url":"https:\/\/portaltela.pt\/s.01k8rhncp4jt1\/2025\/11\/talking-bot-125x125.png","contentUrl":"https:\/\/portaltela.pt\/s.01k8rhncp4jt1\/2025\/11\/talking-bot-125x125.png","caption":"Telinha"},"sameAs":["https:\/\/portaltela.pt\/"],"url":"https:\/\/portaltela.pt\/por\/367410592786\/"}]}},"_links":{"self":[{"href":"https:\/\/portaltela.pt\/api\/wp\/v2\/posts\/199836","targetHints":{"allow":["GET"]}}],"collection":[{"href":"https:\/\/portaltela.pt\/api\/wp\/v2\/posts"}],"about":[{"href":"https:\/\/portaltela.pt\/api\/wp\/v2\/types\/post"}],"author":[{"embeddable":true,"href":"https:\/\/portaltela.pt\/api\/wp\/v2\/users\/2"}],"replies":[{"embeddable":true,"href":"https:\/\/portaltela.pt\/api\/wp\/v2\/comments?post=199836"}],"version-history":[{"count":0,"href":"https:\/\/portaltela.pt\/api\/wp\/v2\/posts\/199836\/revisions"}],"wp:featuredmedia":[{"embeddable":true,"href":"https:\/\/portaltela.pt\/api\/wp\/v2\/media\/199846"}],"wp:attachment":[{"href":"https:\/\/portaltela.pt\/api\/wp\/v2\/media?parent=199836"}],"wp:term":[{"taxonomy":"category","embeddable":true,"href":"https:\/\/portaltela.pt\/api\/wp\/v2\/categories?post=199836"},{"taxonomy":"post_tag","embeddable":true,"href":"https:\/\/portaltela.pt\/api\/wp\/v2\/tags?post=199836"}],"curies":[{"name":"wp","href":"https:\/\/api.w.org\/{rel}","templated":true}]}}