{"id":199825,"date":"2026-02-05T10:02:25","date_gmt":"2026-02-05T13:02:25","guid":{"rendered":"https:\/\/portaltela.pt\/noticias\/2026\/02\/05\/dengue-mortes-sobem-para-sete\/"},"modified":"2026-02-05T10:02:25","modified_gmt":"2026-02-05T13:02:25","slug":"dengue-mortes-sobem-para-sete","status":"publish","type":"post","link":"https:\/\/portaltela.pt\/noticias\/2026\/02\/05\/dengue-mortes-sobem-para-sete\/","title":{"rendered":"Dengue: mortes sobem para sete"},"content":{"rendered":"<p>Timor-Leste regista sete mortes por dengue desde o in\u00edcio do ano, segundo o diretor dos Servi\u00e7os de Apoio Diagn\u00f3stico e Terap\u00eautico do Hospital Nacional Guido Valadares (HNGV), Vidal de Jesus Lopes. A informa\u00e7\u00e3o foi confirmada \u00e0 Lusa por telefone.<\/p>\n<p>At\u00e9 quinta-feira, o hospital principal do pa\u00eds reportou mais de 400 casos de dengue desde 1 de janeiro. Dados do Minist\u00e9rio da Sa\u00fade apontam para um total superior a 1.300 casos no mesmo per\u00edodo. As autoridades mant\u00eam o alerta para a doen\u00e7a transmitida por mosquitos.<\/p>\n<p>O Minist\u00e9rio da Sa\u00fade explica que as a\u00e7\u00f5es de combate passam pela educa\u00e7\u00e3o e preven\u00e7\u00e3o em D\u00edli, Aileu, Laut\u00e9m, Baucau, Manatuto e Bobonaro, com fumiga\u00e7\u00e3o domicili\u00e1ria. As autoridades pedem acelera\u00e7\u00e3o de campanhas de sensibiliza\u00e7\u00e3o e distribui\u00e7\u00e3o de medicamentos \u00e0 comunidade.<\/p>\n<p>El\u00edsio Mar\u00e7al, chefe do distrito de Comoro, em D\u00edli, pediu maior apoio governamental para intensificar as a\u00e7\u00f5es de educa\u00e7\u00e3o, promo\u00e7\u00e3o da sa\u00fade e fumiga\u00e7\u00e3o, bem como a manuten\u00e7\u00e3o de \u00e1reas residenciais limpas e livres de \u00e1gua parada.<\/p>\n<p>A Comiss\u00e3o F do Parlamento Nacional esteve quarta-feira no HNGV para avaliar a situa\u00e7\u00e3o e recomendou ao Governo a melhoria dos equipamentos m\u00e9dicos dispon\u00edveis no hospital. A autoridade parlamentar enfatizou a necessidade de refor\u00e7o t\u00e9cnico e log\u00edstico.<\/p>\n","protected":false},"excerpt":{"rendered":"<ul>\n<li>Timor-Leste regista sete mortes por dengue desde o in\u00edcio do ano, segundo o diretor do Hospital Nacional Guido Valadares, Vidal de Jesus Lopes.<\/li>\n<li>No mesmo hospital, s\u00e3o registados mais de quatrocentos casos at\u00e9 esta quinta-feira.<\/li>\n<li>Dados do Minist\u00e9rio da Sa\u00fade indicam que o total de casos desde o in\u00edcio do ano j\u00e1 ultrapassa mil e trezentos.<\/li>\n<li>Os servi\u00e7os de sa\u00fade dos munic\u00edpios de D\u00edli, Aileu, Laut\u00e9m, Baucau, Manatuto e Bobonaro est\u00e3o a promover educa\u00e7\u00e3o e preven\u00e7\u00e3o, bem como a\u00e7\u00f5es de fumiga\u00e7\u00e3o nas resid\u00eancias.<\/li>\n<li>A Comiss\u00e3o F do Parlamento Nacional visitou o hospital para avaliar a situa\u00e7\u00e3o e solicitou ao Governo melhoria dos equipamentos m\u00e9dicos.<\/li>\n<\/ul>\n","protected":false},"author":2,"featured_media":199833,"comment_status":"closed","ping_status":"closed","sticky":false,"template":"","format":"standard","meta":{"footnotes":""},"categories":[1],"tags":[3035,2507,163,633,271,2727],"class_list":["post-199825","post","type-post","status-publish","format-standard","has-post-thumbnail","hentry","category-noticias","tag-comunidade","tag-dili","tag-educacao","tag-hospital","tag-saude-publica","tag-timor-leste"],"yoast_head":"<!-- This site is optimized with the Yoast SEO plugin v27.2 - https:\/\/yoast.com\/product\/yoast-seo-wordpress\/ -->\n<title>Dengue: mortes sobem para sete - Portal Tela Portugal<\/title>\n<meta name=\"robots\" content=\"index, follow, max-snippet:-1, max-image-preview:large, max-video-preview:-1\" \/>\n<meta property=\"og:locale\" content=\"pt_PT\" \/>\n<meta property=\"og:type\" content=\"article\" \/>\n<meta property=\"og:title\" content=\"Dengue: mortes sobem para sete - Portal Tela Portugal\" \/>\n<meta property=\"og:description\" content=\"Timor-Leste regista sete mortes por dengue desde o in\u00edcio do ano, segundo o diretor do Hospital Nacional Guido Valadares, Vidal de Jesus Lopes. No mesmo hospital, s\u00e3o registados mais de quatrocentos casos at\u00e9 esta quinta-feira. Dados do Minist\u00e9rio da Sa\u00fade indicam que o total de casos desde o in\u00edcio do ano j\u00e1 ultrapassa mil e trezentos. Os servi\u00e7os de sa\u00fade dos munic\u00edpios de D\u00edli, Aileu, Laut\u00e9m, Baucau, Manatuto e Bobonaro est\u00e3o a promover educa\u00e7\u00e3o e preven\u00e7\u00e3o, bem como a\u00e7\u00f5es de fumiga\u00e7\u00e3o nas resid\u00eancias. A Comiss\u00e3o F do Parlamento Nacional visitou o hospital para avaliar a situa\u00e7\u00e3o e solicitou ao Governo melhoria dos equipamentos m\u00e9dicos.\" \/>\n<meta property=\"og:url\" content=\"https:\/\/portaltela.pt\/noticias\/2026\/02\/05\/dengue-mortes-sobem-para-sete\/\" \/>\n<meta property=\"og:site_name\" content=\"Portal Tela Portugal\" \/>\n<meta property=\"article:published_time\" content=\"2026-02-05T13:02:25+00:00\" \/>\n<meta name=\"author\" content=\"Telinha\" \/>\n<meta name=\"twitter:card\" content=\"summary_large_image\" \/>\n<meta name=\"twitter:label1\" content=\"Escrito por\" \/>\n\t<meta name=\"twitter:data1\" content=\"Telinha\" \/>\n\t<meta name=\"twitter:label2\" content=\"Tempo estimado de leitura\" \/>\n\t<meta name=\"twitter:data2\" content=\"1 minuto\" \/>\n<script type=\"application\/ld+json\" class=\"yoast-schema-graph\">{\"@context\":\"https:\/\/schema.org\",\"@graph\":[{\"@type\":\"Article\",\"@id\":\"https:\/\/portaltela.pt\/noticias\/2026\/02\/05\/dengue-mortes-sobem-para-sete\/#article\",\"isPartOf\":{\"@id\":\"https:\/\/portaltela.pt\/noticias\/2026\/02\/05\/dengue-mortes-sobem-para-sete\/\"},\"author\":{\"name\":\"Telinha\",\"@id\":\"https:\/\/portaltela.pt\/#\/schema\/person\/c4278d4a6028830caff9ee44b42d32ed\"},\"headline\":\"Dengue: mortes sobem para sete\",\"datePublished\":\"2026-02-05T13:02:25+00:00\",\"mainEntityOfPage\":{\"@id\":\"https:\/\/portaltela.pt\/noticias\/2026\/02\/05\/dengue-mortes-sobem-para-sete\/\"},\"wordCount\":237,\"image\":{\"@id\":\"https:\/\/portaltela.pt\/noticias\/2026\/02\/05\/dengue-mortes-sobem-para-sete\/#primaryimage\"},\"thumbnailUrl\":\"https:\/\/portaltela.pt\/s.01k8rhncp4jt1\/2026\/02\/unnamed-file-1609.jpg\",\"keywords\":[\"comunidade\",\"D\u00edli\",\"educa\u00e7\u00e3o\",\"hospital\",\"sa\u00fade p\u00fablica\",\"Timor-Leste\"],\"articleSection\":[\"Not\u00edcias\"],\"inLanguage\":\"pt-PT\"},{\"@type\":\"WebPage\",\"@id\":\"https:\/\/portaltela.pt\/noticias\/2026\/02\/05\/dengue-mortes-sobem-para-sete\/\",\"url\":\"https:\/\/portaltela.pt\/noticias\/2026\/02\/05\/dengue-mortes-sobem-para-sete\/\",\"name\":\"Dengue: mortes sobem para sete - Portal Tela Portugal\",\"isPartOf\":{\"@id\":\"https:\/\/portaltela.pt\/#website\"},\"primaryImageOfPage\":{\"@id\":\"https:\/\/portaltela.pt\/noticias\/2026\/02\/05\/dengue-mortes-sobem-para-sete\/#primaryimage\"},\"image\":{\"@id\":\"https:\/\/portaltela.pt\/noticias\/2026\/02\/05\/dengue-mortes-sobem-para-sete\/#primaryimage\"},\"thumbnailUrl\":\"https:\/\/portaltela.pt\/s.01k8rhncp4jt1\/2026\/02\/unnamed-file-1609.jpg\",\"datePublished\":\"2026-02-05T13:02:25+00:00\",\"author\":{\"@id\":\"https:\/\/portaltela.pt\/#\/schema\/person\/c4278d4a6028830caff9ee44b42d32ed\"},\"breadcrumb\":{\"@id\":\"https:\/\/portaltela.pt\/noticias\/2026\/02\/05\/dengue-mortes-sobem-para-sete\/#breadcrumb\"},\"inLanguage\":\"pt-PT\",\"potentialAction\":[{\"@type\":\"ReadAction\",\"target\":[\"https:\/\/portaltela.pt\/noticias\/2026\/02\/05\/dengue-mortes-sobem-para-sete\/\"]}]},{\"@type\":\"ImageObject\",\"inLanguage\":\"pt-PT\",\"@id\":\"https:\/\/portaltela.pt\/noticias\/2026\/02\/05\/dengue-mortes-sobem-para-sete\/#primaryimage\",\"url\":\"https:\/\/portaltela.pt\/s.01k8rhncp4jt1\/2026\/02\/unnamed-file-1609.jpg\",\"contentUrl\":\"https:\/\/portaltela.pt\/s.01k8rhncp4jt1\/2026\/02\/unnamed-file-1609.jpg\",\"width\":796,\"height\":448,\"caption\":\"Dados do Minist\u00e9rio da Sa\u00fade indicam que o n\u00famero total de casos de dengue registados desde o in\u00edcio do ano j\u00e1 ultrapassa 1.300\"},{\"@type\":\"BreadcrumbList\",\"@id\":\"https:\/\/portaltela.pt\/noticias\/2026\/02\/05\/dengue-mortes-sobem-para-sete\/#breadcrumb\",\"itemListElement\":[{\"@type\":\"ListItem\",\"position\":1,\"name\":\"In\u00edcio\",\"item\":\"https:\/\/portaltela.pt\/\"},{\"@type\":\"ListItem\",\"position\":2,\"name\":\"Dengue: mortes sobem para sete\"}]},{\"@type\":\"WebSite\",\"@id\":\"https:\/\/portaltela.pt\/#website\",\"url\":\"https:\/\/portaltela.pt\/\",\"name\":\"Portal Tela Portugal\",\"description\":\"\",\"potentialAction\":[{\"@type\":\"SearchAction\",\"target\":{\"@type\":\"EntryPoint\",\"urlTemplate\":\"https:\/\/portaltela.pt\/?s={search_term_string}\"},\"query-input\":{\"@type\":\"PropertyValueSpecification\",\"valueRequired\":true,\"valueName\":\"search_term_string\"}}],\"inLanguage\":\"pt-PT\"},{\"@type\":\"Person\",\"@id\":\"https:\/\/portaltela.pt\/#\/schema\/person\/c4278d4a6028830caff9ee44b42d32ed\",\"name\":\"Telinha\",\"image\":{\"@type\":\"ImageObject\",\"inLanguage\":\"pt-PT\",\"@id\":\"https:\/\/portaltela.pt\/s.01k8rhncp4jt1\/2025\/11\/talking-bot-125x125.png\",\"url\":\"https:\/\/portaltela.pt\/s.01k8rhncp4jt1\/2025\/11\/talking-bot-125x125.png\",\"contentUrl\":\"https:\/\/portaltela.pt\/s.01k8rhncp4jt1\/2025\/11\/talking-bot-125x125.png\",\"caption\":\"Telinha\"},\"sameAs\":[\"https:\/\/portaltela.pt\/\"],\"url\":\"https:\/\/portaltela.pt\/por\/367410592786\/\"}]}<\/script>\n<!-- \/ Yoast SEO plugin. -->","yoast_head_json":{"title":"Dengue: mortes sobem para sete - Portal Tela Portugal","robots":{"index":"index","follow":"follow","max-snippet":"max-snippet:-1","max-image-preview":"max-image-preview:large","max-video-preview":"max-video-preview:-1"},"og_locale":"pt_PT","og_type":"article","og_title":"Dengue: mortes sobem para sete - Portal Tela Portugal","og_description":"Timor-Leste regista sete mortes por dengue desde o in\u00edcio do ano, segundo o diretor do Hospital Nacional Guido Valadares, Vidal de Jesus Lopes. No mesmo hospital, s\u00e3o registados mais de quatrocentos casos at\u00e9 esta quinta-feira. Dados do Minist\u00e9rio da Sa\u00fade indicam que o total de casos desde o in\u00edcio do ano j\u00e1 ultrapassa mil e trezentos. Os servi\u00e7os de sa\u00fade dos munic\u00edpios de D\u00edli, Aileu, Laut\u00e9m, Baucau, Manatuto e Bobonaro est\u00e3o a promover educa\u00e7\u00e3o e preven\u00e7\u00e3o, bem como a\u00e7\u00f5es de fumiga\u00e7\u00e3o nas resid\u00eancias. A Comiss\u00e3o F do Parlamento Nacional visitou o hospital para avaliar a situa\u00e7\u00e3o e solicitou ao Governo melhoria dos equipamentos m\u00e9dicos.","og_url":"https:\/\/portaltela.pt\/noticias\/2026\/02\/05\/dengue-mortes-sobem-para-sete\/","og_site_name":"Portal Tela Portugal","article_published_time":"2026-02-05T13:02:25+00:00","author":"Telinha","twitter_card":"summary_large_image","twitter_misc":{"Escrito por":"Telinha","Tempo estimado de leitura":"1 minuto"},"schema":{"@context":"https:\/\/schema.org","@graph":[{"@type":"Article","@id":"https:\/\/portaltela.pt\/noticias\/2026\/02\/05\/dengue-mortes-sobem-para-sete\/#article","isPartOf":{"@id":"https:\/\/portaltela.pt\/noticias\/2026\/02\/05\/dengue-mortes-sobem-para-sete\/"},"author":{"name":"Telinha","@id":"https:\/\/portaltela.pt\/#\/schema\/person\/c4278d4a6028830caff9ee44b42d32ed"},"headline":"Dengue: mortes sobem para sete","datePublished":"2026-02-05T13:02:25+00:00","mainEntityOfPage":{"@id":"https:\/\/portaltela.pt\/noticias\/2026\/02\/05\/dengue-mortes-sobem-para-sete\/"},"wordCount":237,"image":{"@id":"https:\/\/portaltela.pt\/noticias\/2026\/02\/05\/dengue-mortes-sobem-para-sete\/#primaryimage"},"thumbnailUrl":"https:\/\/portaltela.pt\/s.01k8rhncp4jt1\/2026\/02\/unnamed-file-1609.jpg","keywords":["comunidade","D\u00edli","educa\u00e7\u00e3o","hospital","sa\u00fade p\u00fablica","Timor-Leste"],"articleSection":["Not\u00edcias"],"inLanguage":"pt-PT"},{"@type":"WebPage","@id":"https:\/\/portaltela.pt\/noticias\/2026\/02\/05\/dengue-mortes-sobem-para-sete\/","url":"https:\/\/portaltela.pt\/noticias\/2026\/02\/05\/dengue-mortes-sobem-para-sete\/","name":"Dengue: mortes sobem para sete - Portal Tela Portugal","isPartOf":{"@id":"https:\/\/portaltela.pt\/#website"},"primaryImageOfPage":{"@id":"https:\/\/portaltela.pt\/noticias\/2026\/02\/05\/dengue-mortes-sobem-para-sete\/#primaryimage"},"image":{"@id":"https:\/\/portaltela.pt\/noticias\/2026\/02\/05\/dengue-mortes-sobem-para-sete\/#primaryimage"},"thumbnailUrl":"https:\/\/portaltela.pt\/s.01k8rhncp4jt1\/2026\/02\/unnamed-file-1609.jpg","datePublished":"2026-02-05T13:02:25+00:00","author":{"@id":"https:\/\/portaltela.pt\/#\/schema\/person\/c4278d4a6028830caff9ee44b42d32ed"},"breadcrumb":{"@id":"https:\/\/portaltela.pt\/noticias\/2026\/02\/05\/dengue-mortes-sobem-para-sete\/#breadcrumb"},"inLanguage":"pt-PT","potentialAction":[{"@type":"ReadAction","target":["https:\/\/portaltela.pt\/noticias\/2026\/02\/05\/dengue-mortes-sobem-para-sete\/"]}]},{"@type":"ImageObject","inLanguage":"pt-PT","@id":"https:\/\/portaltela.pt\/noticias\/2026\/02\/05\/dengue-mortes-sobem-para-sete\/#primaryimage","url":"https:\/\/portaltela.pt\/s.01k8rhncp4jt1\/2026\/02\/unnamed-file-1609.jpg","contentUrl":"https:\/\/portaltela.pt\/s.01k8rhncp4jt1\/2026\/02\/unnamed-file-1609.jpg","width":796,"height":448,"caption":"Dados do Minist\u00e9rio da Sa\u00fade indicam que o n\u00famero total de casos de dengue registados desde o in\u00edcio do ano j\u00e1 ultrapassa 1.300"},{"@type":"BreadcrumbList","@id":"https:\/\/portaltela.pt\/noticias\/2026\/02\/05\/dengue-mortes-sobem-para-sete\/#breadcrumb","itemListElement":[{"@type":"ListItem","position":1,"name":"In\u00edcio","item":"https:\/\/portaltela.pt\/"},{"@type":"ListItem","position":2,"name":"Dengue: mortes sobem para sete"}]},{"@type":"WebSite","@id":"https:\/\/portaltela.pt\/#website","url":"https:\/\/portaltela.pt\/","name":"Portal Tela Portugal","description":"","potentialAction":[{"@type":"SearchAction","target":{"@type":"EntryPoint","urlTemplate":"https:\/\/portaltela.pt\/?s={search_term_string}"},"query-input":{"@type":"PropertyValueSpecification","valueRequired":true,"valueName":"search_term_string"}}],"inLanguage":"pt-PT"},{"@type":"Person","@id":"https:\/\/portaltela.pt\/#\/schema\/person\/c4278d4a6028830caff9ee44b42d32ed","name":"Telinha","image":{"@type":"ImageObject","inLanguage":"pt-PT","@id":"https:\/\/portaltela.pt\/s.01k8rhncp4jt1\/2025\/11\/talking-bot-125x125.png","url":"https:\/\/portaltela.pt\/s.01k8rhncp4jt1\/2025\/11\/talking-bot-125x125.png","contentUrl":"https:\/\/portaltela.pt\/s.01k8rhncp4jt1\/2025\/11\/talking-bot-125x125.png","caption":"Telinha"},"sameAs":["https:\/\/portaltela.pt\/"],"url":"https:\/\/portaltela.pt\/por\/367410592786\/"}]}},"_links":{"self":[{"href":"https:\/\/portaltela.pt\/api\/wp\/v2\/posts\/199825","targetHints":{"allow":["GET"]}}],"collection":[{"href":"https:\/\/portaltela.pt\/api\/wp\/v2\/posts"}],"about":[{"href":"https:\/\/portaltela.pt\/api\/wp\/v2\/types\/post"}],"author":[{"embeddable":true,"href":"https:\/\/portaltela.pt\/api\/wp\/v2\/users\/2"}],"replies":[{"embeddable":true,"href":"https:\/\/portaltela.pt\/api\/wp\/v2\/comments?post=199825"}],"version-history":[{"count":0,"href":"https:\/\/portaltela.pt\/api\/wp\/v2\/posts\/199825\/revisions"}],"wp:featuredmedia":[{"embeddable":true,"href":"https:\/\/portaltela.pt\/api\/wp\/v2\/media\/199833"}],"wp:attachment":[{"href":"https:\/\/portaltela.pt\/api\/wp\/v2\/media?parent=199825"}],"wp:term":[{"taxonomy":"category","embeddable":true,"href":"https:\/\/portaltela.pt\/api\/wp\/v2\/categories?post=199825"},{"taxonomy":"post_tag","embeddable":true,"href":"https:\/\/portaltela.pt\/api\/wp\/v2\/tags?post=199825"}],"curies":[{"name":"wp","href":"https:\/\/api.w.org\/{rel}","templated":true}]}}