{"id":199785,"date":"2026-02-05T09:57:30","date_gmt":"2026-02-05T12:57:30","guid":{"rendered":"https:\/\/portaltela.pt\/noticias\/2026\/02\/05\/federacao-de-estudantes-de-hong-kong-anuncia-dissolucao\/"},"modified":"2026-02-05T09:57:30","modified_gmt":"2026-02-05T12:57:30","slug":"federacao-de-estudantes-de-hong-kong-anuncia-dissolucao","status":"publish","type":"post","link":"https:\/\/portaltela.pt\/noticias\/2026\/02\/05\/federacao-de-estudantes-de-hong-kong-anuncia-dissolucao\/","title":{"rendered":"Federa\u00e7\u00e3o de estudantes de Hong Kong anuncia dissolu\u00e7\u00e3o"},"content":{"rendered":"<p>A Federa\u00e7\u00e3o de Estudantes de Hong Kong (HKFS) anunciou a dissolu\u00e7\u00e3o da organiza\u00e7\u00e3o, aos 68 anos de vida, devido \u00e0 press\u00e3o crescente que tem enfrentado. A decis\u00e3o foi tomada ap\u00f3s uma reuni\u00e3o do comit\u00e9 permanente realizada nesta quinta-feira, em Hong Kong. A HKFS justificou o encerramento das atividades pela evolu\u00e7\u00e3o das circunst\u00e2ncias.<\/p>\n<p>A federa\u00e7\u00e3o, fundada em 1958, agrega associa\u00e7\u00f5es de estudantes de institui\u00e7\u00f5es de ensino superior da regi\u00e3o administrativa chinesa e \u00e9 descrita como tendo uma hist\u00f3ria de ativismo em movimentos estudantis. Em comunicado publicado no Facebook, a HKFS afirma ter estado presente nos principais eventos pol\u00edticos e sociais do territ\u00f3rio ao longo de quase sete d\u00e9cadas.<\/p>\n<p>O l\u00edder da HKFS, Isaac Lai, disse ao Hong Kong Free Press que muitos grupos estudantis t\u00eam optado pela dissolu\u00e7\u00e3o recentemente e que a organiza\u00e7\u00e3o n\u00e3o v\u00ea outras op\u00e7\u00f5es diante da press\u00e3o vigente. Segundo a HKFS, a dissolu\u00e7\u00e3o \u00e9 o \u00fanico caminho poss\u00edvel perante os constrangimentos atuais.<\/p>\n<h3>Contexto internacional e direitos humanos<\/h3>\n<p>A decis\u00e3o ocorre num contexto de cr\u00edticas internacionais sobre retrocesso das liberdades em Hong Kong desde a entrada em vigor da lei de seguran\u00e7a nacional em 2020. Pequim e Hong Kong defendem que a lei restaurou a ordem ap\u00f3s grandes manifesta\u00e7\u00f5es de 2019.<\/p>\n<p>A Human Rights Watch (HRW) descreveu, num relat\u00f3rio recente, um desmantelamento do espa\u00e7o c\u00edvico desde 2020, apontando pris\u00f5es de opositores, encerramento de \u00f3rg\u00e3os de comunica\u00e7\u00e3o independentes e expuls\u00f5es de grupos da sociedade civil. A HRW sustenta que o territ\u00f3rio deixou de ser reconhec\u00edvel como uma sociedade livre cinco anos ap\u00f3s a implementa\u00e7\u00e3o da lei.<\/p>\n","protected":false},"excerpt":{"rendered":"<ul>\n<li>A Federa\u00e7\u00e3o de Estudantes de Hong Kong (HKFS) anunciou a dissolu\u00e7\u00e3o da organiza\u00e7\u00e3o, ap\u00f3s 68 anos de atua\u00e7\u00e3o, alegando press\u00e3o crescente.<\/li>\n<li>A HKFS foi fundada em 1958 e reunia associa\u00e7\u00f5es de estudantes de institui\u00e7\u00f5es de ensino superior da regi\u00e3o, com \u201cuma longa hist\u00f3ria de ativismo\u201d em movimentos estudantis.<\/li>\n<li>Em declara\u00e7\u00e3o publicada no Facebook, a federa\u00e7\u00e3o informou ter decidido encerrar as atividades, ap\u00f3s uma reuni\u00e3o do comit\u00e9 permanente aprovar o in\u00edcio do processo de dissolu\u00e7\u00e3o.<\/li>\n<li>O l\u00edder Isaac Lai disse ao Hong Kong Free Press que muitos grupos estudantis j\u00e1 optaram pela dissolu\u00e7\u00e3o recentemente e que n\u00e3o havia outra solu\u00e7\u00e3o.<\/li>\n<li>Relatos de organiza\u00e7\u00f5es de direitos humanos apontam para o enfraquecimento das liberdades em Hong Kong desde a imposi\u00e7\u00e3o da lei de seguran\u00e7a nacional em 2020, o que, segundo a HRW, molda o desmantelamento do espa\u00e7o c\u00edvico e o princ\u00edpio \u201cum pa\u00eds, dois sistemas\u201d.<\/li>\n<\/ul>\n","protected":false},"author":2,"featured_media":199804,"comment_status":"closed","ping_status":"closed","sticky":false,"template":"","format":"standard","meta":{"footnotes":""},"categories":[1],"tags":[2633,2846,3788,2920,3512,4343],"class_list":["post-199785","post","type-post","status-publish","format-standard","has-post-thumbnail","hentry","category-noticias","tag-direitos-humanos","tag-human-rights-watch","tag-lei-de-seguranca-nacional","tag-liberdade-de-expressao","tag-liberdade-de-imprensa","tag-prisoes"],"yoast_head":"<!-- This site is optimized with the Yoast SEO plugin v27.2 - https:\/\/yoast.com\/product\/yoast-seo-wordpress\/ -->\n<title>Federa\u00e7\u00e3o de estudantes de Hong Kong anuncia dissolu\u00e7\u00e3o - Portal Tela Portugal<\/title>\n<meta name=\"robots\" content=\"index, follow, max-snippet:-1, max-image-preview:large, max-video-preview:-1\" \/>\n<meta property=\"og:locale\" content=\"pt_PT\" \/>\n<meta property=\"og:type\" content=\"article\" \/>\n<meta property=\"og:title\" content=\"Federa\u00e7\u00e3o de estudantes de Hong Kong anuncia dissolu\u00e7\u00e3o - Portal Tela Portugal\" \/>\n<meta property=\"og:description\" content=\"A Federa\u00e7\u00e3o de Estudantes de Hong Kong (HKFS) anunciou a dissolu\u00e7\u00e3o da organiza\u00e7\u00e3o, ap\u00f3s 68 anos de atua\u00e7\u00e3o, alegando press\u00e3o crescente. A HKFS foi fundada em 1958 e reunia associa\u00e7\u00f5es de estudantes de institui\u00e7\u00f5es de ensino superior da regi\u00e3o, com \u201cuma longa hist\u00f3ria de ativismo\u201d em movimentos estudantis. Em declara\u00e7\u00e3o publicada no Facebook, a federa\u00e7\u00e3o informou ter decidido encerrar as atividades, ap\u00f3s uma reuni\u00e3o do comit\u00e9 permanente aprovar o in\u00edcio do processo de dissolu\u00e7\u00e3o. O l\u00edder Isaac Lai disse ao Hong Kong Free Press que muitos grupos estudantis j\u00e1 optaram pela dissolu\u00e7\u00e3o recentemente e que n\u00e3o havia outra solu\u00e7\u00e3o. Relatos de organiza\u00e7\u00f5es de direitos humanos apontam para o enfraquecimento das liberdades em Hong Kong desde a imposi\u00e7\u00e3o da lei de seguran\u00e7a nacional em 2020, o que, segundo a HRW, molda o desmantelamento do espa\u00e7o c\u00edvico e o princ\u00edpio \u201cum pa\u00eds, dois sistemas\u201d.\" \/>\n<meta property=\"og:url\" content=\"https:\/\/portaltela.pt\/noticias\/2026\/02\/05\/federacao-de-estudantes-de-hong-kong-anuncia-dissolucao\/\" \/>\n<meta property=\"og:site_name\" content=\"Portal Tela Portugal\" \/>\n<meta property=\"article:published_time\" content=\"2026-02-05T12:57:30+00:00\" \/>\n<meta name=\"author\" content=\"Telinha\" \/>\n<meta name=\"twitter:card\" content=\"summary_large_image\" \/>\n<meta name=\"twitter:label1\" content=\"Escrito por\" \/>\n\t<meta name=\"twitter:data1\" content=\"Telinha\" \/>\n\t<meta name=\"twitter:label2\" content=\"Tempo estimado de leitura\" \/>\n\t<meta name=\"twitter:data2\" content=\"1 minuto\" \/>\n<script type=\"application\/ld+json\" class=\"yoast-schema-graph\">{\"@context\":\"https:\/\/schema.org\",\"@graph\":[{\"@type\":\"Article\",\"@id\":\"https:\/\/portaltela.pt\/noticias\/2026\/02\/05\/federacao-de-estudantes-de-hong-kong-anuncia-dissolucao\/#article\",\"isPartOf\":{\"@id\":\"https:\/\/portaltela.pt\/noticias\/2026\/02\/05\/federacao-de-estudantes-de-hong-kong-anuncia-dissolucao\/\"},\"author\":{\"name\":\"Telinha\",\"@id\":\"https:\/\/portaltela.pt\/#\/schema\/person\/c4278d4a6028830caff9ee44b42d32ed\"},\"headline\":\"Federa\u00e7\u00e3o de estudantes de Hong Kong anuncia dissolu\u00e7\u00e3o\",\"datePublished\":\"2026-02-05T12:57:30+00:00\",\"mainEntityOfPage\":{\"@id\":\"https:\/\/portaltela.pt\/noticias\/2026\/02\/05\/federacao-de-estudantes-de-hong-kong-anuncia-dissolucao\/\"},\"wordCount\":300,\"image\":{\"@id\":\"https:\/\/portaltela.pt\/noticias\/2026\/02\/05\/federacao-de-estudantes-de-hong-kong-anuncia-dissolucao\/#primaryimage\"},\"thumbnailUrl\":\"https:\/\/portaltela.pt\/s.01k8rhncp4jt1\/2026\/02\/34508168.jpg\",\"keywords\":[\"direitos humanos\",\"Human Rights Watch\",\"Lei de Seguran\u00e7a Nacional\",\"liberdade de express\u00e3o\",\"liberdade de imprensa\",\"pris\u00f5es\"],\"articleSection\":[\"Not\u00edcias\"],\"inLanguage\":\"pt-PT\"},{\"@type\":\"WebPage\",\"@id\":\"https:\/\/portaltela.pt\/noticias\/2026\/02\/05\/federacao-de-estudantes-de-hong-kong-anuncia-dissolucao\/\",\"url\":\"https:\/\/portaltela.pt\/noticias\/2026\/02\/05\/federacao-de-estudantes-de-hong-kong-anuncia-dissolucao\/\",\"name\":\"Federa\u00e7\u00e3o de estudantes de Hong Kong anuncia dissolu\u00e7\u00e3o - Portal Tela Portugal\",\"isPartOf\":{\"@id\":\"https:\/\/portaltela.pt\/#website\"},\"primaryImageOfPage\":{\"@id\":\"https:\/\/portaltela.pt\/noticias\/2026\/02\/05\/federacao-de-estudantes-de-hong-kong-anuncia-dissolucao\/#primaryimage\"},\"image\":{\"@id\":\"https:\/\/portaltela.pt\/noticias\/2026\/02\/05\/federacao-de-estudantes-de-hong-kong-anuncia-dissolucao\/#primaryimage\"},\"thumbnailUrl\":\"https:\/\/portaltela.pt\/s.01k8rhncp4jt1\/2026\/02\/34508168.jpg\",\"datePublished\":\"2026-02-05T12:57:30+00:00\",\"author\":{\"@id\":\"https:\/\/portaltela.pt\/#\/schema\/person\/c4278d4a6028830caff9ee44b42d32ed\"},\"breadcrumb\":{\"@id\":\"https:\/\/portaltela.pt\/noticias\/2026\/02\/05\/federacao-de-estudantes-de-hong-kong-anuncia-dissolucao\/#breadcrumb\"},\"inLanguage\":\"pt-PT\",\"potentialAction\":[{\"@type\":\"ReadAction\",\"target\":[\"https:\/\/portaltela.pt\/noticias\/2026\/02\/05\/federacao-de-estudantes-de-hong-kong-anuncia-dissolucao\/\"]}]},{\"@type\":\"ImageObject\",\"inLanguage\":\"pt-PT\",\"@id\":\"https:\/\/portaltela.pt\/noticias\/2026\/02\/05\/federacao-de-estudantes-de-hong-kong-anuncia-dissolucao\/#primaryimage\",\"url\":\"https:\/\/portaltela.pt\/s.01k8rhncp4jt1\/2026\/02\/34508168.jpg\",\"contentUrl\":\"https:\/\/portaltela.pt\/s.01k8rhncp4jt1\/2026\/02\/34508168.jpg\",\"width\":796,\"height\":448,\"caption\":\"Na declara\u00e7\u00e3o, dirigida aos cidad\u00e3os de Hong Kong, a federa\u00e7\u00e3o estudantil indica que realizou esta quinta-feira uma reuni\u00e3o do comit\u00e9 permanente, aprovando o in\u00edcio do processo de dissolu\u00e7\u00e3o\"},{\"@type\":\"BreadcrumbList\",\"@id\":\"https:\/\/portaltela.pt\/noticias\/2026\/02\/05\/federacao-de-estudantes-de-hong-kong-anuncia-dissolucao\/#breadcrumb\",\"itemListElement\":[{\"@type\":\"ListItem\",\"position\":1,\"name\":\"In\u00edcio\",\"item\":\"https:\/\/portaltela.pt\/\"},{\"@type\":\"ListItem\",\"position\":2,\"name\":\"Federa\u00e7\u00e3o de estudantes de Hong Kong anuncia dissolu\u00e7\u00e3o\"}]},{\"@type\":\"WebSite\",\"@id\":\"https:\/\/portaltela.pt\/#website\",\"url\":\"https:\/\/portaltela.pt\/\",\"name\":\"Portal Tela Portugal\",\"description\":\"\",\"potentialAction\":[{\"@type\":\"SearchAction\",\"target\":{\"@type\":\"EntryPoint\",\"urlTemplate\":\"https:\/\/portaltela.pt\/?s={search_term_string}\"},\"query-input\":{\"@type\":\"PropertyValueSpecification\",\"valueRequired\":true,\"valueName\":\"search_term_string\"}}],\"inLanguage\":\"pt-PT\"},{\"@type\":\"Person\",\"@id\":\"https:\/\/portaltela.pt\/#\/schema\/person\/c4278d4a6028830caff9ee44b42d32ed\",\"name\":\"Telinha\",\"image\":{\"@type\":\"ImageObject\",\"inLanguage\":\"pt-PT\",\"@id\":\"https:\/\/portaltela.pt\/s.01k8rhncp4jt1\/2025\/11\/talking-bot-125x125.png\",\"url\":\"https:\/\/portaltela.pt\/s.01k8rhncp4jt1\/2025\/11\/talking-bot-125x125.png\",\"contentUrl\":\"https:\/\/portaltela.pt\/s.01k8rhncp4jt1\/2025\/11\/talking-bot-125x125.png\",\"caption\":\"Telinha\"},\"sameAs\":[\"https:\/\/portaltela.pt\/\"],\"url\":\"https:\/\/portaltela.pt\/por\/367410592786\/\"}]}<\/script>\n<!-- \/ Yoast SEO plugin. -->","yoast_head_json":{"title":"Federa\u00e7\u00e3o de estudantes de Hong Kong anuncia dissolu\u00e7\u00e3o - Portal Tela Portugal","robots":{"index":"index","follow":"follow","max-snippet":"max-snippet:-1","max-image-preview":"max-image-preview:large","max-video-preview":"max-video-preview:-1"},"og_locale":"pt_PT","og_type":"article","og_title":"Federa\u00e7\u00e3o de estudantes de Hong Kong anuncia dissolu\u00e7\u00e3o - Portal Tela Portugal","og_description":"A Federa\u00e7\u00e3o de Estudantes de Hong Kong (HKFS) anunciou a dissolu\u00e7\u00e3o da organiza\u00e7\u00e3o, ap\u00f3s 68 anos de atua\u00e7\u00e3o, alegando press\u00e3o crescente. A HKFS foi fundada em 1958 e reunia associa\u00e7\u00f5es de estudantes de institui\u00e7\u00f5es de ensino superior da regi\u00e3o, com \u201cuma longa hist\u00f3ria de ativismo\u201d em movimentos estudantis. Em declara\u00e7\u00e3o publicada no Facebook, a federa\u00e7\u00e3o informou ter decidido encerrar as atividades, ap\u00f3s uma reuni\u00e3o do comit\u00e9 permanente aprovar o in\u00edcio do processo de dissolu\u00e7\u00e3o. O l\u00edder Isaac Lai disse ao Hong Kong Free Press que muitos grupos estudantis j\u00e1 optaram pela dissolu\u00e7\u00e3o recentemente e que n\u00e3o havia outra solu\u00e7\u00e3o. Relatos de organiza\u00e7\u00f5es de direitos humanos apontam para o enfraquecimento das liberdades em Hong Kong desde a imposi\u00e7\u00e3o da lei de seguran\u00e7a nacional em 2020, o que, segundo a HRW, molda o desmantelamento do espa\u00e7o c\u00edvico e o princ\u00edpio \u201cum pa\u00eds, dois sistemas\u201d.","og_url":"https:\/\/portaltela.pt\/noticias\/2026\/02\/05\/federacao-de-estudantes-de-hong-kong-anuncia-dissolucao\/","og_site_name":"Portal Tela Portugal","article_published_time":"2026-02-05T12:57:30+00:00","author":"Telinha","twitter_card":"summary_large_image","twitter_misc":{"Escrito por":"Telinha","Tempo estimado de leitura":"1 minuto"},"schema":{"@context":"https:\/\/schema.org","@graph":[{"@type":"Article","@id":"https:\/\/portaltela.pt\/noticias\/2026\/02\/05\/federacao-de-estudantes-de-hong-kong-anuncia-dissolucao\/#article","isPartOf":{"@id":"https:\/\/portaltela.pt\/noticias\/2026\/02\/05\/federacao-de-estudantes-de-hong-kong-anuncia-dissolucao\/"},"author":{"name":"Telinha","@id":"https:\/\/portaltela.pt\/#\/schema\/person\/c4278d4a6028830caff9ee44b42d32ed"},"headline":"Federa\u00e7\u00e3o de estudantes de Hong Kong anuncia dissolu\u00e7\u00e3o","datePublished":"2026-02-05T12:57:30+00:00","mainEntityOfPage":{"@id":"https:\/\/portaltela.pt\/noticias\/2026\/02\/05\/federacao-de-estudantes-de-hong-kong-anuncia-dissolucao\/"},"wordCount":300,"image":{"@id":"https:\/\/portaltela.pt\/noticias\/2026\/02\/05\/federacao-de-estudantes-de-hong-kong-anuncia-dissolucao\/#primaryimage"},"thumbnailUrl":"https:\/\/portaltela.pt\/s.01k8rhncp4jt1\/2026\/02\/34508168.jpg","keywords":["direitos humanos","Human Rights Watch","Lei de Seguran\u00e7a Nacional","liberdade de express\u00e3o","liberdade de imprensa","pris\u00f5es"],"articleSection":["Not\u00edcias"],"inLanguage":"pt-PT"},{"@type":"WebPage","@id":"https:\/\/portaltela.pt\/noticias\/2026\/02\/05\/federacao-de-estudantes-de-hong-kong-anuncia-dissolucao\/","url":"https:\/\/portaltela.pt\/noticias\/2026\/02\/05\/federacao-de-estudantes-de-hong-kong-anuncia-dissolucao\/","name":"Federa\u00e7\u00e3o de estudantes de Hong Kong anuncia dissolu\u00e7\u00e3o - Portal Tela Portugal","isPartOf":{"@id":"https:\/\/portaltela.pt\/#website"},"primaryImageOfPage":{"@id":"https:\/\/portaltela.pt\/noticias\/2026\/02\/05\/federacao-de-estudantes-de-hong-kong-anuncia-dissolucao\/#primaryimage"},"image":{"@id":"https:\/\/portaltela.pt\/noticias\/2026\/02\/05\/federacao-de-estudantes-de-hong-kong-anuncia-dissolucao\/#primaryimage"},"thumbnailUrl":"https:\/\/portaltela.pt\/s.01k8rhncp4jt1\/2026\/02\/34508168.jpg","datePublished":"2026-02-05T12:57:30+00:00","author":{"@id":"https:\/\/portaltela.pt\/#\/schema\/person\/c4278d4a6028830caff9ee44b42d32ed"},"breadcrumb":{"@id":"https:\/\/portaltela.pt\/noticias\/2026\/02\/05\/federacao-de-estudantes-de-hong-kong-anuncia-dissolucao\/#breadcrumb"},"inLanguage":"pt-PT","potentialAction":[{"@type":"ReadAction","target":["https:\/\/portaltela.pt\/noticias\/2026\/02\/05\/federacao-de-estudantes-de-hong-kong-anuncia-dissolucao\/"]}]},{"@type":"ImageObject","inLanguage":"pt-PT","@id":"https:\/\/portaltela.pt\/noticias\/2026\/02\/05\/federacao-de-estudantes-de-hong-kong-anuncia-dissolucao\/#primaryimage","url":"https:\/\/portaltela.pt\/s.01k8rhncp4jt1\/2026\/02\/34508168.jpg","contentUrl":"https:\/\/portaltela.pt\/s.01k8rhncp4jt1\/2026\/02\/34508168.jpg","width":796,"height":448,"caption":"Na declara\u00e7\u00e3o, dirigida aos cidad\u00e3os de Hong Kong, a federa\u00e7\u00e3o estudantil indica que realizou esta quinta-feira uma reuni\u00e3o do comit\u00e9 permanente, aprovando o in\u00edcio do processo de dissolu\u00e7\u00e3o"},{"@type":"BreadcrumbList","@id":"https:\/\/portaltela.pt\/noticias\/2026\/02\/05\/federacao-de-estudantes-de-hong-kong-anuncia-dissolucao\/#breadcrumb","itemListElement":[{"@type":"ListItem","position":1,"name":"In\u00edcio","item":"https:\/\/portaltela.pt\/"},{"@type":"ListItem","position":2,"name":"Federa\u00e7\u00e3o de estudantes de Hong Kong anuncia dissolu\u00e7\u00e3o"}]},{"@type":"WebSite","@id":"https:\/\/portaltela.pt\/#website","url":"https:\/\/portaltela.pt\/","name":"Portal Tela Portugal","description":"","potentialAction":[{"@type":"SearchAction","target":{"@type":"EntryPoint","urlTemplate":"https:\/\/portaltela.pt\/?s={search_term_string}"},"query-input":{"@type":"PropertyValueSpecification","valueRequired":true,"valueName":"search_term_string"}}],"inLanguage":"pt-PT"},{"@type":"Person","@id":"https:\/\/portaltela.pt\/#\/schema\/person\/c4278d4a6028830caff9ee44b42d32ed","name":"Telinha","image":{"@type":"ImageObject","inLanguage":"pt-PT","@id":"https:\/\/portaltela.pt\/s.01k8rhncp4jt1\/2025\/11\/talking-bot-125x125.png","url":"https:\/\/portaltela.pt\/s.01k8rhncp4jt1\/2025\/11\/talking-bot-125x125.png","contentUrl":"https:\/\/portaltela.pt\/s.01k8rhncp4jt1\/2025\/11\/talking-bot-125x125.png","caption":"Telinha"},"sameAs":["https:\/\/portaltela.pt\/"],"url":"https:\/\/portaltela.pt\/por\/367410592786\/"}]}},"_links":{"self":[{"href":"https:\/\/portaltela.pt\/api\/wp\/v2\/posts\/199785","targetHints":{"allow":["GET"]}}],"collection":[{"href":"https:\/\/portaltela.pt\/api\/wp\/v2\/posts"}],"about":[{"href":"https:\/\/portaltela.pt\/api\/wp\/v2\/types\/post"}],"author":[{"embeddable":true,"href":"https:\/\/portaltela.pt\/api\/wp\/v2\/users\/2"}],"replies":[{"embeddable":true,"href":"https:\/\/portaltela.pt\/api\/wp\/v2\/comments?post=199785"}],"version-history":[{"count":0,"href":"https:\/\/portaltela.pt\/api\/wp\/v2\/posts\/199785\/revisions"}],"wp:featuredmedia":[{"embeddable":true,"href":"https:\/\/portaltela.pt\/api\/wp\/v2\/media\/199804"}],"wp:attachment":[{"href":"https:\/\/portaltela.pt\/api\/wp\/v2\/media?parent=199785"}],"wp:term":[{"taxonomy":"category","embeddable":true,"href":"https:\/\/portaltela.pt\/api\/wp\/v2\/categories?post=199785"},{"taxonomy":"post_tag","embeddable":true,"href":"https:\/\/portaltela.pt\/api\/wp\/v2\/tags?post=199785"}],"curies":[{"name":"wp","href":"https:\/\/api.w.org\/{rel}","templated":true}]}}