{"id":199776,"date":"2026-02-05T09:57:10","date_gmt":"2026-02-05T12:57:10","guid":{"rendered":"https:\/\/portaltela.pt\/noticias\/2026\/02\/05\/anadia-celebra-protocolos-com-associacoes-e-junta-de-freguesia-4\/"},"modified":"2026-02-05T09:57:10","modified_gmt":"2026-02-05T12:57:10","slug":"anadia-celebra-protocolos-com-associacoes-e-junta-de-freguesia-4","status":"publish","type":"post","link":"https:\/\/portaltela.pt\/desporto\/2026\/02\/05\/anadia-celebra-protocolos-com-associacoes-e-junta-de-freguesia-4\/","title":{"rendered":"Anadia celebra protocolos com associa\u00e7\u00f5es e Junta de Freguesia"},"content":{"rendered":"<p>O Munic\u00edpio de Anadia formalizou na ter\u00e7a-feira, 3 de fevereiro, v\u00e1rios protocolos de apoio financeiro a associa\u00e7\u00f5es desportivas do concelho, e acordos de ced\u00eancia de espa\u00e7os com a Junta de Freguesia de S\u00e3o Louren\u00e7o do Bairro.<\/p>\n<p>A cerim\u00f3nia contou com o presidente da C\u00e2mara, Jorge Sampaio, e o vereador do Pelouro do Desporto, Jorge Almeida, que sublinharam a import\u00e2ncia do movimento associativo para promover a pr\u00e1tica desportiva junto da comunidade.<\/p>\n<p>No \u00e2mbito do Programa de Desenvolvimento Desportivo, foram assinados protocolos com a Casa do Benfica na Bairrada e com o Clube HM Training Group de Sangalhos.<\/p>\n<p>Foram ainda acordados com o Grupo Columb\u00f3filo da Bairrada, o Centro Cultural e Recreativo do Outeiro de Baixo e a Associa\u00e7\u00e3o Recreativa Aguinense, num total de 10.500 euros.<\/p>\n<p>Relativamente \u00e0 Junta de Freguesia de S\u00e3o Louren\u00e7o do Bairro, os acordos prev\u00eaem a ced\u00eancia de espa\u00e7os, incluindo o Estaleiro \u00e0 Junta de Freguesia e o Jardim de Inf\u00e2ncia da Pedralva \u00e0 Associa\u00e7\u00e3o de Melhoramentos da Pedralva.<\/p>\n","protected":false},"excerpt":{"rendered":"<ul>\n<li>O munic\u00edpio de Anadia formalizou, a 3 de fevereiro, protocolos de apoio financeiro com associa\u00e7\u00f5es desportivas do concelho, no \u00e2mbito do Programa de Desenvolvimento Desportivo, totalizando 10.500 euros.<\/li>\n<li>As entidades abrangidas s\u00e3o a Casa do Benfica na Bairrada, o Clube de Atletismo HM Training Group de Sangalhos, o Grupo Columb\u00f3filo da Bairrada, o Centro Cultural e Recreativo do Outeiro de Baixo e a Associa\u00e7\u00e3o Recreativa Aguinense.<\/li>\n<li>Foram tamb\u00e9m assinados acordos de ced\u00eancia de espa\u00e7os com a Junta de Freguesia de S\u00e3o Louren\u00e7o do Bairro, incluindo o Estaleiro \u00e0 Junta de Freguesia e o Jardim de Inf\u00e2ncia da Pedralva \u00e0 Associa\u00e7\u00e3o de Melhoramentos da Pedralva.<\/li>\n<li>A cerim\u00f3nia contou com a presen\u00e7a do presidente da C\u00e2mara, Jorge Sampaio, e do vereador do Pelouro do Desporto, Jorge Almeida.<\/li>\n<li>O presidente destacou a import\u00e2ncia do movimento associativo para promover a pr\u00e1tica desportiva na comunidade e reafirmou o compromisso de continuar a apoiar as coletividades locais.<\/li>\n<\/ul>\n","protected":false},"author":2,"featured_media":199789,"comment_status":"closed","ping_status":"closed","sticky":false,"template":"","format":"standard","meta":{"footnotes":""},"categories":[21],"tags":[1504,679,2522,152,2584,5293],"class_list":["post-199776","post","type-post","status-publish","format-standard","has-post-thumbnail","hentry","category-desporto","tag-anadia","tag-associacoes","tag-bairrada","tag-desporto","tag-financas","tag-junta-de-freguesia"],"yoast_head":"<!-- This site is optimized with the Yoast SEO plugin v27.2 - https:\/\/yoast.com\/product\/yoast-seo-wordpress\/ -->\n<title>Anadia celebra protocolos com associa\u00e7\u00f5es e Junta de Freguesia - Portal Tela Portugal<\/title>\n<meta name=\"robots\" content=\"index, follow, max-snippet:-1, max-image-preview:large, max-video-preview:-1\" \/>\n<meta property=\"og:locale\" content=\"pt_PT\" \/>\n<meta property=\"og:type\" content=\"article\" \/>\n<meta property=\"og:title\" content=\"Anadia celebra protocolos com associa\u00e7\u00f5es e Junta de Freguesia - Portal Tela Portugal\" \/>\n<meta property=\"og:description\" content=\"O munic\u00edpio de Anadia formalizou, a 3 de fevereiro, protocolos de apoio financeiro com associa\u00e7\u00f5es desportivas do concelho, no \u00e2mbito do Programa de Desenvolvimento Desportivo, totalizando 10.500 euros. As entidades abrangidas s\u00e3o a Casa do Benfica na Bairrada, o Clube de Atletismo HM Training Group de Sangalhos, o Grupo Columb\u00f3filo da Bairrada, o Centro Cultural e Recreativo do Outeiro de Baixo e a Associa\u00e7\u00e3o Recreativa Aguinense. Foram tamb\u00e9m assinados acordos de ced\u00eancia de espa\u00e7os com a Junta de Freguesia de S\u00e3o Louren\u00e7o do Bairro, incluindo o Estaleiro \u00e0 Junta de Freguesia e o Jardim de Inf\u00e2ncia da Pedralva \u00e0 Associa\u00e7\u00e3o de Melhoramentos da Pedralva. A cerim\u00f3nia contou com a presen\u00e7a do presidente da C\u00e2mara, Jorge Sampaio, e do vereador do Pelouro do Desporto, Jorge Almeida. O presidente destacou a import\u00e2ncia do movimento associativo para promover a pr\u00e1tica desportiva na comunidade e reafirmou o compromisso de continuar a apoiar as coletividades locais.\" \/>\n<meta property=\"og:url\" content=\"https:\/\/portaltela.pt\/noticias\/2026\/02\/05\/anadia-celebra-protocolos-com-associacoes-e-junta-de-freguesia-4\/\" \/>\n<meta property=\"og:site_name\" content=\"Portal Tela Portugal\" \/>\n<meta property=\"article:published_time\" content=\"2026-02-05T12:57:10+00:00\" \/>\n<meta name=\"author\" content=\"Telinha\" \/>\n<meta name=\"twitter:card\" content=\"summary_large_image\" \/>\n<meta name=\"twitter:label1\" content=\"Escrito por\" \/>\n\t<meta name=\"twitter:data1\" content=\"Telinha\" \/>\n\t<meta name=\"twitter:label2\" content=\"Tempo estimado de leitura\" \/>\n\t<meta name=\"twitter:data2\" content=\"1 minuto\" \/>\n<script type=\"application\/ld+json\" class=\"yoast-schema-graph\">{\"@context\":\"https:\/\/schema.org\",\"@graph\":[{\"@type\":\"Article\",\"@id\":\"https:\/\/portaltela.pt\/noticias\/2026\/02\/05\/anadia-celebra-protocolos-com-associacoes-e-junta-de-freguesia-4\/#article\",\"isPartOf\":{\"@id\":\"https:\/\/portaltela.pt\/noticias\/2026\/02\/05\/anadia-celebra-protocolos-com-associacoes-e-junta-de-freguesia-4\/\"},\"author\":{\"name\":\"Telinha\",\"@id\":\"https:\/\/portaltela.pt\/#\/schema\/person\/c4278d4a6028830caff9ee44b42d32ed\"},\"headline\":\"Anadia celebra protocolos com associa\u00e7\u00f5es e Junta de Freguesia\",\"datePublished\":\"2026-02-05T12:57:10+00:00\",\"mainEntityOfPage\":{\"@id\":\"https:\/\/portaltela.pt\/noticias\/2026\/02\/05\/anadia-celebra-protocolos-com-associacoes-e-junta-de-freguesia-4\/\"},\"wordCount\":187,\"image\":{\"@id\":\"https:\/\/portaltela.pt\/noticias\/2026\/02\/05\/anadia-celebra-protocolos-com-associacoes-e-junta-de-freguesia-4\/#primaryimage\"},\"thumbnailUrl\":\"https:\/\/portaltela.pt\/s.01k8rhncp4jt1\/2026\/02\/assinatura-protocolos-03-fevereiro-2026-1.jpg\",\"keywords\":[\"Anadia\",\"associa\u00e7\u00f5es\",\"Bairrada\",\"desporto\",\"finan\u00e7as\",\"Junta de Freguesia\"],\"articleSection\":[\"Desporto\"],\"inLanguage\":\"pt-PT\"},{\"@type\":\"WebPage\",\"@id\":\"https:\/\/portaltela.pt\/noticias\/2026\/02\/05\/anadia-celebra-protocolos-com-associacoes-e-junta-de-freguesia-4\/\",\"url\":\"https:\/\/portaltela.pt\/noticias\/2026\/02\/05\/anadia-celebra-protocolos-com-associacoes-e-junta-de-freguesia-4\/\",\"name\":\"Anadia celebra protocolos com associa\u00e7\u00f5es e Junta de Freguesia - Portal Tela Portugal\",\"isPartOf\":{\"@id\":\"https:\/\/portaltela.pt\/#website\"},\"primaryImageOfPage\":{\"@id\":\"https:\/\/portaltela.pt\/noticias\/2026\/02\/05\/anadia-celebra-protocolos-com-associacoes-e-junta-de-freguesia-4\/#primaryimage\"},\"image\":{\"@id\":\"https:\/\/portaltela.pt\/noticias\/2026\/02\/05\/anadia-celebra-protocolos-com-associacoes-e-junta-de-freguesia-4\/#primaryimage\"},\"thumbnailUrl\":\"https:\/\/portaltela.pt\/s.01k8rhncp4jt1\/2026\/02\/assinatura-protocolos-03-fevereiro-2026-1.jpg\",\"datePublished\":\"2026-02-05T12:57:10+00:00\",\"author\":{\"@id\":\"https:\/\/portaltela.pt\/#\/schema\/person\/c4278d4a6028830caff9ee44b42d32ed\"},\"breadcrumb\":{\"@id\":\"https:\/\/portaltela.pt\/noticias\/2026\/02\/05\/anadia-celebra-protocolos-com-associacoes-e-junta-de-freguesia-4\/#breadcrumb\"},\"inLanguage\":\"pt-PT\",\"potentialAction\":[{\"@type\":\"ReadAction\",\"target\":[\"https:\/\/portaltela.pt\/noticias\/2026\/02\/05\/anadia-celebra-protocolos-com-associacoes-e-junta-de-freguesia-4\/\"]}]},{\"@type\":\"ImageObject\",\"inLanguage\":\"pt-PT\",\"@id\":\"https:\/\/portaltela.pt\/noticias\/2026\/02\/05\/anadia-celebra-protocolos-com-associacoes-e-junta-de-freguesia-4\/#primaryimage\",\"url\":\"https:\/\/portaltela.pt\/s.01k8rhncp4jt1\/2026\/02\/assinatura-protocolos-03-fevereiro-2026-1.jpg\",\"contentUrl\":\"https:\/\/portaltela.pt\/s.01k8rhncp4jt1\/2026\/02\/assinatura-protocolos-03-fevereiro-2026-1.jpg\",\"width\":796,\"height\":448,\"caption\":\"Munic\u00edpio de Anadia celebra protocolos com associa\u00e7\u00f5es e Junta de Freguesia\"},{\"@type\":\"BreadcrumbList\",\"@id\":\"https:\/\/portaltela.pt\/noticias\/2026\/02\/05\/anadia-celebra-protocolos-com-associacoes-e-junta-de-freguesia-4\/#breadcrumb\",\"itemListElement\":[{\"@type\":\"ListItem\",\"position\":1,\"name\":\"In\u00edcio\",\"item\":\"https:\/\/portaltela.pt\/\"},{\"@type\":\"ListItem\",\"position\":2,\"name\":\"Anadia celebra protocolos com associa\u00e7\u00f5es e Junta de Freguesia\"}]},{\"@type\":\"WebSite\",\"@id\":\"https:\/\/portaltela.pt\/#website\",\"url\":\"https:\/\/portaltela.pt\/\",\"name\":\"Portal Tela Portugal\",\"description\":\"\",\"potentialAction\":[{\"@type\":\"SearchAction\",\"target\":{\"@type\":\"EntryPoint\",\"urlTemplate\":\"https:\/\/portaltela.pt\/?s={search_term_string}\"},\"query-input\":{\"@type\":\"PropertyValueSpecification\",\"valueRequired\":true,\"valueName\":\"search_term_string\"}}],\"inLanguage\":\"pt-PT\"},{\"@type\":\"Person\",\"@id\":\"https:\/\/portaltela.pt\/#\/schema\/person\/c4278d4a6028830caff9ee44b42d32ed\",\"name\":\"Telinha\",\"image\":{\"@type\":\"ImageObject\",\"inLanguage\":\"pt-PT\",\"@id\":\"https:\/\/portaltela.pt\/s.01k8rhncp4jt1\/2025\/11\/talking-bot-125x125.png\",\"url\":\"https:\/\/portaltela.pt\/s.01k8rhncp4jt1\/2025\/11\/talking-bot-125x125.png\",\"contentUrl\":\"https:\/\/portaltela.pt\/s.01k8rhncp4jt1\/2025\/11\/talking-bot-125x125.png\",\"caption\":\"Telinha\"},\"sameAs\":[\"https:\/\/portaltela.pt\/\"],\"url\":\"https:\/\/portaltela.pt\/por\/367410592786\/\"}]}<\/script>\n<!-- \/ Yoast SEO plugin. -->","yoast_head_json":{"title":"Anadia celebra protocolos com associa\u00e7\u00f5es e Junta de Freguesia - Portal Tela Portugal","robots":{"index":"index","follow":"follow","max-snippet":"max-snippet:-1","max-image-preview":"max-image-preview:large","max-video-preview":"max-video-preview:-1"},"og_locale":"pt_PT","og_type":"article","og_title":"Anadia celebra protocolos com associa\u00e7\u00f5es e Junta de Freguesia - Portal Tela Portugal","og_description":"O munic\u00edpio de Anadia formalizou, a 3 de fevereiro, protocolos de apoio financeiro com associa\u00e7\u00f5es desportivas do concelho, no \u00e2mbito do Programa de Desenvolvimento Desportivo, totalizando 10.500 euros. As entidades abrangidas s\u00e3o a Casa do Benfica na Bairrada, o Clube de Atletismo HM Training Group de Sangalhos, o Grupo Columb\u00f3filo da Bairrada, o Centro Cultural e Recreativo do Outeiro de Baixo e a Associa\u00e7\u00e3o Recreativa Aguinense. Foram tamb\u00e9m assinados acordos de ced\u00eancia de espa\u00e7os com a Junta de Freguesia de S\u00e3o Louren\u00e7o do Bairro, incluindo o Estaleiro \u00e0 Junta de Freguesia e o Jardim de Inf\u00e2ncia da Pedralva \u00e0 Associa\u00e7\u00e3o de Melhoramentos da Pedralva. A cerim\u00f3nia contou com a presen\u00e7a do presidente da C\u00e2mara, Jorge Sampaio, e do vereador do Pelouro do Desporto, Jorge Almeida. O presidente destacou a import\u00e2ncia do movimento associativo para promover a pr\u00e1tica desportiva na comunidade e reafirmou o compromisso de continuar a apoiar as coletividades locais.","og_url":"https:\/\/portaltela.pt\/noticias\/2026\/02\/05\/anadia-celebra-protocolos-com-associacoes-e-junta-de-freguesia-4\/","og_site_name":"Portal Tela Portugal","article_published_time":"2026-02-05T12:57:10+00:00","author":"Telinha","twitter_card":"summary_large_image","twitter_misc":{"Escrito por":"Telinha","Tempo estimado de leitura":"1 minuto"},"schema":{"@context":"https:\/\/schema.org","@graph":[{"@type":"Article","@id":"https:\/\/portaltela.pt\/noticias\/2026\/02\/05\/anadia-celebra-protocolos-com-associacoes-e-junta-de-freguesia-4\/#article","isPartOf":{"@id":"https:\/\/portaltela.pt\/noticias\/2026\/02\/05\/anadia-celebra-protocolos-com-associacoes-e-junta-de-freguesia-4\/"},"author":{"name":"Telinha","@id":"https:\/\/portaltela.pt\/#\/schema\/person\/c4278d4a6028830caff9ee44b42d32ed"},"headline":"Anadia celebra protocolos com associa\u00e7\u00f5es e Junta de Freguesia","datePublished":"2026-02-05T12:57:10+00:00","mainEntityOfPage":{"@id":"https:\/\/portaltela.pt\/noticias\/2026\/02\/05\/anadia-celebra-protocolos-com-associacoes-e-junta-de-freguesia-4\/"},"wordCount":187,"image":{"@id":"https:\/\/portaltela.pt\/noticias\/2026\/02\/05\/anadia-celebra-protocolos-com-associacoes-e-junta-de-freguesia-4\/#primaryimage"},"thumbnailUrl":"https:\/\/portaltela.pt\/s.01k8rhncp4jt1\/2026\/02\/assinatura-protocolos-03-fevereiro-2026-1.jpg","keywords":["Anadia","associa\u00e7\u00f5es","Bairrada","desporto","finan\u00e7as","Junta de Freguesia"],"articleSection":["Desporto"],"inLanguage":"pt-PT"},{"@type":"WebPage","@id":"https:\/\/portaltela.pt\/noticias\/2026\/02\/05\/anadia-celebra-protocolos-com-associacoes-e-junta-de-freguesia-4\/","url":"https:\/\/portaltela.pt\/noticias\/2026\/02\/05\/anadia-celebra-protocolos-com-associacoes-e-junta-de-freguesia-4\/","name":"Anadia celebra protocolos com associa\u00e7\u00f5es e Junta de Freguesia - Portal Tela Portugal","isPartOf":{"@id":"https:\/\/portaltela.pt\/#website"},"primaryImageOfPage":{"@id":"https:\/\/portaltela.pt\/noticias\/2026\/02\/05\/anadia-celebra-protocolos-com-associacoes-e-junta-de-freguesia-4\/#primaryimage"},"image":{"@id":"https:\/\/portaltela.pt\/noticias\/2026\/02\/05\/anadia-celebra-protocolos-com-associacoes-e-junta-de-freguesia-4\/#primaryimage"},"thumbnailUrl":"https:\/\/portaltela.pt\/s.01k8rhncp4jt1\/2026\/02\/assinatura-protocolos-03-fevereiro-2026-1.jpg","datePublished":"2026-02-05T12:57:10+00:00","author":{"@id":"https:\/\/portaltela.pt\/#\/schema\/person\/c4278d4a6028830caff9ee44b42d32ed"},"breadcrumb":{"@id":"https:\/\/portaltela.pt\/noticias\/2026\/02\/05\/anadia-celebra-protocolos-com-associacoes-e-junta-de-freguesia-4\/#breadcrumb"},"inLanguage":"pt-PT","potentialAction":[{"@type":"ReadAction","target":["https:\/\/portaltela.pt\/noticias\/2026\/02\/05\/anadia-celebra-protocolos-com-associacoes-e-junta-de-freguesia-4\/"]}]},{"@type":"ImageObject","inLanguage":"pt-PT","@id":"https:\/\/portaltela.pt\/noticias\/2026\/02\/05\/anadia-celebra-protocolos-com-associacoes-e-junta-de-freguesia-4\/#primaryimage","url":"https:\/\/portaltela.pt\/s.01k8rhncp4jt1\/2026\/02\/assinatura-protocolos-03-fevereiro-2026-1.jpg","contentUrl":"https:\/\/portaltela.pt\/s.01k8rhncp4jt1\/2026\/02\/assinatura-protocolos-03-fevereiro-2026-1.jpg","width":796,"height":448,"caption":"Munic\u00edpio de Anadia celebra protocolos com associa\u00e7\u00f5es e Junta de Freguesia"},{"@type":"BreadcrumbList","@id":"https:\/\/portaltela.pt\/noticias\/2026\/02\/05\/anadia-celebra-protocolos-com-associacoes-e-junta-de-freguesia-4\/#breadcrumb","itemListElement":[{"@type":"ListItem","position":1,"name":"In\u00edcio","item":"https:\/\/portaltela.pt\/"},{"@type":"ListItem","position":2,"name":"Anadia celebra protocolos com associa\u00e7\u00f5es e Junta de Freguesia"}]},{"@type":"WebSite","@id":"https:\/\/portaltela.pt\/#website","url":"https:\/\/portaltela.pt\/","name":"Portal Tela Portugal","description":"","potentialAction":[{"@type":"SearchAction","target":{"@type":"EntryPoint","urlTemplate":"https:\/\/portaltela.pt\/?s={search_term_string}"},"query-input":{"@type":"PropertyValueSpecification","valueRequired":true,"valueName":"search_term_string"}}],"inLanguage":"pt-PT"},{"@type":"Person","@id":"https:\/\/portaltela.pt\/#\/schema\/person\/c4278d4a6028830caff9ee44b42d32ed","name":"Telinha","image":{"@type":"ImageObject","inLanguage":"pt-PT","@id":"https:\/\/portaltela.pt\/s.01k8rhncp4jt1\/2025\/11\/talking-bot-125x125.png","url":"https:\/\/portaltela.pt\/s.01k8rhncp4jt1\/2025\/11\/talking-bot-125x125.png","contentUrl":"https:\/\/portaltela.pt\/s.01k8rhncp4jt1\/2025\/11\/talking-bot-125x125.png","caption":"Telinha"},"sameAs":["https:\/\/portaltela.pt\/"],"url":"https:\/\/portaltela.pt\/por\/367410592786\/"}]}},"_links":{"self":[{"href":"https:\/\/portaltela.pt\/api\/wp\/v2\/posts\/199776","targetHints":{"allow":["GET"]}}],"collection":[{"href":"https:\/\/portaltela.pt\/api\/wp\/v2\/posts"}],"about":[{"href":"https:\/\/portaltela.pt\/api\/wp\/v2\/types\/post"}],"author":[{"embeddable":true,"href":"https:\/\/portaltela.pt\/api\/wp\/v2\/users\/2"}],"replies":[{"embeddable":true,"href":"https:\/\/portaltela.pt\/api\/wp\/v2\/comments?post=199776"}],"version-history":[{"count":0,"href":"https:\/\/portaltela.pt\/api\/wp\/v2\/posts\/199776\/revisions"}],"wp:featuredmedia":[{"embeddable":true,"href":"https:\/\/portaltela.pt\/api\/wp\/v2\/media\/199789"}],"wp:attachment":[{"href":"https:\/\/portaltela.pt\/api\/wp\/v2\/media?parent=199776"}],"wp:term":[{"taxonomy":"category","embeddable":true,"href":"https:\/\/portaltela.pt\/api\/wp\/v2\/categories?post=199776"},{"taxonomy":"post_tag","embeddable":true,"href":"https:\/\/portaltela.pt\/api\/wp\/v2\/tags?post=199776"}],"curies":[{"name":"wp","href":"https:\/\/api.w.org\/{rel}","templated":true}]}}