{"id":199769,"date":"2026-02-05T10:02:35","date_gmt":"2026-02-05T13:02:35","guid":{"rendered":"https:\/\/portaltela.pt\/noticias\/2026\/02\/05\/icnf-abre-concurso-para-reforcar-gestao-florestal-e-prevencao-de-incendios\/"},"modified":"2026-02-05T10:02:35","modified_gmt":"2026-02-05T13:02:35","slug":"icnf-abre-concurso-para-reforcar-gestao-florestal-e-prevencao-de-incendios","status":"publish","type":"post","link":"https:\/\/portaltela.pt\/noticias\/2026\/02\/05\/icnf-abre-concurso-para-reforcar-gestao-florestal-e-prevencao-de-incendios\/","title":{"rendered":"ICNF abre concurso para refor\u00e7ar gest\u00e3o florestal e preven\u00e7\u00e3o de inc\u00eandios"},"content":{"rendered":"<p>O Instituto da Conserva\u00e7\u00e3o da Natureza e das Florestas (ICNF) abriu candidaturas de 2 de fevereiro at\u00e9 15 de mar\u00e7o ao aviso do Programa MAIS Floresta: Refor\u00e7o de Capacidade de Atua\u00e7\u00e3o \u2013 Apoio \u00e0 Gest\u00e3o Florestal e Redu\u00e7\u00e3o da Carga Combust\u00edvel, integrado no Plano de Recupera\u00e7\u00e3o e Resili\u00eancia (PRR).<\/p>\n<p>O objetivo \u00e9 refor\u00e7ar a preven\u00e7\u00e3o de inc\u00eandios rurais ao aumentar a capacidade de interven\u00e7\u00e3o das entidades respons\u00e1veis pela gest\u00e3o da carga combust\u00edvel. Visa, ainda, modernizar o setor florestal e melhorar as condi\u00e7\u00f5es de trabalho dos agentes envolvidos.<\/p>\n<p>A dota\u00e7\u00e3o inclui 4 milh\u00f5es de euros para a Regi\u00e3o Centro e abrange todo o territ\u00f3rio de Portugal Continental. Destina-se a micro, pequenas e m\u00e9dias empresas atuantes em silvicultura, explora\u00e7\u00e3o florestal e servi\u00e7os de apoio \u00e0 silvicultura.<\/p>\n<h3>Detalhes do apoio e elegibilidade<\/h3>\n<p>O financiamento \u00e9 na forma de subven\u00e7\u00e3o n\u00e3o reembols\u00e1vel, at\u00e9 150 mil euros por candidatura aprovada, com benef\u00edcio m\u00e1ximo de 60% do investimento. Eleg\u00edveis incluem aquisi\u00e7\u00e3o de equipamentos para gest\u00e3o de combust\u00edvel, tratores, m\u00e1quinas telecomandadas e robots destro\u00e7adores.<\/p>\n<p>Podem candidatar-se empresas que atuem no setor florestal, enquadradas nas atividades mencionadas, desde que preencham os requisitos do aviso. As candidaturas devem ser submetidas atrav\u00e9s do Sistema de Gest\u00e3o de Candidaturas do ICNF.<\/p>\n<p>A sele\u00e7\u00e3o decorre pela ordem de submiss\u00e3o, at\u00e9 esgotar a dota\u00e7\u00e3o dispon\u00edvel. O aviso completo e as condi\u00e7\u00f5es de elegibilidade est\u00e3o dispon\u00edveis nos sites institucionais do ICNF e do PRR.<\/p>\n","protected":false},"excerpt":{"rendered":"<ul>\n<li>Abertas candidaturas entre 2 de fevereiro e 15 de mar\u00e7o ao aviso do Programa MAIS Floresta: Refor\u00e7o de Capacidade de Atua\u00e7\u00e3o \u2013 Apoio \u00e0 Gest\u00e3o Florestal e Redu\u00e7\u00e3o da Carga Combust\u00edvel, integrado no Plano de Recupera\u00e7\u00e3o e Resili\u00eancia (PRR).<\/li>\n<li>O objetivo \u00e9 refor\u00e7ar a interven\u00e7\u00e3o na gest\u00e3o da carga combust\u00edvel para prevenir inc\u00eandios rurais e modernizar o setor florestal, melhorando tamb\u00e9m as condi\u00e7\u00f5es de trabalho dos agentes.<\/li>\n<li>A dota\u00e7\u00e3o total inclui 4 milh\u00f5es de euros para a Regi\u00e3o Centro, e o apoio destina-se a micro, pequenas e m\u00e9dias empresas que atuem nos setores florestais eleg\u00edveis.<\/li>\n<li>O financiamento \u00e9 sob a forma de subven\u00e7\u00e3o n\u00e3o reembols\u00e1vel, com apoio m\u00e1ximo de at\u00e9 150 mil euros por candidatura aprovada e taxa de financiamento de at\u00e9 60%, dependendo da tipologia de equipamento.<\/li>\n<li>Investimentos eleg\u00edveis incluem aquisi\u00e7\u00e3o de equipamentos para gest\u00e3o de combust\u00edvel, tratores florestais, m\u00e1quinas telecomandadas (como robots destro\u00e7adores) e m\u00e1quinas de tritura\u00e7\u00e3o de ramos e galhos; candidaturas devem ser submetidas pelo Sistema de Gest\u00e3o de Candidaturas do ICNF, com sele\u00e7\u00e3o por ordem de envio at\u00e9 esgotar a dota\u00e7\u00e3o.<\/li>\n<\/ul>\n","protected":false},"author":2,"featured_media":199794,"comment_status":"closed","ping_status":"closed","sticky":false,"template":"","format":"standard","meta":{"footnotes":""},"categories":[1],"tags":[3142,2617,1014,4650,5506,5507],"class_list":["post-199769","post","type-post","status-publish","format-standard","has-post-thumbnail","hentry","category-noticias","tag-icnf","tag-incendios","tag-portugal","tag-regiao-centro","tag-silvicultura","tag-tratores"],"yoast_head":"<!-- This site is optimized with the Yoast SEO plugin v27.2 - https:\/\/yoast.com\/product\/yoast-seo-wordpress\/ -->\n<title>ICNF abre concurso para refor\u00e7ar gest\u00e3o florestal e preven\u00e7\u00e3o de inc\u00eandios - Portal Tela Portugal<\/title>\n<meta name=\"robots\" content=\"index, follow, max-snippet:-1, max-image-preview:large, max-video-preview:-1\" \/>\n<meta property=\"og:locale\" content=\"pt_PT\" \/>\n<meta property=\"og:type\" content=\"article\" \/>\n<meta property=\"og:title\" content=\"ICNF abre concurso para refor\u00e7ar gest\u00e3o florestal e preven\u00e7\u00e3o de inc\u00eandios - Portal Tela Portugal\" \/>\n<meta property=\"og:description\" content=\"Abertas candidaturas entre 2 de fevereiro e 15 de mar\u00e7o ao aviso do Programa MAIS Floresta: Refor\u00e7o de Capacidade de Atua\u00e7\u00e3o \u2013 Apoio \u00e0 Gest\u00e3o Florestal e Redu\u00e7\u00e3o da Carga Combust\u00edvel, integrado no Plano de Recupera\u00e7\u00e3o e Resili\u00eancia (PRR). O objetivo \u00e9 refor\u00e7ar a interven\u00e7\u00e3o na gest\u00e3o da carga combust\u00edvel para prevenir inc\u00eandios rurais e modernizar o setor florestal, melhorando tamb\u00e9m as condi\u00e7\u00f5es de trabalho dos agentes. A dota\u00e7\u00e3o total inclui 4 milh\u00f5es de euros para a Regi\u00e3o Centro, e o apoio destina-se a micro, pequenas e m\u00e9dias empresas que atuem nos setores florestais eleg\u00edveis. O financiamento \u00e9 sob a forma de subven\u00e7\u00e3o n\u00e3o reembols\u00e1vel, com apoio m\u00e1ximo de at\u00e9 150 mil euros por candidatura aprovada e taxa de financiamento de at\u00e9 60%, dependendo da tipologia de equipamento. Investimentos eleg\u00edveis incluem aquisi\u00e7\u00e3o de equipamentos para gest\u00e3o de combust\u00edvel, tratores florestais, m\u00e1quinas telecomandadas (como robots destro\u00e7adores) e m\u00e1quinas de tritura\u00e7\u00e3o de ramos e galhos; candidaturas devem ser submetidas pelo Sistema de Gest\u00e3o de Candidaturas do ICNF, com sele\u00e7\u00e3o por ordem de envio at\u00e9 esgotar a dota\u00e7\u00e3o.\" \/>\n<meta property=\"og:url\" content=\"https:\/\/portaltela.pt\/noticias\/2026\/02\/05\/icnf-abre-concurso-para-reforcar-gestao-florestal-e-prevencao-de-incendios\/\" \/>\n<meta property=\"og:site_name\" content=\"Portal Tela Portugal\" \/>\n<meta property=\"article:published_time\" content=\"2026-02-05T13:02:35+00:00\" \/>\n<meta name=\"author\" content=\"Telinha\" \/>\n<meta name=\"twitter:card\" content=\"summary_large_image\" \/>\n<meta name=\"twitter:label1\" content=\"Escrito por\" \/>\n\t<meta name=\"twitter:data1\" content=\"Telinha\" \/>\n\t<meta name=\"twitter:label2\" content=\"Tempo estimado de leitura\" \/>\n\t<meta name=\"twitter:data2\" content=\"1 minuto\" \/>\n<script type=\"application\/ld+json\" class=\"yoast-schema-graph\">{\"@context\":\"https:\/\/schema.org\",\"@graph\":[{\"@type\":\"Article\",\"@id\":\"https:\/\/portaltela.pt\/noticias\/2026\/02\/05\/icnf-abre-concurso-para-reforcar-gestao-florestal-e-prevencao-de-incendios\/#article\",\"isPartOf\":{\"@id\":\"https:\/\/portaltela.pt\/noticias\/2026\/02\/05\/icnf-abre-concurso-para-reforcar-gestao-florestal-e-prevencao-de-incendios\/\"},\"author\":{\"name\":\"Telinha\",\"@id\":\"https:\/\/portaltela.pt\/#\/schema\/person\/c4278d4a6028830caff9ee44b42d32ed\"},\"headline\":\"ICNF abre concurso para refor\u00e7ar gest\u00e3o florestal e preven\u00e7\u00e3o de inc\u00eandios\",\"datePublished\":\"2026-02-05T13:02:35+00:00\",\"mainEntityOfPage\":{\"@id\":\"https:\/\/portaltela.pt\/noticias\/2026\/02\/05\/icnf-abre-concurso-para-reforcar-gestao-florestal-e-prevencao-de-incendios\/\"},\"wordCount\":279,\"image\":{\"@id\":\"https:\/\/portaltela.pt\/noticias\/2026\/02\/05\/icnf-abre-concurso-para-reforcar-gestao-florestal-e-prevencao-de-incendios\/#primaryimage\"},\"thumbnailUrl\":\"https:\/\/portaltela.pt\/s.01k8rhncp4jt1\/2026\/02\/unnamed-file-1604.jpg\",\"keywords\":[\"ICNF\",\"inc\u00eandios\",\"Portugal\",\"Regi\u00e3o Centro\",\"silvicultura\",\"tratores\"],\"articleSection\":[\"Not\u00edcias\"],\"inLanguage\":\"pt-PT\"},{\"@type\":\"WebPage\",\"@id\":\"https:\/\/portaltela.pt\/noticias\/2026\/02\/05\/icnf-abre-concurso-para-reforcar-gestao-florestal-e-prevencao-de-incendios\/\",\"url\":\"https:\/\/portaltela.pt\/noticias\/2026\/02\/05\/icnf-abre-concurso-para-reforcar-gestao-florestal-e-prevencao-de-incendios\/\",\"name\":\"ICNF abre concurso para refor\u00e7ar gest\u00e3o florestal e preven\u00e7\u00e3o de inc\u00eandios - Portal Tela Portugal\",\"isPartOf\":{\"@id\":\"https:\/\/portaltela.pt\/#website\"},\"primaryImageOfPage\":{\"@id\":\"https:\/\/portaltela.pt\/noticias\/2026\/02\/05\/icnf-abre-concurso-para-reforcar-gestao-florestal-e-prevencao-de-incendios\/#primaryimage\"},\"image\":{\"@id\":\"https:\/\/portaltela.pt\/noticias\/2026\/02\/05\/icnf-abre-concurso-para-reforcar-gestao-florestal-e-prevencao-de-incendios\/#primaryimage\"},\"thumbnailUrl\":\"https:\/\/portaltela.pt\/s.01k8rhncp4jt1\/2026\/02\/unnamed-file-1604.jpg\",\"datePublished\":\"2026-02-05T13:02:35+00:00\",\"author\":{\"@id\":\"https:\/\/portaltela.pt\/#\/schema\/person\/c4278d4a6028830caff9ee44b42d32ed\"},\"breadcrumb\":{\"@id\":\"https:\/\/portaltela.pt\/noticias\/2026\/02\/05\/icnf-abre-concurso-para-reforcar-gestao-florestal-e-prevencao-de-incendios\/#breadcrumb\"},\"inLanguage\":\"pt-PT\",\"potentialAction\":[{\"@type\":\"ReadAction\",\"target\":[\"https:\/\/portaltela.pt\/noticias\/2026\/02\/05\/icnf-abre-concurso-para-reforcar-gestao-florestal-e-prevencao-de-incendios\/\"]}]},{\"@type\":\"ImageObject\",\"inLanguage\":\"pt-PT\",\"@id\":\"https:\/\/portaltela.pt\/noticias\/2026\/02\/05\/icnf-abre-concurso-para-reforcar-gestao-florestal-e-prevencao-de-incendios\/#primaryimage\",\"url\":\"https:\/\/portaltela.pt\/s.01k8rhncp4jt1\/2026\/02\/unnamed-file-1604.jpg\",\"contentUrl\":\"https:\/\/portaltela.pt\/s.01k8rhncp4jt1\/2026\/02\/unnamed-file-1604.jpg\",\"width\":796,\"height\":448,\"caption\":\"PROEN\u00c7A-A-NOVA: ICNF abre concurso para refor\u00e7o da gest\u00e3o florestal e preven\u00e7\u00e3o de inc\u00eandios rurais\"},{\"@type\":\"BreadcrumbList\",\"@id\":\"https:\/\/portaltela.pt\/noticias\/2026\/02\/05\/icnf-abre-concurso-para-reforcar-gestao-florestal-e-prevencao-de-incendios\/#breadcrumb\",\"itemListElement\":[{\"@type\":\"ListItem\",\"position\":1,\"name\":\"In\u00edcio\",\"item\":\"https:\/\/portaltela.pt\/\"},{\"@type\":\"ListItem\",\"position\":2,\"name\":\"ICNF abre concurso para refor\u00e7ar gest\u00e3o florestal e preven\u00e7\u00e3o de inc\u00eandios\"}]},{\"@type\":\"WebSite\",\"@id\":\"https:\/\/portaltela.pt\/#website\",\"url\":\"https:\/\/portaltela.pt\/\",\"name\":\"Portal Tela Portugal\",\"description\":\"\",\"potentialAction\":[{\"@type\":\"SearchAction\",\"target\":{\"@type\":\"EntryPoint\",\"urlTemplate\":\"https:\/\/portaltela.pt\/?s={search_term_string}\"},\"query-input\":{\"@type\":\"PropertyValueSpecification\",\"valueRequired\":true,\"valueName\":\"search_term_string\"}}],\"inLanguage\":\"pt-PT\"},{\"@type\":\"Person\",\"@id\":\"https:\/\/portaltela.pt\/#\/schema\/person\/c4278d4a6028830caff9ee44b42d32ed\",\"name\":\"Telinha\",\"image\":{\"@type\":\"ImageObject\",\"inLanguage\":\"pt-PT\",\"@id\":\"https:\/\/portaltela.pt\/s.01k8rhncp4jt1\/2025\/11\/talking-bot-125x125.png\",\"url\":\"https:\/\/portaltela.pt\/s.01k8rhncp4jt1\/2025\/11\/talking-bot-125x125.png\",\"contentUrl\":\"https:\/\/portaltela.pt\/s.01k8rhncp4jt1\/2025\/11\/talking-bot-125x125.png\",\"caption\":\"Telinha\"},\"sameAs\":[\"https:\/\/portaltela.pt\/\"],\"url\":\"https:\/\/portaltela.pt\/por\/367410592786\/\"}]}<\/script>\n<!-- \/ Yoast SEO plugin. -->","yoast_head_json":{"title":"ICNF abre concurso para refor\u00e7ar gest\u00e3o florestal e preven\u00e7\u00e3o de inc\u00eandios - Portal Tela Portugal","robots":{"index":"index","follow":"follow","max-snippet":"max-snippet:-1","max-image-preview":"max-image-preview:large","max-video-preview":"max-video-preview:-1"},"og_locale":"pt_PT","og_type":"article","og_title":"ICNF abre concurso para refor\u00e7ar gest\u00e3o florestal e preven\u00e7\u00e3o de inc\u00eandios - Portal Tela Portugal","og_description":"Abertas candidaturas entre 2 de fevereiro e 15 de mar\u00e7o ao aviso do Programa MAIS Floresta: Refor\u00e7o de Capacidade de Atua\u00e7\u00e3o \u2013 Apoio \u00e0 Gest\u00e3o Florestal e Redu\u00e7\u00e3o da Carga Combust\u00edvel, integrado no Plano de Recupera\u00e7\u00e3o e Resili\u00eancia (PRR). O objetivo \u00e9 refor\u00e7ar a interven\u00e7\u00e3o na gest\u00e3o da carga combust\u00edvel para prevenir inc\u00eandios rurais e modernizar o setor florestal, melhorando tamb\u00e9m as condi\u00e7\u00f5es de trabalho dos agentes. A dota\u00e7\u00e3o total inclui 4 milh\u00f5es de euros para a Regi\u00e3o Centro, e o apoio destina-se a micro, pequenas e m\u00e9dias empresas que atuem nos setores florestais eleg\u00edveis. O financiamento \u00e9 sob a forma de subven\u00e7\u00e3o n\u00e3o reembols\u00e1vel, com apoio m\u00e1ximo de at\u00e9 150 mil euros por candidatura aprovada e taxa de financiamento de at\u00e9 60%, dependendo da tipologia de equipamento. Investimentos eleg\u00edveis incluem aquisi\u00e7\u00e3o de equipamentos para gest\u00e3o de combust\u00edvel, tratores florestais, m\u00e1quinas telecomandadas (como robots destro\u00e7adores) e m\u00e1quinas de tritura\u00e7\u00e3o de ramos e galhos; candidaturas devem ser submetidas pelo Sistema de Gest\u00e3o de Candidaturas do ICNF, com sele\u00e7\u00e3o por ordem de envio at\u00e9 esgotar a dota\u00e7\u00e3o.","og_url":"https:\/\/portaltela.pt\/noticias\/2026\/02\/05\/icnf-abre-concurso-para-reforcar-gestao-florestal-e-prevencao-de-incendios\/","og_site_name":"Portal Tela Portugal","article_published_time":"2026-02-05T13:02:35+00:00","author":"Telinha","twitter_card":"summary_large_image","twitter_misc":{"Escrito por":"Telinha","Tempo estimado de leitura":"1 minuto"},"schema":{"@context":"https:\/\/schema.org","@graph":[{"@type":"Article","@id":"https:\/\/portaltela.pt\/noticias\/2026\/02\/05\/icnf-abre-concurso-para-reforcar-gestao-florestal-e-prevencao-de-incendios\/#article","isPartOf":{"@id":"https:\/\/portaltela.pt\/noticias\/2026\/02\/05\/icnf-abre-concurso-para-reforcar-gestao-florestal-e-prevencao-de-incendios\/"},"author":{"name":"Telinha","@id":"https:\/\/portaltela.pt\/#\/schema\/person\/c4278d4a6028830caff9ee44b42d32ed"},"headline":"ICNF abre concurso para refor\u00e7ar gest\u00e3o florestal e preven\u00e7\u00e3o de inc\u00eandios","datePublished":"2026-02-05T13:02:35+00:00","mainEntityOfPage":{"@id":"https:\/\/portaltela.pt\/noticias\/2026\/02\/05\/icnf-abre-concurso-para-reforcar-gestao-florestal-e-prevencao-de-incendios\/"},"wordCount":279,"image":{"@id":"https:\/\/portaltela.pt\/noticias\/2026\/02\/05\/icnf-abre-concurso-para-reforcar-gestao-florestal-e-prevencao-de-incendios\/#primaryimage"},"thumbnailUrl":"https:\/\/portaltela.pt\/s.01k8rhncp4jt1\/2026\/02\/unnamed-file-1604.jpg","keywords":["ICNF","inc\u00eandios","Portugal","Regi\u00e3o Centro","silvicultura","tratores"],"articleSection":["Not\u00edcias"],"inLanguage":"pt-PT"},{"@type":"WebPage","@id":"https:\/\/portaltela.pt\/noticias\/2026\/02\/05\/icnf-abre-concurso-para-reforcar-gestao-florestal-e-prevencao-de-incendios\/","url":"https:\/\/portaltela.pt\/noticias\/2026\/02\/05\/icnf-abre-concurso-para-reforcar-gestao-florestal-e-prevencao-de-incendios\/","name":"ICNF abre concurso para refor\u00e7ar gest\u00e3o florestal e preven\u00e7\u00e3o de inc\u00eandios - Portal Tela Portugal","isPartOf":{"@id":"https:\/\/portaltela.pt\/#website"},"primaryImageOfPage":{"@id":"https:\/\/portaltela.pt\/noticias\/2026\/02\/05\/icnf-abre-concurso-para-reforcar-gestao-florestal-e-prevencao-de-incendios\/#primaryimage"},"image":{"@id":"https:\/\/portaltela.pt\/noticias\/2026\/02\/05\/icnf-abre-concurso-para-reforcar-gestao-florestal-e-prevencao-de-incendios\/#primaryimage"},"thumbnailUrl":"https:\/\/portaltela.pt\/s.01k8rhncp4jt1\/2026\/02\/unnamed-file-1604.jpg","datePublished":"2026-02-05T13:02:35+00:00","author":{"@id":"https:\/\/portaltela.pt\/#\/schema\/person\/c4278d4a6028830caff9ee44b42d32ed"},"breadcrumb":{"@id":"https:\/\/portaltela.pt\/noticias\/2026\/02\/05\/icnf-abre-concurso-para-reforcar-gestao-florestal-e-prevencao-de-incendios\/#breadcrumb"},"inLanguage":"pt-PT","potentialAction":[{"@type":"ReadAction","target":["https:\/\/portaltela.pt\/noticias\/2026\/02\/05\/icnf-abre-concurso-para-reforcar-gestao-florestal-e-prevencao-de-incendios\/"]}]},{"@type":"ImageObject","inLanguage":"pt-PT","@id":"https:\/\/portaltela.pt\/noticias\/2026\/02\/05\/icnf-abre-concurso-para-reforcar-gestao-florestal-e-prevencao-de-incendios\/#primaryimage","url":"https:\/\/portaltela.pt\/s.01k8rhncp4jt1\/2026\/02\/unnamed-file-1604.jpg","contentUrl":"https:\/\/portaltela.pt\/s.01k8rhncp4jt1\/2026\/02\/unnamed-file-1604.jpg","width":796,"height":448,"caption":"PROEN\u00c7A-A-NOVA: ICNF abre concurso para refor\u00e7o da gest\u00e3o florestal e preven\u00e7\u00e3o de inc\u00eandios rurais"},{"@type":"BreadcrumbList","@id":"https:\/\/portaltela.pt\/noticias\/2026\/02\/05\/icnf-abre-concurso-para-reforcar-gestao-florestal-e-prevencao-de-incendios\/#breadcrumb","itemListElement":[{"@type":"ListItem","position":1,"name":"In\u00edcio","item":"https:\/\/portaltela.pt\/"},{"@type":"ListItem","position":2,"name":"ICNF abre concurso para refor\u00e7ar gest\u00e3o florestal e preven\u00e7\u00e3o de inc\u00eandios"}]},{"@type":"WebSite","@id":"https:\/\/portaltela.pt\/#website","url":"https:\/\/portaltela.pt\/","name":"Portal Tela Portugal","description":"","potentialAction":[{"@type":"SearchAction","target":{"@type":"EntryPoint","urlTemplate":"https:\/\/portaltela.pt\/?s={search_term_string}"},"query-input":{"@type":"PropertyValueSpecification","valueRequired":true,"valueName":"search_term_string"}}],"inLanguage":"pt-PT"},{"@type":"Person","@id":"https:\/\/portaltela.pt\/#\/schema\/person\/c4278d4a6028830caff9ee44b42d32ed","name":"Telinha","image":{"@type":"ImageObject","inLanguage":"pt-PT","@id":"https:\/\/portaltela.pt\/s.01k8rhncp4jt1\/2025\/11\/talking-bot-125x125.png","url":"https:\/\/portaltela.pt\/s.01k8rhncp4jt1\/2025\/11\/talking-bot-125x125.png","contentUrl":"https:\/\/portaltela.pt\/s.01k8rhncp4jt1\/2025\/11\/talking-bot-125x125.png","caption":"Telinha"},"sameAs":["https:\/\/portaltela.pt\/"],"url":"https:\/\/portaltela.pt\/por\/367410592786\/"}]}},"_links":{"self":[{"href":"https:\/\/portaltela.pt\/api\/wp\/v2\/posts\/199769","targetHints":{"allow":["GET"]}}],"collection":[{"href":"https:\/\/portaltela.pt\/api\/wp\/v2\/posts"}],"about":[{"href":"https:\/\/portaltela.pt\/api\/wp\/v2\/types\/post"}],"author":[{"embeddable":true,"href":"https:\/\/portaltela.pt\/api\/wp\/v2\/users\/2"}],"replies":[{"embeddable":true,"href":"https:\/\/portaltela.pt\/api\/wp\/v2\/comments?post=199769"}],"version-history":[{"count":0,"href":"https:\/\/portaltela.pt\/api\/wp\/v2\/posts\/199769\/revisions"}],"wp:featuredmedia":[{"embeddable":true,"href":"https:\/\/portaltela.pt\/api\/wp\/v2\/media\/199794"}],"wp:attachment":[{"href":"https:\/\/portaltela.pt\/api\/wp\/v2\/media?parent=199769"}],"wp:term":[{"taxonomy":"category","embeddable":true,"href":"https:\/\/portaltela.pt\/api\/wp\/v2\/categories?post=199769"},{"taxonomy":"post_tag","embeddable":true,"href":"https:\/\/portaltela.pt\/api\/wp\/v2\/tags?post=199769"}],"curies":[{"name":"wp","href":"https:\/\/api.w.org\/{rel}","templated":true}]}}