{"id":199758,"date":"2026-02-05T09:52:00","date_gmt":"2026-02-05T12:52:00","guid":{"rendered":"https:\/\/portaltela.pt\/noticias\/2026\/02\/05\/revisao-do-cctv-para-construcao-civil-na-regiao-preve-aumento-salarial\/"},"modified":"2026-02-05T09:52:00","modified_gmt":"2026-02-05T12:52:00","slug":"revisao-do-cctv-para-construcao-civil-na-regiao-preve-aumento-salarial","status":"publish","type":"post","link":"https:\/\/portaltela.pt\/noticias\/2026\/02\/05\/revisao-do-cctv-para-construcao-civil-na-regiao-preve-aumento-salarial\/","title":{"rendered":"Revis\u00e3o do CCTV para constru\u00e7\u00e3o civil na regi\u00e3o prev\u00ea aumento salarial"},"content":{"rendered":"<p>A revis\u00e3o parcial do CCTV &#8211; Contrato Colectivo de Trabalho para o setor da Constru\u00e7\u00e3o Civil na Regi\u00e3o prev\u00ea aumentos salariais para os trabalhadores, com efeitos a partir de 1 de janeiro. O reajuste inclui uma varia\u00e7\u00e3o de 7,10% a 6,25%, com o valor m\u00ednimo de aumento fixado em 65 euros.<\/p>\n<p>O processo de negocia\u00e7\u00e3o foi conduzido pela ASSICOM e pela Comiss\u00e3o Negociadora Sindical, reunidas a 9 de janeiro de 2026. A decis\u00e3o entra em vigor no in\u00edcio do ano, conforme divulgado. Al\u00e9m dos sal\u00e1rios, o subs\u00eddio de refei\u00e7\u00e3o aumenta 0,80\u20ac, passando de 8,70\u20ac para 9,50\u20ac.<\/p>\n<p>A revis\u00e3o do CCTV foi publicada no JORAM, III S\u00e9rie, n.\u00ba 2, de 30 de janeiro de 2026. O sindicato sublinha que o sector da constru\u00e7\u00e3o est\u00e1 em crescimento, mas enfrenta dificuldades de contrata\u00e7\u00e3o e emigra\u00e7\u00e3o de jovens para outras oportunidades.<\/p>\n<h3>Contexto e desdobramentos<\/h3>\n<p>O sindicato aponta que baixos sal\u00e1rios, condi\u00e7\u00f5es de trabalho e quest\u00f5es de sa\u00fade e seguran\u00e7a influenciam a sa\u00edda de trabalhadores. O recado \u00e9 claro: \u00e9 necess\u00e1ria uma revers\u00e3o da pol\u00edtica de sal\u00e1rios baixos e de prote\u00e7\u00e3o insuficiente dos direitos laborais. O texto cita ainda a participa\u00e7\u00e3o dos trabalhadores em atividades sindicais para reivindicar melhorias.<\/p>\n<h3>Convocat\u00f3ria<\/h3>\n<p>Foi anunciada uma manifesta\u00e7\u00e3o nacional contra o pacote laboral, com apoio dos sindicatos na Madeira. O evento est\u00e1 marcado para 28 de fevereiro, junto aos sindicatos, na Rua do Bom Jesus, a partir das 10h.<\/p>\n","protected":false},"excerpt":{"rendered":"<ul>\n<li>A revis\u00e3o parcial do CCTV para a constru\u00e7\u00e3o civil na regi\u00e3o prev\u00ea aumentos salariais entre 7,10% e 6,25%, com o valor m\u00ednimo de aumento de 65 euros, com efeitos a partir de 1 de janeiro.<\/li>\n<li>O subs\u00eddio de refei\u00e7\u00e3o sobe 0,80 euros, passando de 8,70 euros para 9,50 euros.<\/li>\n<li>A negocia\u00e7\u00e3o ocorreu a 9 de janeiro de 2026 entre a ASSICOM e a Comiss\u00e3o Negociadora Sindical.<\/li>\n<li>A revis\u00e3o do CCTV foi publicada no JORAM, III S\u00e9rie, n.\u00ba 2, de 30\/01\/2026.<\/li>\n<li>O sindicato aponta escassez de m\u00e3o-de-obra no setor e apela \u00e0 participa\u00e7\u00e3o na manifesta\u00e7\u00e3o nacional contra o pacote laboral, em 28 de fevereiro, na Madeira (Rua do Bom Jesus, \u00e0s 10h).<\/li>\n<\/ul>\n","protected":false},"author":2,"featured_media":199764,"comment_status":"closed","ping_status":"closed","sticky":false,"template":"","format":"standard","meta":{"footnotes":""},"categories":[1],"tags":[3106,5426,4650,2818,172,966],"class_list":["post-199758","post","type-post","status-publish","format-standard","has-post-thumbnail","hentry","category-noticias","tag-construcao-de-edificios","tag-negociacao-coletiva","tag-regiao-centro","tag-remuneracoes","tag-saude","tag-sindicatos"],"yoast_head":"<!-- This site is optimized with the Yoast SEO plugin v27.2 - https:\/\/yoast.com\/product\/yoast-seo-wordpress\/ -->\n<title>Revis\u00e3o do CCTV para constru\u00e7\u00e3o civil na regi\u00e3o prev\u00ea aumento salarial - Portal Tela Portugal<\/title>\n<meta name=\"robots\" content=\"index, follow, max-snippet:-1, max-image-preview:large, max-video-preview:-1\" \/>\n<meta property=\"og:locale\" content=\"pt_PT\" \/>\n<meta property=\"og:type\" content=\"article\" \/>\n<meta property=\"og:title\" content=\"Revis\u00e3o do CCTV para constru\u00e7\u00e3o civil na regi\u00e3o prev\u00ea aumento salarial - Portal Tela Portugal\" \/>\n<meta property=\"og:description\" content=\"A revis\u00e3o parcial do CCTV para a constru\u00e7\u00e3o civil na regi\u00e3o prev\u00ea aumentos salariais entre 7,10% e 6,25%, com o valor m\u00ednimo de aumento de 65 euros, com efeitos a partir de 1 de janeiro. O subs\u00eddio de refei\u00e7\u00e3o sobe 0,80 euros, passando de 8,70 euros para 9,50 euros. A negocia\u00e7\u00e3o ocorreu a 9 de janeiro de 2026 entre a ASSICOM e a Comiss\u00e3o Negociadora Sindical. A revis\u00e3o do CCTV foi publicada no JORAM, III S\u00e9rie, n.\u00ba 2, de 30\/01\/2026. O sindicato aponta escassez de m\u00e3o-de-obra no setor e apela \u00e0 participa\u00e7\u00e3o na manifesta\u00e7\u00e3o nacional contra o pacote laboral, em 28 de fevereiro, na Madeira (Rua do Bom Jesus, \u00e0s 10h).\" \/>\n<meta property=\"og:url\" content=\"https:\/\/portaltela.pt\/noticias\/2026\/02\/05\/revisao-do-cctv-para-construcao-civil-na-regiao-preve-aumento-salarial\/\" \/>\n<meta property=\"og:site_name\" content=\"Portal Tela Portugal\" \/>\n<meta property=\"article:published_time\" content=\"2026-02-05T12:52:00+00:00\" \/>\n<meta name=\"author\" content=\"Telinha\" \/>\n<meta name=\"twitter:card\" content=\"summary_large_image\" \/>\n<meta name=\"twitter:label1\" content=\"Escrito por\" \/>\n\t<meta name=\"twitter:data1\" content=\"Telinha\" \/>\n\t<meta name=\"twitter:label2\" content=\"Tempo estimado de leitura\" \/>\n\t<meta name=\"twitter:data2\" content=\"1 minuto\" \/>\n<script type=\"application\/ld+json\" class=\"yoast-schema-graph\">{\"@context\":\"https:\/\/schema.org\",\"@graph\":[{\"@type\":\"Article\",\"@id\":\"https:\/\/portaltela.pt\/noticias\/2026\/02\/05\/revisao-do-cctv-para-construcao-civil-na-regiao-preve-aumento-salarial\/#article\",\"isPartOf\":{\"@id\":\"https:\/\/portaltela.pt\/noticias\/2026\/02\/05\/revisao-do-cctv-para-construcao-civil-na-regiao-preve-aumento-salarial\/\"},\"author\":{\"name\":\"Telinha\",\"@id\":\"https:\/\/portaltela.pt\/#\/schema\/person\/c4278d4a6028830caff9ee44b42d32ed\"},\"headline\":\"Revis\u00e3o do CCTV para constru\u00e7\u00e3o civil na regi\u00e3o prev\u00ea aumento salarial\",\"datePublished\":\"2026-02-05T12:52:00+00:00\",\"mainEntityOfPage\":{\"@id\":\"https:\/\/portaltela.pt\/noticias\/2026\/02\/05\/revisao-do-cctv-para-construcao-civil-na-regiao-preve-aumento-salarial\/\"},\"wordCount\":261,\"image\":{\"@id\":\"https:\/\/portaltela.pt\/noticias\/2026\/02\/05\/revisao-do-cctv-para-construcao-civil-na-regiao-preve-aumento-salarial\/#primaryimage\"},\"thumbnailUrl\":\"https:\/\/portaltela.pt\/s.01k8rhncp4jt1\/2026\/02\/unnamed-file-1602.jpg\",\"keywords\":[\"constru\u00e7\u00e3o de edif\u00edcios\",\"negocia\u00e7\u00e3o coletiva\",\"Regi\u00e3o Centro\",\"Remunera\u00e7\u00f5es\",\"sa\u00fade\",\"sindicatos\"],\"articleSection\":[\"Not\u00edcias\"],\"inLanguage\":\"pt-PT\"},{\"@type\":\"WebPage\",\"@id\":\"https:\/\/portaltela.pt\/noticias\/2026\/02\/05\/revisao-do-cctv-para-construcao-civil-na-regiao-preve-aumento-salarial\/\",\"url\":\"https:\/\/portaltela.pt\/noticias\/2026\/02\/05\/revisao-do-cctv-para-construcao-civil-na-regiao-preve-aumento-salarial\/\",\"name\":\"Revis\u00e3o do CCTV para constru\u00e7\u00e3o civil na regi\u00e3o prev\u00ea aumento salarial - Portal Tela Portugal\",\"isPartOf\":{\"@id\":\"https:\/\/portaltela.pt\/#website\"},\"primaryImageOfPage\":{\"@id\":\"https:\/\/portaltela.pt\/noticias\/2026\/02\/05\/revisao-do-cctv-para-construcao-civil-na-regiao-preve-aumento-salarial\/#primaryimage\"},\"image\":{\"@id\":\"https:\/\/portaltela.pt\/noticias\/2026\/02\/05\/revisao-do-cctv-para-construcao-civil-na-regiao-preve-aumento-salarial\/#primaryimage\"},\"thumbnailUrl\":\"https:\/\/portaltela.pt\/s.01k8rhncp4jt1\/2026\/02\/unnamed-file-1602.jpg\",\"datePublished\":\"2026-02-05T12:52:00+00:00\",\"author\":{\"@id\":\"https:\/\/portaltela.pt\/#\/schema\/person\/c4278d4a6028830caff9ee44b42d32ed\"},\"breadcrumb\":{\"@id\":\"https:\/\/portaltela.pt\/noticias\/2026\/02\/05\/revisao-do-cctv-para-construcao-civil-na-regiao-preve-aumento-salarial\/#breadcrumb\"},\"inLanguage\":\"pt-PT\",\"potentialAction\":[{\"@type\":\"ReadAction\",\"target\":[\"https:\/\/portaltela.pt\/noticias\/2026\/02\/05\/revisao-do-cctv-para-construcao-civil-na-regiao-preve-aumento-salarial\/\"]}]},{\"@type\":\"ImageObject\",\"inLanguage\":\"pt-PT\",\"@id\":\"https:\/\/portaltela.pt\/noticias\/2026\/02\/05\/revisao-do-cctv-para-construcao-civil-na-regiao-preve-aumento-salarial\/#primaryimage\",\"url\":\"https:\/\/portaltela.pt\/s.01k8rhncp4jt1\/2026\/02\/unnamed-file-1602.jpg\",\"contentUrl\":\"https:\/\/portaltela.pt\/s.01k8rhncp4jt1\/2026\/02\/unnamed-file-1602.jpg\",\"width\":796,\"height\":448,\"caption\":\"Revis\u00e3o do CCTV para a constru\u00e7\u00e3o civil na Regi\u00e3o prev\u00ea aumentos salariais\"},{\"@type\":\"BreadcrumbList\",\"@id\":\"https:\/\/portaltela.pt\/noticias\/2026\/02\/05\/revisao-do-cctv-para-construcao-civil-na-regiao-preve-aumento-salarial\/#breadcrumb\",\"itemListElement\":[{\"@type\":\"ListItem\",\"position\":1,\"name\":\"In\u00edcio\",\"item\":\"https:\/\/portaltela.pt\/\"},{\"@type\":\"ListItem\",\"position\":2,\"name\":\"Revis\u00e3o do CCTV para constru\u00e7\u00e3o civil na regi\u00e3o prev\u00ea aumento salarial\"}]},{\"@type\":\"WebSite\",\"@id\":\"https:\/\/portaltela.pt\/#website\",\"url\":\"https:\/\/portaltela.pt\/\",\"name\":\"Portal Tela Portugal\",\"description\":\"\",\"potentialAction\":[{\"@type\":\"SearchAction\",\"target\":{\"@type\":\"EntryPoint\",\"urlTemplate\":\"https:\/\/portaltela.pt\/?s={search_term_string}\"},\"query-input\":{\"@type\":\"PropertyValueSpecification\",\"valueRequired\":true,\"valueName\":\"search_term_string\"}}],\"inLanguage\":\"pt-PT\"},{\"@type\":\"Person\",\"@id\":\"https:\/\/portaltela.pt\/#\/schema\/person\/c4278d4a6028830caff9ee44b42d32ed\",\"name\":\"Telinha\",\"image\":{\"@type\":\"ImageObject\",\"inLanguage\":\"pt-PT\",\"@id\":\"https:\/\/portaltela.pt\/s.01k8rhncp4jt1\/2025\/11\/talking-bot-125x125.png\",\"url\":\"https:\/\/portaltela.pt\/s.01k8rhncp4jt1\/2025\/11\/talking-bot-125x125.png\",\"contentUrl\":\"https:\/\/portaltela.pt\/s.01k8rhncp4jt1\/2025\/11\/talking-bot-125x125.png\",\"caption\":\"Telinha\"},\"sameAs\":[\"https:\/\/portaltela.pt\/\"],\"url\":\"https:\/\/portaltela.pt\/por\/367410592786\/\"}]}<\/script>\n<!-- \/ Yoast SEO plugin. -->","yoast_head_json":{"title":"Revis\u00e3o do CCTV para constru\u00e7\u00e3o civil na regi\u00e3o prev\u00ea aumento salarial - Portal Tela Portugal","robots":{"index":"index","follow":"follow","max-snippet":"max-snippet:-1","max-image-preview":"max-image-preview:large","max-video-preview":"max-video-preview:-1"},"og_locale":"pt_PT","og_type":"article","og_title":"Revis\u00e3o do CCTV para constru\u00e7\u00e3o civil na regi\u00e3o prev\u00ea aumento salarial - Portal Tela Portugal","og_description":"A revis\u00e3o parcial do CCTV para a constru\u00e7\u00e3o civil na regi\u00e3o prev\u00ea aumentos salariais entre 7,10% e 6,25%, com o valor m\u00ednimo de aumento de 65 euros, com efeitos a partir de 1 de janeiro. O subs\u00eddio de refei\u00e7\u00e3o sobe 0,80 euros, passando de 8,70 euros para 9,50 euros. A negocia\u00e7\u00e3o ocorreu a 9 de janeiro de 2026 entre a ASSICOM e a Comiss\u00e3o Negociadora Sindical. A revis\u00e3o do CCTV foi publicada no JORAM, III S\u00e9rie, n.\u00ba 2, de 30\/01\/2026. O sindicato aponta escassez de m\u00e3o-de-obra no setor e apela \u00e0 participa\u00e7\u00e3o na manifesta\u00e7\u00e3o nacional contra o pacote laboral, em 28 de fevereiro, na Madeira (Rua do Bom Jesus, \u00e0s 10h).","og_url":"https:\/\/portaltela.pt\/noticias\/2026\/02\/05\/revisao-do-cctv-para-construcao-civil-na-regiao-preve-aumento-salarial\/","og_site_name":"Portal Tela Portugal","article_published_time":"2026-02-05T12:52:00+00:00","author":"Telinha","twitter_card":"summary_large_image","twitter_misc":{"Escrito por":"Telinha","Tempo estimado de leitura":"1 minuto"},"schema":{"@context":"https:\/\/schema.org","@graph":[{"@type":"Article","@id":"https:\/\/portaltela.pt\/noticias\/2026\/02\/05\/revisao-do-cctv-para-construcao-civil-na-regiao-preve-aumento-salarial\/#article","isPartOf":{"@id":"https:\/\/portaltela.pt\/noticias\/2026\/02\/05\/revisao-do-cctv-para-construcao-civil-na-regiao-preve-aumento-salarial\/"},"author":{"name":"Telinha","@id":"https:\/\/portaltela.pt\/#\/schema\/person\/c4278d4a6028830caff9ee44b42d32ed"},"headline":"Revis\u00e3o do CCTV para constru\u00e7\u00e3o civil na regi\u00e3o prev\u00ea aumento salarial","datePublished":"2026-02-05T12:52:00+00:00","mainEntityOfPage":{"@id":"https:\/\/portaltela.pt\/noticias\/2026\/02\/05\/revisao-do-cctv-para-construcao-civil-na-regiao-preve-aumento-salarial\/"},"wordCount":261,"image":{"@id":"https:\/\/portaltela.pt\/noticias\/2026\/02\/05\/revisao-do-cctv-para-construcao-civil-na-regiao-preve-aumento-salarial\/#primaryimage"},"thumbnailUrl":"https:\/\/portaltela.pt\/s.01k8rhncp4jt1\/2026\/02\/unnamed-file-1602.jpg","keywords":["constru\u00e7\u00e3o de edif\u00edcios","negocia\u00e7\u00e3o coletiva","Regi\u00e3o Centro","Remunera\u00e7\u00f5es","sa\u00fade","sindicatos"],"articleSection":["Not\u00edcias"],"inLanguage":"pt-PT"},{"@type":"WebPage","@id":"https:\/\/portaltela.pt\/noticias\/2026\/02\/05\/revisao-do-cctv-para-construcao-civil-na-regiao-preve-aumento-salarial\/","url":"https:\/\/portaltela.pt\/noticias\/2026\/02\/05\/revisao-do-cctv-para-construcao-civil-na-regiao-preve-aumento-salarial\/","name":"Revis\u00e3o do CCTV para constru\u00e7\u00e3o civil na regi\u00e3o prev\u00ea aumento salarial - Portal Tela Portugal","isPartOf":{"@id":"https:\/\/portaltela.pt\/#website"},"primaryImageOfPage":{"@id":"https:\/\/portaltela.pt\/noticias\/2026\/02\/05\/revisao-do-cctv-para-construcao-civil-na-regiao-preve-aumento-salarial\/#primaryimage"},"image":{"@id":"https:\/\/portaltela.pt\/noticias\/2026\/02\/05\/revisao-do-cctv-para-construcao-civil-na-regiao-preve-aumento-salarial\/#primaryimage"},"thumbnailUrl":"https:\/\/portaltela.pt\/s.01k8rhncp4jt1\/2026\/02\/unnamed-file-1602.jpg","datePublished":"2026-02-05T12:52:00+00:00","author":{"@id":"https:\/\/portaltela.pt\/#\/schema\/person\/c4278d4a6028830caff9ee44b42d32ed"},"breadcrumb":{"@id":"https:\/\/portaltela.pt\/noticias\/2026\/02\/05\/revisao-do-cctv-para-construcao-civil-na-regiao-preve-aumento-salarial\/#breadcrumb"},"inLanguage":"pt-PT","potentialAction":[{"@type":"ReadAction","target":["https:\/\/portaltela.pt\/noticias\/2026\/02\/05\/revisao-do-cctv-para-construcao-civil-na-regiao-preve-aumento-salarial\/"]}]},{"@type":"ImageObject","inLanguage":"pt-PT","@id":"https:\/\/portaltela.pt\/noticias\/2026\/02\/05\/revisao-do-cctv-para-construcao-civil-na-regiao-preve-aumento-salarial\/#primaryimage","url":"https:\/\/portaltela.pt\/s.01k8rhncp4jt1\/2026\/02\/unnamed-file-1602.jpg","contentUrl":"https:\/\/portaltela.pt\/s.01k8rhncp4jt1\/2026\/02\/unnamed-file-1602.jpg","width":796,"height":448,"caption":"Revis\u00e3o do CCTV para a constru\u00e7\u00e3o civil na Regi\u00e3o prev\u00ea aumentos salariais"},{"@type":"BreadcrumbList","@id":"https:\/\/portaltela.pt\/noticias\/2026\/02\/05\/revisao-do-cctv-para-construcao-civil-na-regiao-preve-aumento-salarial\/#breadcrumb","itemListElement":[{"@type":"ListItem","position":1,"name":"In\u00edcio","item":"https:\/\/portaltela.pt\/"},{"@type":"ListItem","position":2,"name":"Revis\u00e3o do CCTV para constru\u00e7\u00e3o civil na regi\u00e3o prev\u00ea aumento salarial"}]},{"@type":"WebSite","@id":"https:\/\/portaltela.pt\/#website","url":"https:\/\/portaltela.pt\/","name":"Portal Tela Portugal","description":"","potentialAction":[{"@type":"SearchAction","target":{"@type":"EntryPoint","urlTemplate":"https:\/\/portaltela.pt\/?s={search_term_string}"},"query-input":{"@type":"PropertyValueSpecification","valueRequired":true,"valueName":"search_term_string"}}],"inLanguage":"pt-PT"},{"@type":"Person","@id":"https:\/\/portaltela.pt\/#\/schema\/person\/c4278d4a6028830caff9ee44b42d32ed","name":"Telinha","image":{"@type":"ImageObject","inLanguage":"pt-PT","@id":"https:\/\/portaltela.pt\/s.01k8rhncp4jt1\/2025\/11\/talking-bot-125x125.png","url":"https:\/\/portaltela.pt\/s.01k8rhncp4jt1\/2025\/11\/talking-bot-125x125.png","contentUrl":"https:\/\/portaltela.pt\/s.01k8rhncp4jt1\/2025\/11\/talking-bot-125x125.png","caption":"Telinha"},"sameAs":["https:\/\/portaltela.pt\/"],"url":"https:\/\/portaltela.pt\/por\/367410592786\/"}]}},"_links":{"self":[{"href":"https:\/\/portaltela.pt\/api\/wp\/v2\/posts\/199758","targetHints":{"allow":["GET"]}}],"collection":[{"href":"https:\/\/portaltela.pt\/api\/wp\/v2\/posts"}],"about":[{"href":"https:\/\/portaltela.pt\/api\/wp\/v2\/types\/post"}],"author":[{"embeddable":true,"href":"https:\/\/portaltela.pt\/api\/wp\/v2\/users\/2"}],"replies":[{"embeddable":true,"href":"https:\/\/portaltela.pt\/api\/wp\/v2\/comments?post=199758"}],"version-history":[{"count":0,"href":"https:\/\/portaltela.pt\/api\/wp\/v2\/posts\/199758\/revisions"}],"wp:featuredmedia":[{"embeddable":true,"href":"https:\/\/portaltela.pt\/api\/wp\/v2\/media\/199764"}],"wp:attachment":[{"href":"https:\/\/portaltela.pt\/api\/wp\/v2\/media?parent=199758"}],"wp:term":[{"taxonomy":"category","embeddable":true,"href":"https:\/\/portaltela.pt\/api\/wp\/v2\/categories?post=199758"},{"taxonomy":"post_tag","embeddable":true,"href":"https:\/\/portaltela.pt\/api\/wp\/v2\/tags?post=199758"}],"curies":[{"name":"wp","href":"https:\/\/api.w.org\/{rel}","templated":true}]}}